{"id":4343,"date":"2018-09-10T19:58:36","date_gmt":"2018-09-10T19:58:36","guid":{"rendered":"http:\/\/quehacerpolitico.mx\/no-prosperara-desestabilizacion-en-la-unam-dice-amlo-a-graue-detienen-a-otro-por-agresion-en-cu\/"},"modified":"2018-09-10T19:58:36","modified_gmt":"2018-09-10T19:58:36","slug":"no-prosperara-desestabilizacion-en-la-unam-dice-amlo-a-graue-detienen-a-otro-por-agresion-en-cu","status":"publish","type":"post","link":"https:\/\/quehacerpolitico.mx\/?p=4343","title":{"rendered":"No prosperar\u00e1 desestabilizaci\u00f3n en la UNAM, dice AMLO a Graue; detienen a otro por agresi\u00f3n en CU"},"content":{"rendered":"<h3><strong>La Procuradur\u00eda General de Justicia de la Ciudad de M\u00e9xico gir\u00f3 15 \u00f3rdenes de aprehensi\u00f3n en contra de 10 diez personas por la agresi\u00f3n a estudiantes de la Universidad Nacional Aut\u00f3noma de M\u00e9xico (UNAM), ocurrida el pasado 3 de septiembre.\u00a0Los responsables no alcanzar\u00edan fianza y ser\u00edan enviados a un reclusorio para posteriormente ser vinculados a proceso.<\/strong><\/h3>\n<h3><strong>Esta tarde, el Presidente electo de M\u00e9xico, Andr\u00e9s Manuel L\u00f3pez Obrador, se reuni\u00f3 con Enrique Graue, Rector de la UNAM, en donde hablaron acerca del tema de la violencia en la M\u00e1xima Casa de Estudios.<\/strong><\/h3>\n<h3><strong>L\u00f3pez Obrador pidi\u00f3 que se castigue a los responsable de las agresiones a los alumnos de la UNAM, mientras que el\u00a0Rector inform\u00f3 que se reestructurar\u00e1 el \u00e1rea de vigilancia de la universidad por completo.<\/strong><\/h3>\n<p>La <strong>Procuradur\u00eda General de Justicia de la Ciudad de M\u00e9xico<\/strong> gir\u00f3 15 \u00f3rdenes de aprehensi\u00f3n en contra de 10 diez personas por la agresi\u00f3n a estudiantes de la Universidad Nacional Aut\u00f3noma de M\u00e9xico (<strong>UNAM<\/strong>), ocurrida el pasado 3 de septiembre. Los delitos que se les imputan son mot\u00edn, homicidio en grado de tentativa y lesiones que ponen en peligro de vida.<\/p>\n<p>En conferencia de prensa, el procurador capitalino <strong>Edmundo Garrido Osorio<\/strong> indic\u00f3 que de los delitos derivados de las agresiones se solicitar\u00e1 la medida de prisi\u00f3n preventiva para los probables participantes, de quienes dijo, est\u00e1n plenamente identificados.<\/p>\n<blockquote>\n<p>El funcionario asegur\u00f3 que los responsables no alcanzar\u00edan fianza y ser\u00edan enviados a un reclusorio para posteriormente ser vinculados a proceso.<\/p>\n<p>El Procurador tambi\u00e9n dio a conocer que agentes de la polic\u00eda de investigaci\u00f3n cumplieron la primer orden de aprehensi\u00f3n. Se trata de un joven de 29 a\u00f1os de edad quien fue detenido por el delito de mot\u00edn y ser\u00e1 trasladado al Reclusorio Norte.<\/p>\n<p>La Procuradur\u00eda dijo que no descarta la posibilidad de girar nuevas ordenes de aprehensi\u00f3n e indic\u00f3 que continuar\u00e1 con los trabajos en coordinaci\u00f3n con al Procuradur\u00eda General de la Rep\u00fablica (PGR) y la Polic\u00eda Federal (PF).<\/p>\n<p><strong>GRAUE: SE REESTRUCTURAR\u00c1 VIGILANCIA\u00a0<\/strong><\/p>\n<p>Esta tarde, el Presidente electo de M\u00e9xico, <strong>Andr\u00e9s Manuel L\u00f3pez Obrador<\/strong>, se reuni\u00f3 con Enrique Graue, Rector de la UNAM, en donde hablaron acerca del tema de la violencia en la M\u00e1xima Casa de Estudios.<\/p>\n<blockquote>\n<p>\u201cCoincidimos en que las demandas de los j\u00f3venes son justas y, como espero se atiendan, pronto se volver\u00e1 a la normalidad. No prosperar\u00e1 ning\u00fan intento de desestabilizaci\u00f3n\u201d, dijo el Presidente electo a trav\u00e9s de un video.<\/p>\n<\/blockquote>\n<p>L\u00f3pez Obrador pidi\u00f3 que se castigue a los responsable de las agresiones a los alumnos de la UNAM.<\/p>\n<p>El Rector <strong>Enrique Graue<\/strong> inform\u00f3 que se reestructurar\u00e1 el \u00e1rea de vigilancia de la UNAM por completo.<\/p>\n<blockquote>\n<p>\u201cTendremos que reestructurar el \u00e1rea por completo de la mano de trabajadores, estudiantes y profesores\u201d, dijo a medios al salir de su encuentro con L\u00f3pez Obrador.<\/p>\n<\/blockquote>\n<p>Graue asegur\u00f3 en que la UNAM present\u00f3 denuncias ante la Procuradur\u00eda General de la Rep\u00fablica\u00a0 y la Procuradur\u00eda de Justicia de la Ciudad de M\u00e9xico por los hechos ocurridos el lunes pasado e insisti\u00f3 en que no hay complicidad de las autoridades universitarias con los grupos porriles.<\/p>\n<p>https:\/\/www.facebook.com\/lopezobrador.org.mx\/videos\/383129055556330\/<\/p>\n<p>Hace una semana, el pasado lunes, alumnos del Colegio de Ciencias y Humanidades Azcapotzalco fueron agredidos por grupos de porros frente a la Torre de Rector\u00eda, donde protestaban contra supuestas irregularidades administrativas de la universidad.<\/p>\n<p>Al menos 13 adolescentes resultaron heridos, de los cuales tres fueron hospitalizados. En el ataque incluso se lanzaron bombas Molotov.<\/p>\n<\/blockquote>\n","protected":false},"excerpt":{"rendered":"<p>No prosperar\u00e1 desestabilizaci\u00f3n en la UNAM, dice AMLO a Graue; detienen a otro por agresi\u00f3n en CU<br \/>\nPor Redacci\u00f3n QP<\/p>\n","protected":false},"author":2,"featured_media":4342,"comment_status":"open","ping_status":"open","sticky":false,"template":"","format":"standard","meta":{"_monsterinsights_skip_tracking":false,"_monsterinsights_sitenote_active":false,"_monsterinsights_sitenote_note":"","_monsterinsights_sitenote_category":0,"footnotes":""},"categories":[2],"tags":[],"class_list":["post-4343","post","type-post","status-publish","format-standard","has-post-thumbnail","hentry","category-noticias"],"yoast_head":"<!-- This site is optimized with the Yoast SEO plugin v27.3 - https:\/\/yoast.com\/product\/yoast-seo-wordpress\/ -->\n<title>No prosperar\u00e1 desestabilizaci\u00f3n en la UNAM, dice AMLO a Graue; detienen a otro por agresi\u00f3n en CU -<\/title>\n<meta name=\"robots\" content=\"index, follow, max-snippet:-1, max-image-preview:large, max-video-preview:-1\" \/>\n<link rel=\"canonical\" href=\"https:\/\/quehacerpolitico.mx\/?p=4343\" \/>\n<meta property=\"og:locale\" content=\"es_MX\" \/>\n<meta property=\"og:type\" content=\"article\" \/>\n<meta property=\"og:title\" content=\"No prosperar\u00e1 desestabilizaci\u00f3n en la UNAM, dice AMLO a Graue; detienen a otro por agresi\u00f3n en CU -\" \/>\n<meta property=\"og:description\" content=\"No prosperar\u00e1 desestabilizaci\u00f3n en la UNAM, dice AMLO a Graue; detienen a otro por agresi\u00f3n en CU Por Redacci\u00f3n QP\" \/>\n<meta property=\"og:url\" content=\"https:\/\/quehacerpolitico.mx\/?p=4343\" \/>\n<meta property=\"article:published_time\" content=\"2018-09-10T19:58:36+00:00\" \/>\n<meta name=\"author\" content=\"Redacci\u00f3n QP\" \/>\n<meta name=\"twitter:card\" content=\"summary_large_image\" \/>\n<meta name=\"twitter:label1\" content=\"Escrito por\" \/>\n\t<meta name=\"twitter:data1\" content=\"Redacci\u00f3n QP\" \/>\n\t<meta name=\"twitter:label2\" content=\"Tiempo de lectura\" \/>\n\t<meta name=\"twitter:data2\" content=\"3 minutos\" \/>\n<script type=\"application\/ld+json\" class=\"yoast-schema-graph\">{\"@context\":\"https:\\\/\\\/schema.org\",\"@graph\":[{\"@type\":\"Article\",\"@id\":\"https:\\\/\\\/quehacerpolitico.mx\\\/?p=4343#article\",\"isPartOf\":{\"@id\":\"https:\\\/\\\/quehacerpolitico.mx\\\/?p=4343\"},\"author\":{\"name\":\"Redacci\u00f3n QP\",\"@id\":\"https:\\\/\\\/quehacerpolitico.mx\\\/#\\\/schema\\\/person\\\/496d8ad2d1d3f8036101dca7ee39e585\"},\"headline\":\"No prosperar\u00e1 desestabilizaci\u00f3n en la UNAM, dice AMLO a Graue; detienen a otro por agresi\u00f3n en CU\",\"datePublished\":\"2018-09-10T19:58:36+00:00\",\"mainEntityOfPage\":{\"@id\":\"https:\\\/\\\/quehacerpolitico.mx\\\/?p=4343\"},\"wordCount\":632,\"commentCount\":0,\"image\":{\"@id\":\"https:\\\/\\\/quehacerpolitico.mx\\\/?p=4343#primaryimage\"},\"thumbnailUrl\":\"\",\"articleSection\":[\"Noticias\"],\"inLanguage\":\"es\",\"potentialAction\":[{\"@type\":\"CommentAction\",\"name\":\"Comment\",\"target\":[\"https:\\\/\\\/quehacerpolitico.mx\\\/?p=4343#respond\"]}]},{\"@type\":\"WebPage\",\"@id\":\"https:\\\/\\\/quehacerpolitico.mx\\\/?p=4343\",\"url\":\"https:\\\/\\\/quehacerpolitico.mx\\\/?p=4343\",\"name\":\"No prosperar\u00e1 desestabilizaci\u00f3n en la UNAM, dice AMLO a Graue; detienen a otro por agresi\u00f3n en CU -\",\"isPartOf\":{\"@id\":\"https:\\\/\\\/quehacerpolitico.mx\\\/#website\"},\"primaryImageOfPage\":{\"@id\":\"https:\\\/\\\/quehacerpolitico.mx\\\/?p=4343#primaryimage\"},\"image\":{\"@id\":\"https:\\\/\\\/quehacerpolitico.mx\\\/?p=4343#primaryimage\"},\"thumbnailUrl\":\"\",\"datePublished\":\"2018-09-10T19:58:36+00:00\",\"author\":{\"@id\":\"https:\\\/\\\/quehacerpolitico.mx\\\/#\\\/schema\\\/person\\\/496d8ad2d1d3f8036101dca7ee39e585\"},\"breadcrumb\":{\"@id\":\"https:\\\/\\\/quehacerpolitico.mx\\\/?p=4343#breadcrumb\"},\"inLanguage\":\"es\",\"potentialAction\":[{\"@type\":\"ReadAction\",\"target\":[\"https:\\\/\\\/quehacerpolitico.mx\\\/?p=4343\"]}]},{\"@type\":\"ImageObject\",\"inLanguage\":\"es\",\"@id\":\"https:\\\/\\\/quehacerpolitico.mx\\\/?p=4343#primaryimage\",\"url\":\"\",\"contentUrl\":\"\"},{\"@type\":\"BreadcrumbList\",\"@id\":\"https:\\\/\\\/quehacerpolitico.mx\\\/?p=4343#breadcrumb\",\"itemListElement\":[{\"@type\":\"ListItem\",\"position\":1,\"name\":\"Inicio\",\"item\":\"https:\\\/\\\/quehacerpolitico.mx\\\/\"},{\"@type\":\"ListItem\",\"position\":2,\"name\":\"No prosperar\u00e1 desestabilizaci\u00f3n en la UNAM, dice AMLO a Graue; detienen a otro por agresi\u00f3n en CU\"}]},{\"@type\":\"WebSite\",\"@id\":\"https:\\\/\\\/quehacerpolitico.mx\\\/#website\",\"url\":\"https:\\\/\\\/quehacerpolitico.mx\\\/\",\"name\":\"\",\"description\":\"\",\"potentialAction\":[{\"@type\":\"SearchAction\",\"target\":{\"@type\":\"EntryPoint\",\"urlTemplate\":\"https:\\\/\\\/quehacerpolitico.mx\\\/?s={search_term_string}\"},\"query-input\":{\"@type\":\"PropertyValueSpecification\",\"valueRequired\":true,\"valueName\":\"search_term_string\"}}],\"inLanguage\":\"es\"},{\"@type\":\"Person\",\"@id\":\"https:\\\/\\\/quehacerpolitico.mx\\\/#\\\/schema\\\/person\\\/496d8ad2d1d3f8036101dca7ee39e585\",\"name\":\"Redacci\u00f3n QP\",\"image\":{\"@type\":\"ImageObject\",\"inLanguage\":\"es\",\"@id\":\"https:\\\/\\\/secure.gravatar.com\\\/avatar\\\/c7164ed6fdec453195284ad24a5ae5b6e1eed2b848477fa2a4787ba9adf39a41?s=96&d=mm&r=g\",\"url\":\"https:\\\/\\\/secure.gravatar.com\\\/avatar\\\/c7164ed6fdec453195284ad24a5ae5b6e1eed2b848477fa2a4787ba9adf39a41?s=96&d=mm&r=g\",\"contentUrl\":\"https:\\\/\\\/secure.gravatar.com\\\/avatar\\\/c7164ed6fdec453195284ad24a5ae5b6e1eed2b848477fa2a4787ba9adf39a41?s=96&d=mm&r=g\",\"caption\":\"Redacci\u00f3n QP\"},\"url\":\"https:\\\/\\\/quehacerpolitico.mx\\\/?author=2\"}]}<\/script>\n<!-- \/ Yoast SEO plugin. -->","yoast_head_json":{"title":"No prosperar\u00e1 desestabilizaci\u00f3n en la UNAM, dice AMLO a Graue; detienen a otro por agresi\u00f3n en CU -","robots":{"index":"index","follow":"follow","max-snippet":"max-snippet:-1","max-image-preview":"max-image-preview:large","max-video-preview":"max-video-preview:-1"},"canonical":"https:\/\/quehacerpolitico.mx\/?p=4343","og_locale":"es_MX","og_type":"article","og_title":"No prosperar\u00e1 desestabilizaci\u00f3n en la UNAM, dice AMLO a Graue; detienen a otro por agresi\u00f3n en CU -","og_description":"No prosperar\u00e1 desestabilizaci\u00f3n en la UNAM, dice AMLO a Graue; detienen a otro por agresi\u00f3n en CU Por Redacci\u00f3n QP","og_url":"https:\/\/quehacerpolitico.mx\/?p=4343","article_published_time":"2018-09-10T19:58:36+00:00","author":"Redacci\u00f3n QP","twitter_card":"summary_large_image","twitter_misc":{"Escrito por":"Redacci\u00f3n QP","Tiempo de lectura":"3 minutos"},"schema":{"@context":"https:\/\/schema.org","@graph":[{"@type":"Article","@id":"https:\/\/quehacerpolitico.mx\/?p=4343#article","isPartOf":{"@id":"https:\/\/quehacerpolitico.mx\/?p=4343"},"author":{"name":"Redacci\u00f3n QP","@id":"https:\/\/quehacerpolitico.mx\/#\/schema\/person\/496d8ad2d1d3f8036101dca7ee39e585"},"headline":"No prosperar\u00e1 desestabilizaci\u00f3n en la UNAM, dice AMLO a Graue; detienen a otro por agresi\u00f3n en CU","datePublished":"2018-09-10T19:58:36+00:00","mainEntityOfPage":{"@id":"https:\/\/quehacerpolitico.mx\/?p=4343"},"wordCount":632,"commentCount":0,"image":{"@id":"https:\/\/quehacerpolitico.mx\/?p=4343#primaryimage"},"thumbnailUrl":"","articleSection":["Noticias"],"inLanguage":"es","potentialAction":[{"@type":"CommentAction","name":"Comment","target":["https:\/\/quehacerpolitico.mx\/?p=4343#respond"]}]},{"@type":"WebPage","@id":"https:\/\/quehacerpolitico.mx\/?p=4343","url":"https:\/\/quehacerpolitico.mx\/?p=4343","name":"No prosperar\u00e1 desestabilizaci\u00f3n en la UNAM, dice AMLO a Graue; detienen a otro por agresi\u00f3n en CU -","isPartOf":{"@id":"https:\/\/quehacerpolitico.mx\/#website"},"primaryImageOfPage":{"@id":"https:\/\/quehacerpolitico.mx\/?p=4343#primaryimage"},"image":{"@id":"https:\/\/quehacerpolitico.mx\/?p=4343#primaryimage"},"thumbnailUrl":"","datePublished":"2018-09-10T19:58:36+00:00","author":{"@id":"https:\/\/quehacerpolitico.mx\/#\/schema\/person\/496d8ad2d1d3f8036101dca7ee39e585"},"breadcrumb":{"@id":"https:\/\/quehacerpolitico.mx\/?p=4343#breadcrumb"},"inLanguage":"es","potentialAction":[{"@type":"ReadAction","target":["https:\/\/quehacerpolitico.mx\/?p=4343"]}]},{"@type":"ImageObject","inLanguage":"es","@id":"https:\/\/quehacerpolitico.mx\/?p=4343#primaryimage","url":"","contentUrl":""},{"@type":"BreadcrumbList","@id":"https:\/\/quehacerpolitico.mx\/?p=4343#breadcrumb","itemListElement":[{"@type":"ListItem","position":1,"name":"Inicio","item":"https:\/\/quehacerpolitico.mx\/"},{"@type":"ListItem","position":2,"name":"No prosperar\u00e1 desestabilizaci\u00f3n en la UNAM, dice AMLO a Graue; detienen a otro por agresi\u00f3n en CU"}]},{"@type":"WebSite","@id":"https:\/\/quehacerpolitico.mx\/#website","url":"https:\/\/quehacerpolitico.mx\/","name":"","description":"","potentialAction":[{"@type":"SearchAction","target":{"@type":"EntryPoint","urlTemplate":"https:\/\/quehacerpolitico.mx\/?s={search_term_string}"},"query-input":{"@type":"PropertyValueSpecification","valueRequired":true,"valueName":"search_term_string"}}],"inLanguage":"es"},{"@type":"Person","@id":"https:\/\/quehacerpolitico.mx\/#\/schema\/person\/496d8ad2d1d3f8036101dca7ee39e585","name":"Redacci\u00f3n QP","image":{"@type":"ImageObject","inLanguage":"es","@id":"https:\/\/secure.gravatar.com\/avatar\/c7164ed6fdec453195284ad24a5ae5b6e1eed2b848477fa2a4787ba9adf39a41?s=96&d=mm&r=g","url":"https:\/\/secure.gravatar.com\/avatar\/c7164ed6fdec453195284ad24a5ae5b6e1eed2b848477fa2a4787ba9adf39a41?s=96&d=mm&r=g","contentUrl":"https:\/\/secure.gravatar.com\/avatar\/c7164ed6fdec453195284ad24a5ae5b6e1eed2b848477fa2a4787ba9adf39a41?s=96&d=mm&r=g","caption":"Redacci\u00f3n QP"},"url":"https:\/\/quehacerpolitico.mx\/?author=2"}]}},"featured_image_urls":{"full":"","thumbnail":"","medium":"","medium_large":"","large":"","1536x1536":"","2048x2048":"","covernews-featured":"","covernews-medium":""},"author_info":{"display_name":"Redacci\u00f3n QP","author_link":"https:\/\/quehacerpolitico.mx\/?author=2"},"category_info":"<a href=\"https:\/\/quehacerpolitico.mx\/?cat=2\" rel=\"category\">Noticias<\/a>","tag_info":"Noticias","comment_count":"0","_links":{"self":[{"href":"https:\/\/quehacerpolitico.mx\/index.php?rest_route=\/wp\/v2\/posts\/4343","targetHints":{"allow":["GET"]}}],"collection":[{"href":"https:\/\/quehacerpolitico.mx\/index.php?rest_route=\/wp\/v2\/posts"}],"about":[{"href":"https:\/\/quehacerpolitico.mx\/index.php?rest_route=\/wp\/v2\/types\/post"}],"author":[{"embeddable":true,"href":"https:\/\/quehacerpolitico.mx\/index.php?rest_route=\/wp\/v2\/users\/2"}],"replies":[{"embeddable":true,"href":"https:\/\/quehacerpolitico.mx\/index.php?rest_route=%2Fwp%2Fv2%2Fcomments&post=4343"}],"version-history":[{"count":0,"href":"https:\/\/quehacerpolitico.mx\/index.php?rest_route=\/wp\/v2\/posts\/4343\/revisions"}],"wp:featuredmedia":[{"embeddable":true,"href":"https:\/\/quehacerpolitico.mx\/index.php?rest_route=\/"}],"wp:attachment":[{"href":"https:\/\/quehacerpolitico.mx\/index.php?rest_route=%2Fwp%2Fv2%2Fmedia&parent=4343"}],"wp:term":[{"taxonomy":"category","embeddable":true,"href":"https:\/\/quehacerpolitico.mx\/index.php?rest_route=%2Fwp%2Fv2%2Fcategories&post=4343"},{"taxonomy":"post_tag","embeddable":true,"href":"https:\/\/quehacerpolitico.mx\/index.php?rest_route=%2Fwp%2Fv2%2Ftags&post=4343"}],"curies":[{"name":"wp","href":"https:\/\/api.w.org\/{rel}","templated":true}]}}