{"id":43418,"date":"2019-11-04T18:40:10","date_gmt":"2019-11-04T18:40:10","guid":{"rendered":"http:\/\/quehacerpolitico.mx\/lopez-obrador-descarta-encabezar-frente-contra-neoliberalismo-en-america-latina\/"},"modified":"2019-11-04T18:40:10","modified_gmt":"2019-11-04T18:40:10","slug":"lopez-obrador-descarta-encabezar-frente-contra-neoliberalismo-en-america-latina","status":"publish","type":"post","link":"https:\/\/quehacerpolitico.mx\/?p=43418","title":{"rendered":"L\u00f3pez Obrador descarta encabezar frente contra neoliberalismo en Am\u00e9rica Latina"},"content":{"rendered":"<h1 class=\"news-title\">L\u00f3pez Obrador descarta encabezar frente contra neoliberalismo en Am\u00e9rica Latina<br \/>Por Redacci\u00f3n QP<\/h1>\n<p>El Mandatario mexicano rechaz\u00f3 ese planteamiento al afirmar que cada naci\u00f3n tiene un contexto, cultura e historia diferente<\/p>\n<p>El Presidente Andres Manuel L\u00f3pez Obrador\u00a0descart\u00f3 que pretenda encabezar un bloque antineoliberal en Am\u00e9rica Latina como ayer lo plante\u00f3 su hom\u00f3logo venezolano Nicol\u00e1s Maduro, toda vez que cada pa\u00eds tiene su propia realidad e historia.<\/p>\n<p>Durante un congreso antiimperialista realizado en Cuba, <strong>el presidente de Venezuela afirm\u00f3 que con el triunfo de Alberto Fern\u00e1ndez en Argentina y el liderazgo de Andr\u00e9s Manuel L\u00f3pez Obrador en M\u00e9xico, se estar\u00eda conformando un nuevo frente para abolir en neoliberalismo en la regi\u00f3n<\/strong>.<\/p>\n<p>Cuestionado al respecto en su conferencia de prensa matutina de este lunes, el Mandatario mexicano rechaz\u00f3 ese planteamiento al afirmar que cada naci\u00f3n tiene un contexto, cultura e historia diferente.<\/p>\n<p><strong>&#8220;No, porque cada pa\u00eds tiene su propia realidad, cada pa\u00eds tiene su propia historia, por eso precisamente es el principio de autodeterminaci\u00f3n de los pueblos, de ah\u00ed viene, cada pueblo tiene su propia historia, su idiosincrasia&#8221;,<\/strong> asever\u00f3.<\/p>\n<p>&#8220;Cada quien tiene que actuar de acuerdo a sus circunstancias y agradecemos mucho las muestras de solidaridad de los gobiernos del mundo, en general, vamos bien, vamos muy bien&#8221;, asegur\u00f3.<\/p>\n<p>El Mandatario federal agradeci\u00f3 que tanto Maduro como el presidente de Estados Unidos, Donald Trump, vean a M\u00e9xico como un aliado y amigo.<\/p>\n<p><strong>Afirm\u00f3 que su gobierno seguir\u00e1 trabajando con todos los l\u00edderes del mundo siempre respetando el principio de autodeterminaci\u00f3n de los pueblos y el respeto a la soberan\u00eda<\/strong>.<\/p>\n<p>https:\/\/www.facebook.com\/lopezobrador.org.mx\/videos\/439535593368808\/<\/p>\n<p>&#8220;As\u00ed igual que el presidente Donald Trump, no es para presumir, pero lo mismo que est\u00e1 diciendo el presidente Maduro lo est\u00e1 diciendo el presidente Trump, hace cinco d\u00edas el presidente Trump volvi\u00f3 a hacer referencia al apoyo que tiene del gobierno de M\u00e9xico en el tema migratorio y se refiri\u00f3 en t\u00e9rminos muy respetuosos a nosotros&#8221;, mencion\u00f3.<\/p>\n<p>Para L\u00f3pez Obrador esa postura es positiva; <strong>&#8220;que M\u00e9xico sea apreciado, querido, respetado, por todos los pueblos y gobiernos del mundo, porque es rec\u00edproco, nosotros queremos y respetamos a todos los pueblos y gobiernos del mundo&#8221;<\/strong>, asegur\u00f3.<\/p>\n<p>Con informaci\u00f3n de NTX\u00a0<\/p>\n","protected":false},"excerpt":{"rendered":"<p>L\u00f3pez Obrador descarta encabezar frente contra neoliberalismo en Am\u00e9rica Latina<br \/>\nPor Redacci\u00f3n QP<\/p>\n","protected":false},"author":2,"featured_media":43417,"comment_status":"open","ping_status":"open","sticky":false,"template":"","format":"standard","meta":{"_monsterinsights_skip_tracking":false,"_monsterinsights_sitenote_active":false,"_monsterinsights_sitenote_note":"","_monsterinsights_sitenote_category":0,"footnotes":""},"categories":[2],"tags":[],"class_list":["post-43418","post","type-post","status-publish","format-standard","has-post-thumbnail","hentry","category-noticias"],"yoast_head":"<!-- This site is optimized with the Yoast SEO plugin v27.3 - https:\/\/yoast.com\/product\/yoast-seo-wordpress\/ -->\n<title>L\u00f3pez Obrador descarta encabezar frente contra neoliberalismo en Am\u00e9rica Latina -<\/title>\n<meta name=\"robots\" content=\"index, follow, max-snippet:-1, max-image-preview:large, max-video-preview:-1\" \/>\n<link rel=\"canonical\" href=\"https:\/\/quehacerpolitico.mx\/?p=43418\" \/>\n<meta property=\"og:locale\" content=\"es_MX\" \/>\n<meta property=\"og:type\" content=\"article\" \/>\n<meta property=\"og:title\" content=\"L\u00f3pez Obrador descarta encabezar frente contra neoliberalismo en Am\u00e9rica Latina -\" \/>\n<meta property=\"og:description\" content=\"L\u00f3pez Obrador descarta encabezar frente contra neoliberalismo en Am\u00e9rica Latina Por Redacci\u00f3n QP\" \/>\n<meta property=\"og:url\" content=\"https:\/\/quehacerpolitico.mx\/?p=43418\" \/>\n<meta property=\"article:published_time\" content=\"2019-11-04T18:40:10+00:00\" \/>\n<meta name=\"author\" content=\"Redacci\u00f3n QP\" \/>\n<meta name=\"twitter:card\" content=\"summary_large_image\" \/>\n<meta name=\"twitter:label1\" content=\"Escrito por\" \/>\n\t<meta name=\"twitter:data1\" content=\"Redacci\u00f3n QP\" \/>\n\t<meta name=\"twitter:label2\" content=\"Tiempo de lectura\" \/>\n\t<meta name=\"twitter:data2\" content=\"2 minutos\" \/>\n<script type=\"application\/ld+json\" class=\"yoast-schema-graph\">{\"@context\":\"https:\\\/\\\/schema.org\",\"@graph\":[{\"@type\":\"Article\",\"@id\":\"https:\\\/\\\/quehacerpolitico.mx\\\/?p=43418#article\",\"isPartOf\":{\"@id\":\"https:\\\/\\\/quehacerpolitico.mx\\\/?p=43418\"},\"author\":{\"name\":\"Redacci\u00f3n QP\",\"@id\":\"https:\\\/\\\/quehacerpolitico.mx\\\/#\\\/schema\\\/person\\\/496d8ad2d1d3f8036101dca7ee39e585\"},\"headline\":\"L\u00f3pez Obrador descarta encabezar frente contra neoliberalismo en Am\u00e9rica Latina\",\"datePublished\":\"2019-11-04T18:40:10+00:00\",\"mainEntityOfPage\":{\"@id\":\"https:\\\/\\\/quehacerpolitico.mx\\\/?p=43418\"},\"wordCount\":406,\"commentCount\":0,\"image\":{\"@id\":\"https:\\\/\\\/quehacerpolitico.mx\\\/?p=43418#primaryimage\"},\"thumbnailUrl\":\"\",\"articleSection\":[\"Noticias\"],\"inLanguage\":\"es\",\"potentialAction\":[{\"@type\":\"CommentAction\",\"name\":\"Comment\",\"target\":[\"https:\\\/\\\/quehacerpolitico.mx\\\/?p=43418#respond\"]}]},{\"@type\":\"WebPage\",\"@id\":\"https:\\\/\\\/quehacerpolitico.mx\\\/?p=43418\",\"url\":\"https:\\\/\\\/quehacerpolitico.mx\\\/?p=43418\",\"name\":\"L\u00f3pez Obrador descarta encabezar frente contra neoliberalismo en Am\u00e9rica Latina -\",\"isPartOf\":{\"@id\":\"https:\\\/\\\/quehacerpolitico.mx\\\/#website\"},\"primaryImageOfPage\":{\"@id\":\"https:\\\/\\\/quehacerpolitico.mx\\\/?p=43418#primaryimage\"},\"image\":{\"@id\":\"https:\\\/\\\/quehacerpolitico.mx\\\/?p=43418#primaryimage\"},\"thumbnailUrl\":\"\",\"datePublished\":\"2019-11-04T18:40:10+00:00\",\"author\":{\"@id\":\"https:\\\/\\\/quehacerpolitico.mx\\\/#\\\/schema\\\/person\\\/496d8ad2d1d3f8036101dca7ee39e585\"},\"breadcrumb\":{\"@id\":\"https:\\\/\\\/quehacerpolitico.mx\\\/?p=43418#breadcrumb\"},\"inLanguage\":\"es\",\"potentialAction\":[{\"@type\":\"ReadAction\",\"target\":[\"https:\\\/\\\/quehacerpolitico.mx\\\/?p=43418\"]}]},{\"@type\":\"ImageObject\",\"inLanguage\":\"es\",\"@id\":\"https:\\\/\\\/quehacerpolitico.mx\\\/?p=43418#primaryimage\",\"url\":\"\",\"contentUrl\":\"\"},{\"@type\":\"BreadcrumbList\",\"@id\":\"https:\\\/\\\/quehacerpolitico.mx\\\/?p=43418#breadcrumb\",\"itemListElement\":[{\"@type\":\"ListItem\",\"position\":1,\"name\":\"Inicio\",\"item\":\"https:\\\/\\\/quehacerpolitico.mx\\\/\"},{\"@type\":\"ListItem\",\"position\":2,\"name\":\"L\u00f3pez Obrador descarta encabezar frente contra neoliberalismo en Am\u00e9rica Latina\"}]},{\"@type\":\"WebSite\",\"@id\":\"https:\\\/\\\/quehacerpolitico.mx\\\/#website\",\"url\":\"https:\\\/\\\/quehacerpolitico.mx\\\/\",\"name\":\"\",\"description\":\"\",\"potentialAction\":[{\"@type\":\"SearchAction\",\"target\":{\"@type\":\"EntryPoint\",\"urlTemplate\":\"https:\\\/\\\/quehacerpolitico.mx\\\/?s={search_term_string}\"},\"query-input\":{\"@type\":\"PropertyValueSpecification\",\"valueRequired\":true,\"valueName\":\"search_term_string\"}}],\"inLanguage\":\"es\"},{\"@type\":\"Person\",\"@id\":\"https:\\\/\\\/quehacerpolitico.mx\\\/#\\\/schema\\\/person\\\/496d8ad2d1d3f8036101dca7ee39e585\",\"name\":\"Redacci\u00f3n QP\",\"image\":{\"@type\":\"ImageObject\",\"inLanguage\":\"es\",\"@id\":\"https:\\\/\\\/secure.gravatar.com\\\/avatar\\\/c7164ed6fdec453195284ad24a5ae5b6e1eed2b848477fa2a4787ba9adf39a41?s=96&d=mm&r=g\",\"url\":\"https:\\\/\\\/secure.gravatar.com\\\/avatar\\\/c7164ed6fdec453195284ad24a5ae5b6e1eed2b848477fa2a4787ba9adf39a41?s=96&d=mm&r=g\",\"contentUrl\":\"https:\\\/\\\/secure.gravatar.com\\\/avatar\\\/c7164ed6fdec453195284ad24a5ae5b6e1eed2b848477fa2a4787ba9adf39a41?s=96&d=mm&r=g\",\"caption\":\"Redacci\u00f3n QP\"},\"url\":\"https:\\\/\\\/quehacerpolitico.mx\\\/?author=2\"}]}<\/script>\n<!-- \/ Yoast SEO plugin. -->","yoast_head_json":{"title":"L\u00f3pez Obrador descarta encabezar frente contra neoliberalismo en Am\u00e9rica Latina -","robots":{"index":"index","follow":"follow","max-snippet":"max-snippet:-1","max-image-preview":"max-image-preview:large","max-video-preview":"max-video-preview:-1"},"canonical":"https:\/\/quehacerpolitico.mx\/?p=43418","og_locale":"es_MX","og_type":"article","og_title":"L\u00f3pez Obrador descarta encabezar frente contra neoliberalismo en Am\u00e9rica Latina -","og_description":"L\u00f3pez Obrador descarta encabezar frente contra neoliberalismo en Am\u00e9rica Latina Por Redacci\u00f3n QP","og_url":"https:\/\/quehacerpolitico.mx\/?p=43418","article_published_time":"2019-11-04T18:40:10+00:00","author":"Redacci\u00f3n QP","twitter_card":"summary_large_image","twitter_misc":{"Escrito por":"Redacci\u00f3n QP","Tiempo de lectura":"2 minutos"},"schema":{"@context":"https:\/\/schema.org","@graph":[{"@type":"Article","@id":"https:\/\/quehacerpolitico.mx\/?p=43418#article","isPartOf":{"@id":"https:\/\/quehacerpolitico.mx\/?p=43418"},"author":{"name":"Redacci\u00f3n QP","@id":"https:\/\/quehacerpolitico.mx\/#\/schema\/person\/496d8ad2d1d3f8036101dca7ee39e585"},"headline":"L\u00f3pez Obrador descarta encabezar frente contra neoliberalismo en Am\u00e9rica Latina","datePublished":"2019-11-04T18:40:10+00:00","mainEntityOfPage":{"@id":"https:\/\/quehacerpolitico.mx\/?p=43418"},"wordCount":406,"commentCount":0,"image":{"@id":"https:\/\/quehacerpolitico.mx\/?p=43418#primaryimage"},"thumbnailUrl":"","articleSection":["Noticias"],"inLanguage":"es","potentialAction":[{"@type":"CommentAction","name":"Comment","target":["https:\/\/quehacerpolitico.mx\/?p=43418#respond"]}]},{"@type":"WebPage","@id":"https:\/\/quehacerpolitico.mx\/?p=43418","url":"https:\/\/quehacerpolitico.mx\/?p=43418","name":"L\u00f3pez Obrador descarta encabezar frente contra neoliberalismo en Am\u00e9rica Latina -","isPartOf":{"@id":"https:\/\/quehacerpolitico.mx\/#website"},"primaryImageOfPage":{"@id":"https:\/\/quehacerpolitico.mx\/?p=43418#primaryimage"},"image":{"@id":"https:\/\/quehacerpolitico.mx\/?p=43418#primaryimage"},"thumbnailUrl":"","datePublished":"2019-11-04T18:40:10+00:00","author":{"@id":"https:\/\/quehacerpolitico.mx\/#\/schema\/person\/496d8ad2d1d3f8036101dca7ee39e585"},"breadcrumb":{"@id":"https:\/\/quehacerpolitico.mx\/?p=43418#breadcrumb"},"inLanguage":"es","potentialAction":[{"@type":"ReadAction","target":["https:\/\/quehacerpolitico.mx\/?p=43418"]}]},{"@type":"ImageObject","inLanguage":"es","@id":"https:\/\/quehacerpolitico.mx\/?p=43418#primaryimage","url":"","contentUrl":""},{"@type":"BreadcrumbList","@id":"https:\/\/quehacerpolitico.mx\/?p=43418#breadcrumb","itemListElement":[{"@type":"ListItem","position":1,"name":"Inicio","item":"https:\/\/quehacerpolitico.mx\/"},{"@type":"ListItem","position":2,"name":"L\u00f3pez Obrador descarta encabezar frente contra neoliberalismo en Am\u00e9rica Latina"}]},{"@type":"WebSite","@id":"https:\/\/quehacerpolitico.mx\/#website","url":"https:\/\/quehacerpolitico.mx\/","name":"","description":"","potentialAction":[{"@type":"SearchAction","target":{"@type":"EntryPoint","urlTemplate":"https:\/\/quehacerpolitico.mx\/?s={search_term_string}"},"query-input":{"@type":"PropertyValueSpecification","valueRequired":true,"valueName":"search_term_string"}}],"inLanguage":"es"},{"@type":"Person","@id":"https:\/\/quehacerpolitico.mx\/#\/schema\/person\/496d8ad2d1d3f8036101dca7ee39e585","name":"Redacci\u00f3n QP","image":{"@type":"ImageObject","inLanguage":"es","@id":"https:\/\/secure.gravatar.com\/avatar\/c7164ed6fdec453195284ad24a5ae5b6e1eed2b848477fa2a4787ba9adf39a41?s=96&d=mm&r=g","url":"https:\/\/secure.gravatar.com\/avatar\/c7164ed6fdec453195284ad24a5ae5b6e1eed2b848477fa2a4787ba9adf39a41?s=96&d=mm&r=g","contentUrl":"https:\/\/secure.gravatar.com\/avatar\/c7164ed6fdec453195284ad24a5ae5b6e1eed2b848477fa2a4787ba9adf39a41?s=96&d=mm&r=g","caption":"Redacci\u00f3n QP"},"url":"https:\/\/quehacerpolitico.mx\/?author=2"}]}},"featured_image_urls":{"full":"","thumbnail":"","medium":"","medium_large":"","large":"","1536x1536":"","2048x2048":"","covernews-featured":"","covernews-medium":""},"author_info":{"display_name":"Redacci\u00f3n QP","author_link":"https:\/\/quehacerpolitico.mx\/?author=2"},"category_info":"<a href=\"https:\/\/quehacerpolitico.mx\/?cat=2\" rel=\"category\">Noticias<\/a>","tag_info":"Noticias","comment_count":"0","_links":{"self":[{"href":"https:\/\/quehacerpolitico.mx\/index.php?rest_route=\/wp\/v2\/posts\/43418","targetHints":{"allow":["GET"]}}],"collection":[{"href":"https:\/\/quehacerpolitico.mx\/index.php?rest_route=\/wp\/v2\/posts"}],"about":[{"href":"https:\/\/quehacerpolitico.mx\/index.php?rest_route=\/wp\/v2\/types\/post"}],"author":[{"embeddable":true,"href":"https:\/\/quehacerpolitico.mx\/index.php?rest_route=\/wp\/v2\/users\/2"}],"replies":[{"embeddable":true,"href":"https:\/\/quehacerpolitico.mx\/index.php?rest_route=%2Fwp%2Fv2%2Fcomments&post=43418"}],"version-history":[{"count":0,"href":"https:\/\/quehacerpolitico.mx\/index.php?rest_route=\/wp\/v2\/posts\/43418\/revisions"}],"wp:featuredmedia":[{"embeddable":true,"href":"https:\/\/quehacerpolitico.mx\/index.php?rest_route=\/"}],"wp:attachment":[{"href":"https:\/\/quehacerpolitico.mx\/index.php?rest_route=%2Fwp%2Fv2%2Fmedia&parent=43418"}],"wp:term":[{"taxonomy":"category","embeddable":true,"href":"https:\/\/quehacerpolitico.mx\/index.php?rest_route=%2Fwp%2Fv2%2Fcategories&post=43418"},{"taxonomy":"post_tag","embeddable":true,"href":"https:\/\/quehacerpolitico.mx\/index.php?rest_route=%2Fwp%2Fv2%2Ftags&post=43418"}],"curies":[{"name":"wp","href":"https:\/\/api.w.org\/{rel}","templated":true}]}}