{"id":4339,"date":"2018-09-10T18:05:21","date_gmt":"2018-09-10T18:05:21","guid":{"rendered":"http:\/\/quehacerpolitico.mx\/hay-ropa-de-bebes-en-las-fosas-de-veracruz-familiares-identifican-hasta-mamelucos-y-trajecitos\/"},"modified":"2018-09-10T18:05:21","modified_gmt":"2018-09-10T18:05:21","slug":"hay-ropa-de-bebes-en-las-fosas-de-veracruz-familiares-identifican-hasta-mamelucos-y-trajecitos","status":"publish","type":"post","link":"https:\/\/quehacerpolitico.mx\/?p=4339","title":{"rendered":"Hay ropa de beb\u00e9s en las fosas de Veracruz; familiares identifican hasta mamelucos y trajecitos"},"content":{"rendered":"<h3>Desde el jueves pasado, cuando la Fiscal\u00eda estatal dio a conocer el hallazgo de la segunda fosa clandestina m\u00e1s grande de esta regi\u00f3n del este de M\u00e9xico, el n\u00famero de cr\u00e1neos encontrados pas\u00f3 de 166 a 174, seg\u00fan un informe oficial de la propia dependencia.<\/h3>\n<h3>Se trata del segundo cementerio clandestino m\u00e1s grande en la entidad, pues el primero fue localizado hace dos a\u00f1os en el predio conocido como Colinas de Santa Fe en el puerto de Veracruz, donde el colectivo Solecito ubic\u00f3 299 cuerpos sepultados.<\/h3>\n<h3>La CNDH inform\u00f3 el viernes que desde 2017, en M\u00e9xico se han localizado 163 fosas clandestinas, y de ellas se han recuperado unos 530 cuerpos.<\/h3>\n<p>Decenas de <strong>familiares de desaparecidos<\/strong> en el estado mexicano de <strong>Veracruz<\/strong> acudieron en las \u00faltimas horas a centros forenses para identificar si sus seres queridos se encuentran entre los<strong> restos<\/strong> de 174 personas hallados en una <strong>fosa clandestina<\/strong>.<\/p>\n<p>Desde el jueves pasado, cuando la Fiscal\u00eda estatal dio a conocer el hallazgo de la segunda fosa clandestina m\u00e1s grande de esta regi\u00f3n del este de M\u00e9xico, el n\u00famero de cr\u00e1neos encontrados pas\u00f3 de 166 a 174, seg\u00fan un informe oficial de la propia dependencia.<\/p>\n<p>La nueva fosa se ubica en la comunidad de Arbolillo del puerto de Alvarado, en el Golfo de M\u00e9xico, donde adem\u00e1s de los cr\u00e1neos fueron encontradas 144 credenciales de elector y m\u00e1s de 200 prendas de vestir, entre ellas de beb\u00e9s y menores de edad.<\/p>\n<p>Como parte de las tareas para poder identificar a las v\u00edctimas, la Fiscal\u00eda llam\u00f3 a las integrantes de colectivos de familiares de b\u00fasqueda a hacer presencia en la Direcci\u00f3n de Servicios Periciales, donde en un video se les muestran las prendas de vestir.<\/p>\n<p><img loading=\"lazy\" decoding=\"async\" class=\"size-full wp-image-3467737\" src=\"http:\/\/www.sinembargo.mx\/wp-content\/uploads\/2018\/09\/fosasveracruz2.jpg\" sizes=\"auto, (max-width: 695px) 100vw, 695px\" srcset=\"http:\/\/www.sinembargo.mx\/wp-content\/uploads\/2018\/09\/fosasveracruz2.jpg 695w, http:\/\/www.sinembargo.mx\/wp-content\/uploads\/2018\/09\/fosasveracruz2-300x218.jpg 300w\" alt=\"\" width=\"695\" height=\"506\" \/><img loading=\"lazy\" decoding=\"async\" class=\"size-full wp-image-3467738\" src=\"http:\/\/www.sinembargo.mx\/wp-content\/uploads\/2018\/09\/fosasveracruz4.jpg\" sizes=\"auto, (max-width: 689px) 100vw, 689px\" srcset=\"http:\/\/www.sinembargo.mx\/wp-content\/uploads\/2018\/09\/fosasveracruz4.jpg 689w, http:\/\/www.sinembargo.mx\/wp-content\/uploads\/2018\/09\/fosasveracruz4-300x248.jpg 300w\" alt=\"\" width=\"689\" height=\"569\" \/><\/p>\n<div class=\"wp-caption alignnone\"><img loading=\"lazy\" decoding=\"async\" class=\"size-full wp-image-3467736\" src=\"http:\/\/www.sinembargo.mx\/wp-content\/uploads\/2018\/09\/fosasveracruz1.jpg\" sizes=\"auto, (max-width: 684px) 100vw, 684px\" srcset=\"http:\/\/www.sinembargo.mx\/wp-content\/uploads\/2018\/09\/fosasveracruz1.jpg 684w, http:\/\/www.sinembargo.mx\/wp-content\/uploads\/2018\/09\/fosasveracruz1-216x300.jpg 216w\" alt=\"\" width=\"684\" height=\"951\" \/><\/p>\n<p class=\"wp-caption-text\">Al menos 166 cr\u00e1neos han sido exhumados en la fosas de Veracruz ubicadas recientemente. Foto: Fiscal\u00eda de Veracruz<\/p>\n<\/div>\n<p>En las \u00faltimas 48 horas, al menos cien familiares de personas reportadas como desaparecidas han acudido para tratar de ubicar prendas de vestir, sin embargo ninguna de las v\u00edctimas ha sido identificada.<\/p>\n<blockquote>\n<p>\u201cHab\u00eda ropita de beb\u00e9, hab\u00eda mamelucos de beb\u00e9 y ropita y trajecitos de tianguis (mercados) de esos que valen 25 a 30 pesos (unos 1,3 a 1,6 d\u00f3lares)\u201d, describi\u00f3 a Efe Elvira G\u00f3mez L\u00f3pez.<\/p>\n<\/blockquote>\n<p>La mujer, que lucha por encontrar a sus hijos Rodrigo y Juan de Dios G\u00f3mez, perdidos en 2013, lament\u00f3 el nivel de \u201cmaldad\u201d que se rige en Veracruz para poder asesinar a \u201ccriaturas inocentes\u201d.<\/p>\n<blockquote>\n<p>\u201cMis hijos ten\u00edan 17 y 19 a\u00f1os. Entonces si se llevaron a un beb\u00e9 de cuatro a cinco meses y se llevaron ni\u00f1os de cuatro a cinco a\u00f1os no me imagino yo lo que le pudo suceder yo a mis hijos, no me lo imagino\u201d, agreg\u00f3.<\/p>\n<\/blockquote>\n<p>Esta fosa es la segunda m\u00e1s grande del estado, pues hace dos a\u00f1os los colectivos localizaron una en el predio Colinas de Santa Fe en el puerto de Veracruz, donde suman 295 cuerpos desenterrados.<\/p>\n<div id=\"attachment_3469150\" class=\"wp-caption alignnone\"><img loading=\"lazy\" decoding=\"async\" class=\"size-full wp-image-3469150\" src=\"http:\/\/www.sinembargo.mx\/wp-content\/uploads\/2018\/09\/desaparecidos-buscan-700.jpg\" sizes=\"auto, (max-width: 700px) 100vw, 700px\" srcset=\"http:\/\/www.sinembargo.mx\/wp-content\/uploads\/2018\/09\/desaparecidos-buscan-700.jpg 700w, http:\/\/www.sinembargo.mx\/wp-content\/uploads\/2018\/09\/desaparecidos-buscan-700-42x300.jpg 42w\" alt=\"\" width=\"700\" height=\"5000\" \/><\/div>\n<div>\u00a0<\/div>\n<div>\n<p><strong>VAN 163 FOSAS DE 2017 A LA FECHA<\/strong><\/p>\n<p>Al menos 163 fosas clandestinas han sido descubiertas en M\u00e9xico desde el a\u00f1o 2017, y de ellas se han recuperado unos 530 cuerpos, inform\u00f3 el viernes la Comisi\u00f3n Nacional de los Derechos Humanos (CNDH).<\/p>\n<p>En un comunicado, el \u00f3rgano indic\u00f3 que su reporte se basa en informaciones period\u00edsticas, y comprende el periodo comprendido entre el 1 de enero de 2017 hasta el 30 de agosto de este a\u00f1o.<\/p>\n<p>De los cuerpos que se exhumaron de estas fosas, 54 fueron identificados y 476 quedaron sin identificar.<\/p>\n<p>Los estados en los que se encontraron un mayor n\u00famero de fosas, de acuerdo con los datos recabados por la CNDH, son Veracruz (37), Chihuahua (22), Sinaloa (22), Zacatecas (17) y Jalisco (14).<\/p>\n<p>Por otra parte, en quince estados no se registr\u00f3 el descubrimiento de ninguna fosa.<\/p>\n<p>A las cifras de este informe de la CNDH hay que sumarle la gran fosa clandestina en la que se encontraron al menos 166 cr\u00e1neos y otros restos humanos en Veracruz, y que dio a conocer ayer la Fiscal\u00eda de dicho estado.<\/p>\n<p>El \u00f3rgano destac\u00f3 que ve \u201ccon preocupaci\u00f3n\u201d c\u00f3mo en muchas regiones del pa\u00eds se incrementan los hallazgos de fosas clandestinas, y por tanto, el n\u00famero de cad\u00e1veres o restos humanos exhumados.<\/p>\n<blockquote>\n<p>\u201cEl hallazgo de fosas clandestinas desaf\u00eda y cuestiona las capacidades y recursos del Estado mexicano para dar respuesta a una situaci\u00f3n que, con el paso del tiempo, se ha convertido en obst\u00e1culo\u201d hacia una cultura de respeto a los derechos humanos, subray\u00f3 la Comisi\u00f3n en un comunicado.<\/p>\n<\/blockquote>\n<p>Consider\u00f3 que la \u201cfalta de procuraci\u00f3n de justicia pronta y expedita\u201d, sit\u00faa a los familiares de desaparecidos en una situaci\u00f3n de abandono y los revictimiza.<\/p>\n<p>El pasado a\u00f1o, la CNDH public\u00f3 un informe en el que asegur\u00f3 que en M\u00e9xico se han hallado al menos 855 fosas clandestinas en la \u00faltima d\u00e9cada.<\/p>\n<p>M\u00e9xico acumula m\u00e1s de 37 mil\u00a0 desaparecidos, de acuerdo con cifras oficiales.<\/p>\n<p>Con Informaci\u00f3n de EFE<\/p>\n<\/div>\n","protected":false},"excerpt":{"rendered":"<p>Hay ropa de beb\u00e9s en las fosas de Veracruz; familiares identifican hasta mamelucos y trajecitos<br \/>\nPor Redacci\u00f3n QP<\/p>\n","protected":false},"author":2,"featured_media":4338,"comment_status":"open","ping_status":"open","sticky":false,"template":"","format":"standard","meta":{"_monsterinsights_skip_tracking":false,"_monsterinsights_sitenote_active":false,"_monsterinsights_sitenote_note":"","_monsterinsights_sitenote_category":0,"footnotes":""},"categories":[2],"tags":[],"class_list":["post-4339","post","type-post","status-publish","format-standard","has-post-thumbnail","hentry","category-noticias"],"yoast_head":"<!-- This site is optimized with the Yoast SEO plugin v27.3 - https:\/\/yoast.com\/product\/yoast-seo-wordpress\/ -->\n<title>Hay ropa de beb\u00e9s en las fosas de Veracruz; familiares identifican hasta mamelucos y trajecitos -<\/title>\n<meta name=\"robots\" content=\"index, follow, max-snippet:-1, max-image-preview:large, max-video-preview:-1\" \/>\n<link rel=\"canonical\" href=\"https:\/\/quehacerpolitico.mx\/?p=4339\" \/>\n<meta property=\"og:locale\" content=\"es_MX\" \/>\n<meta property=\"og:type\" content=\"article\" \/>\n<meta property=\"og:title\" content=\"Hay ropa de beb\u00e9s en las fosas de Veracruz; familiares identifican hasta mamelucos y trajecitos -\" \/>\n<meta property=\"og:description\" content=\"Hay ropa de beb\u00e9s en las fosas de Veracruz; familiares identifican hasta mamelucos y trajecitos Por Redacci\u00f3n QP\" \/>\n<meta property=\"og:url\" content=\"https:\/\/quehacerpolitico.mx\/?p=4339\" \/>\n<meta property=\"article:published_time\" content=\"2018-09-10T18:05:21+00:00\" \/>\n<meta name=\"author\" content=\"Redacci\u00f3n QP\" \/>\n<meta name=\"twitter:card\" content=\"summary_large_image\" \/>\n<meta name=\"twitter:label1\" content=\"Escrito por\" \/>\n\t<meta name=\"twitter:data1\" content=\"Redacci\u00f3n QP\" \/>\n\t<meta name=\"twitter:label2\" content=\"Tiempo de lectura\" \/>\n\t<meta name=\"twitter:data2\" content=\"4 minutos\" \/>\n<script type=\"application\/ld+json\" class=\"yoast-schema-graph\">{\"@context\":\"https:\\\/\\\/schema.org\",\"@graph\":[{\"@type\":\"Article\",\"@id\":\"https:\\\/\\\/quehacerpolitico.mx\\\/?p=4339#article\",\"isPartOf\":{\"@id\":\"https:\\\/\\\/quehacerpolitico.mx\\\/?p=4339\"},\"author\":{\"name\":\"Redacci\u00f3n QP\",\"@id\":\"https:\\\/\\\/quehacerpolitico.mx\\\/#\\\/schema\\\/person\\\/496d8ad2d1d3f8036101dca7ee39e585\"},\"headline\":\"Hay ropa de beb\u00e9s en las fosas de Veracruz; familiares identifican hasta mamelucos y trajecitos\",\"datePublished\":\"2018-09-10T18:05:21+00:00\",\"mainEntityOfPage\":{\"@id\":\"https:\\\/\\\/quehacerpolitico.mx\\\/?p=4339\"},\"wordCount\":852,\"commentCount\":0,\"image\":{\"@id\":\"https:\\\/\\\/quehacerpolitico.mx\\\/?p=4339#primaryimage\"},\"thumbnailUrl\":\"\",\"articleSection\":[\"Noticias\"],\"inLanguage\":\"es\",\"potentialAction\":[{\"@type\":\"CommentAction\",\"name\":\"Comment\",\"target\":[\"https:\\\/\\\/quehacerpolitico.mx\\\/?p=4339#respond\"]}]},{\"@type\":\"WebPage\",\"@id\":\"https:\\\/\\\/quehacerpolitico.mx\\\/?p=4339\",\"url\":\"https:\\\/\\\/quehacerpolitico.mx\\\/?p=4339\",\"name\":\"Hay ropa de beb\u00e9s en las fosas de Veracruz; familiares identifican hasta mamelucos y trajecitos -\",\"isPartOf\":{\"@id\":\"https:\\\/\\\/quehacerpolitico.mx\\\/#website\"},\"primaryImageOfPage\":{\"@id\":\"https:\\\/\\\/quehacerpolitico.mx\\\/?p=4339#primaryimage\"},\"image\":{\"@id\":\"https:\\\/\\\/quehacerpolitico.mx\\\/?p=4339#primaryimage\"},\"thumbnailUrl\":\"\",\"datePublished\":\"2018-09-10T18:05:21+00:00\",\"author\":{\"@id\":\"https:\\\/\\\/quehacerpolitico.mx\\\/#\\\/schema\\\/person\\\/496d8ad2d1d3f8036101dca7ee39e585\"},\"breadcrumb\":{\"@id\":\"https:\\\/\\\/quehacerpolitico.mx\\\/?p=4339#breadcrumb\"},\"inLanguage\":\"es\",\"potentialAction\":[{\"@type\":\"ReadAction\",\"target\":[\"https:\\\/\\\/quehacerpolitico.mx\\\/?p=4339\"]}]},{\"@type\":\"ImageObject\",\"inLanguage\":\"es\",\"@id\":\"https:\\\/\\\/quehacerpolitico.mx\\\/?p=4339#primaryimage\",\"url\":\"\",\"contentUrl\":\"\"},{\"@type\":\"BreadcrumbList\",\"@id\":\"https:\\\/\\\/quehacerpolitico.mx\\\/?p=4339#breadcrumb\",\"itemListElement\":[{\"@type\":\"ListItem\",\"position\":1,\"name\":\"Inicio\",\"item\":\"https:\\\/\\\/quehacerpolitico.mx\\\/\"},{\"@type\":\"ListItem\",\"position\":2,\"name\":\"Hay ropa de beb\u00e9s en las fosas de Veracruz; familiares identifican hasta mamelucos y trajecitos\"}]},{\"@type\":\"WebSite\",\"@id\":\"https:\\\/\\\/quehacerpolitico.mx\\\/#website\",\"url\":\"https:\\\/\\\/quehacerpolitico.mx\\\/\",\"name\":\"\",\"description\":\"\",\"potentialAction\":[{\"@type\":\"SearchAction\",\"target\":{\"@type\":\"EntryPoint\",\"urlTemplate\":\"https:\\\/\\\/quehacerpolitico.mx\\\/?s={search_term_string}\"},\"query-input\":{\"@type\":\"PropertyValueSpecification\",\"valueRequired\":true,\"valueName\":\"search_term_string\"}}],\"inLanguage\":\"es\"},{\"@type\":\"Person\",\"@id\":\"https:\\\/\\\/quehacerpolitico.mx\\\/#\\\/schema\\\/person\\\/496d8ad2d1d3f8036101dca7ee39e585\",\"name\":\"Redacci\u00f3n QP\",\"image\":{\"@type\":\"ImageObject\",\"inLanguage\":\"es\",\"@id\":\"https:\\\/\\\/secure.gravatar.com\\\/avatar\\\/c7164ed6fdec453195284ad24a5ae5b6e1eed2b848477fa2a4787ba9adf39a41?s=96&d=mm&r=g\",\"url\":\"https:\\\/\\\/secure.gravatar.com\\\/avatar\\\/c7164ed6fdec453195284ad24a5ae5b6e1eed2b848477fa2a4787ba9adf39a41?s=96&d=mm&r=g\",\"contentUrl\":\"https:\\\/\\\/secure.gravatar.com\\\/avatar\\\/c7164ed6fdec453195284ad24a5ae5b6e1eed2b848477fa2a4787ba9adf39a41?s=96&d=mm&r=g\",\"caption\":\"Redacci\u00f3n QP\"},\"url\":\"https:\\\/\\\/quehacerpolitico.mx\\\/?author=2\"}]}<\/script>\n<!-- \/ Yoast SEO plugin. -->","yoast_head_json":{"title":"Hay ropa de beb\u00e9s en las fosas de Veracruz; familiares identifican hasta mamelucos y trajecitos -","robots":{"index":"index","follow":"follow","max-snippet":"max-snippet:-1","max-image-preview":"max-image-preview:large","max-video-preview":"max-video-preview:-1"},"canonical":"https:\/\/quehacerpolitico.mx\/?p=4339","og_locale":"es_MX","og_type":"article","og_title":"Hay ropa de beb\u00e9s en las fosas de Veracruz; familiares identifican hasta mamelucos y trajecitos -","og_description":"Hay ropa de beb\u00e9s en las fosas de Veracruz; familiares identifican hasta mamelucos y trajecitos Por Redacci\u00f3n QP","og_url":"https:\/\/quehacerpolitico.mx\/?p=4339","article_published_time":"2018-09-10T18:05:21+00:00","author":"Redacci\u00f3n QP","twitter_card":"summary_large_image","twitter_misc":{"Escrito por":"Redacci\u00f3n QP","Tiempo de lectura":"4 minutos"},"schema":{"@context":"https:\/\/schema.org","@graph":[{"@type":"Article","@id":"https:\/\/quehacerpolitico.mx\/?p=4339#article","isPartOf":{"@id":"https:\/\/quehacerpolitico.mx\/?p=4339"},"author":{"name":"Redacci\u00f3n QP","@id":"https:\/\/quehacerpolitico.mx\/#\/schema\/person\/496d8ad2d1d3f8036101dca7ee39e585"},"headline":"Hay ropa de beb\u00e9s en las fosas de Veracruz; familiares identifican hasta mamelucos y trajecitos","datePublished":"2018-09-10T18:05:21+00:00","mainEntityOfPage":{"@id":"https:\/\/quehacerpolitico.mx\/?p=4339"},"wordCount":852,"commentCount":0,"image":{"@id":"https:\/\/quehacerpolitico.mx\/?p=4339#primaryimage"},"thumbnailUrl":"","articleSection":["Noticias"],"inLanguage":"es","potentialAction":[{"@type":"CommentAction","name":"Comment","target":["https:\/\/quehacerpolitico.mx\/?p=4339#respond"]}]},{"@type":"WebPage","@id":"https:\/\/quehacerpolitico.mx\/?p=4339","url":"https:\/\/quehacerpolitico.mx\/?p=4339","name":"Hay ropa de beb\u00e9s en las fosas de Veracruz; familiares identifican hasta mamelucos y trajecitos -","isPartOf":{"@id":"https:\/\/quehacerpolitico.mx\/#website"},"primaryImageOfPage":{"@id":"https:\/\/quehacerpolitico.mx\/?p=4339#primaryimage"},"image":{"@id":"https:\/\/quehacerpolitico.mx\/?p=4339#primaryimage"},"thumbnailUrl":"","datePublished":"2018-09-10T18:05:21+00:00","author":{"@id":"https:\/\/quehacerpolitico.mx\/#\/schema\/person\/496d8ad2d1d3f8036101dca7ee39e585"},"breadcrumb":{"@id":"https:\/\/quehacerpolitico.mx\/?p=4339#breadcrumb"},"inLanguage":"es","potentialAction":[{"@type":"ReadAction","target":["https:\/\/quehacerpolitico.mx\/?p=4339"]}]},{"@type":"ImageObject","inLanguage":"es","@id":"https:\/\/quehacerpolitico.mx\/?p=4339#primaryimage","url":"","contentUrl":""},{"@type":"BreadcrumbList","@id":"https:\/\/quehacerpolitico.mx\/?p=4339#breadcrumb","itemListElement":[{"@type":"ListItem","position":1,"name":"Inicio","item":"https:\/\/quehacerpolitico.mx\/"},{"@type":"ListItem","position":2,"name":"Hay ropa de beb\u00e9s en las fosas de Veracruz; familiares identifican hasta mamelucos y trajecitos"}]},{"@type":"WebSite","@id":"https:\/\/quehacerpolitico.mx\/#website","url":"https:\/\/quehacerpolitico.mx\/","name":"","description":"","potentialAction":[{"@type":"SearchAction","target":{"@type":"EntryPoint","urlTemplate":"https:\/\/quehacerpolitico.mx\/?s={search_term_string}"},"query-input":{"@type":"PropertyValueSpecification","valueRequired":true,"valueName":"search_term_string"}}],"inLanguage":"es"},{"@type":"Person","@id":"https:\/\/quehacerpolitico.mx\/#\/schema\/person\/496d8ad2d1d3f8036101dca7ee39e585","name":"Redacci\u00f3n QP","image":{"@type":"ImageObject","inLanguage":"es","@id":"https:\/\/secure.gravatar.com\/avatar\/c7164ed6fdec453195284ad24a5ae5b6e1eed2b848477fa2a4787ba9adf39a41?s=96&d=mm&r=g","url":"https:\/\/secure.gravatar.com\/avatar\/c7164ed6fdec453195284ad24a5ae5b6e1eed2b848477fa2a4787ba9adf39a41?s=96&d=mm&r=g","contentUrl":"https:\/\/secure.gravatar.com\/avatar\/c7164ed6fdec453195284ad24a5ae5b6e1eed2b848477fa2a4787ba9adf39a41?s=96&d=mm&r=g","caption":"Redacci\u00f3n QP"},"url":"https:\/\/quehacerpolitico.mx\/?author=2"}]}},"featured_image_urls":{"full":"","thumbnail":"","medium":"","medium_large":"","large":"","1536x1536":"","2048x2048":"","covernews-featured":"","covernews-medium":""},"author_info":{"display_name":"Redacci\u00f3n QP","author_link":"https:\/\/quehacerpolitico.mx\/?author=2"},"category_info":"<a href=\"https:\/\/quehacerpolitico.mx\/?cat=2\" rel=\"category\">Noticias<\/a>","tag_info":"Noticias","comment_count":"0","_links":{"self":[{"href":"https:\/\/quehacerpolitico.mx\/index.php?rest_route=\/wp\/v2\/posts\/4339","targetHints":{"allow":["GET"]}}],"collection":[{"href":"https:\/\/quehacerpolitico.mx\/index.php?rest_route=\/wp\/v2\/posts"}],"about":[{"href":"https:\/\/quehacerpolitico.mx\/index.php?rest_route=\/wp\/v2\/types\/post"}],"author":[{"embeddable":true,"href":"https:\/\/quehacerpolitico.mx\/index.php?rest_route=\/wp\/v2\/users\/2"}],"replies":[{"embeddable":true,"href":"https:\/\/quehacerpolitico.mx\/index.php?rest_route=%2Fwp%2Fv2%2Fcomments&post=4339"}],"version-history":[{"count":0,"href":"https:\/\/quehacerpolitico.mx\/index.php?rest_route=\/wp\/v2\/posts\/4339\/revisions"}],"wp:featuredmedia":[{"embeddable":true,"href":"https:\/\/quehacerpolitico.mx\/index.php?rest_route=\/"}],"wp:attachment":[{"href":"https:\/\/quehacerpolitico.mx\/index.php?rest_route=%2Fwp%2Fv2%2Fmedia&parent=4339"}],"wp:term":[{"taxonomy":"category","embeddable":true,"href":"https:\/\/quehacerpolitico.mx\/index.php?rest_route=%2Fwp%2Fv2%2Fcategories&post=4339"},{"taxonomy":"post_tag","embeddable":true,"href":"https:\/\/quehacerpolitico.mx\/index.php?rest_route=%2Fwp%2Fv2%2Ftags&post=4339"}],"curies":[{"name":"wp","href":"https:\/\/api.w.org\/{rel}","templated":true}]}}