{"id":43377,"date":"2019-11-01T18:41:22","date_gmt":"2019-11-01T18:41:22","guid":{"rendered":"http:\/\/quehacerpolitico.mx\/inauguran-amlo-y-sheinbaum-mega-ofrenda-en-el-zocalo-de-la-cdmx\/"},"modified":"2019-11-01T18:41:22","modified_gmt":"2019-11-01T18:41:22","slug":"inauguran-amlo-y-sheinbaum-mega-ofrenda-en-el-zocalo-de-la-cdmx","status":"publish","type":"post","link":"https:\/\/quehacerpolitico.mx\/?p=43377","title":{"rendered":"Inauguran AMLO y Sheinbaum Mega Ofrenda en el Z\u00f3calo de la CDMX"},"content":{"rendered":"<p>Inauguran AMLO y Sheinbaum Mega Ofrenda en el Z\u00f3calo de la CDMX<br \/>Por Redacci\u00f3n QP<\/p>\n<p>El mandatario reparti\u00f3 saludos, abrazos, selfies, fotos y un beso en la mano \u201chuesuda\u201d de una catrina<\/p>\n<p>Entre catrinas, transe\u00fantes, manifestantes, curiosos, copal, sonidos de caracoles prehisp\u00e1nicos y hasta un perrito, el Presidente<strong> Andr\u00e9s Manuel L\u00f3pez Obrador<\/strong>sali\u00f3 de Palacio Nacional para encabezar el alzamiento de la megaofrenda <strong>Altar de Altares<\/strong>, ubicada en e<strong>l Z\u00f3calo<\/strong> capitalino, con motivo del <strong>D\u00eda de Muertos.<\/strong><\/p>\n<p>Alrededor de las 9:32 horas, el mandatario sali\u00f3 por la Puerta Central del Palacio acompa\u00f1ado de su esposa <strong>Beatriz Guti\u00e9rrez M\u00fcller<\/strong>, y detr\u00e1s de ellos la jefa de Gobierno, <strong>Claudia Sheinbaum<\/strong>, y el coordinador de Comunicaci\u00f3n Social, <strong>Jes\u00fas Ram\u00edrez.<\/strong><\/p>\n<p>\u00a0<\/p>\n<p>El morenista pas\u00f3 en medio de una valla de personas, cuya parte frontal la integraban algunas disfrazadas de catrinas o calacas; a lo largo de \u00e9sta se dispersaron elementos de la Polic\u00eda Militar, la Polic\u00eda capitalina e integrantes de la Ayudant\u00eda (equipo que cuida al Presidente).<\/p>\n<p>\u00a0<\/p>\n<p>Por cerca de 12 minutos, el mandatario reparti\u00f3 saludos, abrazos, selfies, fotos y un beso en la mano \u201chuesuda\u201d de una catrina, mientras un representante de Eureka gritaba en todo ese lapso \u201c\u00a1desaparecidos, presentaci\u00f3n!\u201d; una persona m\u00e1s le grit\u00f3: \u201cSe\u00f1or Presidente, Dios lo bendiga\u201d.<\/p>\n<blockquote class=\"twitter-tweet\" data-width=\"550\" data-dnt=\"true\">\n<p lang=\"es\" dir=\"ltr\">Con todo honor, orgullo y cari\u00f1o a quien encabeza la Transformaci\u00f3n de nuestro Pa\u00eds. Gracias por acompa\u00f1arnos Presidente <a href=\"https:\/\/twitter.com\/lopezobrador_?ref_src=twsrc%5Etfw\">@lopezobrador_<\/a> al alumbramiento del Altar de Altares en el Z\u00f3calo. <a href=\"https:\/\/t.co\/aqxT5Rz2pn\">pic.twitter.com\/aqxT5Rz2pn<\/a><\/p>\n<p>&mdash; Claudia Sheinbaum Pardo (@Claudiashein) <a href=\"https:\/\/twitter.com\/Claudiashein\/status\/1190316827165024256?ref_src=twsrc%5Etfw\">November 1, 2019<\/a><\/p><\/blockquote>\n<p><script async src=\"https:\/\/platform.twitter.com\/widgets.js\" charset=\"utf-8\"><\/script><\/p>\n<p>En un tramo, turistas provenientes de Ecuador le gritaron para que se acercara a saludarlos, a lo que respondi\u00f3 con un \u201c\u00a1qu\u00e9 viva Quito!\u201d, incluso top\u00f3 un perrito disfrazado igual que su due\u00f1a catrina.<\/p>\n<p>Al llegar a la entrada de la ofrenda, danzantes prehisp\u00e1nicos le hicieron una limpia con copal, a manera de bienvenida a la Gran M\u00e9xico Tenochtitlan; bes\u00f3 la copa que se us\u00f3 en el ritual.<\/p>\n<p>La ofrenda fue montada por el artista<strong>Vladimir Maislin,<\/strong> y cont\u00f3 con cuatro puntos: el este nombrado festimonium sanct\u00f3rum o d\u00eda de todos los santos; sur, <strong>Hanal Pix\u00e1n<\/strong> o la comida de las \u00e1nimas; oeste,<strong> Animecha Kejtzitakua<\/strong> o el d\u00eda de las \u00e1nimas; y el punto norte, representando la cultura yaqui.<\/p>\n<blockquote class=\"twitter-tweet\" data-width=\"550\" data-dnt=\"true\">\n<p lang=\"es\" dir=\"ltr\">Inauguraci\u00f3n de la Ofrenda Monumental de <a href=\"https:\/\/twitter.com\/hashtag\/D%C3%ADaDeMuertos2019?src=hash&amp;ref_src=twsrc%5Etfw\">#D\u00edaDeMuertos2019<\/a> en el Z\u00f3calo de la Ciudad de M\u00e9xico | Gobierno de M\u00e9xico <a href=\"https:\/\/t.co\/Ususti6wAN\">https:\/\/t.co\/Ususti6wAN<\/a><\/p>\n<p>&mdash; Gobierno de M\u00e9xico (@GobiernoMX) <a href=\"https:\/\/twitter.com\/GobiernoMX\/status\/1190290902301859840?ref_src=twsrc%5Etfw\">November 1, 2019<\/a><\/p><\/blockquote>\n<p><script async src=\"https:\/\/platform.twitter.com\/widgets.js\" charset=\"utf-8\"><\/script><\/p>\n<p>Al t\u00e9rmino del recorrido, el mandatario regres\u00f3 hacia Palacio Nacional por la misma valla, pero ahora s\u00ed aceler\u00f3 m\u00e1s el paso, pues logr\u00f3 llegar hasta la puerta en seis minutos.<\/p>\n<p>\u201cInauguramos la ofrenda de muertos en el Z\u00f3calo, con Claudia Sheinbaum, una tradici\u00f3n que viene de lejos. El maestro Carlos Pellicer recordaba, en su poema \u00abDiscurso por las flores\u00bb:<\/p>\n<p>\u201c\u00abEl pueblo mexicano tiene dos obsesiones: el gusto por la muerte y el amor a las flores. Antes de que nosotros \u201chabl\u00e1ramos castilla\u201d hubo un d\u00eda del mes consagrado a la muerte\u00bb\u201d, expres\u00f3 el mandatario en su cuenta de Twitter.<\/p>\n<blockquote class=\"twitter-tweet\" data-width=\"550\" data-dnt=\"true\">\n<p lang=\"es\" dir=\"ltr\">\u00abEl pueblo mexicano tiene dos obsesiones:<br \/>el gusto por la muerte y el amor a las flores.<br \/>Antes de que nosotros &quot;habl\u00e1ramos castilla&quot;<br \/>hubo un d\u00eda del mes consagrado a la muerte\u00bb.<\/p>\n<p>&mdash; Andr\u00e9s Manuel (@lopezobrador_) <a href=\"https:\/\/twitter.com\/lopezobrador_\/status\/1190311589905403905?ref_src=twsrc%5Etfw\">November 1, 2019<\/a><\/p><\/blockquote>\n<p><script async src=\"https:\/\/platform.twitter.com\/widgets.js\" charset=\"utf-8\"><\/script><\/p>\n<p>Previamente, en su conferencia de prensa se pronunci\u00f3 por mantener estas tradiciones.<\/p>\n","protected":false},"excerpt":{"rendered":"<p>Inauguran AMLO y Sheinbaum Mega Ofrenda en el Z\u00f3calo de la CDMX<br \/>\nPor Redacci\u00f3n QP<\/p>\n","protected":false},"author":2,"featured_media":43376,"comment_status":"open","ping_status":"open","sticky":false,"template":"","format":"standard","meta":{"_monsterinsights_skip_tracking":false,"_monsterinsights_sitenote_active":false,"_monsterinsights_sitenote_note":"","_monsterinsights_sitenote_category":0,"footnotes":""},"categories":[55],"tags":[],"class_list":["post-43377","post","type-post","status-publish","format-standard","has-post-thumbnail","hentry","category-cdmx"],"yoast_head":"<!-- This site is optimized with the Yoast SEO plugin v27.3 - https:\/\/yoast.com\/product\/yoast-seo-wordpress\/ -->\n<title>Inauguran AMLO y Sheinbaum Mega Ofrenda en el Z\u00f3calo de la CDMX -<\/title>\n<meta name=\"robots\" content=\"index, follow, max-snippet:-1, max-image-preview:large, max-video-preview:-1\" \/>\n<link rel=\"canonical\" href=\"https:\/\/quehacerpolitico.mx\/?p=43377\" \/>\n<meta property=\"og:locale\" content=\"es_MX\" \/>\n<meta property=\"og:type\" content=\"article\" \/>\n<meta property=\"og:title\" content=\"Inauguran AMLO y Sheinbaum Mega Ofrenda en el Z\u00f3calo de la CDMX -\" \/>\n<meta property=\"og:description\" content=\"Inauguran AMLO y Sheinbaum Mega Ofrenda en el Z\u00f3calo de la CDMX Por Redacci\u00f3n QP\" \/>\n<meta property=\"og:url\" content=\"https:\/\/quehacerpolitico.mx\/?p=43377\" \/>\n<meta property=\"article:published_time\" content=\"2019-11-01T18:41:22+00:00\" \/>\n<meta name=\"author\" content=\"Redacci\u00f3n QP\" \/>\n<meta name=\"twitter:card\" content=\"summary_large_image\" \/>\n<meta name=\"twitter:label1\" content=\"Escrito por\" \/>\n\t<meta name=\"twitter:data1\" content=\"Redacci\u00f3n QP\" \/>\n\t<meta name=\"twitter:label2\" content=\"Tiempo de lectura\" \/>\n\t<meta name=\"twitter:data2\" content=\"2 minutos\" \/>\n<script type=\"application\/ld+json\" class=\"yoast-schema-graph\">{\"@context\":\"https:\\\/\\\/schema.org\",\"@graph\":[{\"@type\":\"Article\",\"@id\":\"https:\\\/\\\/quehacerpolitico.mx\\\/?p=43377#article\",\"isPartOf\":{\"@id\":\"https:\\\/\\\/quehacerpolitico.mx\\\/?p=43377\"},\"author\":{\"name\":\"Redacci\u00f3n QP\",\"@id\":\"https:\\\/\\\/quehacerpolitico.mx\\\/#\\\/schema\\\/person\\\/496d8ad2d1d3f8036101dca7ee39e585\"},\"headline\":\"Inauguran AMLO y Sheinbaum Mega Ofrenda en el Z\u00f3calo de la CDMX\",\"datePublished\":\"2019-11-01T18:41:22+00:00\",\"mainEntityOfPage\":{\"@id\":\"https:\\\/\\\/quehacerpolitico.mx\\\/?p=43377\"},\"wordCount\":496,\"commentCount\":0,\"image\":{\"@id\":\"https:\\\/\\\/quehacerpolitico.mx\\\/?p=43377#primaryimage\"},\"thumbnailUrl\":\"\",\"articleSection\":[\"CDMX\"],\"inLanguage\":\"es\",\"potentialAction\":[{\"@type\":\"CommentAction\",\"name\":\"Comment\",\"target\":[\"https:\\\/\\\/quehacerpolitico.mx\\\/?p=43377#respond\"]}]},{\"@type\":\"WebPage\",\"@id\":\"https:\\\/\\\/quehacerpolitico.mx\\\/?p=43377\",\"url\":\"https:\\\/\\\/quehacerpolitico.mx\\\/?p=43377\",\"name\":\"Inauguran AMLO y Sheinbaum Mega Ofrenda en el Z\u00f3calo de la CDMX -\",\"isPartOf\":{\"@id\":\"https:\\\/\\\/quehacerpolitico.mx\\\/#website\"},\"primaryImageOfPage\":{\"@id\":\"https:\\\/\\\/quehacerpolitico.mx\\\/?p=43377#primaryimage\"},\"image\":{\"@id\":\"https:\\\/\\\/quehacerpolitico.mx\\\/?p=43377#primaryimage\"},\"thumbnailUrl\":\"\",\"datePublished\":\"2019-11-01T18:41:22+00:00\",\"author\":{\"@id\":\"https:\\\/\\\/quehacerpolitico.mx\\\/#\\\/schema\\\/person\\\/496d8ad2d1d3f8036101dca7ee39e585\"},\"breadcrumb\":{\"@id\":\"https:\\\/\\\/quehacerpolitico.mx\\\/?p=43377#breadcrumb\"},\"inLanguage\":\"es\",\"potentialAction\":[{\"@type\":\"ReadAction\",\"target\":[\"https:\\\/\\\/quehacerpolitico.mx\\\/?p=43377\"]}]},{\"@type\":\"ImageObject\",\"inLanguage\":\"es\",\"@id\":\"https:\\\/\\\/quehacerpolitico.mx\\\/?p=43377#primaryimage\",\"url\":\"\",\"contentUrl\":\"\"},{\"@type\":\"BreadcrumbList\",\"@id\":\"https:\\\/\\\/quehacerpolitico.mx\\\/?p=43377#breadcrumb\",\"itemListElement\":[{\"@type\":\"ListItem\",\"position\":1,\"name\":\"Inicio\",\"item\":\"https:\\\/\\\/quehacerpolitico.mx\\\/\"},{\"@type\":\"ListItem\",\"position\":2,\"name\":\"Inauguran AMLO y Sheinbaum Mega Ofrenda en el Z\u00f3calo de la CDMX\"}]},{\"@type\":\"WebSite\",\"@id\":\"https:\\\/\\\/quehacerpolitico.mx\\\/#website\",\"url\":\"https:\\\/\\\/quehacerpolitico.mx\\\/\",\"name\":\"\",\"description\":\"\",\"potentialAction\":[{\"@type\":\"SearchAction\",\"target\":{\"@type\":\"EntryPoint\",\"urlTemplate\":\"https:\\\/\\\/quehacerpolitico.mx\\\/?s={search_term_string}\"},\"query-input\":{\"@type\":\"PropertyValueSpecification\",\"valueRequired\":true,\"valueName\":\"search_term_string\"}}],\"inLanguage\":\"es\"},{\"@type\":\"Person\",\"@id\":\"https:\\\/\\\/quehacerpolitico.mx\\\/#\\\/schema\\\/person\\\/496d8ad2d1d3f8036101dca7ee39e585\",\"name\":\"Redacci\u00f3n QP\",\"image\":{\"@type\":\"ImageObject\",\"inLanguage\":\"es\",\"@id\":\"https:\\\/\\\/secure.gravatar.com\\\/avatar\\\/c7164ed6fdec453195284ad24a5ae5b6e1eed2b848477fa2a4787ba9adf39a41?s=96&d=mm&r=g\",\"url\":\"https:\\\/\\\/secure.gravatar.com\\\/avatar\\\/c7164ed6fdec453195284ad24a5ae5b6e1eed2b848477fa2a4787ba9adf39a41?s=96&d=mm&r=g\",\"contentUrl\":\"https:\\\/\\\/secure.gravatar.com\\\/avatar\\\/c7164ed6fdec453195284ad24a5ae5b6e1eed2b848477fa2a4787ba9adf39a41?s=96&d=mm&r=g\",\"caption\":\"Redacci\u00f3n QP\"},\"url\":\"https:\\\/\\\/quehacerpolitico.mx\\\/?author=2\"}]}<\/script>\n<!-- \/ Yoast SEO plugin. -->","yoast_head_json":{"title":"Inauguran AMLO y Sheinbaum Mega Ofrenda en el Z\u00f3calo de la CDMX -","robots":{"index":"index","follow":"follow","max-snippet":"max-snippet:-1","max-image-preview":"max-image-preview:large","max-video-preview":"max-video-preview:-1"},"canonical":"https:\/\/quehacerpolitico.mx\/?p=43377","og_locale":"es_MX","og_type":"article","og_title":"Inauguran AMLO y Sheinbaum Mega Ofrenda en el Z\u00f3calo de la CDMX -","og_description":"Inauguran AMLO y Sheinbaum Mega Ofrenda en el Z\u00f3calo de la CDMX Por Redacci\u00f3n QP","og_url":"https:\/\/quehacerpolitico.mx\/?p=43377","article_published_time":"2019-11-01T18:41:22+00:00","author":"Redacci\u00f3n QP","twitter_card":"summary_large_image","twitter_misc":{"Escrito por":"Redacci\u00f3n QP","Tiempo de lectura":"2 minutos"},"schema":{"@context":"https:\/\/schema.org","@graph":[{"@type":"Article","@id":"https:\/\/quehacerpolitico.mx\/?p=43377#article","isPartOf":{"@id":"https:\/\/quehacerpolitico.mx\/?p=43377"},"author":{"name":"Redacci\u00f3n QP","@id":"https:\/\/quehacerpolitico.mx\/#\/schema\/person\/496d8ad2d1d3f8036101dca7ee39e585"},"headline":"Inauguran AMLO y Sheinbaum Mega Ofrenda en el Z\u00f3calo de la CDMX","datePublished":"2019-11-01T18:41:22+00:00","mainEntityOfPage":{"@id":"https:\/\/quehacerpolitico.mx\/?p=43377"},"wordCount":496,"commentCount":0,"image":{"@id":"https:\/\/quehacerpolitico.mx\/?p=43377#primaryimage"},"thumbnailUrl":"","articleSection":["CDMX"],"inLanguage":"es","potentialAction":[{"@type":"CommentAction","name":"Comment","target":["https:\/\/quehacerpolitico.mx\/?p=43377#respond"]}]},{"@type":"WebPage","@id":"https:\/\/quehacerpolitico.mx\/?p=43377","url":"https:\/\/quehacerpolitico.mx\/?p=43377","name":"Inauguran AMLO y Sheinbaum Mega Ofrenda en el Z\u00f3calo de la CDMX -","isPartOf":{"@id":"https:\/\/quehacerpolitico.mx\/#website"},"primaryImageOfPage":{"@id":"https:\/\/quehacerpolitico.mx\/?p=43377#primaryimage"},"image":{"@id":"https:\/\/quehacerpolitico.mx\/?p=43377#primaryimage"},"thumbnailUrl":"","datePublished":"2019-11-01T18:41:22+00:00","author":{"@id":"https:\/\/quehacerpolitico.mx\/#\/schema\/person\/496d8ad2d1d3f8036101dca7ee39e585"},"breadcrumb":{"@id":"https:\/\/quehacerpolitico.mx\/?p=43377#breadcrumb"},"inLanguage":"es","potentialAction":[{"@type":"ReadAction","target":["https:\/\/quehacerpolitico.mx\/?p=43377"]}]},{"@type":"ImageObject","inLanguage":"es","@id":"https:\/\/quehacerpolitico.mx\/?p=43377#primaryimage","url":"","contentUrl":""},{"@type":"BreadcrumbList","@id":"https:\/\/quehacerpolitico.mx\/?p=43377#breadcrumb","itemListElement":[{"@type":"ListItem","position":1,"name":"Inicio","item":"https:\/\/quehacerpolitico.mx\/"},{"@type":"ListItem","position":2,"name":"Inauguran AMLO y Sheinbaum Mega Ofrenda en el Z\u00f3calo de la CDMX"}]},{"@type":"WebSite","@id":"https:\/\/quehacerpolitico.mx\/#website","url":"https:\/\/quehacerpolitico.mx\/","name":"","description":"","potentialAction":[{"@type":"SearchAction","target":{"@type":"EntryPoint","urlTemplate":"https:\/\/quehacerpolitico.mx\/?s={search_term_string}"},"query-input":{"@type":"PropertyValueSpecification","valueRequired":true,"valueName":"search_term_string"}}],"inLanguage":"es"},{"@type":"Person","@id":"https:\/\/quehacerpolitico.mx\/#\/schema\/person\/496d8ad2d1d3f8036101dca7ee39e585","name":"Redacci\u00f3n QP","image":{"@type":"ImageObject","inLanguage":"es","@id":"https:\/\/secure.gravatar.com\/avatar\/c7164ed6fdec453195284ad24a5ae5b6e1eed2b848477fa2a4787ba9adf39a41?s=96&d=mm&r=g","url":"https:\/\/secure.gravatar.com\/avatar\/c7164ed6fdec453195284ad24a5ae5b6e1eed2b848477fa2a4787ba9adf39a41?s=96&d=mm&r=g","contentUrl":"https:\/\/secure.gravatar.com\/avatar\/c7164ed6fdec453195284ad24a5ae5b6e1eed2b848477fa2a4787ba9adf39a41?s=96&d=mm&r=g","caption":"Redacci\u00f3n QP"},"url":"https:\/\/quehacerpolitico.mx\/?author=2"}]}},"featured_image_urls":{"full":"","thumbnail":"","medium":"","medium_large":"","large":"","1536x1536":"","2048x2048":"","covernews-featured":"","covernews-medium":""},"author_info":{"display_name":"Redacci\u00f3n QP","author_link":"https:\/\/quehacerpolitico.mx\/?author=2"},"category_info":"<a href=\"https:\/\/quehacerpolitico.mx\/?cat=55\" rel=\"category\">CDMX<\/a>","tag_info":"CDMX","comment_count":"0","_links":{"self":[{"href":"https:\/\/quehacerpolitico.mx\/index.php?rest_route=\/wp\/v2\/posts\/43377","targetHints":{"allow":["GET"]}}],"collection":[{"href":"https:\/\/quehacerpolitico.mx\/index.php?rest_route=\/wp\/v2\/posts"}],"about":[{"href":"https:\/\/quehacerpolitico.mx\/index.php?rest_route=\/wp\/v2\/types\/post"}],"author":[{"embeddable":true,"href":"https:\/\/quehacerpolitico.mx\/index.php?rest_route=\/wp\/v2\/users\/2"}],"replies":[{"embeddable":true,"href":"https:\/\/quehacerpolitico.mx\/index.php?rest_route=%2Fwp%2Fv2%2Fcomments&post=43377"}],"version-history":[{"count":0,"href":"https:\/\/quehacerpolitico.mx\/index.php?rest_route=\/wp\/v2\/posts\/43377\/revisions"}],"wp:featuredmedia":[{"embeddable":true,"href":"https:\/\/quehacerpolitico.mx\/index.php?rest_route=\/"}],"wp:attachment":[{"href":"https:\/\/quehacerpolitico.mx\/index.php?rest_route=%2Fwp%2Fv2%2Fmedia&parent=43377"}],"wp:term":[{"taxonomy":"category","embeddable":true,"href":"https:\/\/quehacerpolitico.mx\/index.php?rest_route=%2Fwp%2Fv2%2Fcategories&post=43377"},{"taxonomy":"post_tag","embeddable":true,"href":"https:\/\/quehacerpolitico.mx\/index.php?rest_route=%2Fwp%2Fv2%2Ftags&post=43377"}],"curies":[{"name":"wp","href":"https:\/\/api.w.org\/{rel}","templated":true}]}}