{"id":43371,"date":"2019-11-01T15:45:16","date_gmt":"2019-11-01T15:45:16","guid":{"rendered":"http:\/\/quehacerpolitico.mx\/movilizaciones-para-el-dia-de-hoy-en-la-cdmx-atentos\/"},"modified":"2019-11-01T15:45:16","modified_gmt":"2019-11-01T15:45:16","slug":"movilizaciones-para-el-dia-de-hoy-en-la-cdmx-atentos","status":"publish","type":"post","link":"https:\/\/quehacerpolitico.mx\/?p=43371","title":{"rendered":"Movilizaciones para el d\u00eda de hoy en la CDMX atentos!"},"content":{"rendered":"<p>Movilizaciones para el d\u00eda de hoy en la CDMX atentos!<br \/>Por Redacci\u00f3n QP<\/p>\n<p>A las 18:00 horas, se prev\u00e9 un evento masivo en la Primera Secci\u00f3n del Bosque de Chapultepec<\/p>\n<blockquote class=\"twitter-tweet\" data-width=\"550\" data-dnt=\"true\">\n<p lang=\"es\" dir=\"ltr\">\u00a1Buenos d\u00edas! Se esperan las siguientes movilizaciones \ud83d\udea8\ud83d\udce2 para hoy viernes 01 de noviembre en la Ciudad de M\u00e9xico. <a href=\"https:\/\/twitter.com\/hashtag\/MovilidadCDMX?src=hash&amp;ref_src=twsrc%5Etfw\">#MovilidadCDMX<\/a> <a href=\"https:\/\/twitter.com\/hashtag\/C5?src=hash&amp;ref_src=twsrc%5Etfw\">#C5<\/a> <a href=\"https:\/\/t.co\/JzrK54t6fR\">pic.twitter.com\/JzrK54t6fR<\/a><\/p>\n<p>&mdash; C5 CDMX (@C5_CDMX) <a href=\"https:\/\/twitter.com\/C5_CDMX\/status\/1190257437632323584?ref_src=twsrc%5Etfw\">November 1, 2019<\/a><\/p><\/blockquote>\n<p><script async src=\"https:\/\/platform.twitter.com\/widgets.js\" charset=\"utf-8\"><\/script><\/p>\n<p>A las 09:00 horas se prev\u00e9n una concentraci\u00f3n de un grupo de desalojados del edificio de Lago P\u00e1tzcuaro #35, ubicado en la alcald\u00eda Miguel Hidalgo.<\/p>\n<p>Este grupo de manifestantes se concentrar\u00e1n para denunciar su desalojo sin orden judicial, pues aseguran que durante el operativo lastimaron a ni\u00f1as y mujeres.<\/p>\n<blockquote class=\"twitter-tweet\" data-width=\"550\" data-dnt=\"true\">\n<p lang=\"es\" dir=\"ltr\">09:18 <a href=\"https:\/\/twitter.com\/hashtag\/Precauci%C3%B3nVial?src=hash&amp;ref_src=twsrc%5Etfw\">#Precauci\u00f3nVial<\/a> cerrada la circulaci\u00f3n en Plaza de la Constituci\u00f3n de 20 de Noviembre hasta Moneda ante inauguraci\u00f3n de <a href=\"https:\/\/twitter.com\/hashtag\/MegaOfrenda?src=hash&amp;ref_src=twsrc%5Etfw\">#MegaOfrenda<\/a>.<\/p>\n<p>Consulte aqu\u00ed <a href=\"https:\/\/twitter.com\/hashtag\/AlternativaVial?src=hash&amp;ref_src=twsrc%5Etfw\">#AlternativaVial<\/a>. <a href=\"https:\/\/t.co\/EVA66lE0oP\">pic.twitter.com\/EVA66lE0oP<\/a><\/p>\n<p>&mdash; OVIAL_SSCCDMX (@OVIALCDMX) <a href=\"https:\/\/twitter.com\/OVIALCDMX\/status\/1190287199041937415?ref_src=twsrc%5Etfw\">November 1, 2019<\/a><\/p><\/blockquote>\n<p><script async src=\"https:\/\/platform.twitter.com\/widgets.js\" charset=\"utf-8\"><\/script><\/p>\n<p>A la misma hora, integrantes del Bloque Urbano Popular se reunir\u00e1n en la Calzada Ignacio Zaragoza y calle Santa Teresa s\/n, colonia Tepalcates.<\/p>\n<blockquote class=\"twitter-tweet\" data-width=\"550\" data-dnt=\"true\">\n<p lang=\"es\" dir=\"ltr\">09:28 La Secretar\u00eda de Seguridad Ciudadana en dispositivo de seguridad y vialidad en el Pante\u00f3n Sanctorum, ante arribo de visitantes <a href=\"https:\/\/twitter.com\/hashtag\/DiaDeMuertos?src=hash&amp;ref_src=twsrc%5Etfw\">#DiaDeMuertos<\/a><\/p>\n<p>Aqu\u00ed <a href=\"https:\/\/twitter.com\/hashtag\/AlternativaVial?src=hash&amp;ref_src=twsrc%5Etfw\">#AlternativaVial<\/a> <a href=\"https:\/\/t.co\/hEoUULjTT9\">pic.twitter.com\/hEoUULjTT9<\/a><\/p>\n<p>&mdash; OVIAL_SSCCDMX (@OVIALCDMX) <a href=\"https:\/\/twitter.com\/OVIALCDMX\/status\/1190289521599926272?ref_src=twsrc%5Etfw\">November 1, 2019<\/a><\/p><\/blockquote>\n<p><script async src=\"https:\/\/platform.twitter.com\/widgets.js\" charset=\"utf-8\"><\/script><\/p>\n<p>Los manifestantes se reunir\u00e1n para solicitar tableros para medidores de energ\u00eda el\u00e9ctrica en el predio de Santa Teresa.<\/p>\n<p>A las 15:00 horas en el Parque de los Venados miembros de Amnist\u00eda Internacional M\u00e9xico har\u00e1n un mitin de acci\u00f3n simb\u00f3lica de car\u00e1cter pol\u00edtico que tiene como objetivo principal promover, defender, reconocer los derechos humanos y proteger a las personas defensoras de la tierra, el territorio y el medio ambiente, que forma parte de la campa\u00f1a denominada \u201cValiente\u201d.<\/p>\n<p>A las 19:00 horas, en la avenida Paseo de la Reforma, frente al Centro Comercial Reforma 222, se prev\u00e9 un mitin para recordar a los 43 desaparecidos de Ayotzinapa.<\/p>\n<p>En ese lugar los manifestantes montar\u00e1n la ofrenda denominada \u201cMuertos Inc\u00f3modos\u201d, en recuerdo de todos los que lucharon en vida contra el Estado represor y sus causas.<\/p>\n<p>Durante este viernes integrantes del Sindicato de Trabajadores de la Universidad Nacional Aut\u00f3noma de M\u00e9xico (STUNAM), de la Uni\u00f3n General de Trabajadores de M\u00e9xico, del Bloque por el cambio-no reelecci\u00f3n, y del Colectivo Sindical \u201cVenceremos\u201d realizar\u00e1n una huelga en protesta para exigir un 20% de aumento salarial.<\/p>\n<p>Tambi\u00e9n miembros de la Coordinadora Nacional de los Pueblos Ind\u00edgenas y Comunidad Triqui de la Ciudad de M\u00e9xico realizaran un \u201cFestival de Duelo\u201d, con el fin de representar la otra muerte infringida por el poder desde la reducci\u00f3n presupuestal.<\/p>\n<h2>EVENTOS MASIVOS<\/h2>\n<p>A las 18:00 horas en la Primera Secci\u00f3n del Bosque de Chapultepec se realizar\u00e1 el \u201cCelebrando la eternidad\u201d.<\/p>\n<p>A las 20:00 horas se llevar\u00e1 a cabo el mega desfile en la alcald\u00eda de Iztapalapa, denominada \u201cCaminando con nuestros muertos\u201d.<\/p>\n<p>Con informaci\u00f3n del C5<\/p>\n","protected":false},"excerpt":{"rendered":"<p>Movilizaciones para el d\u00eda de hoy en la CDMX atentos!<br \/>\nPor Redacci\u00f3n QP<\/p>\n","protected":false},"author":2,"featured_media":43370,"comment_status":"open","ping_status":"open","sticky":false,"template":"","format":"standard","meta":{"_monsterinsights_skip_tracking":false,"_monsterinsights_sitenote_active":false,"_monsterinsights_sitenote_note":"","_monsterinsights_sitenote_category":0,"footnotes":""},"categories":[55],"tags":[],"class_list":["post-43371","post","type-post","status-publish","format-standard","has-post-thumbnail","hentry","category-cdmx"],"yoast_head":"<!-- This site is optimized with the Yoast SEO plugin v27.3 - https:\/\/yoast.com\/product\/yoast-seo-wordpress\/ -->\n<title>Movilizaciones para el d\u00eda de hoy en la CDMX atentos! -<\/title>\n<meta name=\"robots\" content=\"index, follow, max-snippet:-1, max-image-preview:large, max-video-preview:-1\" \/>\n<link rel=\"canonical\" href=\"https:\/\/quehacerpolitico.mx\/?p=43371\" \/>\n<meta property=\"og:locale\" content=\"es_MX\" \/>\n<meta property=\"og:type\" content=\"article\" \/>\n<meta property=\"og:title\" content=\"Movilizaciones para el d\u00eda de hoy en la CDMX atentos! -\" \/>\n<meta property=\"og:description\" content=\"Movilizaciones para el d\u00eda de hoy en la CDMX atentos! Por Redacci\u00f3n QP\" \/>\n<meta property=\"og:url\" content=\"https:\/\/quehacerpolitico.mx\/?p=43371\" \/>\n<meta property=\"article:published_time\" content=\"2019-11-01T15:45:16+00:00\" \/>\n<meta name=\"author\" content=\"Redacci\u00f3n QP\" \/>\n<meta name=\"twitter:card\" content=\"summary_large_image\" \/>\n<meta name=\"twitter:label1\" content=\"Escrito por\" \/>\n\t<meta name=\"twitter:data1\" content=\"Redacci\u00f3n QP\" \/>\n\t<meta name=\"twitter:label2\" content=\"Tiempo de lectura\" \/>\n\t<meta name=\"twitter:data2\" content=\"2 minutos\" \/>\n<script type=\"application\/ld+json\" class=\"yoast-schema-graph\">{\"@context\":\"https:\\\/\\\/schema.org\",\"@graph\":[{\"@type\":\"Article\",\"@id\":\"https:\\\/\\\/quehacerpolitico.mx\\\/?p=43371#article\",\"isPartOf\":{\"@id\":\"https:\\\/\\\/quehacerpolitico.mx\\\/?p=43371\"},\"author\":{\"name\":\"Redacci\u00f3n QP\",\"@id\":\"https:\\\/\\\/quehacerpolitico.mx\\\/#\\\/schema\\\/person\\\/496d8ad2d1d3f8036101dca7ee39e585\"},\"headline\":\"Movilizaciones para el d\u00eda de hoy en la CDMX atentos!\",\"datePublished\":\"2019-11-01T15:45:16+00:00\",\"mainEntityOfPage\":{\"@id\":\"https:\\\/\\\/quehacerpolitico.mx\\\/?p=43371\"},\"wordCount\":422,\"commentCount\":0,\"image\":{\"@id\":\"https:\\\/\\\/quehacerpolitico.mx\\\/?p=43371#primaryimage\"},\"thumbnailUrl\":\"\",\"articleSection\":[\"CDMX\"],\"inLanguage\":\"es\",\"potentialAction\":[{\"@type\":\"CommentAction\",\"name\":\"Comment\",\"target\":[\"https:\\\/\\\/quehacerpolitico.mx\\\/?p=43371#respond\"]}]},{\"@type\":\"WebPage\",\"@id\":\"https:\\\/\\\/quehacerpolitico.mx\\\/?p=43371\",\"url\":\"https:\\\/\\\/quehacerpolitico.mx\\\/?p=43371\",\"name\":\"Movilizaciones para el d\u00eda de hoy en la CDMX atentos! -\",\"isPartOf\":{\"@id\":\"https:\\\/\\\/quehacerpolitico.mx\\\/#website\"},\"primaryImageOfPage\":{\"@id\":\"https:\\\/\\\/quehacerpolitico.mx\\\/?p=43371#primaryimage\"},\"image\":{\"@id\":\"https:\\\/\\\/quehacerpolitico.mx\\\/?p=43371#primaryimage\"},\"thumbnailUrl\":\"\",\"datePublished\":\"2019-11-01T15:45:16+00:00\",\"author\":{\"@id\":\"https:\\\/\\\/quehacerpolitico.mx\\\/#\\\/schema\\\/person\\\/496d8ad2d1d3f8036101dca7ee39e585\"},\"breadcrumb\":{\"@id\":\"https:\\\/\\\/quehacerpolitico.mx\\\/?p=43371#breadcrumb\"},\"inLanguage\":\"es\",\"potentialAction\":[{\"@type\":\"ReadAction\",\"target\":[\"https:\\\/\\\/quehacerpolitico.mx\\\/?p=43371\"]}]},{\"@type\":\"ImageObject\",\"inLanguage\":\"es\",\"@id\":\"https:\\\/\\\/quehacerpolitico.mx\\\/?p=43371#primaryimage\",\"url\":\"\",\"contentUrl\":\"\"},{\"@type\":\"BreadcrumbList\",\"@id\":\"https:\\\/\\\/quehacerpolitico.mx\\\/?p=43371#breadcrumb\",\"itemListElement\":[{\"@type\":\"ListItem\",\"position\":1,\"name\":\"Inicio\",\"item\":\"https:\\\/\\\/quehacerpolitico.mx\\\/\"},{\"@type\":\"ListItem\",\"position\":2,\"name\":\"Movilizaciones para el d\u00eda de hoy en la CDMX atentos!\"}]},{\"@type\":\"WebSite\",\"@id\":\"https:\\\/\\\/quehacerpolitico.mx\\\/#website\",\"url\":\"https:\\\/\\\/quehacerpolitico.mx\\\/\",\"name\":\"\",\"description\":\"\",\"potentialAction\":[{\"@type\":\"SearchAction\",\"target\":{\"@type\":\"EntryPoint\",\"urlTemplate\":\"https:\\\/\\\/quehacerpolitico.mx\\\/?s={search_term_string}\"},\"query-input\":{\"@type\":\"PropertyValueSpecification\",\"valueRequired\":true,\"valueName\":\"search_term_string\"}}],\"inLanguage\":\"es\"},{\"@type\":\"Person\",\"@id\":\"https:\\\/\\\/quehacerpolitico.mx\\\/#\\\/schema\\\/person\\\/496d8ad2d1d3f8036101dca7ee39e585\",\"name\":\"Redacci\u00f3n QP\",\"image\":{\"@type\":\"ImageObject\",\"inLanguage\":\"es\",\"@id\":\"https:\\\/\\\/secure.gravatar.com\\\/avatar\\\/c7164ed6fdec453195284ad24a5ae5b6e1eed2b848477fa2a4787ba9adf39a41?s=96&d=mm&r=g\",\"url\":\"https:\\\/\\\/secure.gravatar.com\\\/avatar\\\/c7164ed6fdec453195284ad24a5ae5b6e1eed2b848477fa2a4787ba9adf39a41?s=96&d=mm&r=g\",\"contentUrl\":\"https:\\\/\\\/secure.gravatar.com\\\/avatar\\\/c7164ed6fdec453195284ad24a5ae5b6e1eed2b848477fa2a4787ba9adf39a41?s=96&d=mm&r=g\",\"caption\":\"Redacci\u00f3n QP\"},\"url\":\"https:\\\/\\\/quehacerpolitico.mx\\\/?author=2\"}]}<\/script>\n<!-- \/ Yoast SEO plugin. -->","yoast_head_json":{"title":"Movilizaciones para el d\u00eda de hoy en la CDMX atentos! -","robots":{"index":"index","follow":"follow","max-snippet":"max-snippet:-1","max-image-preview":"max-image-preview:large","max-video-preview":"max-video-preview:-1"},"canonical":"https:\/\/quehacerpolitico.mx\/?p=43371","og_locale":"es_MX","og_type":"article","og_title":"Movilizaciones para el d\u00eda de hoy en la CDMX atentos! -","og_description":"Movilizaciones para el d\u00eda de hoy en la CDMX atentos! Por Redacci\u00f3n QP","og_url":"https:\/\/quehacerpolitico.mx\/?p=43371","article_published_time":"2019-11-01T15:45:16+00:00","author":"Redacci\u00f3n QP","twitter_card":"summary_large_image","twitter_misc":{"Escrito por":"Redacci\u00f3n QP","Tiempo de lectura":"2 minutos"},"schema":{"@context":"https:\/\/schema.org","@graph":[{"@type":"Article","@id":"https:\/\/quehacerpolitico.mx\/?p=43371#article","isPartOf":{"@id":"https:\/\/quehacerpolitico.mx\/?p=43371"},"author":{"name":"Redacci\u00f3n QP","@id":"https:\/\/quehacerpolitico.mx\/#\/schema\/person\/496d8ad2d1d3f8036101dca7ee39e585"},"headline":"Movilizaciones para el d\u00eda de hoy en la CDMX atentos!","datePublished":"2019-11-01T15:45:16+00:00","mainEntityOfPage":{"@id":"https:\/\/quehacerpolitico.mx\/?p=43371"},"wordCount":422,"commentCount":0,"image":{"@id":"https:\/\/quehacerpolitico.mx\/?p=43371#primaryimage"},"thumbnailUrl":"","articleSection":["CDMX"],"inLanguage":"es","potentialAction":[{"@type":"CommentAction","name":"Comment","target":["https:\/\/quehacerpolitico.mx\/?p=43371#respond"]}]},{"@type":"WebPage","@id":"https:\/\/quehacerpolitico.mx\/?p=43371","url":"https:\/\/quehacerpolitico.mx\/?p=43371","name":"Movilizaciones para el d\u00eda de hoy en la CDMX atentos! -","isPartOf":{"@id":"https:\/\/quehacerpolitico.mx\/#website"},"primaryImageOfPage":{"@id":"https:\/\/quehacerpolitico.mx\/?p=43371#primaryimage"},"image":{"@id":"https:\/\/quehacerpolitico.mx\/?p=43371#primaryimage"},"thumbnailUrl":"","datePublished":"2019-11-01T15:45:16+00:00","author":{"@id":"https:\/\/quehacerpolitico.mx\/#\/schema\/person\/496d8ad2d1d3f8036101dca7ee39e585"},"breadcrumb":{"@id":"https:\/\/quehacerpolitico.mx\/?p=43371#breadcrumb"},"inLanguage":"es","potentialAction":[{"@type":"ReadAction","target":["https:\/\/quehacerpolitico.mx\/?p=43371"]}]},{"@type":"ImageObject","inLanguage":"es","@id":"https:\/\/quehacerpolitico.mx\/?p=43371#primaryimage","url":"","contentUrl":""},{"@type":"BreadcrumbList","@id":"https:\/\/quehacerpolitico.mx\/?p=43371#breadcrumb","itemListElement":[{"@type":"ListItem","position":1,"name":"Inicio","item":"https:\/\/quehacerpolitico.mx\/"},{"@type":"ListItem","position":2,"name":"Movilizaciones para el d\u00eda de hoy en la CDMX atentos!"}]},{"@type":"WebSite","@id":"https:\/\/quehacerpolitico.mx\/#website","url":"https:\/\/quehacerpolitico.mx\/","name":"","description":"","potentialAction":[{"@type":"SearchAction","target":{"@type":"EntryPoint","urlTemplate":"https:\/\/quehacerpolitico.mx\/?s={search_term_string}"},"query-input":{"@type":"PropertyValueSpecification","valueRequired":true,"valueName":"search_term_string"}}],"inLanguage":"es"},{"@type":"Person","@id":"https:\/\/quehacerpolitico.mx\/#\/schema\/person\/496d8ad2d1d3f8036101dca7ee39e585","name":"Redacci\u00f3n QP","image":{"@type":"ImageObject","inLanguage":"es","@id":"https:\/\/secure.gravatar.com\/avatar\/c7164ed6fdec453195284ad24a5ae5b6e1eed2b848477fa2a4787ba9adf39a41?s=96&d=mm&r=g","url":"https:\/\/secure.gravatar.com\/avatar\/c7164ed6fdec453195284ad24a5ae5b6e1eed2b848477fa2a4787ba9adf39a41?s=96&d=mm&r=g","contentUrl":"https:\/\/secure.gravatar.com\/avatar\/c7164ed6fdec453195284ad24a5ae5b6e1eed2b848477fa2a4787ba9adf39a41?s=96&d=mm&r=g","caption":"Redacci\u00f3n QP"},"url":"https:\/\/quehacerpolitico.mx\/?author=2"}]}},"featured_image_urls":{"full":"","thumbnail":"","medium":"","medium_large":"","large":"","1536x1536":"","2048x2048":"","covernews-featured":"","covernews-medium":""},"author_info":{"display_name":"Redacci\u00f3n QP","author_link":"https:\/\/quehacerpolitico.mx\/?author=2"},"category_info":"<a href=\"https:\/\/quehacerpolitico.mx\/?cat=55\" rel=\"category\">CDMX<\/a>","tag_info":"CDMX","comment_count":"0","_links":{"self":[{"href":"https:\/\/quehacerpolitico.mx\/index.php?rest_route=\/wp\/v2\/posts\/43371","targetHints":{"allow":["GET"]}}],"collection":[{"href":"https:\/\/quehacerpolitico.mx\/index.php?rest_route=\/wp\/v2\/posts"}],"about":[{"href":"https:\/\/quehacerpolitico.mx\/index.php?rest_route=\/wp\/v2\/types\/post"}],"author":[{"embeddable":true,"href":"https:\/\/quehacerpolitico.mx\/index.php?rest_route=\/wp\/v2\/users\/2"}],"replies":[{"embeddable":true,"href":"https:\/\/quehacerpolitico.mx\/index.php?rest_route=%2Fwp%2Fv2%2Fcomments&post=43371"}],"version-history":[{"count":0,"href":"https:\/\/quehacerpolitico.mx\/index.php?rest_route=\/wp\/v2\/posts\/43371\/revisions"}],"wp:featuredmedia":[{"embeddable":true,"href":"https:\/\/quehacerpolitico.mx\/index.php?rest_route=\/"}],"wp:attachment":[{"href":"https:\/\/quehacerpolitico.mx\/index.php?rest_route=%2Fwp%2Fv2%2Fmedia&parent=43371"}],"wp:term":[{"taxonomy":"category","embeddable":true,"href":"https:\/\/quehacerpolitico.mx\/index.php?rest_route=%2Fwp%2Fv2%2Fcategories&post=43371"},{"taxonomy":"post_tag","embeddable":true,"href":"https:\/\/quehacerpolitico.mx\/index.php?rest_route=%2Fwp%2Fv2%2Ftags&post=43371"}],"curies":[{"name":"wp","href":"https:\/\/api.w.org\/{rel}","templated":true}]}}