{"id":4333,"date":"2018-09-10T17:45:29","date_gmt":"2018-09-10T17:45:29","guid":{"rendered":"http:\/\/quehacerpolitico.mx\/orbelin-pineda-es-baja-del-tricolor\/"},"modified":"2018-09-10T17:45:29","modified_gmt":"2018-09-10T17:45:29","slug":"orbelin-pineda-es-baja-del-tricolor","status":"publish","type":"post","link":"https:\/\/quehacerpolitico.mx\/?p=4333","title":{"rendered":"Orbel\u00edn Pineda es baja del Tricolor"},"content":{"rendered":"<p><strong>Orbel\u00edn Pineda<\/strong> es baja del <strong>Tri<\/strong> para el partido contra la selecci\u00f3n de<strong> Estados Unidos<\/strong>, el cual se llevar\u00e1 a cabo ma\u00f1ana en Nashville. La <strong>Direcci\u00f3n de Selecciones Nacionales<\/strong> inform\u00f3, a trav\u00e9s de un comunicado, que el jugador de las <strong>Chivas<\/strong> deja al equipo ya que\u00a0el mediocampista presenta una hematoma intra muscular y laceraci\u00f3n del m\u00fasculo gemelo interno.<\/p>\n<blockquote class=\"twitter-tweet\" data-width=\"550\" data-dnt=\"true\">\n<p lang=\"es\" dir=\"ltr\">\ud83d\udcc4 | NOTA <\/p>\n<p>Orbel\u00edn Pineda causa baja de la concentraci\u00f3n. <\/p>\n<p>Ent\u00e9rate. \u27a1\ufe0f <a href=\"https:\/\/t.co\/GQ0UkyytAp\">https:\/\/t.co\/GQ0UkyytAp<\/a><a href=\"https:\/\/twitter.com\/hashtag\/ElF%C3%BAtbolEsNuestro?src=hash&amp;ref_src=twsrc%5Etfw\">#ElF\u00fatbolEsNuestro<\/a> <a href=\"https:\/\/t.co\/KD2e4OhbUI\">pic.twitter.com\/KD2e4OhbUI<\/a><\/p>\n<p>&mdash; Selecci\u00f3n Nacional (@miseleccionmx) <a href=\"https:\/\/twitter.com\/miseleccionmx\/status\/1039182346044485633?ref_src=twsrc%5Etfw\">September 10, 2018<\/a><\/p><\/blockquote>\n<p><script async src=\"https:\/\/platform.twitter.com\/widgets.js\" charset=\"utf-8\"><\/script><\/p>\n<p>Pineda sufri\u00f3 una contusi\u00f3n importante en la pierna derecha por un rodillazo, en el entrenamiento del 5 de septiembre, la cual\u00a0 le provoc\u00f3 la hematoma intra muscular y laceraci\u00f3n del m\u00fasculo gemelo interno. El joven de 22 a\u00f1os viaj\u00f3 esta ma\u00f1ana a <strong>Guadalajara<\/strong>para seguir con su rehabilitaci\u00f3n.<\/p>\n<p>La lesi\u00f3n le impidi\u00f3 tener minutos en el partido contra <strong>Uruguay<\/strong>, el cual perdi\u00f3 el equipo nacional 4 por 1, y ahora lo aleja de la concentraci\u00f3n y de las canchas, aunque no se dio a conocer el tiempo estimado que pasar\u00e1 apartado del terreno de juego.<\/p>\n<p>Con la baja de Pineda ya son<strong> cinco los ausentes<\/strong> para el duelo frente a <strong>la selecci\u00f3n de USA<\/strong>, ya que <strong>Guillermo Ochoa<\/strong>, <strong>Hirving Lozano<\/strong> y <strong>Erick Guti\u00e9rrez<\/strong> no realizaron el viaje a Nashville, Tennessee. Por su parte <strong>Ra\u00fal Jim\u00e9nez<\/strong> viajar\u00e1 ma\u00f1ana a Inglaterra por petici\u00f3n de su club (Wolverhampton).<\/p>\n<blockquote class=\"twitter-tweet\" data-width=\"550\" data-dnt=\"true\">\n<p lang=\"es\" dir=\"ltr\">\ud83d\udcc4 | NOTA <\/p>\n<p>Ochoa, Lozano y Guti\u00e9rrez causan baja de la concentraci\u00f3n de la SNM. <\/p>\n<p>\u27a1\ufe0f <a href=\"https:\/\/t.co\/7BytMH7cfc\">https:\/\/t.co\/7BytMH7cfc<\/a><a href=\"https:\/\/twitter.com\/hashtag\/Pasi%C3%B3nyOrgullo?src=hash&amp;ref_src=twsrc%5Etfw\">#Pasi\u00f3nyOrgullo<\/a> | <a href=\"https:\/\/twitter.com\/hashtag\/MEXTOUR?src=hash&amp;ref_src=twsrc%5Etfw\">#MEXTOUR<\/a> <a href=\"https:\/\/t.co\/IyL1AqLHPE\">pic.twitter.com\/IyL1AqLHPE<\/a><\/p>\n<p>&mdash; Selecci\u00f3n Nacional (@miseleccionmx) <a href=\"https:\/\/twitter.com\/miseleccionmx\/status\/1038436585019244544?ref_src=twsrc%5Etfw\">September 8, 2018<\/a><\/p><\/blockquote>\n<p><script async src=\"https:\/\/platform.twitter.com\/widgets.js\" charset=\"utf-8\"><\/script><\/p>\n<p>El jugador del<strong> Reba\u00f1o Sagrado <\/strong>ha iniciado todos los partidos de titular de la Liga MX con Chivas (7) y registra un gol en el <strong>Apertura 2018<\/strong>, e cual signific\u00f3 el triunfo en el<strong> cl\u00e1sico Tapat\u00edo<\/strong>.<\/p>\n","protected":false},"excerpt":{"rendered":"<p>Orbel\u00edn Pineda es baja del Tricolor<br \/>\nPor Redacci\u00f3n QP<\/p>\n","protected":false},"author":2,"featured_media":4332,"comment_status":"open","ping_status":"open","sticky":false,"template":"","format":"standard","meta":{"_monsterinsights_skip_tracking":false,"_monsterinsights_sitenote_active":false,"_monsterinsights_sitenote_note":"","_monsterinsights_sitenote_category":0,"footnotes":""},"categories":[54],"tags":[],"class_list":["post-4333","post","type-post","status-publish","format-standard","has-post-thumbnail","hentry","category-deportes"],"yoast_head":"<!-- This site is optimized with the Yoast SEO plugin v27.3 - https:\/\/yoast.com\/product\/yoast-seo-wordpress\/ -->\n<title>Orbel\u00edn Pineda es baja del Tricolor -<\/title>\n<meta name=\"robots\" content=\"index, follow, max-snippet:-1, max-image-preview:large, max-video-preview:-1\" \/>\n<link rel=\"canonical\" href=\"https:\/\/quehacerpolitico.mx\/?p=4333\" \/>\n<meta property=\"og:locale\" content=\"es_MX\" \/>\n<meta property=\"og:type\" content=\"article\" \/>\n<meta property=\"og:title\" content=\"Orbel\u00edn Pineda es baja del Tricolor -\" \/>\n<meta property=\"og:description\" content=\"Orbel\u00edn Pineda es baja del Tricolor Por Redacci\u00f3n QP\" \/>\n<meta property=\"og:url\" content=\"https:\/\/quehacerpolitico.mx\/?p=4333\" \/>\n<meta property=\"article:published_time\" content=\"2018-09-10T17:45:29+00:00\" \/>\n<meta name=\"author\" content=\"Redacci\u00f3n QP\" \/>\n<meta name=\"twitter:card\" content=\"summary_large_image\" \/>\n<meta name=\"twitter:label1\" content=\"Escrito por\" \/>\n\t<meta name=\"twitter:data1\" content=\"Redacci\u00f3n QP\" \/>\n\t<meta name=\"twitter:label2\" content=\"Tiempo de lectura\" \/>\n\t<meta name=\"twitter:data2\" content=\"1 minuto\" \/>\n<script type=\"application\/ld+json\" class=\"yoast-schema-graph\">{\"@context\":\"https:\\\/\\\/schema.org\",\"@graph\":[{\"@type\":\"Article\",\"@id\":\"https:\\\/\\\/quehacerpolitico.mx\\\/?p=4333#article\",\"isPartOf\":{\"@id\":\"https:\\\/\\\/quehacerpolitico.mx\\\/?p=4333\"},\"author\":{\"name\":\"Redacci\u00f3n QP\",\"@id\":\"https:\\\/\\\/quehacerpolitico.mx\\\/#\\\/schema\\\/person\\\/496d8ad2d1d3f8036101dca7ee39e585\"},\"headline\":\"Orbel\u00edn Pineda es baja del Tricolor\",\"datePublished\":\"2018-09-10T17:45:29+00:00\",\"mainEntityOfPage\":{\"@id\":\"https:\\\/\\\/quehacerpolitico.mx\\\/?p=4333\"},\"wordCount\":276,\"commentCount\":0,\"image\":{\"@id\":\"https:\\\/\\\/quehacerpolitico.mx\\\/?p=4333#primaryimage\"},\"thumbnailUrl\":\"\",\"articleSection\":[\"Deportes\"],\"inLanguage\":\"es\",\"potentialAction\":[{\"@type\":\"CommentAction\",\"name\":\"Comment\",\"target\":[\"https:\\\/\\\/quehacerpolitico.mx\\\/?p=4333#respond\"]}]},{\"@type\":\"WebPage\",\"@id\":\"https:\\\/\\\/quehacerpolitico.mx\\\/?p=4333\",\"url\":\"https:\\\/\\\/quehacerpolitico.mx\\\/?p=4333\",\"name\":\"Orbel\u00edn Pineda es baja del Tricolor -\",\"isPartOf\":{\"@id\":\"https:\\\/\\\/quehacerpolitico.mx\\\/#website\"},\"primaryImageOfPage\":{\"@id\":\"https:\\\/\\\/quehacerpolitico.mx\\\/?p=4333#primaryimage\"},\"image\":{\"@id\":\"https:\\\/\\\/quehacerpolitico.mx\\\/?p=4333#primaryimage\"},\"thumbnailUrl\":\"\",\"datePublished\":\"2018-09-10T17:45:29+00:00\",\"author\":{\"@id\":\"https:\\\/\\\/quehacerpolitico.mx\\\/#\\\/schema\\\/person\\\/496d8ad2d1d3f8036101dca7ee39e585\"},\"breadcrumb\":{\"@id\":\"https:\\\/\\\/quehacerpolitico.mx\\\/?p=4333#breadcrumb\"},\"inLanguage\":\"es\",\"potentialAction\":[{\"@type\":\"ReadAction\",\"target\":[\"https:\\\/\\\/quehacerpolitico.mx\\\/?p=4333\"]}]},{\"@type\":\"ImageObject\",\"inLanguage\":\"es\",\"@id\":\"https:\\\/\\\/quehacerpolitico.mx\\\/?p=4333#primaryimage\",\"url\":\"\",\"contentUrl\":\"\"},{\"@type\":\"BreadcrumbList\",\"@id\":\"https:\\\/\\\/quehacerpolitico.mx\\\/?p=4333#breadcrumb\",\"itemListElement\":[{\"@type\":\"ListItem\",\"position\":1,\"name\":\"Inicio\",\"item\":\"https:\\\/\\\/quehacerpolitico.mx\\\/\"},{\"@type\":\"ListItem\",\"position\":2,\"name\":\"Orbel\u00edn Pineda es baja del Tricolor\"}]},{\"@type\":\"WebSite\",\"@id\":\"https:\\\/\\\/quehacerpolitico.mx\\\/#website\",\"url\":\"https:\\\/\\\/quehacerpolitico.mx\\\/\",\"name\":\"\",\"description\":\"\",\"potentialAction\":[{\"@type\":\"SearchAction\",\"target\":{\"@type\":\"EntryPoint\",\"urlTemplate\":\"https:\\\/\\\/quehacerpolitico.mx\\\/?s={search_term_string}\"},\"query-input\":{\"@type\":\"PropertyValueSpecification\",\"valueRequired\":true,\"valueName\":\"search_term_string\"}}],\"inLanguage\":\"es\"},{\"@type\":\"Person\",\"@id\":\"https:\\\/\\\/quehacerpolitico.mx\\\/#\\\/schema\\\/person\\\/496d8ad2d1d3f8036101dca7ee39e585\",\"name\":\"Redacci\u00f3n QP\",\"image\":{\"@type\":\"ImageObject\",\"inLanguage\":\"es\",\"@id\":\"https:\\\/\\\/secure.gravatar.com\\\/avatar\\\/c7164ed6fdec453195284ad24a5ae5b6e1eed2b848477fa2a4787ba9adf39a41?s=96&d=mm&r=g\",\"url\":\"https:\\\/\\\/secure.gravatar.com\\\/avatar\\\/c7164ed6fdec453195284ad24a5ae5b6e1eed2b848477fa2a4787ba9adf39a41?s=96&d=mm&r=g\",\"contentUrl\":\"https:\\\/\\\/secure.gravatar.com\\\/avatar\\\/c7164ed6fdec453195284ad24a5ae5b6e1eed2b848477fa2a4787ba9adf39a41?s=96&d=mm&r=g\",\"caption\":\"Redacci\u00f3n QP\"},\"url\":\"https:\\\/\\\/quehacerpolitico.mx\\\/?author=2\"}]}<\/script>\n<!-- \/ Yoast SEO plugin. -->","yoast_head_json":{"title":"Orbel\u00edn Pineda es baja del Tricolor -","robots":{"index":"index","follow":"follow","max-snippet":"max-snippet:-1","max-image-preview":"max-image-preview:large","max-video-preview":"max-video-preview:-1"},"canonical":"https:\/\/quehacerpolitico.mx\/?p=4333","og_locale":"es_MX","og_type":"article","og_title":"Orbel\u00edn Pineda es baja del Tricolor -","og_description":"Orbel\u00edn Pineda es baja del Tricolor Por Redacci\u00f3n QP","og_url":"https:\/\/quehacerpolitico.mx\/?p=4333","article_published_time":"2018-09-10T17:45:29+00:00","author":"Redacci\u00f3n QP","twitter_card":"summary_large_image","twitter_misc":{"Escrito por":"Redacci\u00f3n QP","Tiempo de lectura":"1 minuto"},"schema":{"@context":"https:\/\/schema.org","@graph":[{"@type":"Article","@id":"https:\/\/quehacerpolitico.mx\/?p=4333#article","isPartOf":{"@id":"https:\/\/quehacerpolitico.mx\/?p=4333"},"author":{"name":"Redacci\u00f3n QP","@id":"https:\/\/quehacerpolitico.mx\/#\/schema\/person\/496d8ad2d1d3f8036101dca7ee39e585"},"headline":"Orbel\u00edn Pineda es baja del Tricolor","datePublished":"2018-09-10T17:45:29+00:00","mainEntityOfPage":{"@id":"https:\/\/quehacerpolitico.mx\/?p=4333"},"wordCount":276,"commentCount":0,"image":{"@id":"https:\/\/quehacerpolitico.mx\/?p=4333#primaryimage"},"thumbnailUrl":"","articleSection":["Deportes"],"inLanguage":"es","potentialAction":[{"@type":"CommentAction","name":"Comment","target":["https:\/\/quehacerpolitico.mx\/?p=4333#respond"]}]},{"@type":"WebPage","@id":"https:\/\/quehacerpolitico.mx\/?p=4333","url":"https:\/\/quehacerpolitico.mx\/?p=4333","name":"Orbel\u00edn Pineda es baja del Tricolor -","isPartOf":{"@id":"https:\/\/quehacerpolitico.mx\/#website"},"primaryImageOfPage":{"@id":"https:\/\/quehacerpolitico.mx\/?p=4333#primaryimage"},"image":{"@id":"https:\/\/quehacerpolitico.mx\/?p=4333#primaryimage"},"thumbnailUrl":"","datePublished":"2018-09-10T17:45:29+00:00","author":{"@id":"https:\/\/quehacerpolitico.mx\/#\/schema\/person\/496d8ad2d1d3f8036101dca7ee39e585"},"breadcrumb":{"@id":"https:\/\/quehacerpolitico.mx\/?p=4333#breadcrumb"},"inLanguage":"es","potentialAction":[{"@type":"ReadAction","target":["https:\/\/quehacerpolitico.mx\/?p=4333"]}]},{"@type":"ImageObject","inLanguage":"es","@id":"https:\/\/quehacerpolitico.mx\/?p=4333#primaryimage","url":"","contentUrl":""},{"@type":"BreadcrumbList","@id":"https:\/\/quehacerpolitico.mx\/?p=4333#breadcrumb","itemListElement":[{"@type":"ListItem","position":1,"name":"Inicio","item":"https:\/\/quehacerpolitico.mx\/"},{"@type":"ListItem","position":2,"name":"Orbel\u00edn Pineda es baja del Tricolor"}]},{"@type":"WebSite","@id":"https:\/\/quehacerpolitico.mx\/#website","url":"https:\/\/quehacerpolitico.mx\/","name":"","description":"","potentialAction":[{"@type":"SearchAction","target":{"@type":"EntryPoint","urlTemplate":"https:\/\/quehacerpolitico.mx\/?s={search_term_string}"},"query-input":{"@type":"PropertyValueSpecification","valueRequired":true,"valueName":"search_term_string"}}],"inLanguage":"es"},{"@type":"Person","@id":"https:\/\/quehacerpolitico.mx\/#\/schema\/person\/496d8ad2d1d3f8036101dca7ee39e585","name":"Redacci\u00f3n QP","image":{"@type":"ImageObject","inLanguage":"es","@id":"https:\/\/secure.gravatar.com\/avatar\/c7164ed6fdec453195284ad24a5ae5b6e1eed2b848477fa2a4787ba9adf39a41?s=96&d=mm&r=g","url":"https:\/\/secure.gravatar.com\/avatar\/c7164ed6fdec453195284ad24a5ae5b6e1eed2b848477fa2a4787ba9adf39a41?s=96&d=mm&r=g","contentUrl":"https:\/\/secure.gravatar.com\/avatar\/c7164ed6fdec453195284ad24a5ae5b6e1eed2b848477fa2a4787ba9adf39a41?s=96&d=mm&r=g","caption":"Redacci\u00f3n QP"},"url":"https:\/\/quehacerpolitico.mx\/?author=2"}]}},"featured_image_urls":{"full":"","thumbnail":"","medium":"","medium_large":"","large":"","1536x1536":"","2048x2048":"","covernews-featured":"","covernews-medium":""},"author_info":{"display_name":"Redacci\u00f3n QP","author_link":"https:\/\/quehacerpolitico.mx\/?author=2"},"category_info":"<a href=\"https:\/\/quehacerpolitico.mx\/?cat=54\" rel=\"category\">Deportes<\/a>","tag_info":"Deportes","comment_count":"0","_links":{"self":[{"href":"https:\/\/quehacerpolitico.mx\/index.php?rest_route=\/wp\/v2\/posts\/4333","targetHints":{"allow":["GET"]}}],"collection":[{"href":"https:\/\/quehacerpolitico.mx\/index.php?rest_route=\/wp\/v2\/posts"}],"about":[{"href":"https:\/\/quehacerpolitico.mx\/index.php?rest_route=\/wp\/v2\/types\/post"}],"author":[{"embeddable":true,"href":"https:\/\/quehacerpolitico.mx\/index.php?rest_route=\/wp\/v2\/users\/2"}],"replies":[{"embeddable":true,"href":"https:\/\/quehacerpolitico.mx\/index.php?rest_route=%2Fwp%2Fv2%2Fcomments&post=4333"}],"version-history":[{"count":0,"href":"https:\/\/quehacerpolitico.mx\/index.php?rest_route=\/wp\/v2\/posts\/4333\/revisions"}],"wp:featuredmedia":[{"embeddable":true,"href":"https:\/\/quehacerpolitico.mx\/index.php?rest_route=\/"}],"wp:attachment":[{"href":"https:\/\/quehacerpolitico.mx\/index.php?rest_route=%2Fwp%2Fv2%2Fmedia&parent=4333"}],"wp:term":[{"taxonomy":"category","embeddable":true,"href":"https:\/\/quehacerpolitico.mx\/index.php?rest_route=%2Fwp%2Fv2%2Fcategories&post=4333"},{"taxonomy":"post_tag","embeddable":true,"href":"https:\/\/quehacerpolitico.mx\/index.php?rest_route=%2Fwp%2Fv2%2Ftags&post=4333"}],"curies":[{"name":"wp","href":"https:\/\/api.w.org\/{rel}","templated":true}]}}