{"id":4327,"date":"2018-09-10T16:34:40","date_gmt":"2018-09-10T16:34:40","guid":{"rendered":"http:\/\/quehacerpolitico.mx\/papantla-se-harta-y-arma-policia-ciudadana-para-defenderse-los-criminales-son-mandos-acusan\/"},"modified":"2018-09-10T16:34:40","modified_gmt":"2018-09-10T16:34:40","slug":"papantla-se-harta-y-arma-policia-ciudadana-para-defenderse-los-criminales-son-mandos-acusan","status":"publish","type":"post","link":"https:\/\/quehacerpolitico.mx\/?p=4327","title":{"rendered":"Papantla se harta y arma polic\u00eda ciudadana para defenderse; los criminales son mandos, acusan"},"content":{"rendered":"<h3>En una carta, difundida por medios locales, enviada presuntamente desde el Ejido de Insurgentes Socialistas y dirigida al Gobernador electo, Cuitl\u00e1huac Garc\u00eda, le solicitan les \u201cbrinde la seguridad necesaria de manera permanente mediante el despliegue de elementos de la Secretar\u00eda de Marina, Fuerza Civil, Gendarmer\u00eda, ya que no le tenemos confianza a la Polic\u00eda Municipal ni a la Polic\u00eda Estatal\u201d.<\/h3>\n<h3>Los habitantes aseguraron que la inseguridad afecta a las comunidades de Insurgentes Socialistas, Manantial, La Martinica, Joloapan, Dos R\u00edos, El Corcho, Miguel Hidalgo y Valsequillo, y otras. Y aseguraron\u00a0que no se mover\u00e1n \u201chasta que venga para quedarse la Marina\u201d.<\/h3>\n<h3>\u201cYa no queremos a la Polic\u00eda Municipal, ni a la Secretar\u00eda de Seguridad P\u00fablica, porque est\u00e1n coludidos con los delincuentes\u201d, denunciaron.<\/h3>\n<p>Habitantes de al menos 15 comunidades del municipio de <strong>Papantla<\/strong>, Veracruz, formaron <strong>grupos de autodefensas<\/strong> y tomaron los accesos a sus pueblos <strong>cansados de las extorsiones, homicidios y secuestros<\/strong> en la zona. Exigen la presencia de la Secretar\u00eda de Marina, pues acusan que las corporaciones estatales y municipales est\u00e1n coludidas con los criminales.<\/p>\n<p>Los pobladores, armados con machetes, palos y piedras, formaron barricadas y dijeron estar listos para enfrentar a los criminales, sin embargo, aseguraron que ellos no cuentan con armas de fuego.<\/p>\n<p>De acuerdo con los reportes de medios locales, se trata de hombres y mujeres de las comunidades Insurgentes Socialistas, Valsequillo, 20 de Noviembre, El Corcho, Miguel Hidalgo, 2 Rios, G\u00f3mez Villanueva; San Manuel, Cuyuxquihui, Vista Hersmosa de Ju\u00e1rez, Pabanco, Manantial, Cedral, Pueblillo, entre otras.<\/p>\n<p>Dijeron estar cansados de ser ignorados por la Polic\u00eda Municipal y la Secretar\u00eda de Seguridad P\u00fablica del Estado. \u201cPareciera que protegen m\u00e1s a los delincuentes que a nosotros\u201d, denunciaron.<\/p>\n<p>Los campesinos que habitan las comunidades de la zona del Llano decidieron implementar sus propias medidas de seguridad, se\u00f1alando que \u201calgunos mandos de la SSP de est\u00e1n involucrados, los tenemos identificados, sabemos qui\u00e9nes son\u201d.<\/p>\n<p>Los pobladores que mantienen sitiada la comunidad de Insurgentes Socialistas dicen que no se mover\u00e1n \u201chasta que venga para quedarse la Marina\u201d.<\/p>\n<blockquote>\n<p>\u201cYa no queremos a la Polic\u00eda Municipal ni a la Secretar\u00eda de Seguridad P\u00fablica, porque est\u00e1n coludidos con los delincuentes\u201d, denunciaron.<\/p>\n<\/blockquote>\n<p><strong>HACEN LLAMADO A CUITL\u00c1HUAC\u00a0<\/strong><\/p>\n<p>En una carta, difundida por medios locales, enviada presuntamente desde el Ejido de Insurgentes Socialistas y dirigida al Gobernador electo, Cuitl\u00e1huac Garc\u00eda, le solicitan al morenista les \u201cbrinde la seguridad necesaria de manera permanente mediante el despliegue de elementos de la Secretar\u00eda de Marina, Fuerza Civil, Gendarmer\u00eda, ya que no le tenemos confianza a la polic\u00eda Municipal ni a la polic\u00eda Estatal\u201d.<\/p>\n<blockquote>\n<p>En la misiva acusaron que ambas corporaciones \u201cse han mantenido cruzadas de brazos, no confiamos en las autoridades municipales, solicitamos la aprehensi\u00f3n de estos grupos delictivos para regresar la tranquilidad de las familias, de nuestra gente trabajadora\u201d.<\/p>\n<p>En la misiva explican que en los \u00faltimos meses habitantes de esa localidad han sido extorsionados. Detallan que \u201cgrupos fuertemente armados han entrado a los domicilios quienes exigen fuertes cantidades de dinero a cambio de no hacerles da\u00f1o, cabe se\u00f1alar que esta situaci\u00f3n ha alcanzado tal grado que los delincuentes se trasladan a cualquier hora de la madrigada en plena luz del d\u00eda en camionetas y vagonetas polarizadas no solo en esta localidad sino en localidades vecinas, sembrando p\u00e1nico colectivo\u201d.<\/p>\n<\/blockquote>\n<p>\u201cMaestro Cuitl\u00e1huac: Veracruz es un estado como usted sabe geogr\u00e1ficamente extenso, el municipio de Papantla abarca desde el Golfo de M\u00e9xico hasta la Sierra Norte del estado de Puebla, de hecho usted acudi\u00f3 a las fiestas patronales de Pueblillo Papantla hace apenas unos d\u00edas, toda nuestra gente lo apoy\u00f3 sin duda en la pasada campa\u00f1a porque usted m\u00e1s que pol\u00edtico es un luchador social del lado de su pueblo, usted ha sido el \u00fanico candidato que ha visitado nuestras tierras en toda la historia de formaci\u00f3n de nuestros ejidos y pueblos, el \u00fanico candidato que ha recorrido y conoce de las necesidades de nuestra gente\u201d, se lee en el documento.<\/p>\n<p>Los pobladores dedicados en su mayor\u00eda al cultivo de lim\u00f3n persa aseguraron que tienen registro de que tan solo en el pasado mes de agosto unas tres familias abandonaron las comunidades tras haber sido atacadas, golpeadas y extorsionadas dentro de sus domicilios.<\/p>\n<blockquote>\n<p>Los ataques, aseguraron, fueron perpetrados \u201cpor los grupos armados que act\u00faan con impunidad portando cuernos de chivo y otras armas de grueso calibre, quienes nos cobran piso, nos extorsionan, secuestran a nuestros hijos para obligarnos a darles dinero\u201d.<\/p>\n<\/blockquote>\n<p>Los habitantes aseguraron que la inseguridad afecta a las comunidades de Insurgentes Socialistas, Manantial, La Martinica, Joloapan, Dos R\u00edos, El Corcho, Miguel Hidalgo y Valsequillo, y otras.<\/p>\n<p>La violencia, dijeron, los orill\u00f3 a cerrar escuelas de todos los niveles desde la semana pasada.<\/p>\n<blockquote>\n<p>\u201cEstamos hartos de la impunidad con la que se manejan estos delincuentes, sabido es que desde hace cuatro a\u00f1os se cometen delitos, cuando los propios vecinos investigaron qui\u00e9n estaba detr\u00e1s de los delitos, result\u00f3 que estaba implicado el delegado de la Polic\u00eda Estatal de Veracruz, quien est\u00e1 de base en Perote\u201d, dijeron.<\/p>\n<\/blockquote>\n<p>En lo que va del a\u00f1o, Veracruz suma unos 784 homicidios dolosos, de acuerdo con los datos del Secretariado Ejecutivo del Sistema de Seguridad P\u00fablica. Al menos 89 casos de secuestro; y unos 10 mil 684 casos de robo a casa, de carros, a empresas y asaltos.<\/p>\n<p>La entidad tiene una tasa de 9.54 homicidios por cada 100 mil habitantes; y una tasa de 52.05 robos de veh\u00edculo, y de 11.63 de asaltos.<\/p>\n<p>El a\u00f1o pasado, Veracruz cerr\u00f3 con una tasa de 19.13 homicidios dolosos por cada 100 mil habitantes, que significaron un total de mil 562 homicidios dolosos.<\/p>\n<p>La semana pasada, comunidades de la zona de la sierra de Zongolica, dejaron las aulas y adviertieron que no volver\u00e1n a las escuelas hasta que no se les garanticen condiciones de seguridad. Los docentes denunciaron que seis de sus compa\u00f1eros est\u00e1n secuestrados.<\/p>\n<p><em>Con informaci\u00f3n de Plumas Libres<\/em><\/p>\n","protected":false},"excerpt":{"rendered":"<p>Papantla se harta y arma polic\u00eda ciudadana para defenderse; los criminales son mandos, acusan<br \/>\nPor Redacci\u00f3n QP<\/p>\n","protected":false},"author":2,"featured_media":4326,"comment_status":"open","ping_status":"open","sticky":false,"template":"","format":"standard","meta":{"_monsterinsights_skip_tracking":false,"_monsterinsights_sitenote_active":false,"_monsterinsights_sitenote_note":"","_monsterinsights_sitenote_category":0,"footnotes":""},"categories":[2],"tags":[],"class_list":["post-4327","post","type-post","status-publish","format-standard","has-post-thumbnail","hentry","category-noticias"],"yoast_head":"<!-- This site is optimized with the Yoast SEO plugin v27.3 - https:\/\/yoast.com\/product\/yoast-seo-wordpress\/ -->\n<title>Papantla se harta y arma polic\u00eda ciudadana para defenderse; los criminales son mandos, acusan -<\/title>\n<meta name=\"robots\" content=\"index, follow, max-snippet:-1, max-image-preview:large, max-video-preview:-1\" \/>\n<link rel=\"canonical\" href=\"https:\/\/quehacerpolitico.mx\/?p=4327\" \/>\n<meta property=\"og:locale\" content=\"es_MX\" \/>\n<meta property=\"og:type\" content=\"article\" \/>\n<meta property=\"og:title\" content=\"Papantla se harta y arma polic\u00eda ciudadana para defenderse; los criminales son mandos, acusan -\" \/>\n<meta property=\"og:description\" content=\"Papantla se harta y arma polic\u00eda ciudadana para defenderse; los criminales son mandos, acusan Por Redacci\u00f3n QP\" \/>\n<meta property=\"og:url\" content=\"https:\/\/quehacerpolitico.mx\/?p=4327\" \/>\n<meta property=\"article:published_time\" content=\"2018-09-10T16:34:40+00:00\" \/>\n<meta name=\"author\" content=\"Redacci\u00f3n QP\" \/>\n<meta name=\"twitter:card\" content=\"summary_large_image\" \/>\n<meta name=\"twitter:label1\" content=\"Escrito por\" \/>\n\t<meta name=\"twitter:data1\" content=\"Redacci\u00f3n QP\" \/>\n\t<meta name=\"twitter:label2\" content=\"Tiempo de lectura\" \/>\n\t<meta name=\"twitter:data2\" content=\"5 minutos\" \/>\n<script type=\"application\/ld+json\" class=\"yoast-schema-graph\">{\"@context\":\"https:\\\/\\\/schema.org\",\"@graph\":[{\"@type\":\"Article\",\"@id\":\"https:\\\/\\\/quehacerpolitico.mx\\\/?p=4327#article\",\"isPartOf\":{\"@id\":\"https:\\\/\\\/quehacerpolitico.mx\\\/?p=4327\"},\"author\":{\"name\":\"Redacci\u00f3n QP\",\"@id\":\"https:\\\/\\\/quehacerpolitico.mx\\\/#\\\/schema\\\/person\\\/496d8ad2d1d3f8036101dca7ee39e585\"},\"headline\":\"Papantla se harta y arma polic\u00eda ciudadana para defenderse; los criminales son mandos, acusan\",\"datePublished\":\"2018-09-10T16:34:40+00:00\",\"mainEntityOfPage\":{\"@id\":\"https:\\\/\\\/quehacerpolitico.mx\\\/?p=4327\"},\"wordCount\":1034,\"commentCount\":0,\"image\":{\"@id\":\"https:\\\/\\\/quehacerpolitico.mx\\\/?p=4327#primaryimage\"},\"thumbnailUrl\":\"\",\"articleSection\":[\"Noticias\"],\"inLanguage\":\"es\",\"potentialAction\":[{\"@type\":\"CommentAction\",\"name\":\"Comment\",\"target\":[\"https:\\\/\\\/quehacerpolitico.mx\\\/?p=4327#respond\"]}]},{\"@type\":\"WebPage\",\"@id\":\"https:\\\/\\\/quehacerpolitico.mx\\\/?p=4327\",\"url\":\"https:\\\/\\\/quehacerpolitico.mx\\\/?p=4327\",\"name\":\"Papantla se harta y arma polic\u00eda ciudadana para defenderse; los criminales son mandos, acusan -\",\"isPartOf\":{\"@id\":\"https:\\\/\\\/quehacerpolitico.mx\\\/#website\"},\"primaryImageOfPage\":{\"@id\":\"https:\\\/\\\/quehacerpolitico.mx\\\/?p=4327#primaryimage\"},\"image\":{\"@id\":\"https:\\\/\\\/quehacerpolitico.mx\\\/?p=4327#primaryimage\"},\"thumbnailUrl\":\"\",\"datePublished\":\"2018-09-10T16:34:40+00:00\",\"author\":{\"@id\":\"https:\\\/\\\/quehacerpolitico.mx\\\/#\\\/schema\\\/person\\\/496d8ad2d1d3f8036101dca7ee39e585\"},\"breadcrumb\":{\"@id\":\"https:\\\/\\\/quehacerpolitico.mx\\\/?p=4327#breadcrumb\"},\"inLanguage\":\"es\",\"potentialAction\":[{\"@type\":\"ReadAction\",\"target\":[\"https:\\\/\\\/quehacerpolitico.mx\\\/?p=4327\"]}]},{\"@type\":\"ImageObject\",\"inLanguage\":\"es\",\"@id\":\"https:\\\/\\\/quehacerpolitico.mx\\\/?p=4327#primaryimage\",\"url\":\"\",\"contentUrl\":\"\"},{\"@type\":\"BreadcrumbList\",\"@id\":\"https:\\\/\\\/quehacerpolitico.mx\\\/?p=4327#breadcrumb\",\"itemListElement\":[{\"@type\":\"ListItem\",\"position\":1,\"name\":\"Inicio\",\"item\":\"https:\\\/\\\/quehacerpolitico.mx\\\/\"},{\"@type\":\"ListItem\",\"position\":2,\"name\":\"Papantla se harta y arma polic\u00eda ciudadana para defenderse; los criminales son mandos, acusan\"}]},{\"@type\":\"WebSite\",\"@id\":\"https:\\\/\\\/quehacerpolitico.mx\\\/#website\",\"url\":\"https:\\\/\\\/quehacerpolitico.mx\\\/\",\"name\":\"\",\"description\":\"\",\"potentialAction\":[{\"@type\":\"SearchAction\",\"target\":{\"@type\":\"EntryPoint\",\"urlTemplate\":\"https:\\\/\\\/quehacerpolitico.mx\\\/?s={search_term_string}\"},\"query-input\":{\"@type\":\"PropertyValueSpecification\",\"valueRequired\":true,\"valueName\":\"search_term_string\"}}],\"inLanguage\":\"es\"},{\"@type\":\"Person\",\"@id\":\"https:\\\/\\\/quehacerpolitico.mx\\\/#\\\/schema\\\/person\\\/496d8ad2d1d3f8036101dca7ee39e585\",\"name\":\"Redacci\u00f3n QP\",\"image\":{\"@type\":\"ImageObject\",\"inLanguage\":\"es\",\"@id\":\"https:\\\/\\\/secure.gravatar.com\\\/avatar\\\/c7164ed6fdec453195284ad24a5ae5b6e1eed2b848477fa2a4787ba9adf39a41?s=96&d=mm&r=g\",\"url\":\"https:\\\/\\\/secure.gravatar.com\\\/avatar\\\/c7164ed6fdec453195284ad24a5ae5b6e1eed2b848477fa2a4787ba9adf39a41?s=96&d=mm&r=g\",\"contentUrl\":\"https:\\\/\\\/secure.gravatar.com\\\/avatar\\\/c7164ed6fdec453195284ad24a5ae5b6e1eed2b848477fa2a4787ba9adf39a41?s=96&d=mm&r=g\",\"caption\":\"Redacci\u00f3n QP\"},\"url\":\"https:\\\/\\\/quehacerpolitico.mx\\\/?author=2\"}]}<\/script>\n<!-- \/ Yoast SEO plugin. -->","yoast_head_json":{"title":"Papantla se harta y arma polic\u00eda ciudadana para defenderse; los criminales son mandos, acusan -","robots":{"index":"index","follow":"follow","max-snippet":"max-snippet:-1","max-image-preview":"max-image-preview:large","max-video-preview":"max-video-preview:-1"},"canonical":"https:\/\/quehacerpolitico.mx\/?p=4327","og_locale":"es_MX","og_type":"article","og_title":"Papantla se harta y arma polic\u00eda ciudadana para defenderse; los criminales son mandos, acusan -","og_description":"Papantla se harta y arma polic\u00eda ciudadana para defenderse; los criminales son mandos, acusan Por Redacci\u00f3n QP","og_url":"https:\/\/quehacerpolitico.mx\/?p=4327","article_published_time":"2018-09-10T16:34:40+00:00","author":"Redacci\u00f3n QP","twitter_card":"summary_large_image","twitter_misc":{"Escrito por":"Redacci\u00f3n QP","Tiempo de lectura":"5 minutos"},"schema":{"@context":"https:\/\/schema.org","@graph":[{"@type":"Article","@id":"https:\/\/quehacerpolitico.mx\/?p=4327#article","isPartOf":{"@id":"https:\/\/quehacerpolitico.mx\/?p=4327"},"author":{"name":"Redacci\u00f3n QP","@id":"https:\/\/quehacerpolitico.mx\/#\/schema\/person\/496d8ad2d1d3f8036101dca7ee39e585"},"headline":"Papantla se harta y arma polic\u00eda ciudadana para defenderse; los criminales son mandos, acusan","datePublished":"2018-09-10T16:34:40+00:00","mainEntityOfPage":{"@id":"https:\/\/quehacerpolitico.mx\/?p=4327"},"wordCount":1034,"commentCount":0,"image":{"@id":"https:\/\/quehacerpolitico.mx\/?p=4327#primaryimage"},"thumbnailUrl":"","articleSection":["Noticias"],"inLanguage":"es","potentialAction":[{"@type":"CommentAction","name":"Comment","target":["https:\/\/quehacerpolitico.mx\/?p=4327#respond"]}]},{"@type":"WebPage","@id":"https:\/\/quehacerpolitico.mx\/?p=4327","url":"https:\/\/quehacerpolitico.mx\/?p=4327","name":"Papantla se harta y arma polic\u00eda ciudadana para defenderse; los criminales son mandos, acusan -","isPartOf":{"@id":"https:\/\/quehacerpolitico.mx\/#website"},"primaryImageOfPage":{"@id":"https:\/\/quehacerpolitico.mx\/?p=4327#primaryimage"},"image":{"@id":"https:\/\/quehacerpolitico.mx\/?p=4327#primaryimage"},"thumbnailUrl":"","datePublished":"2018-09-10T16:34:40+00:00","author":{"@id":"https:\/\/quehacerpolitico.mx\/#\/schema\/person\/496d8ad2d1d3f8036101dca7ee39e585"},"breadcrumb":{"@id":"https:\/\/quehacerpolitico.mx\/?p=4327#breadcrumb"},"inLanguage":"es","potentialAction":[{"@type":"ReadAction","target":["https:\/\/quehacerpolitico.mx\/?p=4327"]}]},{"@type":"ImageObject","inLanguage":"es","@id":"https:\/\/quehacerpolitico.mx\/?p=4327#primaryimage","url":"","contentUrl":""},{"@type":"BreadcrumbList","@id":"https:\/\/quehacerpolitico.mx\/?p=4327#breadcrumb","itemListElement":[{"@type":"ListItem","position":1,"name":"Inicio","item":"https:\/\/quehacerpolitico.mx\/"},{"@type":"ListItem","position":2,"name":"Papantla se harta y arma polic\u00eda ciudadana para defenderse; los criminales son mandos, acusan"}]},{"@type":"WebSite","@id":"https:\/\/quehacerpolitico.mx\/#website","url":"https:\/\/quehacerpolitico.mx\/","name":"","description":"","potentialAction":[{"@type":"SearchAction","target":{"@type":"EntryPoint","urlTemplate":"https:\/\/quehacerpolitico.mx\/?s={search_term_string}"},"query-input":{"@type":"PropertyValueSpecification","valueRequired":true,"valueName":"search_term_string"}}],"inLanguage":"es"},{"@type":"Person","@id":"https:\/\/quehacerpolitico.mx\/#\/schema\/person\/496d8ad2d1d3f8036101dca7ee39e585","name":"Redacci\u00f3n QP","image":{"@type":"ImageObject","inLanguage":"es","@id":"https:\/\/secure.gravatar.com\/avatar\/c7164ed6fdec453195284ad24a5ae5b6e1eed2b848477fa2a4787ba9adf39a41?s=96&d=mm&r=g","url":"https:\/\/secure.gravatar.com\/avatar\/c7164ed6fdec453195284ad24a5ae5b6e1eed2b848477fa2a4787ba9adf39a41?s=96&d=mm&r=g","contentUrl":"https:\/\/secure.gravatar.com\/avatar\/c7164ed6fdec453195284ad24a5ae5b6e1eed2b848477fa2a4787ba9adf39a41?s=96&d=mm&r=g","caption":"Redacci\u00f3n QP"},"url":"https:\/\/quehacerpolitico.mx\/?author=2"}]}},"featured_image_urls":{"full":"","thumbnail":"","medium":"","medium_large":"","large":"","1536x1536":"","2048x2048":"","covernews-featured":"","covernews-medium":""},"author_info":{"display_name":"Redacci\u00f3n QP","author_link":"https:\/\/quehacerpolitico.mx\/?author=2"},"category_info":"<a href=\"https:\/\/quehacerpolitico.mx\/?cat=2\" rel=\"category\">Noticias<\/a>","tag_info":"Noticias","comment_count":"0","_links":{"self":[{"href":"https:\/\/quehacerpolitico.mx\/index.php?rest_route=\/wp\/v2\/posts\/4327","targetHints":{"allow":["GET"]}}],"collection":[{"href":"https:\/\/quehacerpolitico.mx\/index.php?rest_route=\/wp\/v2\/posts"}],"about":[{"href":"https:\/\/quehacerpolitico.mx\/index.php?rest_route=\/wp\/v2\/types\/post"}],"author":[{"embeddable":true,"href":"https:\/\/quehacerpolitico.mx\/index.php?rest_route=\/wp\/v2\/users\/2"}],"replies":[{"embeddable":true,"href":"https:\/\/quehacerpolitico.mx\/index.php?rest_route=%2Fwp%2Fv2%2Fcomments&post=4327"}],"version-history":[{"count":0,"href":"https:\/\/quehacerpolitico.mx\/index.php?rest_route=\/wp\/v2\/posts\/4327\/revisions"}],"wp:featuredmedia":[{"embeddable":true,"href":"https:\/\/quehacerpolitico.mx\/index.php?rest_route=\/"}],"wp:attachment":[{"href":"https:\/\/quehacerpolitico.mx\/index.php?rest_route=%2Fwp%2Fv2%2Fmedia&parent=4327"}],"wp:term":[{"taxonomy":"category","embeddable":true,"href":"https:\/\/quehacerpolitico.mx\/index.php?rest_route=%2Fwp%2Fv2%2Fcategories&post=4327"},{"taxonomy":"post_tag","embeddable":true,"href":"https:\/\/quehacerpolitico.mx\/index.php?rest_route=%2Fwp%2Fv2%2Ftags&post=4327"}],"curies":[{"name":"wp","href":"https:\/\/api.w.org\/{rel}","templated":true}]}}