{"id":4325,"date":"2018-09-10T16:26:09","date_gmt":"2018-09-10T16:26:09","guid":{"rendered":"http:\/\/quehacerpolitico.mx\/catafixian-a-los-chuchos\/"},"modified":"2018-09-10T16:26:09","modified_gmt":"2018-09-10T16:26:09","slug":"catafixian-a-los-chuchos","status":"publish","type":"post","link":"https:\/\/quehacerpolitico.mx\/?p=4325","title":{"rendered":"Catafixian a Los Chuchos"},"content":{"rendered":"<p>A dos meses del triunfo contundente de <strong>Andr\u00e9s Manuel L\u00f3pez Obrador<\/strong> y su partido Movimiento Regeneraci\u00f3n Nacional (<strong>Morena<\/strong>), el recuento de los <strong>da\u00f1os<\/strong> comienza a hacer estragos en el <strong>agonizante<\/strong>Partido de la Revoluci\u00f3n Democr\u00e1tica (<strong>PRD<\/strong>).<\/p>\n<p>Adem\u00e1s de culparse unos a otros y pelear por las <strong>migajas<\/strong> que les dej\u00f3 el proceso electoral, los<strong>perredistas<\/strong> rompieron su <strong>alianza<\/strong> con Acci\u00f3n Nacional (<strong>PAN<\/strong>) y <strong>Movimiento Ciudadano<\/strong>, lo que los deja en un mayor grado de <strong>fragilidad<\/strong>. Sin embargo, en el <strong>barco perredista<\/strong> no todo est\u00e1 perdido, pues como en toda historia, despu\u00e9s de la <strong>tempestad<\/strong> viene la calma, y la luz al final del camino parece estar a la vuelta de la esquina.<\/p>\n<p>Y es que desde el pr\u00f3ximo Gobierno federal \u2013el de<strong>Andr\u00e9s Manuel<\/strong>\u2013 ya les hicieron una oferta para \u201c<strong>limar asperezas<\/strong>\u201d, lo que les permitir\u00e1 subsistir el sexenio entrante.<\/p>\n<p>La oferta lleg\u00f3 a trav\u00e9s del l\u00edder de la corriente m\u00e1s poderosa del <strong>sol azteca<\/strong>, Alternativa Democr\u00e1tica Nacional\u00a0(<strong>ADN<\/strong>), H\u00e9ctor Bautista, y por medio del dirigente del Movimiento Nacional por la <strong>Esperanza<\/strong>, Ren\u00e9 Bejarano. En una reuni\u00f3n<em> fast-track,<\/em> el ex coordinador de Izquierda Democr\u00e1tica Nacional (<strong>IDN<\/strong>) entreg\u00f3 el mensaje de <strong>AMLO<\/strong> al perredista, en el que dej\u00f3 claro que hab\u00eda posibilidades de entendimiento entre ambas<strong> fuerzas pol\u00edticas<\/strong>, pero a cambio de algo.<\/p>\n<p>La petici\u00f3n fue dejar fuera a <em>Los Chuchos<\/em> de la dirigencia nacional del PRD, eso incluye a<strong> Jes\u00fas Zambrano,<\/strong> Jes\u00fas Ortega y toda su expresi\u00f3n, <strong>Nueva Izquierda.<\/strong> La oferta es tan real como la forma en que AMLO hace sus acuerdos \u2013a trav\u00e9s de una tarjeta y no con palabras verbales para no ser grabado y vinculado a alg\u00fan esc\u00e1ndalo medi\u00e1tico.<\/p>\n<p>Bautista ya dio el mensaje a Los Chuchos. Incluso se propuso como el candidato ideal para dirigir el partido del<strong> sol azteca<\/strong>, para refundarlo y ser el puente de entendimiento con la administraci\u00f3n<strong>lopezobradorista<\/strong>.<\/p>\n<p>Los Chuchos a\u00fan se niegan a darle su apoyo, a pesar de que H\u00e9ctor les pregunt\u00f3 de manera directa \u201c\u00bfqu\u00e9 tengo que hacer para que me apoyen?\u201d y la pelea por presidir al <strong>PRD<\/strong> no tiene para cu\u00e1ndo terminar.<\/p>\n<p><strong>Vanguardia Progresista<\/strong> ya le dio su apoyo y a cambio recibi\u00f3 la coordinaci\u00f3n del Senado para Miguel \u00c1ngel Mancera, y de paso, <strong>neutralizaron<\/strong> a NI en la coordinaci\u00f3n de la C\u00e1mara de <strong>Diputados<\/strong> con un sistema <strong>rotativo<\/strong>.<\/p>\n<p>Por esa raz\u00f3n, la operaci\u00f3n de los <strong>perredistas<\/strong> se centra en un solo objetivo: mandar a la catafixia a <strong>Los Chuchos<\/strong> a cambio de una relaci\u00f3n proactiva con Morena y el presidente electo.<\/p>\n","protected":false},"excerpt":{"rendered":"<p>Catafixian a Los Chuchos<br \/>\nPor Redacci\u00f3n QP<\/p>\n","protected":false},"author":2,"featured_media":4324,"comment_status":"open","ping_status":"open","sticky":false,"template":"","format":"standard","meta":{"_monsterinsights_skip_tracking":false,"_monsterinsights_sitenote_active":false,"_monsterinsights_sitenote_note":"","_monsterinsights_sitenote_category":0,"footnotes":""},"categories":[2],"tags":[],"class_list":["post-4325","post","type-post","status-publish","format-standard","has-post-thumbnail","hentry","category-noticias"],"yoast_head":"<!-- This site is optimized with the Yoast SEO plugin v27.3 - https:\/\/yoast.com\/product\/yoast-seo-wordpress\/ -->\n<title>Catafixian a Los Chuchos -<\/title>\n<meta name=\"robots\" content=\"index, follow, max-snippet:-1, max-image-preview:large, max-video-preview:-1\" \/>\n<link rel=\"canonical\" href=\"https:\/\/quehacerpolitico.mx\/?p=4325\" \/>\n<meta property=\"og:locale\" content=\"es_MX\" \/>\n<meta property=\"og:type\" content=\"article\" \/>\n<meta property=\"og:title\" content=\"Catafixian a Los Chuchos -\" \/>\n<meta property=\"og:description\" content=\"Catafixian a Los Chuchos Por Redacci\u00f3n QP\" \/>\n<meta property=\"og:url\" content=\"https:\/\/quehacerpolitico.mx\/?p=4325\" \/>\n<meta property=\"article:published_time\" content=\"2018-09-10T16:26:09+00:00\" \/>\n<meta name=\"author\" content=\"Redacci\u00f3n QP\" \/>\n<meta name=\"twitter:card\" content=\"summary_large_image\" \/>\n<meta name=\"twitter:label1\" content=\"Escrito por\" \/>\n\t<meta name=\"twitter:data1\" content=\"Redacci\u00f3n QP\" \/>\n\t<meta name=\"twitter:label2\" content=\"Tiempo de lectura\" \/>\n\t<meta name=\"twitter:data2\" content=\"2 minutos\" \/>\n<script type=\"application\/ld+json\" class=\"yoast-schema-graph\">{\"@context\":\"https:\\\/\\\/schema.org\",\"@graph\":[{\"@type\":\"Article\",\"@id\":\"https:\\\/\\\/quehacerpolitico.mx\\\/?p=4325#article\",\"isPartOf\":{\"@id\":\"https:\\\/\\\/quehacerpolitico.mx\\\/?p=4325\"},\"author\":{\"name\":\"Redacci\u00f3n QP\",\"@id\":\"https:\\\/\\\/quehacerpolitico.mx\\\/#\\\/schema\\\/person\\\/496d8ad2d1d3f8036101dca7ee39e585\"},\"headline\":\"Catafixian a Los Chuchos\",\"datePublished\":\"2018-09-10T16:26:09+00:00\",\"mainEntityOfPage\":{\"@id\":\"https:\\\/\\\/quehacerpolitico.mx\\\/?p=4325\"},\"wordCount\":454,\"commentCount\":0,\"image\":{\"@id\":\"https:\\\/\\\/quehacerpolitico.mx\\\/?p=4325#primaryimage\"},\"thumbnailUrl\":\"\",\"articleSection\":[\"Noticias\"],\"inLanguage\":\"es\",\"potentialAction\":[{\"@type\":\"CommentAction\",\"name\":\"Comment\",\"target\":[\"https:\\\/\\\/quehacerpolitico.mx\\\/?p=4325#respond\"]}]},{\"@type\":\"WebPage\",\"@id\":\"https:\\\/\\\/quehacerpolitico.mx\\\/?p=4325\",\"url\":\"https:\\\/\\\/quehacerpolitico.mx\\\/?p=4325\",\"name\":\"Catafixian a Los Chuchos -\",\"isPartOf\":{\"@id\":\"https:\\\/\\\/quehacerpolitico.mx\\\/#website\"},\"primaryImageOfPage\":{\"@id\":\"https:\\\/\\\/quehacerpolitico.mx\\\/?p=4325#primaryimage\"},\"image\":{\"@id\":\"https:\\\/\\\/quehacerpolitico.mx\\\/?p=4325#primaryimage\"},\"thumbnailUrl\":\"\",\"datePublished\":\"2018-09-10T16:26:09+00:00\",\"author\":{\"@id\":\"https:\\\/\\\/quehacerpolitico.mx\\\/#\\\/schema\\\/person\\\/496d8ad2d1d3f8036101dca7ee39e585\"},\"breadcrumb\":{\"@id\":\"https:\\\/\\\/quehacerpolitico.mx\\\/?p=4325#breadcrumb\"},\"inLanguage\":\"es\",\"potentialAction\":[{\"@type\":\"ReadAction\",\"target\":[\"https:\\\/\\\/quehacerpolitico.mx\\\/?p=4325\"]}]},{\"@type\":\"ImageObject\",\"inLanguage\":\"es\",\"@id\":\"https:\\\/\\\/quehacerpolitico.mx\\\/?p=4325#primaryimage\",\"url\":\"\",\"contentUrl\":\"\"},{\"@type\":\"BreadcrumbList\",\"@id\":\"https:\\\/\\\/quehacerpolitico.mx\\\/?p=4325#breadcrumb\",\"itemListElement\":[{\"@type\":\"ListItem\",\"position\":1,\"name\":\"Inicio\",\"item\":\"https:\\\/\\\/quehacerpolitico.mx\\\/\"},{\"@type\":\"ListItem\",\"position\":2,\"name\":\"Catafixian a Los Chuchos\"}]},{\"@type\":\"WebSite\",\"@id\":\"https:\\\/\\\/quehacerpolitico.mx\\\/#website\",\"url\":\"https:\\\/\\\/quehacerpolitico.mx\\\/\",\"name\":\"\",\"description\":\"\",\"potentialAction\":[{\"@type\":\"SearchAction\",\"target\":{\"@type\":\"EntryPoint\",\"urlTemplate\":\"https:\\\/\\\/quehacerpolitico.mx\\\/?s={search_term_string}\"},\"query-input\":{\"@type\":\"PropertyValueSpecification\",\"valueRequired\":true,\"valueName\":\"search_term_string\"}}],\"inLanguage\":\"es\"},{\"@type\":\"Person\",\"@id\":\"https:\\\/\\\/quehacerpolitico.mx\\\/#\\\/schema\\\/person\\\/496d8ad2d1d3f8036101dca7ee39e585\",\"name\":\"Redacci\u00f3n QP\",\"image\":{\"@type\":\"ImageObject\",\"inLanguage\":\"es\",\"@id\":\"https:\\\/\\\/secure.gravatar.com\\\/avatar\\\/c7164ed6fdec453195284ad24a5ae5b6e1eed2b848477fa2a4787ba9adf39a41?s=96&d=mm&r=g\",\"url\":\"https:\\\/\\\/secure.gravatar.com\\\/avatar\\\/c7164ed6fdec453195284ad24a5ae5b6e1eed2b848477fa2a4787ba9adf39a41?s=96&d=mm&r=g\",\"contentUrl\":\"https:\\\/\\\/secure.gravatar.com\\\/avatar\\\/c7164ed6fdec453195284ad24a5ae5b6e1eed2b848477fa2a4787ba9adf39a41?s=96&d=mm&r=g\",\"caption\":\"Redacci\u00f3n QP\"},\"url\":\"https:\\\/\\\/quehacerpolitico.mx\\\/?author=2\"}]}<\/script>\n<!-- \/ Yoast SEO plugin. -->","yoast_head_json":{"title":"Catafixian a Los Chuchos -","robots":{"index":"index","follow":"follow","max-snippet":"max-snippet:-1","max-image-preview":"max-image-preview:large","max-video-preview":"max-video-preview:-1"},"canonical":"https:\/\/quehacerpolitico.mx\/?p=4325","og_locale":"es_MX","og_type":"article","og_title":"Catafixian a Los Chuchos -","og_description":"Catafixian a Los Chuchos Por Redacci\u00f3n QP","og_url":"https:\/\/quehacerpolitico.mx\/?p=4325","article_published_time":"2018-09-10T16:26:09+00:00","author":"Redacci\u00f3n QP","twitter_card":"summary_large_image","twitter_misc":{"Escrito por":"Redacci\u00f3n QP","Tiempo de lectura":"2 minutos"},"schema":{"@context":"https:\/\/schema.org","@graph":[{"@type":"Article","@id":"https:\/\/quehacerpolitico.mx\/?p=4325#article","isPartOf":{"@id":"https:\/\/quehacerpolitico.mx\/?p=4325"},"author":{"name":"Redacci\u00f3n QP","@id":"https:\/\/quehacerpolitico.mx\/#\/schema\/person\/496d8ad2d1d3f8036101dca7ee39e585"},"headline":"Catafixian a Los Chuchos","datePublished":"2018-09-10T16:26:09+00:00","mainEntityOfPage":{"@id":"https:\/\/quehacerpolitico.mx\/?p=4325"},"wordCount":454,"commentCount":0,"image":{"@id":"https:\/\/quehacerpolitico.mx\/?p=4325#primaryimage"},"thumbnailUrl":"","articleSection":["Noticias"],"inLanguage":"es","potentialAction":[{"@type":"CommentAction","name":"Comment","target":["https:\/\/quehacerpolitico.mx\/?p=4325#respond"]}]},{"@type":"WebPage","@id":"https:\/\/quehacerpolitico.mx\/?p=4325","url":"https:\/\/quehacerpolitico.mx\/?p=4325","name":"Catafixian a Los Chuchos -","isPartOf":{"@id":"https:\/\/quehacerpolitico.mx\/#website"},"primaryImageOfPage":{"@id":"https:\/\/quehacerpolitico.mx\/?p=4325#primaryimage"},"image":{"@id":"https:\/\/quehacerpolitico.mx\/?p=4325#primaryimage"},"thumbnailUrl":"","datePublished":"2018-09-10T16:26:09+00:00","author":{"@id":"https:\/\/quehacerpolitico.mx\/#\/schema\/person\/496d8ad2d1d3f8036101dca7ee39e585"},"breadcrumb":{"@id":"https:\/\/quehacerpolitico.mx\/?p=4325#breadcrumb"},"inLanguage":"es","potentialAction":[{"@type":"ReadAction","target":["https:\/\/quehacerpolitico.mx\/?p=4325"]}]},{"@type":"ImageObject","inLanguage":"es","@id":"https:\/\/quehacerpolitico.mx\/?p=4325#primaryimage","url":"","contentUrl":""},{"@type":"BreadcrumbList","@id":"https:\/\/quehacerpolitico.mx\/?p=4325#breadcrumb","itemListElement":[{"@type":"ListItem","position":1,"name":"Inicio","item":"https:\/\/quehacerpolitico.mx\/"},{"@type":"ListItem","position":2,"name":"Catafixian a Los Chuchos"}]},{"@type":"WebSite","@id":"https:\/\/quehacerpolitico.mx\/#website","url":"https:\/\/quehacerpolitico.mx\/","name":"","description":"","potentialAction":[{"@type":"SearchAction","target":{"@type":"EntryPoint","urlTemplate":"https:\/\/quehacerpolitico.mx\/?s={search_term_string}"},"query-input":{"@type":"PropertyValueSpecification","valueRequired":true,"valueName":"search_term_string"}}],"inLanguage":"es"},{"@type":"Person","@id":"https:\/\/quehacerpolitico.mx\/#\/schema\/person\/496d8ad2d1d3f8036101dca7ee39e585","name":"Redacci\u00f3n QP","image":{"@type":"ImageObject","inLanguage":"es","@id":"https:\/\/secure.gravatar.com\/avatar\/c7164ed6fdec453195284ad24a5ae5b6e1eed2b848477fa2a4787ba9adf39a41?s=96&d=mm&r=g","url":"https:\/\/secure.gravatar.com\/avatar\/c7164ed6fdec453195284ad24a5ae5b6e1eed2b848477fa2a4787ba9adf39a41?s=96&d=mm&r=g","contentUrl":"https:\/\/secure.gravatar.com\/avatar\/c7164ed6fdec453195284ad24a5ae5b6e1eed2b848477fa2a4787ba9adf39a41?s=96&d=mm&r=g","caption":"Redacci\u00f3n QP"},"url":"https:\/\/quehacerpolitico.mx\/?author=2"}]}},"featured_image_urls":{"full":"","thumbnail":"","medium":"","medium_large":"","large":"","1536x1536":"","2048x2048":"","covernews-featured":"","covernews-medium":""},"author_info":{"display_name":"Redacci\u00f3n QP","author_link":"https:\/\/quehacerpolitico.mx\/?author=2"},"category_info":"<a href=\"https:\/\/quehacerpolitico.mx\/?cat=2\" rel=\"category\">Noticias<\/a>","tag_info":"Noticias","comment_count":"0","_links":{"self":[{"href":"https:\/\/quehacerpolitico.mx\/index.php?rest_route=\/wp\/v2\/posts\/4325","targetHints":{"allow":["GET"]}}],"collection":[{"href":"https:\/\/quehacerpolitico.mx\/index.php?rest_route=\/wp\/v2\/posts"}],"about":[{"href":"https:\/\/quehacerpolitico.mx\/index.php?rest_route=\/wp\/v2\/types\/post"}],"author":[{"embeddable":true,"href":"https:\/\/quehacerpolitico.mx\/index.php?rest_route=\/wp\/v2\/users\/2"}],"replies":[{"embeddable":true,"href":"https:\/\/quehacerpolitico.mx\/index.php?rest_route=%2Fwp%2Fv2%2Fcomments&post=4325"}],"version-history":[{"count":0,"href":"https:\/\/quehacerpolitico.mx\/index.php?rest_route=\/wp\/v2\/posts\/4325\/revisions"}],"wp:featuredmedia":[{"embeddable":true,"href":"https:\/\/quehacerpolitico.mx\/index.php?rest_route=\/"}],"wp:attachment":[{"href":"https:\/\/quehacerpolitico.mx\/index.php?rest_route=%2Fwp%2Fv2%2Fmedia&parent=4325"}],"wp:term":[{"taxonomy":"category","embeddable":true,"href":"https:\/\/quehacerpolitico.mx\/index.php?rest_route=%2Fwp%2Fv2%2Fcategories&post=4325"},{"taxonomy":"post_tag","embeddable":true,"href":"https:\/\/quehacerpolitico.mx\/index.php?rest_route=%2Fwp%2Fv2%2Ftags&post=4325"}],"curies":[{"name":"wp","href":"https:\/\/api.w.org\/{rel}","templated":true}]}}