{"id":4321,"date":"2018-09-10T16:12:09","date_gmt":"2018-09-10T16:12:09","guid":{"rendered":"http:\/\/quehacerpolitico.mx\/internacionales-carolina-alonso-romei-video-tras-pelea-con-pareja-sujeto-empuja-a-desconocido-a-vias-del-metro\/"},"modified":"2018-09-10T16:12:09","modified_gmt":"2018-09-10T16:12:09","slug":"internacionales-carolina-alonso-romei-video-tras-pelea-con-pareja-sujeto-empuja-a-desconocido-a-vias-del-metro","status":"publish","type":"post","link":"https:\/\/quehacerpolitico.mx\/?p=4321","title":{"rendered":"Internacionales\/\/\/Carolina Alonso Romei\/\/\/[VIDEO] Tras pelea con pareja sujeto empuja a desconocido a v\u00edas del Metro"},"content":{"rendered":"<p>En ocasiones una discusi\u00f3n con tu pareja puede generar que te sientas <strong>molesto<\/strong>, pero no por eso te vas a desquitar con ella o con cualquier otra persona pues podr\u00eda traerte severas <strong>consecuencias<\/strong>, como le ocurri\u00f3 a un hombre en <strong>Alemania<\/strong>, quien <strong>empuj\u00f3<\/strong> a un usuario a las v\u00edas del <strong>Metro<\/strong>.<\/p>\n<p><span class=\"amp-wp-inline-f62a86b1328cd4134bec55ddf6de989a\">El suceso ocurri\u00f3 en la <strong>ciudad de Colonia,<\/strong> donde las autoridades compartieron un video en el que se aprecia c\u00f3mo un joven <strong>enojado<\/strong> arroj\u00f3 a un desconocido a los rieles tras <strong>discutir<\/strong> con una mujer.<\/span><\/p>\n<p><span class=\"amp-wp-inline-f62a86b1328cd4134bec55ddf6de989a\">Afortunadamente ning\u00fan <strong>tren<\/strong> arrib\u00f3 a la estaci\u00f3n <\/span><strong>Venloer Stra\u00dfe\/G\u00fcrtel<\/strong><span class=\"amp-wp-inline-f62a86b1328cd4134bec55ddf6de989a\"><strong>,<\/strong> por lo que uno de los presentes le <strong>ayud\u00f3<\/strong> a la v\u00edctima a subir a la plataforma.<\/span><\/p>\n<p><span class=\"amp-wp-inline-f62a86b1328cd4134bec55ddf6de989a\">Por su parte el agresor aprovech\u00f3 para <strong>alejarse<\/strong> de la escena <strong>golpeando<\/strong> con gran violencia un cartel que se encontraba a su paso.<\/span><\/p>\n<p><iframe loading=\"lazy\" title=\"Die Ko\u0308lner Polizei fahndet nach einem U Bahn-Schubser. Ist er von der Antifa?\" width=\"640\" height=\"480\" src=\"https:\/\/www.youtube.com\/embed\/YDOOcQaWJjg?feature=oembed\" frameborder=\"0\" allow=\"accelerometer; autoplay; clipboard-write; encrypted-media; gyroscope; picture-in-picture; web-share\" referrerpolicy=\"strict-origin-when-cross-origin\" allowfullscreen><\/iframe><\/p>\n<p><span class=\"amp-wp-inline-f62a86b1328cd4134bec55ddf6de989a\">La revista <\/span><em><a href=\"https:\/\/www.focus.de\/regional\/koeln\/fahndung-polizei-koeln-zeigt-video-hier-wird-ein-passant-brutal-ins-gleis-geschubst_id_9547147.html?hahe\"><span class=\"amp-wp-inline-f62a86b1328cd4134bec55ddf6de989a\">Focus<\/span><\/a><\/em><span class=\"amp-wp-inline-f62a86b1328cd4134bec55ddf6de989a\"> detall\u00f3 que el atacante, de <strong>18 a\u00f1os<\/strong>de edad, se present\u00f3 en una estaci\u00f3n de polic\u00eda un d\u00eda despu\u00e9s de la publicaci\u00f3n del material gr\u00e1fico junto con su <strong>abogado<\/strong>; sin embargo, despu\u00e9s de que lo interrogaran lo pusieron en <strong>libertad<\/strong>.<\/span><\/p>\n<p>Autoridades <strong>investigan<\/strong> si presentar\u00e1n cargos por la <strong>agresi\u00f3n f\u00edsica<\/strong> que puso en peligro la vida del hombre de <strong>42 a\u00f1os.<\/strong><\/p>\n","protected":false},"excerpt":{"rendered":"<p>[VIDEO] Tras pelea con pareja sujeto empuja a desconocido a v\u00edas del Metro<br \/>\nPor Carolina Alonso Romei<br \/>\nInternacionalista<\/p>\n","protected":false},"author":2,"featured_media":4320,"comment_status":"open","ping_status":"open","sticky":false,"template":"","format":"standard","meta":{"_monsterinsights_skip_tracking":false,"_monsterinsights_sitenote_active":false,"_monsterinsights_sitenote_note":"","_monsterinsights_sitenote_category":0,"footnotes":""},"categories":[1],"tags":[],"class_list":["post-4321","post","type-post","status-publish","format-standard","has-post-thumbnail","hentry","category-sin-categoria"],"yoast_head":"<!-- This site is optimized with the Yoast SEO plugin v27.3 - https:\/\/yoast.com\/product\/yoast-seo-wordpress\/ -->\n<title>Internacionales\/\/\/Carolina Alonso Romei\/\/\/[VIDEO] Tras pelea con pareja sujeto empuja a desconocido a v\u00edas del Metro -<\/title>\n<meta name=\"robots\" content=\"index, follow, max-snippet:-1, max-image-preview:large, max-video-preview:-1\" \/>\n<link rel=\"canonical\" href=\"https:\/\/quehacerpolitico.mx\/?p=4321\" \/>\n<meta property=\"og:locale\" content=\"es_MX\" \/>\n<meta property=\"og:type\" content=\"article\" \/>\n<meta property=\"og:title\" content=\"Internacionales\/\/\/Carolina Alonso Romei\/\/\/[VIDEO] Tras pelea con pareja sujeto empuja a desconocido a v\u00edas del Metro -\" \/>\n<meta property=\"og:description\" content=\"[VIDEO] Tras pelea con pareja sujeto empuja a desconocido a v\u00edas del Metro Por Carolina Alonso Romei Internacionalista\" \/>\n<meta property=\"og:url\" content=\"https:\/\/quehacerpolitico.mx\/?p=4321\" \/>\n<meta property=\"article:published_time\" content=\"2018-09-10T16:12:09+00:00\" \/>\n<meta name=\"author\" content=\"Redacci\u00f3n QP\" \/>\n<meta name=\"twitter:card\" content=\"summary_large_image\" \/>\n<meta name=\"twitter:label1\" content=\"Escrito por\" \/>\n\t<meta name=\"twitter:data1\" content=\"Redacci\u00f3n QP\" \/>\n\t<meta name=\"twitter:label2\" content=\"Tiempo de lectura\" \/>\n\t<meta name=\"twitter:data2\" content=\"1 minuto\" \/>\n<script type=\"application\/ld+json\" class=\"yoast-schema-graph\">{\"@context\":\"https:\\\/\\\/schema.org\",\"@graph\":[{\"@type\":\"Article\",\"@id\":\"https:\\\/\\\/quehacerpolitico.mx\\\/?p=4321#article\",\"isPartOf\":{\"@id\":\"https:\\\/\\\/quehacerpolitico.mx\\\/?p=4321\"},\"author\":{\"name\":\"Redacci\u00f3n QP\",\"@id\":\"https:\\\/\\\/quehacerpolitico.mx\\\/#\\\/schema\\\/person\\\/496d8ad2d1d3f8036101dca7ee39e585\"},\"headline\":\"Internacionales\\\/\\\/\\\/Carolina Alonso Romei\\\/\\\/\\\/[VIDEO] Tras pelea con pareja sujeto empuja a desconocido a v\u00edas del Metro\",\"datePublished\":\"2018-09-10T16:12:09+00:00\",\"mainEntityOfPage\":{\"@id\":\"https:\\\/\\\/quehacerpolitico.mx\\\/?p=4321\"},\"wordCount\":239,\"commentCount\":0,\"image\":{\"@id\":\"https:\\\/\\\/quehacerpolitico.mx\\\/?p=4321#primaryimage\"},\"thumbnailUrl\":\"\",\"articleSection\":[\"Internacionales\"],\"inLanguage\":\"es\",\"potentialAction\":[{\"@type\":\"CommentAction\",\"name\":\"Comment\",\"target\":[\"https:\\\/\\\/quehacerpolitico.mx\\\/?p=4321#respond\"]}]},{\"@type\":\"WebPage\",\"@id\":\"https:\\\/\\\/quehacerpolitico.mx\\\/?p=4321\",\"url\":\"https:\\\/\\\/quehacerpolitico.mx\\\/?p=4321\",\"name\":\"Internacionales\\\/\\\/\\\/Carolina Alonso Romei\\\/\\\/\\\/[VIDEO] Tras pelea con pareja sujeto empuja a desconocido a v\u00edas del Metro -\",\"isPartOf\":{\"@id\":\"https:\\\/\\\/quehacerpolitico.mx\\\/#website\"},\"primaryImageOfPage\":{\"@id\":\"https:\\\/\\\/quehacerpolitico.mx\\\/?p=4321#primaryimage\"},\"image\":{\"@id\":\"https:\\\/\\\/quehacerpolitico.mx\\\/?p=4321#primaryimage\"},\"thumbnailUrl\":\"\",\"datePublished\":\"2018-09-10T16:12:09+00:00\",\"author\":{\"@id\":\"https:\\\/\\\/quehacerpolitico.mx\\\/#\\\/schema\\\/person\\\/496d8ad2d1d3f8036101dca7ee39e585\"},\"breadcrumb\":{\"@id\":\"https:\\\/\\\/quehacerpolitico.mx\\\/?p=4321#breadcrumb\"},\"inLanguage\":\"es\",\"potentialAction\":[{\"@type\":\"ReadAction\",\"target\":[\"https:\\\/\\\/quehacerpolitico.mx\\\/?p=4321\"]}]},{\"@type\":\"ImageObject\",\"inLanguage\":\"es\",\"@id\":\"https:\\\/\\\/quehacerpolitico.mx\\\/?p=4321#primaryimage\",\"url\":\"\",\"contentUrl\":\"\"},{\"@type\":\"BreadcrumbList\",\"@id\":\"https:\\\/\\\/quehacerpolitico.mx\\\/?p=4321#breadcrumb\",\"itemListElement\":[{\"@type\":\"ListItem\",\"position\":1,\"name\":\"Inicio\",\"item\":\"https:\\\/\\\/quehacerpolitico.mx\\\/\"},{\"@type\":\"ListItem\",\"position\":2,\"name\":\"Internacionales\\\/\\\/\\\/Carolina Alonso Romei\\\/\\\/\\\/[VIDEO] Tras pelea con pareja sujeto empuja a desconocido a v\u00edas del Metro\"}]},{\"@type\":\"WebSite\",\"@id\":\"https:\\\/\\\/quehacerpolitico.mx\\\/#website\",\"url\":\"https:\\\/\\\/quehacerpolitico.mx\\\/\",\"name\":\"\",\"description\":\"\",\"potentialAction\":[{\"@type\":\"SearchAction\",\"target\":{\"@type\":\"EntryPoint\",\"urlTemplate\":\"https:\\\/\\\/quehacerpolitico.mx\\\/?s={search_term_string}\"},\"query-input\":{\"@type\":\"PropertyValueSpecification\",\"valueRequired\":true,\"valueName\":\"search_term_string\"}}],\"inLanguage\":\"es\"},{\"@type\":\"Person\",\"@id\":\"https:\\\/\\\/quehacerpolitico.mx\\\/#\\\/schema\\\/person\\\/496d8ad2d1d3f8036101dca7ee39e585\",\"name\":\"Redacci\u00f3n QP\",\"image\":{\"@type\":\"ImageObject\",\"inLanguage\":\"es\",\"@id\":\"https:\\\/\\\/secure.gravatar.com\\\/avatar\\\/c7164ed6fdec453195284ad24a5ae5b6e1eed2b848477fa2a4787ba9adf39a41?s=96&d=mm&r=g\",\"url\":\"https:\\\/\\\/secure.gravatar.com\\\/avatar\\\/c7164ed6fdec453195284ad24a5ae5b6e1eed2b848477fa2a4787ba9adf39a41?s=96&d=mm&r=g\",\"contentUrl\":\"https:\\\/\\\/secure.gravatar.com\\\/avatar\\\/c7164ed6fdec453195284ad24a5ae5b6e1eed2b848477fa2a4787ba9adf39a41?s=96&d=mm&r=g\",\"caption\":\"Redacci\u00f3n QP\"},\"url\":\"https:\\\/\\\/quehacerpolitico.mx\\\/?author=2\"}]}<\/script>\n<!-- \/ Yoast SEO plugin. -->","yoast_head_json":{"title":"Internacionales\/\/\/Carolina Alonso Romei\/\/\/[VIDEO] Tras pelea con pareja sujeto empuja a desconocido a v\u00edas del Metro -","robots":{"index":"index","follow":"follow","max-snippet":"max-snippet:-1","max-image-preview":"max-image-preview:large","max-video-preview":"max-video-preview:-1"},"canonical":"https:\/\/quehacerpolitico.mx\/?p=4321","og_locale":"es_MX","og_type":"article","og_title":"Internacionales\/\/\/Carolina Alonso Romei\/\/\/[VIDEO] Tras pelea con pareja sujeto empuja a desconocido a v\u00edas del Metro -","og_description":"[VIDEO] Tras pelea con pareja sujeto empuja a desconocido a v\u00edas del Metro Por Carolina Alonso Romei Internacionalista","og_url":"https:\/\/quehacerpolitico.mx\/?p=4321","article_published_time":"2018-09-10T16:12:09+00:00","author":"Redacci\u00f3n QP","twitter_card":"summary_large_image","twitter_misc":{"Escrito por":"Redacci\u00f3n QP","Tiempo de lectura":"1 minuto"},"schema":{"@context":"https:\/\/schema.org","@graph":[{"@type":"Article","@id":"https:\/\/quehacerpolitico.mx\/?p=4321#article","isPartOf":{"@id":"https:\/\/quehacerpolitico.mx\/?p=4321"},"author":{"name":"Redacci\u00f3n QP","@id":"https:\/\/quehacerpolitico.mx\/#\/schema\/person\/496d8ad2d1d3f8036101dca7ee39e585"},"headline":"Internacionales\/\/\/Carolina Alonso Romei\/\/\/[VIDEO] Tras pelea con pareja sujeto empuja a desconocido a v\u00edas del Metro","datePublished":"2018-09-10T16:12:09+00:00","mainEntityOfPage":{"@id":"https:\/\/quehacerpolitico.mx\/?p=4321"},"wordCount":239,"commentCount":0,"image":{"@id":"https:\/\/quehacerpolitico.mx\/?p=4321#primaryimage"},"thumbnailUrl":"","articleSection":["Internacionales"],"inLanguage":"es","potentialAction":[{"@type":"CommentAction","name":"Comment","target":["https:\/\/quehacerpolitico.mx\/?p=4321#respond"]}]},{"@type":"WebPage","@id":"https:\/\/quehacerpolitico.mx\/?p=4321","url":"https:\/\/quehacerpolitico.mx\/?p=4321","name":"Internacionales\/\/\/Carolina Alonso Romei\/\/\/[VIDEO] Tras pelea con pareja sujeto empuja a desconocido a v\u00edas del Metro -","isPartOf":{"@id":"https:\/\/quehacerpolitico.mx\/#website"},"primaryImageOfPage":{"@id":"https:\/\/quehacerpolitico.mx\/?p=4321#primaryimage"},"image":{"@id":"https:\/\/quehacerpolitico.mx\/?p=4321#primaryimage"},"thumbnailUrl":"","datePublished":"2018-09-10T16:12:09+00:00","author":{"@id":"https:\/\/quehacerpolitico.mx\/#\/schema\/person\/496d8ad2d1d3f8036101dca7ee39e585"},"breadcrumb":{"@id":"https:\/\/quehacerpolitico.mx\/?p=4321#breadcrumb"},"inLanguage":"es","potentialAction":[{"@type":"ReadAction","target":["https:\/\/quehacerpolitico.mx\/?p=4321"]}]},{"@type":"ImageObject","inLanguage":"es","@id":"https:\/\/quehacerpolitico.mx\/?p=4321#primaryimage","url":"","contentUrl":""},{"@type":"BreadcrumbList","@id":"https:\/\/quehacerpolitico.mx\/?p=4321#breadcrumb","itemListElement":[{"@type":"ListItem","position":1,"name":"Inicio","item":"https:\/\/quehacerpolitico.mx\/"},{"@type":"ListItem","position":2,"name":"Internacionales\/\/\/Carolina Alonso Romei\/\/\/[VIDEO] Tras pelea con pareja sujeto empuja a desconocido a v\u00edas del Metro"}]},{"@type":"WebSite","@id":"https:\/\/quehacerpolitico.mx\/#website","url":"https:\/\/quehacerpolitico.mx\/","name":"","description":"","potentialAction":[{"@type":"SearchAction","target":{"@type":"EntryPoint","urlTemplate":"https:\/\/quehacerpolitico.mx\/?s={search_term_string}"},"query-input":{"@type":"PropertyValueSpecification","valueRequired":true,"valueName":"search_term_string"}}],"inLanguage":"es"},{"@type":"Person","@id":"https:\/\/quehacerpolitico.mx\/#\/schema\/person\/496d8ad2d1d3f8036101dca7ee39e585","name":"Redacci\u00f3n QP","image":{"@type":"ImageObject","inLanguage":"es","@id":"https:\/\/secure.gravatar.com\/avatar\/c7164ed6fdec453195284ad24a5ae5b6e1eed2b848477fa2a4787ba9adf39a41?s=96&d=mm&r=g","url":"https:\/\/secure.gravatar.com\/avatar\/c7164ed6fdec453195284ad24a5ae5b6e1eed2b848477fa2a4787ba9adf39a41?s=96&d=mm&r=g","contentUrl":"https:\/\/secure.gravatar.com\/avatar\/c7164ed6fdec453195284ad24a5ae5b6e1eed2b848477fa2a4787ba9adf39a41?s=96&d=mm&r=g","caption":"Redacci\u00f3n QP"},"url":"https:\/\/quehacerpolitico.mx\/?author=2"}]}},"featured_image_urls":{"full":"","thumbnail":"","medium":"","medium_large":"","large":"","1536x1536":"","2048x2048":"","covernews-featured":"","covernews-medium":""},"author_info":{"display_name":"Redacci\u00f3n QP","author_link":"https:\/\/quehacerpolitico.mx\/?author=2"},"category_info":"<a href=\"https:\/\/quehacerpolitico.mx\/?cat=1\" rel=\"category\">Internacionales<\/a>","tag_info":"Internacionales","comment_count":"0","_links":{"self":[{"href":"https:\/\/quehacerpolitico.mx\/index.php?rest_route=\/wp\/v2\/posts\/4321","targetHints":{"allow":["GET"]}}],"collection":[{"href":"https:\/\/quehacerpolitico.mx\/index.php?rest_route=\/wp\/v2\/posts"}],"about":[{"href":"https:\/\/quehacerpolitico.mx\/index.php?rest_route=\/wp\/v2\/types\/post"}],"author":[{"embeddable":true,"href":"https:\/\/quehacerpolitico.mx\/index.php?rest_route=\/wp\/v2\/users\/2"}],"replies":[{"embeddable":true,"href":"https:\/\/quehacerpolitico.mx\/index.php?rest_route=%2Fwp%2Fv2%2Fcomments&post=4321"}],"version-history":[{"count":0,"href":"https:\/\/quehacerpolitico.mx\/index.php?rest_route=\/wp\/v2\/posts\/4321\/revisions"}],"wp:featuredmedia":[{"embeddable":true,"href":"https:\/\/quehacerpolitico.mx\/index.php?rest_route=\/"}],"wp:attachment":[{"href":"https:\/\/quehacerpolitico.mx\/index.php?rest_route=%2Fwp%2Fv2%2Fmedia&parent=4321"}],"wp:term":[{"taxonomy":"category","embeddable":true,"href":"https:\/\/quehacerpolitico.mx\/index.php?rest_route=%2Fwp%2Fv2%2Fcategories&post=4321"},{"taxonomy":"post_tag","embeddable":true,"href":"https:\/\/quehacerpolitico.mx\/index.php?rest_route=%2Fwp%2Fv2%2Ftags&post=4321"}],"curies":[{"name":"wp","href":"https:\/\/api.w.org\/{rel}","templated":true}]}}