{"id":4317,"date":"2018-09-10T15:57:29","date_gmt":"2018-09-10T15:57:29","guid":{"rendered":"http:\/\/quehacerpolitico.mx\/asesinan-a-dos-afuera-de-una-cerveceria-en-la-cuauhtemoc\/"},"modified":"2018-09-10T15:57:29","modified_gmt":"2018-09-10T15:57:29","slug":"asesinan-a-dos-afuera-de-una-cerveceria-en-la-cuauhtemoc","status":"publish","type":"post","link":"https:\/\/quehacerpolitico.mx\/?p=4317","title":{"rendered":"Asesinan a dos afuera de una \u2018cervecer\u00eda\u2019 en la Cuauht\u00e9moc"},"content":{"rendered":"<p>Dos personas murieron <strong>asesinadas<\/strong> y una m\u00e1s qued\u00f3 lesionada la madrugada del pasado <strong>domingo<\/strong> sobre las calles de la <strong>delegaci\u00f3n Cuauth\u00e9moc.<\/strong> El hecho se registr\u00f3 en <strong>Manuel de la Pe\u00f1a<\/strong> y Manuel Doblado en la colonia <strong>Centro<\/strong>.\u00a0En el sitio contabilizaron al menos 15 casquillos percutidos.<\/p>\n<p>De acuerdo con el informe <strong>polic\u00edaco<\/strong>, el ataque ocurri\u00f3 frente a una \u2018<strong>cheler\u00eda<\/strong>\u2018 que en varias ocasiones se han reportado disputas con armas de fuego.\u00a0Las v\u00edctimas, de 42 y 28 a\u00f1os, sufrieron ataques alrededor de las 01:30 horas.\u00a0Un tercer hombre, de<strong> 44 a\u00f1os<\/strong>, result\u00f3 lesionado y fue trasladado al <strong>Hospital Gregorio Salas.<\/strong><\/p>\n<p>Los habitantes de la zona se\u00f1alaron que durante la <strong>noche<\/strong>,\u00a0 varias personas inger\u00edan<strong> bebidas alcoh\u00f3licas<\/strong> en la v\u00eda p\u00fablica y luego de una discusi\u00f3n, lanzaron disparos.<\/p>\n<p>Al sitio arribaron los servicios de emergencia, quienes s\u00f3lo pudieron confirmar la muerte de los individuos, quienes quedaron tirados entre las estructuras de puestos semifijos.<\/p>\n<p>Muy cerca del lugar de <strong>ataque<\/strong>, existe una vecindad en la cual <strong>denunciaron<\/strong>; realizan trata de menores de <strong>edad<\/strong> a altas horas de la noche.<\/p>\n<p>Los vecinos aseguran que esta zona de disputa era controlada por <em>La Hormiga<\/em> y <em>El Perro<\/em>, integrantes de la <strong>Uni\u00f3n Tepito,<\/strong> al servicio de <strong>Roberto Moyado Esparza<\/strong>, <em>El Betito<\/em>. Ojo, este sitio es una zona de trasiego de <strong>droga<\/strong> y productos robados que se disputan <strong>carteles de narcomenudeo.<\/strong><\/p>\n<p>\u201cTambi\u00e9n se cobra el derecho de piso. Los <strong>fines de semana<\/strong> se vuelve tierra de nadie y es cuando se dan estos <strong>enfrentamientos<\/strong>\u201d, se\u00f1al\u00f3 un comerciante de la zona.<\/p>\n<p>Desde hace una semana, en este <strong>per\u00edmetro<\/strong>comenzaron las <strong>advertencias<\/strong> del nuevo grupo criminal Cartel Nueva Generaci\u00f3n Tepito (<strong>CNGT<\/strong>), quien advirti\u00f3 que no deben pagar extorsiones a la<strong>Uni\u00f3n Tepito.<\/strong><\/p>\n<p class=\"amp-wp-inline-256659ade2cf5854eb8a79d0057ffb1c\"><em>Con informaci\u00f3n de Carlos Jim\u00e9nez<\/em><\/p>\n","protected":false},"excerpt":{"rendered":"<p>Asesinan a dos afuera de una \u2018cervecer\u00eda\u2019 en la Cuauht\u00e9moc<br \/>\nPor Redacci\u00f3n QP<\/p>\n","protected":false},"author":2,"featured_media":4316,"comment_status":"open","ping_status":"open","sticky":false,"template":"","format":"standard","meta":{"_monsterinsights_skip_tracking":false,"_monsterinsights_sitenote_active":false,"_monsterinsights_sitenote_note":"","_monsterinsights_sitenote_category":0,"footnotes":""},"categories":[55],"tags":[],"class_list":["post-4317","post","type-post","status-publish","format-standard","has-post-thumbnail","hentry","category-cdmx"],"yoast_head":"<!-- This site is optimized with the Yoast SEO plugin v27.3 - https:\/\/yoast.com\/product\/yoast-seo-wordpress\/ -->\n<title>Asesinan a dos afuera de una \u2018cervecer\u00eda\u2019 en la Cuauht\u00e9moc -<\/title>\n<meta name=\"robots\" content=\"index, follow, max-snippet:-1, max-image-preview:large, max-video-preview:-1\" \/>\n<link rel=\"canonical\" href=\"https:\/\/quehacerpolitico.mx\/?p=4317\" \/>\n<meta property=\"og:locale\" content=\"es_MX\" \/>\n<meta property=\"og:type\" content=\"article\" \/>\n<meta property=\"og:title\" content=\"Asesinan a dos afuera de una \u2018cervecer\u00eda\u2019 en la Cuauht\u00e9moc -\" \/>\n<meta property=\"og:description\" content=\"Asesinan a dos afuera de una \u2018cervecer\u00eda\u2019 en la Cuauht\u00e9moc Por Redacci\u00f3n QP\" \/>\n<meta property=\"og:url\" content=\"https:\/\/quehacerpolitico.mx\/?p=4317\" \/>\n<meta property=\"article:published_time\" content=\"2018-09-10T15:57:29+00:00\" \/>\n<meta name=\"author\" content=\"Redacci\u00f3n QP\" \/>\n<meta name=\"twitter:card\" content=\"summary_large_image\" \/>\n<meta name=\"twitter:label1\" content=\"Escrito por\" \/>\n\t<meta name=\"twitter:data1\" content=\"Redacci\u00f3n QP\" \/>\n\t<meta name=\"twitter:label2\" content=\"Tiempo de lectura\" \/>\n\t<meta name=\"twitter:data2\" content=\"2 minutos\" \/>\n<script type=\"application\/ld+json\" class=\"yoast-schema-graph\">{\"@context\":\"https:\\\/\\\/schema.org\",\"@graph\":[{\"@type\":\"Article\",\"@id\":\"https:\\\/\\\/quehacerpolitico.mx\\\/?p=4317#article\",\"isPartOf\":{\"@id\":\"https:\\\/\\\/quehacerpolitico.mx\\\/?p=4317\"},\"author\":{\"name\":\"Redacci\u00f3n QP\",\"@id\":\"https:\\\/\\\/quehacerpolitico.mx\\\/#\\\/schema\\\/person\\\/496d8ad2d1d3f8036101dca7ee39e585\"},\"headline\":\"Asesinan a dos afuera de una \u2018cervecer\u00eda\u2019 en la Cuauht\u00e9moc\",\"datePublished\":\"2018-09-10T15:57:29+00:00\",\"mainEntityOfPage\":{\"@id\":\"https:\\\/\\\/quehacerpolitico.mx\\\/?p=4317\"},\"wordCount\":317,\"commentCount\":0,\"image\":{\"@id\":\"https:\\\/\\\/quehacerpolitico.mx\\\/?p=4317#primaryimage\"},\"thumbnailUrl\":\"\",\"articleSection\":[\"CDMX\"],\"inLanguage\":\"es\",\"potentialAction\":[{\"@type\":\"CommentAction\",\"name\":\"Comment\",\"target\":[\"https:\\\/\\\/quehacerpolitico.mx\\\/?p=4317#respond\"]}]},{\"@type\":\"WebPage\",\"@id\":\"https:\\\/\\\/quehacerpolitico.mx\\\/?p=4317\",\"url\":\"https:\\\/\\\/quehacerpolitico.mx\\\/?p=4317\",\"name\":\"Asesinan a dos afuera de una \u2018cervecer\u00eda\u2019 en la Cuauht\u00e9moc -\",\"isPartOf\":{\"@id\":\"https:\\\/\\\/quehacerpolitico.mx\\\/#website\"},\"primaryImageOfPage\":{\"@id\":\"https:\\\/\\\/quehacerpolitico.mx\\\/?p=4317#primaryimage\"},\"image\":{\"@id\":\"https:\\\/\\\/quehacerpolitico.mx\\\/?p=4317#primaryimage\"},\"thumbnailUrl\":\"\",\"datePublished\":\"2018-09-10T15:57:29+00:00\",\"author\":{\"@id\":\"https:\\\/\\\/quehacerpolitico.mx\\\/#\\\/schema\\\/person\\\/496d8ad2d1d3f8036101dca7ee39e585\"},\"breadcrumb\":{\"@id\":\"https:\\\/\\\/quehacerpolitico.mx\\\/?p=4317#breadcrumb\"},\"inLanguage\":\"es\",\"potentialAction\":[{\"@type\":\"ReadAction\",\"target\":[\"https:\\\/\\\/quehacerpolitico.mx\\\/?p=4317\"]}]},{\"@type\":\"ImageObject\",\"inLanguage\":\"es\",\"@id\":\"https:\\\/\\\/quehacerpolitico.mx\\\/?p=4317#primaryimage\",\"url\":\"\",\"contentUrl\":\"\"},{\"@type\":\"BreadcrumbList\",\"@id\":\"https:\\\/\\\/quehacerpolitico.mx\\\/?p=4317#breadcrumb\",\"itemListElement\":[{\"@type\":\"ListItem\",\"position\":1,\"name\":\"Inicio\",\"item\":\"https:\\\/\\\/quehacerpolitico.mx\\\/\"},{\"@type\":\"ListItem\",\"position\":2,\"name\":\"Asesinan a dos afuera de una \u2018cervecer\u00eda\u2019 en la Cuauht\u00e9moc\"}]},{\"@type\":\"WebSite\",\"@id\":\"https:\\\/\\\/quehacerpolitico.mx\\\/#website\",\"url\":\"https:\\\/\\\/quehacerpolitico.mx\\\/\",\"name\":\"\",\"description\":\"\",\"potentialAction\":[{\"@type\":\"SearchAction\",\"target\":{\"@type\":\"EntryPoint\",\"urlTemplate\":\"https:\\\/\\\/quehacerpolitico.mx\\\/?s={search_term_string}\"},\"query-input\":{\"@type\":\"PropertyValueSpecification\",\"valueRequired\":true,\"valueName\":\"search_term_string\"}}],\"inLanguage\":\"es\"},{\"@type\":\"Person\",\"@id\":\"https:\\\/\\\/quehacerpolitico.mx\\\/#\\\/schema\\\/person\\\/496d8ad2d1d3f8036101dca7ee39e585\",\"name\":\"Redacci\u00f3n QP\",\"image\":{\"@type\":\"ImageObject\",\"inLanguage\":\"es\",\"@id\":\"https:\\\/\\\/secure.gravatar.com\\\/avatar\\\/c7164ed6fdec453195284ad24a5ae5b6e1eed2b848477fa2a4787ba9adf39a41?s=96&d=mm&r=g\",\"url\":\"https:\\\/\\\/secure.gravatar.com\\\/avatar\\\/c7164ed6fdec453195284ad24a5ae5b6e1eed2b848477fa2a4787ba9adf39a41?s=96&d=mm&r=g\",\"contentUrl\":\"https:\\\/\\\/secure.gravatar.com\\\/avatar\\\/c7164ed6fdec453195284ad24a5ae5b6e1eed2b848477fa2a4787ba9adf39a41?s=96&d=mm&r=g\",\"caption\":\"Redacci\u00f3n QP\"},\"url\":\"https:\\\/\\\/quehacerpolitico.mx\\\/?author=2\"}]}<\/script>\n<!-- \/ Yoast SEO plugin. -->","yoast_head_json":{"title":"Asesinan a dos afuera de una \u2018cervecer\u00eda\u2019 en la Cuauht\u00e9moc -","robots":{"index":"index","follow":"follow","max-snippet":"max-snippet:-1","max-image-preview":"max-image-preview:large","max-video-preview":"max-video-preview:-1"},"canonical":"https:\/\/quehacerpolitico.mx\/?p=4317","og_locale":"es_MX","og_type":"article","og_title":"Asesinan a dos afuera de una \u2018cervecer\u00eda\u2019 en la Cuauht\u00e9moc -","og_description":"Asesinan a dos afuera de una \u2018cervecer\u00eda\u2019 en la Cuauht\u00e9moc Por Redacci\u00f3n QP","og_url":"https:\/\/quehacerpolitico.mx\/?p=4317","article_published_time":"2018-09-10T15:57:29+00:00","author":"Redacci\u00f3n QP","twitter_card":"summary_large_image","twitter_misc":{"Escrito por":"Redacci\u00f3n QP","Tiempo de lectura":"2 minutos"},"schema":{"@context":"https:\/\/schema.org","@graph":[{"@type":"Article","@id":"https:\/\/quehacerpolitico.mx\/?p=4317#article","isPartOf":{"@id":"https:\/\/quehacerpolitico.mx\/?p=4317"},"author":{"name":"Redacci\u00f3n QP","@id":"https:\/\/quehacerpolitico.mx\/#\/schema\/person\/496d8ad2d1d3f8036101dca7ee39e585"},"headline":"Asesinan a dos afuera de una \u2018cervecer\u00eda\u2019 en la Cuauht\u00e9moc","datePublished":"2018-09-10T15:57:29+00:00","mainEntityOfPage":{"@id":"https:\/\/quehacerpolitico.mx\/?p=4317"},"wordCount":317,"commentCount":0,"image":{"@id":"https:\/\/quehacerpolitico.mx\/?p=4317#primaryimage"},"thumbnailUrl":"","articleSection":["CDMX"],"inLanguage":"es","potentialAction":[{"@type":"CommentAction","name":"Comment","target":["https:\/\/quehacerpolitico.mx\/?p=4317#respond"]}]},{"@type":"WebPage","@id":"https:\/\/quehacerpolitico.mx\/?p=4317","url":"https:\/\/quehacerpolitico.mx\/?p=4317","name":"Asesinan a dos afuera de una \u2018cervecer\u00eda\u2019 en la Cuauht\u00e9moc -","isPartOf":{"@id":"https:\/\/quehacerpolitico.mx\/#website"},"primaryImageOfPage":{"@id":"https:\/\/quehacerpolitico.mx\/?p=4317#primaryimage"},"image":{"@id":"https:\/\/quehacerpolitico.mx\/?p=4317#primaryimage"},"thumbnailUrl":"","datePublished":"2018-09-10T15:57:29+00:00","author":{"@id":"https:\/\/quehacerpolitico.mx\/#\/schema\/person\/496d8ad2d1d3f8036101dca7ee39e585"},"breadcrumb":{"@id":"https:\/\/quehacerpolitico.mx\/?p=4317#breadcrumb"},"inLanguage":"es","potentialAction":[{"@type":"ReadAction","target":["https:\/\/quehacerpolitico.mx\/?p=4317"]}]},{"@type":"ImageObject","inLanguage":"es","@id":"https:\/\/quehacerpolitico.mx\/?p=4317#primaryimage","url":"","contentUrl":""},{"@type":"BreadcrumbList","@id":"https:\/\/quehacerpolitico.mx\/?p=4317#breadcrumb","itemListElement":[{"@type":"ListItem","position":1,"name":"Inicio","item":"https:\/\/quehacerpolitico.mx\/"},{"@type":"ListItem","position":2,"name":"Asesinan a dos afuera de una \u2018cervecer\u00eda\u2019 en la Cuauht\u00e9moc"}]},{"@type":"WebSite","@id":"https:\/\/quehacerpolitico.mx\/#website","url":"https:\/\/quehacerpolitico.mx\/","name":"","description":"","potentialAction":[{"@type":"SearchAction","target":{"@type":"EntryPoint","urlTemplate":"https:\/\/quehacerpolitico.mx\/?s={search_term_string}"},"query-input":{"@type":"PropertyValueSpecification","valueRequired":true,"valueName":"search_term_string"}}],"inLanguage":"es"},{"@type":"Person","@id":"https:\/\/quehacerpolitico.mx\/#\/schema\/person\/496d8ad2d1d3f8036101dca7ee39e585","name":"Redacci\u00f3n QP","image":{"@type":"ImageObject","inLanguage":"es","@id":"https:\/\/secure.gravatar.com\/avatar\/c7164ed6fdec453195284ad24a5ae5b6e1eed2b848477fa2a4787ba9adf39a41?s=96&d=mm&r=g","url":"https:\/\/secure.gravatar.com\/avatar\/c7164ed6fdec453195284ad24a5ae5b6e1eed2b848477fa2a4787ba9adf39a41?s=96&d=mm&r=g","contentUrl":"https:\/\/secure.gravatar.com\/avatar\/c7164ed6fdec453195284ad24a5ae5b6e1eed2b848477fa2a4787ba9adf39a41?s=96&d=mm&r=g","caption":"Redacci\u00f3n QP"},"url":"https:\/\/quehacerpolitico.mx\/?author=2"}]}},"featured_image_urls":{"full":"","thumbnail":"","medium":"","medium_large":"","large":"","1536x1536":"","2048x2048":"","covernews-featured":"","covernews-medium":""},"author_info":{"display_name":"Redacci\u00f3n QP","author_link":"https:\/\/quehacerpolitico.mx\/?author=2"},"category_info":"<a href=\"https:\/\/quehacerpolitico.mx\/?cat=55\" rel=\"category\">CDMX<\/a>","tag_info":"CDMX","comment_count":"0","_links":{"self":[{"href":"https:\/\/quehacerpolitico.mx\/index.php?rest_route=\/wp\/v2\/posts\/4317","targetHints":{"allow":["GET"]}}],"collection":[{"href":"https:\/\/quehacerpolitico.mx\/index.php?rest_route=\/wp\/v2\/posts"}],"about":[{"href":"https:\/\/quehacerpolitico.mx\/index.php?rest_route=\/wp\/v2\/types\/post"}],"author":[{"embeddable":true,"href":"https:\/\/quehacerpolitico.mx\/index.php?rest_route=\/wp\/v2\/users\/2"}],"replies":[{"embeddable":true,"href":"https:\/\/quehacerpolitico.mx\/index.php?rest_route=%2Fwp%2Fv2%2Fcomments&post=4317"}],"version-history":[{"count":0,"href":"https:\/\/quehacerpolitico.mx\/index.php?rest_route=\/wp\/v2\/posts\/4317\/revisions"}],"wp:featuredmedia":[{"embeddable":true,"href":"https:\/\/quehacerpolitico.mx\/index.php?rest_route=\/"}],"wp:attachment":[{"href":"https:\/\/quehacerpolitico.mx\/index.php?rest_route=%2Fwp%2Fv2%2Fmedia&parent=4317"}],"wp:term":[{"taxonomy":"category","embeddable":true,"href":"https:\/\/quehacerpolitico.mx\/index.php?rest_route=%2Fwp%2Fv2%2Fcategories&post=4317"},{"taxonomy":"post_tag","embeddable":true,"href":"https:\/\/quehacerpolitico.mx\/index.php?rest_route=%2Fwp%2Fv2%2Ftags&post=4317"}],"curies":[{"name":"wp","href":"https:\/\/api.w.org\/{rel}","templated":true}]}}