{"id":4297,"date":"2018-09-10T14:55:12","date_gmt":"2018-09-10T14:55:12","guid":{"rendered":"http:\/\/quehacerpolitico.mx\/el-prd-va-por-incremento-de-15-al-gasto-de-universidades-publicas\/"},"modified":"2018-09-10T14:55:12","modified_gmt":"2018-09-10T14:55:12","slug":"el-prd-va-por-incremento-de-15-al-gasto-de-universidades-publicas","status":"publish","type":"post","link":"https:\/\/quehacerpolitico.mx\/?p=4297","title":{"rendered":"El PRD va por incremento de 15% al gasto de universidades p\u00fablicas"},"content":{"rendered":"<p>El l\u00edder de los diputados del PRD, Ricardo Gallardo, anunci\u00f3 que propondr\u00e1 a la Junta de Coordinaci\u00f3n Pol\u00edtica un punto de acuerdo de urgente y obvia resoluci\u00f3n para concretar una reuni\u00f3n con la Asociaci\u00f3n Nacional de Universidades e Instituciones de Educaci\u00f3n Superior (ANUIES), para conocer el estado financiero de las instituciones p\u00fablicas.<\/p>\n<div id=\"div-gpt-ad-1524682842930-0\" data-google-query-id=\"CLvTlK7YsN0CFcjCwAodf_EIfQ\">\n<div id=\"google_ads_iframe_\/40135427\/informador_mx_Video_Outstream_0__container__\">Luego de los actos violentos en contra de estudiantes de la UNAM, ocurridos el pasado 3 de septiembre, Gallardo inform\u00f3 que en pr\u00f3ximos d\u00edas presentar\u00e1 tambi\u00e9n una iniciativa de ley para solicitar un incremento del 15 por ciento en el presupuesto 2019 de las universidades p\u00fablicas.<\/div>\n<\/div>\n<p>Record\u00f3 que, desde 2007, la federaci\u00f3n detect\u00f3 que la mayor\u00eda de las universidades p\u00fablicas no cuentan con presupuesto suficiente para ampliar la cobertura, diversificar la oferta y elevar la calidad educativa.<\/p>\n<p>El legislador por San Luis Potos\u00ed dijo que a pesar del esfuerzo realizado por los diputados del Partido de la Revoluci\u00f3n Democr\u00e1tica (PRD) en la pasada legislatura por incrementar la partida presupuestal para educaci\u00f3n la actual administraci\u00f3n no atendi\u00f3 los problemas estructurales de las universidades p\u00fablicas del pa\u00eds.<\/p>\n<p>Lo anterior, a pesar de que los rectores de diversas instituciones educativas p\u00fablicas advirtieron que la falta de recursos los pondr\u00edan en situaci\u00f3n de insolvencia financiera.<\/p>\n<p>Explic\u00f3 que la bancada del PRD impulsar\u00e1 el incremento en el presupuesto de las universidades p\u00fablicas, y en lo que respecta a la ciencia y la tecnolog\u00eda precis\u00f3: &#8220;Estamos solicitando que se etiqueten recursos equivalentes al 3 por ciento del Producto Interno Bruto (PIB), lo que generar\u00e1 mejores condiciones de desarrollo a nivel nacional&#8221;.<\/p>\n<p>Gallardo Cardona reiter\u00f3: &#8220;Urge cambiar esta injustificable situaci\u00f3n financiera de las universidades p\u00fablicas, por eso el PRD seguir\u00e1 en lucha para que la C\u00e1mara de Diputados apruebe un incremento en el Presupuesto de Egresos de la Federaci\u00f3n 2019 por arriba del \u00edndice inflacionario&#8221;.<\/p>\n<p>El coordinador perredista puntualiz\u00f3 que su fracci\u00f3n parlamentaria exigir\u00e1 a la federaci\u00f3n una investigaci\u00f3n objetiva y expedita, y castigo para los responsables materiales e intelectuales de los actos violentos contra universitarios.\u00a0<\/p>\n","protected":false},"excerpt":{"rendered":"<p>El diputado Ricardo Gallardo presentar\u00e1 la iniciativa en los pr\u00f3ximos d\u00edas, adem\u00e1s de una reuni\u00f3n con la ANUIES para conocer el estado financiero de las escuelas<br \/>\nPor Redacci\u00f3n QP<\/p>\n","protected":false},"author":2,"featured_media":4296,"comment_status":"open","ping_status":"open","sticky":false,"template":"","format":"standard","meta":{"_monsterinsights_skip_tracking":false,"_monsterinsights_sitenote_active":false,"_monsterinsights_sitenote_note":"","_monsterinsights_sitenote_category":0,"footnotes":""},"categories":[2],"tags":[],"class_list":["post-4297","post","type-post","status-publish","format-standard","has-post-thumbnail","hentry","category-noticias"],"yoast_head":"<!-- This site is optimized with the Yoast SEO plugin v27.3 - https:\/\/yoast.com\/product\/yoast-seo-wordpress\/ -->\n<title>El PRD va por incremento de 15% al gasto de universidades p\u00fablicas -<\/title>\n<meta name=\"robots\" content=\"index, follow, max-snippet:-1, max-image-preview:large, max-video-preview:-1\" \/>\n<link rel=\"canonical\" href=\"https:\/\/quehacerpolitico.mx\/?p=4297\" \/>\n<meta property=\"og:locale\" content=\"es_MX\" \/>\n<meta property=\"og:type\" content=\"article\" \/>\n<meta property=\"og:title\" content=\"El PRD va por incremento de 15% al gasto de universidades p\u00fablicas -\" \/>\n<meta property=\"og:description\" content=\"El diputado Ricardo Gallardo presentar\u00e1 la iniciativa en los pr\u00f3ximos d\u00edas, adem\u00e1s de una reuni\u00f3n con la ANUIES para conocer el estado financiero de las escuelas Por Redacci\u00f3n QP\" \/>\n<meta property=\"og:url\" content=\"https:\/\/quehacerpolitico.mx\/?p=4297\" \/>\n<meta property=\"article:published_time\" content=\"2018-09-10T14:55:12+00:00\" \/>\n<meta name=\"author\" content=\"Redacci\u00f3n QP\" \/>\n<meta name=\"twitter:card\" content=\"summary_large_image\" \/>\n<meta name=\"twitter:label1\" content=\"Escrito por\" \/>\n\t<meta name=\"twitter:data1\" content=\"Redacci\u00f3n QP\" \/>\n\t<meta name=\"twitter:label2\" content=\"Tiempo de lectura\" \/>\n\t<meta name=\"twitter:data2\" content=\"2 minutos\" \/>\n<script type=\"application\/ld+json\" class=\"yoast-schema-graph\">{\"@context\":\"https:\\\/\\\/schema.org\",\"@graph\":[{\"@type\":\"Article\",\"@id\":\"https:\\\/\\\/quehacerpolitico.mx\\\/?p=4297#article\",\"isPartOf\":{\"@id\":\"https:\\\/\\\/quehacerpolitico.mx\\\/?p=4297\"},\"author\":{\"name\":\"Redacci\u00f3n QP\",\"@id\":\"https:\\\/\\\/quehacerpolitico.mx\\\/#\\\/schema\\\/person\\\/496d8ad2d1d3f8036101dca7ee39e585\"},\"headline\":\"El PRD va por incremento de 15% al gasto de universidades p\u00fablicas\",\"datePublished\":\"2018-09-10T14:55:12+00:00\",\"mainEntityOfPage\":{\"@id\":\"https:\\\/\\\/quehacerpolitico.mx\\\/?p=4297\"},\"wordCount\":370,\"commentCount\":0,\"image\":{\"@id\":\"https:\\\/\\\/quehacerpolitico.mx\\\/?p=4297#primaryimage\"},\"thumbnailUrl\":\"\",\"articleSection\":[\"Noticias\"],\"inLanguage\":\"es\",\"potentialAction\":[{\"@type\":\"CommentAction\",\"name\":\"Comment\",\"target\":[\"https:\\\/\\\/quehacerpolitico.mx\\\/?p=4297#respond\"]}]},{\"@type\":\"WebPage\",\"@id\":\"https:\\\/\\\/quehacerpolitico.mx\\\/?p=4297\",\"url\":\"https:\\\/\\\/quehacerpolitico.mx\\\/?p=4297\",\"name\":\"El PRD va por incremento de 15% al gasto de universidades p\u00fablicas -\",\"isPartOf\":{\"@id\":\"https:\\\/\\\/quehacerpolitico.mx\\\/#website\"},\"primaryImageOfPage\":{\"@id\":\"https:\\\/\\\/quehacerpolitico.mx\\\/?p=4297#primaryimage\"},\"image\":{\"@id\":\"https:\\\/\\\/quehacerpolitico.mx\\\/?p=4297#primaryimage\"},\"thumbnailUrl\":\"\",\"datePublished\":\"2018-09-10T14:55:12+00:00\",\"author\":{\"@id\":\"https:\\\/\\\/quehacerpolitico.mx\\\/#\\\/schema\\\/person\\\/496d8ad2d1d3f8036101dca7ee39e585\"},\"breadcrumb\":{\"@id\":\"https:\\\/\\\/quehacerpolitico.mx\\\/?p=4297#breadcrumb\"},\"inLanguage\":\"es\",\"potentialAction\":[{\"@type\":\"ReadAction\",\"target\":[\"https:\\\/\\\/quehacerpolitico.mx\\\/?p=4297\"]}]},{\"@type\":\"ImageObject\",\"inLanguage\":\"es\",\"@id\":\"https:\\\/\\\/quehacerpolitico.mx\\\/?p=4297#primaryimage\",\"url\":\"\",\"contentUrl\":\"\"},{\"@type\":\"BreadcrumbList\",\"@id\":\"https:\\\/\\\/quehacerpolitico.mx\\\/?p=4297#breadcrumb\",\"itemListElement\":[{\"@type\":\"ListItem\",\"position\":1,\"name\":\"Inicio\",\"item\":\"https:\\\/\\\/quehacerpolitico.mx\\\/\"},{\"@type\":\"ListItem\",\"position\":2,\"name\":\"El PRD va por incremento de 15% al gasto de universidades p\u00fablicas\"}]},{\"@type\":\"WebSite\",\"@id\":\"https:\\\/\\\/quehacerpolitico.mx\\\/#website\",\"url\":\"https:\\\/\\\/quehacerpolitico.mx\\\/\",\"name\":\"\",\"description\":\"\",\"potentialAction\":[{\"@type\":\"SearchAction\",\"target\":{\"@type\":\"EntryPoint\",\"urlTemplate\":\"https:\\\/\\\/quehacerpolitico.mx\\\/?s={search_term_string}\"},\"query-input\":{\"@type\":\"PropertyValueSpecification\",\"valueRequired\":true,\"valueName\":\"search_term_string\"}}],\"inLanguage\":\"es\"},{\"@type\":\"Person\",\"@id\":\"https:\\\/\\\/quehacerpolitico.mx\\\/#\\\/schema\\\/person\\\/496d8ad2d1d3f8036101dca7ee39e585\",\"name\":\"Redacci\u00f3n QP\",\"image\":{\"@type\":\"ImageObject\",\"inLanguage\":\"es\",\"@id\":\"https:\\\/\\\/secure.gravatar.com\\\/avatar\\\/c7164ed6fdec453195284ad24a5ae5b6e1eed2b848477fa2a4787ba9adf39a41?s=96&d=mm&r=g\",\"url\":\"https:\\\/\\\/secure.gravatar.com\\\/avatar\\\/c7164ed6fdec453195284ad24a5ae5b6e1eed2b848477fa2a4787ba9adf39a41?s=96&d=mm&r=g\",\"contentUrl\":\"https:\\\/\\\/secure.gravatar.com\\\/avatar\\\/c7164ed6fdec453195284ad24a5ae5b6e1eed2b848477fa2a4787ba9adf39a41?s=96&d=mm&r=g\",\"caption\":\"Redacci\u00f3n QP\"},\"url\":\"https:\\\/\\\/quehacerpolitico.mx\\\/?author=2\"}]}<\/script>\n<!-- \/ Yoast SEO plugin. -->","yoast_head_json":{"title":"El PRD va por incremento de 15% al gasto de universidades p\u00fablicas -","robots":{"index":"index","follow":"follow","max-snippet":"max-snippet:-1","max-image-preview":"max-image-preview:large","max-video-preview":"max-video-preview:-1"},"canonical":"https:\/\/quehacerpolitico.mx\/?p=4297","og_locale":"es_MX","og_type":"article","og_title":"El PRD va por incremento de 15% al gasto de universidades p\u00fablicas -","og_description":"El diputado Ricardo Gallardo presentar\u00e1 la iniciativa en los pr\u00f3ximos d\u00edas, adem\u00e1s de una reuni\u00f3n con la ANUIES para conocer el estado financiero de las escuelas Por Redacci\u00f3n QP","og_url":"https:\/\/quehacerpolitico.mx\/?p=4297","article_published_time":"2018-09-10T14:55:12+00:00","author":"Redacci\u00f3n QP","twitter_card":"summary_large_image","twitter_misc":{"Escrito por":"Redacci\u00f3n QP","Tiempo de lectura":"2 minutos"},"schema":{"@context":"https:\/\/schema.org","@graph":[{"@type":"Article","@id":"https:\/\/quehacerpolitico.mx\/?p=4297#article","isPartOf":{"@id":"https:\/\/quehacerpolitico.mx\/?p=4297"},"author":{"name":"Redacci\u00f3n QP","@id":"https:\/\/quehacerpolitico.mx\/#\/schema\/person\/496d8ad2d1d3f8036101dca7ee39e585"},"headline":"El PRD va por incremento de 15% al gasto de universidades p\u00fablicas","datePublished":"2018-09-10T14:55:12+00:00","mainEntityOfPage":{"@id":"https:\/\/quehacerpolitico.mx\/?p=4297"},"wordCount":370,"commentCount":0,"image":{"@id":"https:\/\/quehacerpolitico.mx\/?p=4297#primaryimage"},"thumbnailUrl":"","articleSection":["Noticias"],"inLanguage":"es","potentialAction":[{"@type":"CommentAction","name":"Comment","target":["https:\/\/quehacerpolitico.mx\/?p=4297#respond"]}]},{"@type":"WebPage","@id":"https:\/\/quehacerpolitico.mx\/?p=4297","url":"https:\/\/quehacerpolitico.mx\/?p=4297","name":"El PRD va por incremento de 15% al gasto de universidades p\u00fablicas -","isPartOf":{"@id":"https:\/\/quehacerpolitico.mx\/#website"},"primaryImageOfPage":{"@id":"https:\/\/quehacerpolitico.mx\/?p=4297#primaryimage"},"image":{"@id":"https:\/\/quehacerpolitico.mx\/?p=4297#primaryimage"},"thumbnailUrl":"","datePublished":"2018-09-10T14:55:12+00:00","author":{"@id":"https:\/\/quehacerpolitico.mx\/#\/schema\/person\/496d8ad2d1d3f8036101dca7ee39e585"},"breadcrumb":{"@id":"https:\/\/quehacerpolitico.mx\/?p=4297#breadcrumb"},"inLanguage":"es","potentialAction":[{"@type":"ReadAction","target":["https:\/\/quehacerpolitico.mx\/?p=4297"]}]},{"@type":"ImageObject","inLanguage":"es","@id":"https:\/\/quehacerpolitico.mx\/?p=4297#primaryimage","url":"","contentUrl":""},{"@type":"BreadcrumbList","@id":"https:\/\/quehacerpolitico.mx\/?p=4297#breadcrumb","itemListElement":[{"@type":"ListItem","position":1,"name":"Inicio","item":"https:\/\/quehacerpolitico.mx\/"},{"@type":"ListItem","position":2,"name":"El PRD va por incremento de 15% al gasto de universidades p\u00fablicas"}]},{"@type":"WebSite","@id":"https:\/\/quehacerpolitico.mx\/#website","url":"https:\/\/quehacerpolitico.mx\/","name":"","description":"","potentialAction":[{"@type":"SearchAction","target":{"@type":"EntryPoint","urlTemplate":"https:\/\/quehacerpolitico.mx\/?s={search_term_string}"},"query-input":{"@type":"PropertyValueSpecification","valueRequired":true,"valueName":"search_term_string"}}],"inLanguage":"es"},{"@type":"Person","@id":"https:\/\/quehacerpolitico.mx\/#\/schema\/person\/496d8ad2d1d3f8036101dca7ee39e585","name":"Redacci\u00f3n QP","image":{"@type":"ImageObject","inLanguage":"es","@id":"https:\/\/secure.gravatar.com\/avatar\/c7164ed6fdec453195284ad24a5ae5b6e1eed2b848477fa2a4787ba9adf39a41?s=96&d=mm&r=g","url":"https:\/\/secure.gravatar.com\/avatar\/c7164ed6fdec453195284ad24a5ae5b6e1eed2b848477fa2a4787ba9adf39a41?s=96&d=mm&r=g","contentUrl":"https:\/\/secure.gravatar.com\/avatar\/c7164ed6fdec453195284ad24a5ae5b6e1eed2b848477fa2a4787ba9adf39a41?s=96&d=mm&r=g","caption":"Redacci\u00f3n QP"},"url":"https:\/\/quehacerpolitico.mx\/?author=2"}]}},"featured_image_urls":{"full":"","thumbnail":"","medium":"","medium_large":"","large":"","1536x1536":"","2048x2048":"","covernews-featured":"","covernews-medium":""},"author_info":{"display_name":"Redacci\u00f3n QP","author_link":"https:\/\/quehacerpolitico.mx\/?author=2"},"category_info":"<a href=\"https:\/\/quehacerpolitico.mx\/?cat=2\" rel=\"category\">Noticias<\/a>","tag_info":"Noticias","comment_count":"0","_links":{"self":[{"href":"https:\/\/quehacerpolitico.mx\/index.php?rest_route=\/wp\/v2\/posts\/4297","targetHints":{"allow":["GET"]}}],"collection":[{"href":"https:\/\/quehacerpolitico.mx\/index.php?rest_route=\/wp\/v2\/posts"}],"about":[{"href":"https:\/\/quehacerpolitico.mx\/index.php?rest_route=\/wp\/v2\/types\/post"}],"author":[{"embeddable":true,"href":"https:\/\/quehacerpolitico.mx\/index.php?rest_route=\/wp\/v2\/users\/2"}],"replies":[{"embeddable":true,"href":"https:\/\/quehacerpolitico.mx\/index.php?rest_route=%2Fwp%2Fv2%2Fcomments&post=4297"}],"version-history":[{"count":0,"href":"https:\/\/quehacerpolitico.mx\/index.php?rest_route=\/wp\/v2\/posts\/4297\/revisions"}],"wp:featuredmedia":[{"embeddable":true,"href":"https:\/\/quehacerpolitico.mx\/index.php?rest_route=\/"}],"wp:attachment":[{"href":"https:\/\/quehacerpolitico.mx\/index.php?rest_route=%2Fwp%2Fv2%2Fmedia&parent=4297"}],"wp:term":[{"taxonomy":"category","embeddable":true,"href":"https:\/\/quehacerpolitico.mx\/index.php?rest_route=%2Fwp%2Fv2%2Fcategories&post=4297"},{"taxonomy":"post_tag","embeddable":true,"href":"https:\/\/quehacerpolitico.mx\/index.php?rest_route=%2Fwp%2Fv2%2Ftags&post=4297"}],"curies":[{"name":"wp","href":"https:\/\/api.w.org\/{rel}","templated":true}]}}