{"id":4295,"date":"2018-09-10T14:49:14","date_gmt":"2018-09-10T14:49:14","guid":{"rendered":"http:\/\/quehacerpolitico.mx\/alumnos-y-profesores-de-la-unam-reanudan-actividades-solo-6-planteles-mantienen-el-paro\/"},"modified":"2018-09-10T14:49:14","modified_gmt":"2018-09-10T14:49:14","slug":"alumnos-y-profesores-de-la-unam-reanudan-actividades-solo-6-planteles-mantienen-el-paro","status":"publish","type":"post","link":"https:\/\/quehacerpolitico.mx\/?p=4295","title":{"rendered":"Alumnos y profesores de la UNAM reanudan actividades; s\u00f3lo 6 planteles mantienen el paro"},"content":{"rendered":"<h3>A trav\u00e9s de un comunicado, la UNAM inform\u00f3 que la Facultad de Artes y Dise\u00f1o, la Escuela Nacional de Trabajo Social, los planteles 2 y 5 de la Escuela Nacional Preparatoria y los CCHs Azcapotzalco y Naucalpan mantienen el paro de actividades, pero indic\u00f3 que este mismo d\u00eda podr\u00edan reanudar sus labores.<\/h3>\n<p><strong>Alumnos y profesores<\/strong><strong> de bachillerato, licenciatura y posgrado de la Universidad Nacional aut\u00f3noma de M\u00e9xico (<\/strong><strong>UNAM<\/strong>) <strong>regresaron a clase este lunes<\/strong> luego del <strong>paro de labores<\/strong> en protesta por las <strong>agresiones por parte de porros en contra de estudiantes<\/strong> del Colegio de Ciencias y Humanidades Azcapotzalco del pasado 3 de septiembre.<\/p>\n<p>A trav\u00e9s de un comunicado, la UNAM inform\u00f3 que la <strong>Facultad de Artes y Dise\u00f1o,<\/strong> la <strong>Escuela Nacional de Trabajo Social<\/strong>, los planteles 2 y 5 de la Escuela Nacional Preparatoria y los <strong>CCHs Azcapotzalco y Naucalpan<\/strong><strong> mantienen el paro de actividades, pero indic\u00f3 que este mismo d\u00eda podr\u00edan reanudar sus labores.<\/strong><\/p>\n<p>Todos los institutos, centros y unidades de investigaci\u00f3n de la Universidad, as\u00ed como los museos y el Centro Cultural Universitario mantienen actividades normales. Adem\u00e1s, todas las \u00e1reas que prestan servicios a la comunidad universitaria y a la poblaci\u00f3n se encuentran trabajando normalmente.<\/p>\n<p>El d\u00eda de ayer, el Rector de la Universidad Nacional Aut\u00f3noma de M\u00e9xico (UNAM), Enrique Graue Wiechers, llam\u00f3 a la comunidad universitaria a no caer en provocaciones que buscan dividirlos y a mantenerse unidos, pues destac\u00f3 que la unidad mostrada por la comunidad \u201cser\u00e1 la v\u00edas m\u00e1s certera\u201d para erradicar la violencia de la universidad.<\/p>\n<p>\u201cLes pido que no caigamos en provocaciones que buscan dividirnos y debilitarnos. Es fundamental mantenernos juntos y trabajando para conseguir este importante objetivo com\u00fan\u201d, dijo el Rector de la M\u00e1xima Casa de Estudios en un comunicado esta ma\u00f1ana.<\/p>\n<p>\u201cLa unidad mostrada por nuestra comunidad en estos \u00faltimos d\u00edas es y ser\u00e1 la v\u00eda m\u00e1s certera para erradicar la violencia contra nuestros planteles y lograr que la Universidad de la Naci\u00f3n pueda seguir cumpliendo con sus tareas sustantivas\u201d, a\u00f1adi\u00f3.<\/p>\n<p>El pasado viernes se llev\u00f3 a cabo al Asamblea General Interuniversitaria, la cual dur\u00f3 alrededor de 15 horas.<\/p>\n<p>Un plan de seguridad y la erradicaci\u00f3n de grupos de choque de las escuelas y facultades de la UNAM fueron los ejes fundamentales de una asamblea de estudiantes que finaliz\u00f3 las primeras horas de ayer s\u00e1bado en la Ciudad de M\u00e9xico.<\/p>\n<p>La asamblea se llev\u00f3 a cabo tras un paro de actividades de 48 horas de m\u00e1s de 40 escuelas y facultades de la UNAM por la agresi\u00f3n que sufri\u00f3 el pasado lunes un grupo de alumnos en la explanada de la Rector\u00eda del campus universitario.<\/p>\n<p>Tras una larga discusi\u00f3n, los estudiantes, representantes de m\u00e1s de 50 escuelas y facultades, acordaron un pliego compuesto por siete puntos los cuales se discutir\u00e1n en las asambleas de cada escuela para llevar su respuesta a una pr\u00f3xima asamblea resolutiva.<\/p>\n<p>Exigieron esclarecer los hechos del lunes, democratizar las escuelas y que los alumnos elijan a las autoridades adem\u00e1s de acciones en favor de la comunidad universitaria.<\/p>\n<p>Se\u00f1alaron como necesario discutir la violencia de g\u00e9nero en los planteles, como el acoso, violaciones y feminicidios adem\u00e1s de la creaci\u00f3n de un plan de seguridad y la erradicaci\u00f3n de grupos de choque (porros).<\/p>\n<p>Exigieron educaci\u00f3n p\u00fablica y gratuita y transparencia y rendici\u00f3n de cuentas en los recursos de la universidad.<\/p>\n<p>La llamada Asamblea Interuniversitaria adelant\u00f3 que su pr\u00f3xima reuni\u00f3n ser\u00e1 el 14 de septiembre, la cual se llevar\u00e1 a cabo en la Escuela Nacional de Antropolog\u00eda e Historia (ENAH).<\/p>\n<p>Adem\u00e1s confirmaron que llevar\u00e1n a cabo una movilizaci\u00f3n para el 13 de septiembre la cual partir\u00e1 del Museo de Antropolog\u00eda al Z\u00f3calo capitalino.<\/p>\n","protected":false},"excerpt":{"rendered":"<p>Alumnos y profesores de la UNAM reanudan actividades; s\u00f3lo 6 planteles mantienen el paro<br \/>\nPor Redacci\u00f3n QP<\/p>\n","protected":false},"author":2,"featured_media":4294,"comment_status":"open","ping_status":"open","sticky":false,"template":"","format":"standard","meta":{"_monsterinsights_skip_tracking":false,"_monsterinsights_sitenote_active":false,"_monsterinsights_sitenote_note":"","_monsterinsights_sitenote_category":0,"footnotes":""},"categories":[55],"tags":[],"class_list":["post-4295","post","type-post","status-publish","format-standard","has-post-thumbnail","hentry","category-cdmx"],"yoast_head":"<!-- This site is optimized with the Yoast SEO plugin v27.3 - https:\/\/yoast.com\/product\/yoast-seo-wordpress\/ -->\n<title>Alumnos y profesores de la UNAM reanudan actividades; s\u00f3lo 6 planteles mantienen el paro -<\/title>\n<meta name=\"robots\" content=\"index, follow, max-snippet:-1, max-image-preview:large, max-video-preview:-1\" \/>\n<link rel=\"canonical\" href=\"https:\/\/quehacerpolitico.mx\/?p=4295\" \/>\n<meta property=\"og:locale\" content=\"es_MX\" \/>\n<meta property=\"og:type\" content=\"article\" \/>\n<meta property=\"og:title\" content=\"Alumnos y profesores de la UNAM reanudan actividades; s\u00f3lo 6 planteles mantienen el paro -\" \/>\n<meta property=\"og:description\" content=\"Alumnos y profesores de la UNAM reanudan actividades; s\u00f3lo 6 planteles mantienen el paro Por Redacci\u00f3n QP\" \/>\n<meta property=\"og:url\" content=\"https:\/\/quehacerpolitico.mx\/?p=4295\" \/>\n<meta property=\"article:published_time\" content=\"2018-09-10T14:49:14+00:00\" \/>\n<meta name=\"author\" content=\"Redacci\u00f3n QP\" \/>\n<meta name=\"twitter:card\" content=\"summary_large_image\" \/>\n<meta name=\"twitter:label1\" content=\"Escrito por\" \/>\n\t<meta name=\"twitter:data1\" content=\"Redacci\u00f3n QP\" \/>\n\t<meta name=\"twitter:label2\" content=\"Tiempo de lectura\" \/>\n\t<meta name=\"twitter:data2\" content=\"3 minutos\" \/>\n<script type=\"application\/ld+json\" class=\"yoast-schema-graph\">{\"@context\":\"https:\\\/\\\/schema.org\",\"@graph\":[{\"@type\":\"Article\",\"@id\":\"https:\\\/\\\/quehacerpolitico.mx\\\/?p=4295#article\",\"isPartOf\":{\"@id\":\"https:\\\/\\\/quehacerpolitico.mx\\\/?p=4295\"},\"author\":{\"name\":\"Redacci\u00f3n QP\",\"@id\":\"https:\\\/\\\/quehacerpolitico.mx\\\/#\\\/schema\\\/person\\\/496d8ad2d1d3f8036101dca7ee39e585\"},\"headline\":\"Alumnos y profesores de la UNAM reanudan actividades; s\u00f3lo 6 planteles mantienen el paro\",\"datePublished\":\"2018-09-10T14:49:14+00:00\",\"mainEntityOfPage\":{\"@id\":\"https:\\\/\\\/quehacerpolitico.mx\\\/?p=4295\"},\"wordCount\":659,\"commentCount\":0,\"image\":{\"@id\":\"https:\\\/\\\/quehacerpolitico.mx\\\/?p=4295#primaryimage\"},\"thumbnailUrl\":\"\",\"articleSection\":[\"CDMX\"],\"inLanguage\":\"es\",\"potentialAction\":[{\"@type\":\"CommentAction\",\"name\":\"Comment\",\"target\":[\"https:\\\/\\\/quehacerpolitico.mx\\\/?p=4295#respond\"]}]},{\"@type\":\"WebPage\",\"@id\":\"https:\\\/\\\/quehacerpolitico.mx\\\/?p=4295\",\"url\":\"https:\\\/\\\/quehacerpolitico.mx\\\/?p=4295\",\"name\":\"Alumnos y profesores de la UNAM reanudan actividades; s\u00f3lo 6 planteles mantienen el paro -\",\"isPartOf\":{\"@id\":\"https:\\\/\\\/quehacerpolitico.mx\\\/#website\"},\"primaryImageOfPage\":{\"@id\":\"https:\\\/\\\/quehacerpolitico.mx\\\/?p=4295#primaryimage\"},\"image\":{\"@id\":\"https:\\\/\\\/quehacerpolitico.mx\\\/?p=4295#primaryimage\"},\"thumbnailUrl\":\"\",\"datePublished\":\"2018-09-10T14:49:14+00:00\",\"author\":{\"@id\":\"https:\\\/\\\/quehacerpolitico.mx\\\/#\\\/schema\\\/person\\\/496d8ad2d1d3f8036101dca7ee39e585\"},\"breadcrumb\":{\"@id\":\"https:\\\/\\\/quehacerpolitico.mx\\\/?p=4295#breadcrumb\"},\"inLanguage\":\"es\",\"potentialAction\":[{\"@type\":\"ReadAction\",\"target\":[\"https:\\\/\\\/quehacerpolitico.mx\\\/?p=4295\"]}]},{\"@type\":\"ImageObject\",\"inLanguage\":\"es\",\"@id\":\"https:\\\/\\\/quehacerpolitico.mx\\\/?p=4295#primaryimage\",\"url\":\"\",\"contentUrl\":\"\"},{\"@type\":\"BreadcrumbList\",\"@id\":\"https:\\\/\\\/quehacerpolitico.mx\\\/?p=4295#breadcrumb\",\"itemListElement\":[{\"@type\":\"ListItem\",\"position\":1,\"name\":\"Inicio\",\"item\":\"https:\\\/\\\/quehacerpolitico.mx\\\/\"},{\"@type\":\"ListItem\",\"position\":2,\"name\":\"Alumnos y profesores de la UNAM reanudan actividades; s\u00f3lo 6 planteles mantienen el paro\"}]},{\"@type\":\"WebSite\",\"@id\":\"https:\\\/\\\/quehacerpolitico.mx\\\/#website\",\"url\":\"https:\\\/\\\/quehacerpolitico.mx\\\/\",\"name\":\"\",\"description\":\"\",\"potentialAction\":[{\"@type\":\"SearchAction\",\"target\":{\"@type\":\"EntryPoint\",\"urlTemplate\":\"https:\\\/\\\/quehacerpolitico.mx\\\/?s={search_term_string}\"},\"query-input\":{\"@type\":\"PropertyValueSpecification\",\"valueRequired\":true,\"valueName\":\"search_term_string\"}}],\"inLanguage\":\"es\"},{\"@type\":\"Person\",\"@id\":\"https:\\\/\\\/quehacerpolitico.mx\\\/#\\\/schema\\\/person\\\/496d8ad2d1d3f8036101dca7ee39e585\",\"name\":\"Redacci\u00f3n QP\",\"image\":{\"@type\":\"ImageObject\",\"inLanguage\":\"es\",\"@id\":\"https:\\\/\\\/secure.gravatar.com\\\/avatar\\\/c7164ed6fdec453195284ad24a5ae5b6e1eed2b848477fa2a4787ba9adf39a41?s=96&d=mm&r=g\",\"url\":\"https:\\\/\\\/secure.gravatar.com\\\/avatar\\\/c7164ed6fdec453195284ad24a5ae5b6e1eed2b848477fa2a4787ba9adf39a41?s=96&d=mm&r=g\",\"contentUrl\":\"https:\\\/\\\/secure.gravatar.com\\\/avatar\\\/c7164ed6fdec453195284ad24a5ae5b6e1eed2b848477fa2a4787ba9adf39a41?s=96&d=mm&r=g\",\"caption\":\"Redacci\u00f3n QP\"},\"url\":\"https:\\\/\\\/quehacerpolitico.mx\\\/?author=2\"}]}<\/script>\n<!-- \/ Yoast SEO plugin. -->","yoast_head_json":{"title":"Alumnos y profesores de la UNAM reanudan actividades; s\u00f3lo 6 planteles mantienen el paro -","robots":{"index":"index","follow":"follow","max-snippet":"max-snippet:-1","max-image-preview":"max-image-preview:large","max-video-preview":"max-video-preview:-1"},"canonical":"https:\/\/quehacerpolitico.mx\/?p=4295","og_locale":"es_MX","og_type":"article","og_title":"Alumnos y profesores de la UNAM reanudan actividades; s\u00f3lo 6 planteles mantienen el paro -","og_description":"Alumnos y profesores de la UNAM reanudan actividades; s\u00f3lo 6 planteles mantienen el paro Por Redacci\u00f3n QP","og_url":"https:\/\/quehacerpolitico.mx\/?p=4295","article_published_time":"2018-09-10T14:49:14+00:00","author":"Redacci\u00f3n QP","twitter_card":"summary_large_image","twitter_misc":{"Escrito por":"Redacci\u00f3n QP","Tiempo de lectura":"3 minutos"},"schema":{"@context":"https:\/\/schema.org","@graph":[{"@type":"Article","@id":"https:\/\/quehacerpolitico.mx\/?p=4295#article","isPartOf":{"@id":"https:\/\/quehacerpolitico.mx\/?p=4295"},"author":{"name":"Redacci\u00f3n QP","@id":"https:\/\/quehacerpolitico.mx\/#\/schema\/person\/496d8ad2d1d3f8036101dca7ee39e585"},"headline":"Alumnos y profesores de la UNAM reanudan actividades; s\u00f3lo 6 planteles mantienen el paro","datePublished":"2018-09-10T14:49:14+00:00","mainEntityOfPage":{"@id":"https:\/\/quehacerpolitico.mx\/?p=4295"},"wordCount":659,"commentCount":0,"image":{"@id":"https:\/\/quehacerpolitico.mx\/?p=4295#primaryimage"},"thumbnailUrl":"","articleSection":["CDMX"],"inLanguage":"es","potentialAction":[{"@type":"CommentAction","name":"Comment","target":["https:\/\/quehacerpolitico.mx\/?p=4295#respond"]}]},{"@type":"WebPage","@id":"https:\/\/quehacerpolitico.mx\/?p=4295","url":"https:\/\/quehacerpolitico.mx\/?p=4295","name":"Alumnos y profesores de la UNAM reanudan actividades; s\u00f3lo 6 planteles mantienen el paro -","isPartOf":{"@id":"https:\/\/quehacerpolitico.mx\/#website"},"primaryImageOfPage":{"@id":"https:\/\/quehacerpolitico.mx\/?p=4295#primaryimage"},"image":{"@id":"https:\/\/quehacerpolitico.mx\/?p=4295#primaryimage"},"thumbnailUrl":"","datePublished":"2018-09-10T14:49:14+00:00","author":{"@id":"https:\/\/quehacerpolitico.mx\/#\/schema\/person\/496d8ad2d1d3f8036101dca7ee39e585"},"breadcrumb":{"@id":"https:\/\/quehacerpolitico.mx\/?p=4295#breadcrumb"},"inLanguage":"es","potentialAction":[{"@type":"ReadAction","target":["https:\/\/quehacerpolitico.mx\/?p=4295"]}]},{"@type":"ImageObject","inLanguage":"es","@id":"https:\/\/quehacerpolitico.mx\/?p=4295#primaryimage","url":"","contentUrl":""},{"@type":"BreadcrumbList","@id":"https:\/\/quehacerpolitico.mx\/?p=4295#breadcrumb","itemListElement":[{"@type":"ListItem","position":1,"name":"Inicio","item":"https:\/\/quehacerpolitico.mx\/"},{"@type":"ListItem","position":2,"name":"Alumnos y profesores de la UNAM reanudan actividades; s\u00f3lo 6 planteles mantienen el paro"}]},{"@type":"WebSite","@id":"https:\/\/quehacerpolitico.mx\/#website","url":"https:\/\/quehacerpolitico.mx\/","name":"","description":"","potentialAction":[{"@type":"SearchAction","target":{"@type":"EntryPoint","urlTemplate":"https:\/\/quehacerpolitico.mx\/?s={search_term_string}"},"query-input":{"@type":"PropertyValueSpecification","valueRequired":true,"valueName":"search_term_string"}}],"inLanguage":"es"},{"@type":"Person","@id":"https:\/\/quehacerpolitico.mx\/#\/schema\/person\/496d8ad2d1d3f8036101dca7ee39e585","name":"Redacci\u00f3n QP","image":{"@type":"ImageObject","inLanguage":"es","@id":"https:\/\/secure.gravatar.com\/avatar\/c7164ed6fdec453195284ad24a5ae5b6e1eed2b848477fa2a4787ba9adf39a41?s=96&d=mm&r=g","url":"https:\/\/secure.gravatar.com\/avatar\/c7164ed6fdec453195284ad24a5ae5b6e1eed2b848477fa2a4787ba9adf39a41?s=96&d=mm&r=g","contentUrl":"https:\/\/secure.gravatar.com\/avatar\/c7164ed6fdec453195284ad24a5ae5b6e1eed2b848477fa2a4787ba9adf39a41?s=96&d=mm&r=g","caption":"Redacci\u00f3n QP"},"url":"https:\/\/quehacerpolitico.mx\/?author=2"}]}},"featured_image_urls":{"full":"","thumbnail":"","medium":"","medium_large":"","large":"","1536x1536":"","2048x2048":"","covernews-featured":"","covernews-medium":""},"author_info":{"display_name":"Redacci\u00f3n QP","author_link":"https:\/\/quehacerpolitico.mx\/?author=2"},"category_info":"<a href=\"https:\/\/quehacerpolitico.mx\/?cat=55\" rel=\"category\">CDMX<\/a>","tag_info":"CDMX","comment_count":"0","_links":{"self":[{"href":"https:\/\/quehacerpolitico.mx\/index.php?rest_route=\/wp\/v2\/posts\/4295","targetHints":{"allow":["GET"]}}],"collection":[{"href":"https:\/\/quehacerpolitico.mx\/index.php?rest_route=\/wp\/v2\/posts"}],"about":[{"href":"https:\/\/quehacerpolitico.mx\/index.php?rest_route=\/wp\/v2\/types\/post"}],"author":[{"embeddable":true,"href":"https:\/\/quehacerpolitico.mx\/index.php?rest_route=\/wp\/v2\/users\/2"}],"replies":[{"embeddable":true,"href":"https:\/\/quehacerpolitico.mx\/index.php?rest_route=%2Fwp%2Fv2%2Fcomments&post=4295"}],"version-history":[{"count":0,"href":"https:\/\/quehacerpolitico.mx\/index.php?rest_route=\/wp\/v2\/posts\/4295\/revisions"}],"wp:featuredmedia":[{"embeddable":true,"href":"https:\/\/quehacerpolitico.mx\/index.php?rest_route=\/"}],"wp:attachment":[{"href":"https:\/\/quehacerpolitico.mx\/index.php?rest_route=%2Fwp%2Fv2%2Fmedia&parent=4295"}],"wp:term":[{"taxonomy":"category","embeddable":true,"href":"https:\/\/quehacerpolitico.mx\/index.php?rest_route=%2Fwp%2Fv2%2Fcategories&post=4295"},{"taxonomy":"post_tag","embeddable":true,"href":"https:\/\/quehacerpolitico.mx\/index.php?rest_route=%2Fwp%2Fv2%2Ftags&post=4295"}],"curies":[{"name":"wp","href":"https:\/\/api.w.org\/{rel}","templated":true}]}}