{"id":4293,"date":"2018-09-10T14:41:16","date_gmt":"2018-09-10T14:41:16","guid":{"rendered":"http:\/\/quehacerpolitico.mx\/polevnsky-reclama-a-cuauhtemoc-blanco-no-haber-incluido-a-rabindranath-salazar-en-el-gobierno-de-morelos\/"},"modified":"2018-09-10T14:41:16","modified_gmt":"2018-09-10T14:41:16","slug":"polevnsky-reclama-a-cuauhtemoc-blanco-no-haber-incluido-a-rabindranath-salazar-en-el-gobierno-de-morelos","status":"publish","type":"post","link":"https:\/\/quehacerpolitico.mx\/?p=4293","title":{"rendered":"Polevnsky reclama a Cuauht\u00e9moc Blanco no haber incluido a Rabindranath Salazar en el Gobierno de Morelos"},"content":{"rendered":"<h3><strong>Durante una reuni\u00f3n privada con diputados locales de Morena, Partido Encuentro Social (PES) y del Partido del Trabajo (PT), la dirigente morenista\u00a0aclar\u00f3 que\u00a0Hugo \u00c9ric Flores, l\u00edder del PES, sali\u00f3 del encuentro porque visitar\u00eda a Cuauht\u00e9moc Blanco para hablar sobre su inconformidad por la exclusi\u00f3n de\u00a0Rabindranath Salazar, quien\u00a0era el candidato de su partido para contender por la Gubernatura de Morelos.<\/strong><\/h3>\n<p><strong>Yeidckol Polevnsky<\/strong>, dirigente del Movimiento de Regeneraci\u00f3n Nacional (Morena), reproch\u00f3 a\u00a0<strong>Cuauht\u00e9moc Blanco<\/strong>, Gobernador electo de Morelos, no haber sumado a su equipo al ex Senador <strong>Rabindranath Salazar<\/strong>.<\/p>\n<blockquote>\n<p>\u201cYo hubiera esperado del futbolista que le hubiera dicho a <strong>Rabin<\/strong> \u2018aqu\u00ed est\u00e1 el estado qu\u00e9 quieres. S\u00e9 t\u00fa el Secretario de Gobierno, ten la mitad de los cargos para Morena, la mitad para nosotros, y gobernamos de forma conjunta\u2019, tristemente esto no ha sucedido\u201d, asegur\u00f3 este domingo, de acuerdo con informaci\u00f3n publicada por medios nacionales.<\/p>\n<\/blockquote>\n<p>Durante una reuni\u00f3n privada con diputados locales de Morena, Partido Encuentro Social (PES) y del Partido del Trabajo (PT),\u00a0<strong>Polevnsky<\/strong>\u00a0acus\u00f3 que\u00a0Jos\u00e9 Manuel S\u00e1enz, particular del futbolista, ha buscado a la bancada morenista para que se unan al Gobernador electo.<\/p>\n<blockquote>\n<p>\u201cNo se vale hacerlo entre nosotros, entre la coalici\u00f3n. En la coalici\u00f3n hay que cuidarnos y respetarnos\u201d, se\u00f1al\u00f3 desde el\u00a0auditorio de la C\u00e1mara de Diputados.<\/p>\n<\/blockquote>\n<p>Asimismo, aclar\u00f3 que\u00a0Hugo \u00c9ric Flores, l\u00edder del PES, sali\u00f3 del encuentro porque sostendr\u00eda una reuni\u00f3n con\u00a0Cuauht\u00e9moc Blanco para hablar sobre su inconformidad por la exclusi\u00f3n de\u00a0<strong>Rabindranath Salazar<\/strong>, quien\u00a0era el candidato morenista para contender por la Gubernatura de Morelos.<\/p>\n<blockquote>\n<p>\u201cSe va reunir con \u00e9l y lleva este mensaje que estoy compartiendo con ustedes que nobleza obliga y no ha mostrado ninguna nobleza\u201d, finaliz\u00f3.<\/p>\n<\/blockquote>\n","protected":false},"excerpt":{"rendered":"<p>Polevnsky reclama a Cuauht\u00e9moc Blanco no haber incluido a Rabindranath Salazar en el Gobierno de Morelos<br \/>\nPor Redacci\u00f3n QP<\/p>\n","protected":false},"author":2,"featured_media":4292,"comment_status":"open","ping_status":"open","sticky":false,"template":"","format":"standard","meta":{"_monsterinsights_skip_tracking":false,"_monsterinsights_sitenote_active":false,"_monsterinsights_sitenote_note":"","_monsterinsights_sitenote_category":0,"footnotes":""},"categories":[2],"tags":[],"class_list":["post-4293","post","type-post","status-publish","format-standard","has-post-thumbnail","hentry","category-noticias"],"yoast_head":"<!-- This site is optimized with the Yoast SEO plugin v27.3 - https:\/\/yoast.com\/product\/yoast-seo-wordpress\/ -->\n<title>Polevnsky reclama a Cuauht\u00e9moc Blanco no haber incluido a Rabindranath Salazar en el Gobierno de Morelos -<\/title>\n<meta name=\"robots\" content=\"index, follow, max-snippet:-1, max-image-preview:large, max-video-preview:-1\" \/>\n<link rel=\"canonical\" href=\"https:\/\/quehacerpolitico.mx\/?p=4293\" \/>\n<meta property=\"og:locale\" content=\"es_MX\" \/>\n<meta property=\"og:type\" content=\"article\" \/>\n<meta property=\"og:title\" content=\"Polevnsky reclama a Cuauht\u00e9moc Blanco no haber incluido a Rabindranath Salazar en el Gobierno de Morelos -\" \/>\n<meta property=\"og:description\" content=\"Polevnsky reclama a Cuauht\u00e9moc Blanco no haber incluido a Rabindranath Salazar en el Gobierno de Morelos Por Redacci\u00f3n QP\" \/>\n<meta property=\"og:url\" content=\"https:\/\/quehacerpolitico.mx\/?p=4293\" \/>\n<meta property=\"article:published_time\" content=\"2018-09-10T14:41:16+00:00\" \/>\n<meta name=\"author\" content=\"Redacci\u00f3n QP\" \/>\n<meta name=\"twitter:card\" content=\"summary_large_image\" \/>\n<meta name=\"twitter:label1\" content=\"Escrito por\" \/>\n\t<meta name=\"twitter:data1\" content=\"Redacci\u00f3n QP\" \/>\n\t<meta name=\"twitter:label2\" content=\"Tiempo de lectura\" \/>\n\t<meta name=\"twitter:data2\" content=\"1 minuto\" \/>\n<script type=\"application\/ld+json\" class=\"yoast-schema-graph\">{\"@context\":\"https:\\\/\\\/schema.org\",\"@graph\":[{\"@type\":\"Article\",\"@id\":\"https:\\\/\\\/quehacerpolitico.mx\\\/?p=4293#article\",\"isPartOf\":{\"@id\":\"https:\\\/\\\/quehacerpolitico.mx\\\/?p=4293\"},\"author\":{\"name\":\"Redacci\u00f3n QP\",\"@id\":\"https:\\\/\\\/quehacerpolitico.mx\\\/#\\\/schema\\\/person\\\/496d8ad2d1d3f8036101dca7ee39e585\"},\"headline\":\"Polevnsky reclama a Cuauht\u00e9moc Blanco no haber incluido a Rabindranath Salazar en el Gobierno de Morelos\",\"datePublished\":\"2018-09-10T14:41:16+00:00\",\"mainEntityOfPage\":{\"@id\":\"https:\\\/\\\/quehacerpolitico.mx\\\/?p=4293\"},\"wordCount\":316,\"commentCount\":0,\"image\":{\"@id\":\"https:\\\/\\\/quehacerpolitico.mx\\\/?p=4293#primaryimage\"},\"thumbnailUrl\":\"\",\"articleSection\":[\"Noticias\"],\"inLanguage\":\"es\",\"potentialAction\":[{\"@type\":\"CommentAction\",\"name\":\"Comment\",\"target\":[\"https:\\\/\\\/quehacerpolitico.mx\\\/?p=4293#respond\"]}]},{\"@type\":\"WebPage\",\"@id\":\"https:\\\/\\\/quehacerpolitico.mx\\\/?p=4293\",\"url\":\"https:\\\/\\\/quehacerpolitico.mx\\\/?p=4293\",\"name\":\"Polevnsky reclama a Cuauht\u00e9moc Blanco no haber incluido a Rabindranath Salazar en el Gobierno de Morelos -\",\"isPartOf\":{\"@id\":\"https:\\\/\\\/quehacerpolitico.mx\\\/#website\"},\"primaryImageOfPage\":{\"@id\":\"https:\\\/\\\/quehacerpolitico.mx\\\/?p=4293#primaryimage\"},\"image\":{\"@id\":\"https:\\\/\\\/quehacerpolitico.mx\\\/?p=4293#primaryimage\"},\"thumbnailUrl\":\"\",\"datePublished\":\"2018-09-10T14:41:16+00:00\",\"author\":{\"@id\":\"https:\\\/\\\/quehacerpolitico.mx\\\/#\\\/schema\\\/person\\\/496d8ad2d1d3f8036101dca7ee39e585\"},\"breadcrumb\":{\"@id\":\"https:\\\/\\\/quehacerpolitico.mx\\\/?p=4293#breadcrumb\"},\"inLanguage\":\"es\",\"potentialAction\":[{\"@type\":\"ReadAction\",\"target\":[\"https:\\\/\\\/quehacerpolitico.mx\\\/?p=4293\"]}]},{\"@type\":\"ImageObject\",\"inLanguage\":\"es\",\"@id\":\"https:\\\/\\\/quehacerpolitico.mx\\\/?p=4293#primaryimage\",\"url\":\"\",\"contentUrl\":\"\"},{\"@type\":\"BreadcrumbList\",\"@id\":\"https:\\\/\\\/quehacerpolitico.mx\\\/?p=4293#breadcrumb\",\"itemListElement\":[{\"@type\":\"ListItem\",\"position\":1,\"name\":\"Inicio\",\"item\":\"https:\\\/\\\/quehacerpolitico.mx\\\/\"},{\"@type\":\"ListItem\",\"position\":2,\"name\":\"Polevnsky reclama a Cuauht\u00e9moc Blanco no haber incluido a Rabindranath Salazar en el Gobierno de Morelos\"}]},{\"@type\":\"WebSite\",\"@id\":\"https:\\\/\\\/quehacerpolitico.mx\\\/#website\",\"url\":\"https:\\\/\\\/quehacerpolitico.mx\\\/\",\"name\":\"\",\"description\":\"\",\"potentialAction\":[{\"@type\":\"SearchAction\",\"target\":{\"@type\":\"EntryPoint\",\"urlTemplate\":\"https:\\\/\\\/quehacerpolitico.mx\\\/?s={search_term_string}\"},\"query-input\":{\"@type\":\"PropertyValueSpecification\",\"valueRequired\":true,\"valueName\":\"search_term_string\"}}],\"inLanguage\":\"es\"},{\"@type\":\"Person\",\"@id\":\"https:\\\/\\\/quehacerpolitico.mx\\\/#\\\/schema\\\/person\\\/496d8ad2d1d3f8036101dca7ee39e585\",\"name\":\"Redacci\u00f3n QP\",\"image\":{\"@type\":\"ImageObject\",\"inLanguage\":\"es\",\"@id\":\"https:\\\/\\\/secure.gravatar.com\\\/avatar\\\/c7164ed6fdec453195284ad24a5ae5b6e1eed2b848477fa2a4787ba9adf39a41?s=96&d=mm&r=g\",\"url\":\"https:\\\/\\\/secure.gravatar.com\\\/avatar\\\/c7164ed6fdec453195284ad24a5ae5b6e1eed2b848477fa2a4787ba9adf39a41?s=96&d=mm&r=g\",\"contentUrl\":\"https:\\\/\\\/secure.gravatar.com\\\/avatar\\\/c7164ed6fdec453195284ad24a5ae5b6e1eed2b848477fa2a4787ba9adf39a41?s=96&d=mm&r=g\",\"caption\":\"Redacci\u00f3n QP\"},\"url\":\"https:\\\/\\\/quehacerpolitico.mx\\\/?author=2\"}]}<\/script>\n<!-- \/ Yoast SEO plugin. -->","yoast_head_json":{"title":"Polevnsky reclama a Cuauht\u00e9moc Blanco no haber incluido a Rabindranath Salazar en el Gobierno de Morelos -","robots":{"index":"index","follow":"follow","max-snippet":"max-snippet:-1","max-image-preview":"max-image-preview:large","max-video-preview":"max-video-preview:-1"},"canonical":"https:\/\/quehacerpolitico.mx\/?p=4293","og_locale":"es_MX","og_type":"article","og_title":"Polevnsky reclama a Cuauht\u00e9moc Blanco no haber incluido a Rabindranath Salazar en el Gobierno de Morelos -","og_description":"Polevnsky reclama a Cuauht\u00e9moc Blanco no haber incluido a Rabindranath Salazar en el Gobierno de Morelos Por Redacci\u00f3n QP","og_url":"https:\/\/quehacerpolitico.mx\/?p=4293","article_published_time":"2018-09-10T14:41:16+00:00","author":"Redacci\u00f3n QP","twitter_card":"summary_large_image","twitter_misc":{"Escrito por":"Redacci\u00f3n QP","Tiempo de lectura":"1 minuto"},"schema":{"@context":"https:\/\/schema.org","@graph":[{"@type":"Article","@id":"https:\/\/quehacerpolitico.mx\/?p=4293#article","isPartOf":{"@id":"https:\/\/quehacerpolitico.mx\/?p=4293"},"author":{"name":"Redacci\u00f3n QP","@id":"https:\/\/quehacerpolitico.mx\/#\/schema\/person\/496d8ad2d1d3f8036101dca7ee39e585"},"headline":"Polevnsky reclama a Cuauht\u00e9moc Blanco no haber incluido a Rabindranath Salazar en el Gobierno de Morelos","datePublished":"2018-09-10T14:41:16+00:00","mainEntityOfPage":{"@id":"https:\/\/quehacerpolitico.mx\/?p=4293"},"wordCount":316,"commentCount":0,"image":{"@id":"https:\/\/quehacerpolitico.mx\/?p=4293#primaryimage"},"thumbnailUrl":"","articleSection":["Noticias"],"inLanguage":"es","potentialAction":[{"@type":"CommentAction","name":"Comment","target":["https:\/\/quehacerpolitico.mx\/?p=4293#respond"]}]},{"@type":"WebPage","@id":"https:\/\/quehacerpolitico.mx\/?p=4293","url":"https:\/\/quehacerpolitico.mx\/?p=4293","name":"Polevnsky reclama a Cuauht\u00e9moc Blanco no haber incluido a Rabindranath Salazar en el Gobierno de Morelos -","isPartOf":{"@id":"https:\/\/quehacerpolitico.mx\/#website"},"primaryImageOfPage":{"@id":"https:\/\/quehacerpolitico.mx\/?p=4293#primaryimage"},"image":{"@id":"https:\/\/quehacerpolitico.mx\/?p=4293#primaryimage"},"thumbnailUrl":"","datePublished":"2018-09-10T14:41:16+00:00","author":{"@id":"https:\/\/quehacerpolitico.mx\/#\/schema\/person\/496d8ad2d1d3f8036101dca7ee39e585"},"breadcrumb":{"@id":"https:\/\/quehacerpolitico.mx\/?p=4293#breadcrumb"},"inLanguage":"es","potentialAction":[{"@type":"ReadAction","target":["https:\/\/quehacerpolitico.mx\/?p=4293"]}]},{"@type":"ImageObject","inLanguage":"es","@id":"https:\/\/quehacerpolitico.mx\/?p=4293#primaryimage","url":"","contentUrl":""},{"@type":"BreadcrumbList","@id":"https:\/\/quehacerpolitico.mx\/?p=4293#breadcrumb","itemListElement":[{"@type":"ListItem","position":1,"name":"Inicio","item":"https:\/\/quehacerpolitico.mx\/"},{"@type":"ListItem","position":2,"name":"Polevnsky reclama a Cuauht\u00e9moc Blanco no haber incluido a Rabindranath Salazar en el Gobierno de Morelos"}]},{"@type":"WebSite","@id":"https:\/\/quehacerpolitico.mx\/#website","url":"https:\/\/quehacerpolitico.mx\/","name":"","description":"","potentialAction":[{"@type":"SearchAction","target":{"@type":"EntryPoint","urlTemplate":"https:\/\/quehacerpolitico.mx\/?s={search_term_string}"},"query-input":{"@type":"PropertyValueSpecification","valueRequired":true,"valueName":"search_term_string"}}],"inLanguage":"es"},{"@type":"Person","@id":"https:\/\/quehacerpolitico.mx\/#\/schema\/person\/496d8ad2d1d3f8036101dca7ee39e585","name":"Redacci\u00f3n QP","image":{"@type":"ImageObject","inLanguage":"es","@id":"https:\/\/secure.gravatar.com\/avatar\/c7164ed6fdec453195284ad24a5ae5b6e1eed2b848477fa2a4787ba9adf39a41?s=96&d=mm&r=g","url":"https:\/\/secure.gravatar.com\/avatar\/c7164ed6fdec453195284ad24a5ae5b6e1eed2b848477fa2a4787ba9adf39a41?s=96&d=mm&r=g","contentUrl":"https:\/\/secure.gravatar.com\/avatar\/c7164ed6fdec453195284ad24a5ae5b6e1eed2b848477fa2a4787ba9adf39a41?s=96&d=mm&r=g","caption":"Redacci\u00f3n QP"},"url":"https:\/\/quehacerpolitico.mx\/?author=2"}]}},"featured_image_urls":{"full":"","thumbnail":"","medium":"","medium_large":"","large":"","1536x1536":"","2048x2048":"","covernews-featured":"","covernews-medium":""},"author_info":{"display_name":"Redacci\u00f3n QP","author_link":"https:\/\/quehacerpolitico.mx\/?author=2"},"category_info":"<a href=\"https:\/\/quehacerpolitico.mx\/?cat=2\" rel=\"category\">Noticias<\/a>","tag_info":"Noticias","comment_count":"0","_links":{"self":[{"href":"https:\/\/quehacerpolitico.mx\/index.php?rest_route=\/wp\/v2\/posts\/4293","targetHints":{"allow":["GET"]}}],"collection":[{"href":"https:\/\/quehacerpolitico.mx\/index.php?rest_route=\/wp\/v2\/posts"}],"about":[{"href":"https:\/\/quehacerpolitico.mx\/index.php?rest_route=\/wp\/v2\/types\/post"}],"author":[{"embeddable":true,"href":"https:\/\/quehacerpolitico.mx\/index.php?rest_route=\/wp\/v2\/users\/2"}],"replies":[{"embeddable":true,"href":"https:\/\/quehacerpolitico.mx\/index.php?rest_route=%2Fwp%2Fv2%2Fcomments&post=4293"}],"version-history":[{"count":0,"href":"https:\/\/quehacerpolitico.mx\/index.php?rest_route=\/wp\/v2\/posts\/4293\/revisions"}],"wp:featuredmedia":[{"embeddable":true,"href":"https:\/\/quehacerpolitico.mx\/index.php?rest_route=\/"}],"wp:attachment":[{"href":"https:\/\/quehacerpolitico.mx\/index.php?rest_route=%2Fwp%2Fv2%2Fmedia&parent=4293"}],"wp:term":[{"taxonomy":"category","embeddable":true,"href":"https:\/\/quehacerpolitico.mx\/index.php?rest_route=%2Fwp%2Fv2%2Fcategories&post=4293"},{"taxonomy":"post_tag","embeddable":true,"href":"https:\/\/quehacerpolitico.mx\/index.php?rest_route=%2Fwp%2Fv2%2Ftags&post=4293"}],"curies":[{"name":"wp","href":"https:\/\/api.w.org\/{rel}","templated":true}]}}