{"id":4283,"date":"2018-09-10T02:34:36","date_gmt":"2018-09-10T02:34:36","guid":{"rendered":"http:\/\/quehacerpolitico.mx\/cuauhtemoc-blanco-no-ha-mostrado-nobleza-dice-yeidckol-polevnsky\/"},"modified":"2018-09-10T02:34:36","modified_gmt":"2018-09-10T02:34:36","slug":"cuauhtemoc-blanco-no-ha-mostrado-nobleza-dice-yeidckol-polevnsky","status":"publish","type":"post","link":"https:\/\/quehacerpolitico.mx\/?p=4283","title":{"rendered":"&#8220;Cuauht\u00e9moc Blanco no ha mostrado nobleza&#8221;, dice Yeidckol Polevnsky"},"content":{"rendered":"<p>La presidenta nacional de Morena, Yeidckol Polevnsky, arremeti\u00f3 contra el gobernador electo de Morelos, Cuauht\u00e9moc Blanco, por no haber incluido en\u00a0su equipo de gobierno al ex senador Rabindranath Salazar.<\/p>\n<div id=\"div-gpt-ad-1524682842930-0\" data-google-query-id=\"CL6Qzbyyr90CFQrEwAodjAwC1w\">\n<div id=\"google_ads_iframe_\/40135427\/informador_mx_Video_Outstream_0__container__\"><strong>&#8220;Yo hubiera esperado del futbolista que le hubiera dicho a Rabin: &#8216;aqu\u00ed est\u00e1 el estado qu\u00e9 quieres. S\u00e9 el secretario de Gobierno, ten la mitad de los cargos. La mitad para Morena, la otra para nosotros, y gobernamos de forma conjunta, tristemente esto no ha sucedido'&#8221;<\/strong>, expres\u00f3.<\/div>\n<\/div>\n<p>En una reuni\u00f3n privada con diputados locales de Morena, PES y PT, en el auditorio de la C\u00e1mara de Diputados, <strong>Yeidckol afirm\u00f3 que el particular de Blanco, Jos\u00e9 Manuel S\u00e1enz, ha convocado a los diputados de Morena a nombre del gobernador para &#8220;jalarlos y se vayan con \u00e9l&#8221;, y asegur\u00f3 &#8220;eso no se debe hacer entre nosotros, no entre la coalici\u00f3n, hay que respetarnos e irnos de forma conjunta&#8221;.<\/strong><\/p>\n<p>&#8220;Nos ha ido quitando, el &#8216;espa\u00f1olete&#8217; \u00e9ste, nos ha ido quitando a nuestros diputados, estoy absolutamente molesta con el futbolista, adem\u00e1s hizo campa\u00f1a solamente poniendo sus logos, se los coment\u00e9 a los del PT, porque su diputada Valentina sale a decir idioteces porque las declara, y lo comento aqu\u00ed porque son mis compa\u00f1eros y nos quejamos de lo mismo&#8221;, agreg\u00f3.<\/p>\n<p>Polevnsky explic\u00f3 tener el respaldo absoluto del presidente del PES, Hugo Eric Flores, quien se sali\u00f3 del acto para sostener un encuentro con Cuauht\u00e9moc Blanco.\u00a0<\/p>\n<p>&#8220;Porque \u00e9l ha padecido lo mismo, \u00e9l es muy correcto, y est\u00e1 pasando aceite por estos comportamientos, se va reunir con \u00e9l [Blanco] y lleva este mensaje que estoy compartiendo con ustedes, que nobleza obliga y no ha mostrado ninguna nobleza&#8221;, agreg\u00f3.<\/p>\n<p>La l\u00edder nacional de Morena insisti\u00f3 en que no hay nobleza de parte del ex futbolista.<\/p>\n","protected":false},"excerpt":{"rendered":"<p>La presidenta nacional de Morena arremeti\u00f3 contra el gobernador electo de Morelos por no haber incluido en su equipo al ex senador Rabindranath Salazar<br \/>\nPor Redacci\u00f3n QP<\/p>\n","protected":false},"author":2,"featured_media":4282,"comment_status":"open","ping_status":"open","sticky":false,"template":"","format":"standard","meta":{"_monsterinsights_skip_tracking":false,"_monsterinsights_sitenote_active":false,"_monsterinsights_sitenote_note":"","_monsterinsights_sitenote_category":0,"footnotes":""},"categories":[2],"tags":[],"class_list":["post-4283","post","type-post","status-publish","format-standard","has-post-thumbnail","hentry","category-noticias"],"yoast_head":"<!-- This site is optimized with the Yoast SEO plugin v27.3 - https:\/\/yoast.com\/product\/yoast-seo-wordpress\/ -->\n<title>&quot;Cuauht\u00e9moc Blanco no ha mostrado nobleza&quot;, dice Yeidckol Polevnsky -<\/title>\n<meta name=\"robots\" content=\"index, follow, max-snippet:-1, max-image-preview:large, max-video-preview:-1\" \/>\n<link rel=\"canonical\" href=\"https:\/\/quehacerpolitico.mx\/?p=4283\" \/>\n<meta property=\"og:locale\" content=\"es_MX\" \/>\n<meta property=\"og:type\" content=\"article\" \/>\n<meta property=\"og:title\" content=\"&quot;Cuauht\u00e9moc Blanco no ha mostrado nobleza&quot;, dice Yeidckol Polevnsky -\" \/>\n<meta property=\"og:description\" content=\"La presidenta nacional de Morena arremeti\u00f3 contra el gobernador electo de Morelos por no haber incluido en su equipo al ex senador Rabindranath Salazar Por Redacci\u00f3n QP\" \/>\n<meta property=\"og:url\" content=\"https:\/\/quehacerpolitico.mx\/?p=4283\" \/>\n<meta property=\"article:published_time\" content=\"2018-09-10T02:34:36+00:00\" \/>\n<meta name=\"author\" content=\"Redacci\u00f3n QP\" \/>\n<meta name=\"twitter:card\" content=\"summary_large_image\" \/>\n<meta name=\"twitter:label1\" content=\"Escrito por\" \/>\n\t<meta name=\"twitter:data1\" content=\"Redacci\u00f3n QP\" \/>\n\t<meta name=\"twitter:label2\" content=\"Tiempo de lectura\" \/>\n\t<meta name=\"twitter:data2\" content=\"2 minutos\" \/>\n<script type=\"application\/ld+json\" class=\"yoast-schema-graph\">{\"@context\":\"https:\\\/\\\/schema.org\",\"@graph\":[{\"@type\":\"Article\",\"@id\":\"https:\\\/\\\/quehacerpolitico.mx\\\/?p=4283#article\",\"isPartOf\":{\"@id\":\"https:\\\/\\\/quehacerpolitico.mx\\\/?p=4283\"},\"author\":{\"name\":\"Redacci\u00f3n QP\",\"@id\":\"https:\\\/\\\/quehacerpolitico.mx\\\/#\\\/schema\\\/person\\\/496d8ad2d1d3f8036101dca7ee39e585\"},\"headline\":\"&#8220;Cuauht\u00e9moc Blanco no ha mostrado nobleza&#8221;, dice Yeidckol Polevnsky\",\"datePublished\":\"2018-09-10T02:34:36+00:00\",\"mainEntityOfPage\":{\"@id\":\"https:\\\/\\\/quehacerpolitico.mx\\\/?p=4283\"},\"wordCount\":310,\"commentCount\":0,\"image\":{\"@id\":\"https:\\\/\\\/quehacerpolitico.mx\\\/?p=4283#primaryimage\"},\"thumbnailUrl\":\"\",\"articleSection\":[\"Noticias\"],\"inLanguage\":\"es\",\"potentialAction\":[{\"@type\":\"CommentAction\",\"name\":\"Comment\",\"target\":[\"https:\\\/\\\/quehacerpolitico.mx\\\/?p=4283#respond\"]}]},{\"@type\":\"WebPage\",\"@id\":\"https:\\\/\\\/quehacerpolitico.mx\\\/?p=4283\",\"url\":\"https:\\\/\\\/quehacerpolitico.mx\\\/?p=4283\",\"name\":\"\\\"Cuauht\u00e9moc Blanco no ha mostrado nobleza\\\", dice Yeidckol Polevnsky -\",\"isPartOf\":{\"@id\":\"https:\\\/\\\/quehacerpolitico.mx\\\/#website\"},\"primaryImageOfPage\":{\"@id\":\"https:\\\/\\\/quehacerpolitico.mx\\\/?p=4283#primaryimage\"},\"image\":{\"@id\":\"https:\\\/\\\/quehacerpolitico.mx\\\/?p=4283#primaryimage\"},\"thumbnailUrl\":\"\",\"datePublished\":\"2018-09-10T02:34:36+00:00\",\"author\":{\"@id\":\"https:\\\/\\\/quehacerpolitico.mx\\\/#\\\/schema\\\/person\\\/496d8ad2d1d3f8036101dca7ee39e585\"},\"breadcrumb\":{\"@id\":\"https:\\\/\\\/quehacerpolitico.mx\\\/?p=4283#breadcrumb\"},\"inLanguage\":\"es\",\"potentialAction\":[{\"@type\":\"ReadAction\",\"target\":[\"https:\\\/\\\/quehacerpolitico.mx\\\/?p=4283\"]}]},{\"@type\":\"ImageObject\",\"inLanguage\":\"es\",\"@id\":\"https:\\\/\\\/quehacerpolitico.mx\\\/?p=4283#primaryimage\",\"url\":\"\",\"contentUrl\":\"\"},{\"@type\":\"BreadcrumbList\",\"@id\":\"https:\\\/\\\/quehacerpolitico.mx\\\/?p=4283#breadcrumb\",\"itemListElement\":[{\"@type\":\"ListItem\",\"position\":1,\"name\":\"Inicio\",\"item\":\"https:\\\/\\\/quehacerpolitico.mx\\\/\"},{\"@type\":\"ListItem\",\"position\":2,\"name\":\"&#8220;Cuauht\u00e9moc Blanco no ha mostrado nobleza&#8221;, dice Yeidckol Polevnsky\"}]},{\"@type\":\"WebSite\",\"@id\":\"https:\\\/\\\/quehacerpolitico.mx\\\/#website\",\"url\":\"https:\\\/\\\/quehacerpolitico.mx\\\/\",\"name\":\"\",\"description\":\"\",\"potentialAction\":[{\"@type\":\"SearchAction\",\"target\":{\"@type\":\"EntryPoint\",\"urlTemplate\":\"https:\\\/\\\/quehacerpolitico.mx\\\/?s={search_term_string}\"},\"query-input\":{\"@type\":\"PropertyValueSpecification\",\"valueRequired\":true,\"valueName\":\"search_term_string\"}}],\"inLanguage\":\"es\"},{\"@type\":\"Person\",\"@id\":\"https:\\\/\\\/quehacerpolitico.mx\\\/#\\\/schema\\\/person\\\/496d8ad2d1d3f8036101dca7ee39e585\",\"name\":\"Redacci\u00f3n QP\",\"image\":{\"@type\":\"ImageObject\",\"inLanguage\":\"es\",\"@id\":\"https:\\\/\\\/secure.gravatar.com\\\/avatar\\\/c7164ed6fdec453195284ad24a5ae5b6e1eed2b848477fa2a4787ba9adf39a41?s=96&d=mm&r=g\",\"url\":\"https:\\\/\\\/secure.gravatar.com\\\/avatar\\\/c7164ed6fdec453195284ad24a5ae5b6e1eed2b848477fa2a4787ba9adf39a41?s=96&d=mm&r=g\",\"contentUrl\":\"https:\\\/\\\/secure.gravatar.com\\\/avatar\\\/c7164ed6fdec453195284ad24a5ae5b6e1eed2b848477fa2a4787ba9adf39a41?s=96&d=mm&r=g\",\"caption\":\"Redacci\u00f3n QP\"},\"url\":\"https:\\\/\\\/quehacerpolitico.mx\\\/?author=2\"}]}<\/script>\n<!-- \/ Yoast SEO plugin. -->","yoast_head_json":{"title":"\"Cuauht\u00e9moc Blanco no ha mostrado nobleza\", dice Yeidckol Polevnsky -","robots":{"index":"index","follow":"follow","max-snippet":"max-snippet:-1","max-image-preview":"max-image-preview:large","max-video-preview":"max-video-preview:-1"},"canonical":"https:\/\/quehacerpolitico.mx\/?p=4283","og_locale":"es_MX","og_type":"article","og_title":"\"Cuauht\u00e9moc Blanco no ha mostrado nobleza\", dice Yeidckol Polevnsky -","og_description":"La presidenta nacional de Morena arremeti\u00f3 contra el gobernador electo de Morelos por no haber incluido en su equipo al ex senador Rabindranath Salazar Por Redacci\u00f3n QP","og_url":"https:\/\/quehacerpolitico.mx\/?p=4283","article_published_time":"2018-09-10T02:34:36+00:00","author":"Redacci\u00f3n QP","twitter_card":"summary_large_image","twitter_misc":{"Escrito por":"Redacci\u00f3n QP","Tiempo de lectura":"2 minutos"},"schema":{"@context":"https:\/\/schema.org","@graph":[{"@type":"Article","@id":"https:\/\/quehacerpolitico.mx\/?p=4283#article","isPartOf":{"@id":"https:\/\/quehacerpolitico.mx\/?p=4283"},"author":{"name":"Redacci\u00f3n QP","@id":"https:\/\/quehacerpolitico.mx\/#\/schema\/person\/496d8ad2d1d3f8036101dca7ee39e585"},"headline":"&#8220;Cuauht\u00e9moc Blanco no ha mostrado nobleza&#8221;, dice Yeidckol Polevnsky","datePublished":"2018-09-10T02:34:36+00:00","mainEntityOfPage":{"@id":"https:\/\/quehacerpolitico.mx\/?p=4283"},"wordCount":310,"commentCount":0,"image":{"@id":"https:\/\/quehacerpolitico.mx\/?p=4283#primaryimage"},"thumbnailUrl":"","articleSection":["Noticias"],"inLanguage":"es","potentialAction":[{"@type":"CommentAction","name":"Comment","target":["https:\/\/quehacerpolitico.mx\/?p=4283#respond"]}]},{"@type":"WebPage","@id":"https:\/\/quehacerpolitico.mx\/?p=4283","url":"https:\/\/quehacerpolitico.mx\/?p=4283","name":"\"Cuauht\u00e9moc Blanco no ha mostrado nobleza\", dice Yeidckol Polevnsky -","isPartOf":{"@id":"https:\/\/quehacerpolitico.mx\/#website"},"primaryImageOfPage":{"@id":"https:\/\/quehacerpolitico.mx\/?p=4283#primaryimage"},"image":{"@id":"https:\/\/quehacerpolitico.mx\/?p=4283#primaryimage"},"thumbnailUrl":"","datePublished":"2018-09-10T02:34:36+00:00","author":{"@id":"https:\/\/quehacerpolitico.mx\/#\/schema\/person\/496d8ad2d1d3f8036101dca7ee39e585"},"breadcrumb":{"@id":"https:\/\/quehacerpolitico.mx\/?p=4283#breadcrumb"},"inLanguage":"es","potentialAction":[{"@type":"ReadAction","target":["https:\/\/quehacerpolitico.mx\/?p=4283"]}]},{"@type":"ImageObject","inLanguage":"es","@id":"https:\/\/quehacerpolitico.mx\/?p=4283#primaryimage","url":"","contentUrl":""},{"@type":"BreadcrumbList","@id":"https:\/\/quehacerpolitico.mx\/?p=4283#breadcrumb","itemListElement":[{"@type":"ListItem","position":1,"name":"Inicio","item":"https:\/\/quehacerpolitico.mx\/"},{"@type":"ListItem","position":2,"name":"&#8220;Cuauht\u00e9moc Blanco no ha mostrado nobleza&#8221;, dice Yeidckol Polevnsky"}]},{"@type":"WebSite","@id":"https:\/\/quehacerpolitico.mx\/#website","url":"https:\/\/quehacerpolitico.mx\/","name":"","description":"","potentialAction":[{"@type":"SearchAction","target":{"@type":"EntryPoint","urlTemplate":"https:\/\/quehacerpolitico.mx\/?s={search_term_string}"},"query-input":{"@type":"PropertyValueSpecification","valueRequired":true,"valueName":"search_term_string"}}],"inLanguage":"es"},{"@type":"Person","@id":"https:\/\/quehacerpolitico.mx\/#\/schema\/person\/496d8ad2d1d3f8036101dca7ee39e585","name":"Redacci\u00f3n QP","image":{"@type":"ImageObject","inLanguage":"es","@id":"https:\/\/secure.gravatar.com\/avatar\/c7164ed6fdec453195284ad24a5ae5b6e1eed2b848477fa2a4787ba9adf39a41?s=96&d=mm&r=g","url":"https:\/\/secure.gravatar.com\/avatar\/c7164ed6fdec453195284ad24a5ae5b6e1eed2b848477fa2a4787ba9adf39a41?s=96&d=mm&r=g","contentUrl":"https:\/\/secure.gravatar.com\/avatar\/c7164ed6fdec453195284ad24a5ae5b6e1eed2b848477fa2a4787ba9adf39a41?s=96&d=mm&r=g","caption":"Redacci\u00f3n QP"},"url":"https:\/\/quehacerpolitico.mx\/?author=2"}]}},"featured_image_urls":{"full":"","thumbnail":"","medium":"","medium_large":"","large":"","1536x1536":"","2048x2048":"","covernews-featured":"","covernews-medium":""},"author_info":{"display_name":"Redacci\u00f3n QP","author_link":"https:\/\/quehacerpolitico.mx\/?author=2"},"category_info":"<a href=\"https:\/\/quehacerpolitico.mx\/?cat=2\" rel=\"category\">Noticias<\/a>","tag_info":"Noticias","comment_count":"0","_links":{"self":[{"href":"https:\/\/quehacerpolitico.mx\/index.php?rest_route=\/wp\/v2\/posts\/4283","targetHints":{"allow":["GET"]}}],"collection":[{"href":"https:\/\/quehacerpolitico.mx\/index.php?rest_route=\/wp\/v2\/posts"}],"about":[{"href":"https:\/\/quehacerpolitico.mx\/index.php?rest_route=\/wp\/v2\/types\/post"}],"author":[{"embeddable":true,"href":"https:\/\/quehacerpolitico.mx\/index.php?rest_route=\/wp\/v2\/users\/2"}],"replies":[{"embeddable":true,"href":"https:\/\/quehacerpolitico.mx\/index.php?rest_route=%2Fwp%2Fv2%2Fcomments&post=4283"}],"version-history":[{"count":0,"href":"https:\/\/quehacerpolitico.mx\/index.php?rest_route=\/wp\/v2\/posts\/4283\/revisions"}],"wp:featuredmedia":[{"embeddable":true,"href":"https:\/\/quehacerpolitico.mx\/index.php?rest_route=\/"}],"wp:attachment":[{"href":"https:\/\/quehacerpolitico.mx\/index.php?rest_route=%2Fwp%2Fv2%2Fmedia&parent=4283"}],"wp:term":[{"taxonomy":"category","embeddable":true,"href":"https:\/\/quehacerpolitico.mx\/index.php?rest_route=%2Fwp%2Fv2%2Fcategories&post=4283"},{"taxonomy":"post_tag","embeddable":true,"href":"https:\/\/quehacerpolitico.mx\/index.php?rest_route=%2Fwp%2Fv2%2Ftags&post=4283"}],"curies":[{"name":"wp","href":"https:\/\/api.w.org\/{rel}","templated":true}]}}