{"id":4281,"date":"2018-09-10T02:25:28","date_gmt":"2018-09-10T02:25:28","guid":{"rendered":"http:\/\/quehacerpolitico.mx\/diputados-de-morena-plantean-la-legalizacion-de-la-amapola-y-la-mariguana-medicinal-en-guerrero\/"},"modified":"2018-09-10T02:25:28","modified_gmt":"2018-09-10T02:25:28","slug":"diputados-de-morena-plantean-la-legalizacion-de-la-amapola-y-la-mariguana-medicinal-en-guerrero","status":"publish","type":"post","link":"https:\/\/quehacerpolitico.mx\/?p=4281","title":{"rendered":"Diputados de Morena plantean la legalizaci\u00f3n de la amapola y la mariguana medicinal en Guerrero"},"content":{"rendered":"<h3>Durante una sesi\u00f3n celebrada a mediados de agosto, el Congreso de Guerrero aval\u00f3 el dictamen de una iniciativa de Ley que busca legalizar la siembra y cultivo de amapola con fines medicinales.<\/h3>\n<p>En el foro regional de la zona Norte del Movimiento Campesino Plan de Ayala Siglo XXI y la Asociaci\u00f3n Civil Agr\u00f3nomos Democr\u00e1ticos de Guerrero, fueron presentadas 25 propuestas de obra social y proyectos de desarrollo productivo regional para el foro estatal y nacional para que sean considerados dentro del Plan de Desarrollo del gobierno de Andr\u00e9s Manuel L\u00f3pez Obrador y el presupuesto 2019.<\/p>\n<p>El encuentro en el que participaron unos 100 agr\u00f3nomos, comisarios, comisariados, ejidatarios y los diputados federal y local de Morena, Aracely Ocampo Manzanares y Antonio Helguera Jim\u00e9nez, fue en el sal\u00f3n de usos m\u00faltiples Emiliano Zapata de la Comisar\u00eda Ejidal de esta ciudad.<\/p>\n<p>En declaraciones al t\u00e9rmino de la actividad el coordinador estatal de la Red Nacional de Agr\u00f3nomos Democr\u00e1ticos, Gregorio Ju\u00e1rez Zamora dijo que el objetivo de los foros, ya realizados antes en la Costa Chica, Acapulco, Costa Grande, la sierra y ahora en la zona Norte, y que despu\u00e9s se har\u00e1n en Chilpancingo, Tlapa y en la regi\u00f3n Tierra Caliente para nombrar un Consejo Regional para que en este se integren brigadas municipales, las cuales con las autoridades electas y comisarios municipales ir\u00e1n a las comunidades para hacer el Plan de Desarrollo Nacional.<\/p>\n<div id=\"attachment_3468933\" class=\"wp-caption alignnone\"><img loading=\"lazy\" decoding=\"async\" class=\"size-full wp-image-3468933\" src=\"http:\/\/www.sinembargo.mx\/wp-content\/uploads\/2018\/09\/amapola.jpg\" sizes=\"auto, (max-width: 700px) 100vw, 700px\" srcset=\"http:\/\/www.sinembargo.mx\/wp-content\/uploads\/2018\/09\/amapola.jpg 700w, http:\/\/www.sinembargo.mx\/wp-content\/uploads\/2018\/09\/amapola-300x149.jpg 300w\" alt=\"\" width=\"700\" height=\"347\" \/><\/p>\n<p class=\"wp-caption-text\">Foro regional de la zona Norte del Movimiento Campesino Plan de Ayala Siglo XXI y la Asociaci\u00f3n Civil Agr\u00f3nomos Democr\u00e1ticos de Guerrero. Foto: Alejandro Guerrero, El Sur<\/p>\n<\/div>\n<p>Inform\u00f3 que el Congreso Nacional se har\u00e1 en la Universidad de Chapingo del 15 al 20 de noviembre en el que se llevar\u00e1n las propuestas regionales y estatales, para estructurar el Plan de Desarrollo a nivel nacional.<\/p>\n<p>Destac\u00f3 que dentro de los primeros cinco foros ayer el Movimiento Campesino y la Asociaci\u00f3n de Agr\u00f3nomos Democr\u00e1ticos de Guerrero, la cual preside, est\u00e1 la presentada en Acapulco y la Costa Chica, y se propone un programa de fomento pesquero para apoyar a los pescadores de todo el litoral de Guerrero, que en la actualidad se llevan los pescados a otros lados pues hay presencia de \u201cpiratas\u201d que invaden las fronteras y se llevan todo el camar\u00f3n y pez de altura.<\/p>\n<blockquote>\n<p>En el caso de la sierra destac\u00f3 la legalizaci\u00f3n de la amapola y la mariguana con fines medicinales, y que en lugar de que haya cultivos en los cerros que provocan deforestaci\u00f3n, se haga en invernaderos en las comunidades con productores certificados, pues afirm\u00f3 que la amapola que se cultiva en el estado es de la mejor calidad en el pa\u00eds y con impacto a nivel mundial.<\/p>\n<\/blockquote>\n<p>Adem\u00e1s de la rehabilitaci\u00f3n de los cinco distritos y las 360 unidades de riego que hay en el estado, y que han sido abandonadas por la Comisi\u00f3n Nacional del Agua (Conagua), lo cual ser\u00eda retomado por la Secretar\u00eda de Agricultura, Ganader\u00eda, Desarrollo Rural, Pesca y Alimentaci\u00f3n (Sagarpa).<\/p>\n<p>El coordinador de los enlaces municipales de la zona Norte, Margarito Manjarrez Salgado dio a conocer que se recibieron 25 propuestas del foro regional de ayer, de las cuales se presentaron 12, entre las que destacan el desazolve del lago de Tuxpan y la creaci\u00f3n de un corredor tur\u00edstico en esa comunidad, adem\u00e1s de crear una productora de semillas en el estado, concretar la presa Los Sabinos para abastecer de agua a los municipios de Iguala, Cocula, Teloloapan, y la rehabilitaci\u00f3n de represas en el municipio de Tetipac.<\/p>\n<p>Destac\u00f3 que las propuestas se llevar\u00e1n al foro estatal que se realizar\u00e1 el 6 de octubre, pero hasta el 30 de septiembre seguir\u00e1n recibiendo las propuestas. Posteriormente en Noviembre, las principales propuestas de cada estado se llevar\u00e1n al foro nacional que se estar\u00e1n presentando al presidente electo, Andr\u00e9s Manuel L\u00f3pez Obrador o sus representantes.<\/p>\n<div id=\"attachment_3468934\" class=\"wp-caption alignnone\"><img loading=\"lazy\" decoding=\"async\" class=\"size-full wp-image-3468934\" src=\"http:\/\/www.sinembargo.mx\/wp-content\/uploads\/2018\/09\/destruccio769n_cultivo_amapola-1.jpg\" sizes=\"auto, (max-width: 700px) 100vw, 700px\" srcset=\"http:\/\/www.sinembargo.mx\/wp-content\/uploads\/2018\/09\/destruccio769n_cultivo_amapola-1.jpg 700w, http:\/\/www.sinembargo.mx\/wp-content\/uploads\/2018\/09\/destruccio769n_cultivo_amapola-1-300x225.jpg 300w\" alt=\"\" width=\"700\" height=\"525\" \/><\/p>\n<p class=\"wp-caption-text\">La Comisi\u00f3n Nacional de Seguridad informa que la Polic\u00eda Federal, a trav\u00e9s de elementos de la Divisi\u00f3n de Fuerzas Federales, localiz\u00f3 y destruy\u00f3 29 sembrad\u00edos de aparente amapola en el estado de Guerrero, el pasado abril. Foto: Cuartoscuro<\/p>\n<\/div>\n<p>En el foro regional, uno de los miembros del Movimiento Campesino Plan de Ayala Siglo XXI, H\u00e9ctor Popoca Boone evidenci\u00f3 que en la actualidad de cada 100 pesos que se destinan al campo a nivel federal, s\u00f3lo llegan 40, \u201cy los otros 60 se quedaron en mochelandia\u201d, y afirm\u00f3 que con el gobierno de Andr\u00e9s Manuel L\u00f3pez Obrador ya no habr\u00e1 moches, como se le dice al dinero que se le da a quienes aprueban los proyectos pero se reflejan en los costos de las obras y proyectos como si se hubieran ejercido, es decir, un acto de corrupci\u00f3n.<\/p>\n<blockquote>\n<p>Se\u00f1al\u00f3 que se debe de dignificar a los profesionales del campo, a los ingenieros agr\u00f3nomos y a los veterinarios, \u201cporque si el campo ha estado abandonado tambi\u00e9n los profesionales del campo han estado abandonados, empezando por los sueldos y salarios que son muy bajos a comparaci\u00f3n de otros profesionistas\u201d.<\/p>\n<\/blockquote>\n<p>Agreg\u00f3 que adem\u00e1s se debe de dignificar a las instituciones educativas y de investigaci\u00f3n, las cuales no han podido hacer \u201cm\u00e1s all\u00e1\u201d porque no han tenido presupuesto por falta de importancia de los gobiernos anteriores al campo.<\/p>\n<p>Dijo que se debe de dignificar a la Sagarpa, \u201cy hay que sacudirla de pe a pa, sacudirla completamente porque est\u00e1 llena de bur\u00f3cratas. Los Agr\u00f3nomos deben de estar en el campo\u201d.<\/p>\n<p>Dijo que habr\u00e1 10 mil nuevas contrataciones de agr\u00f3nomos a nivel nacional seg\u00fan el anuncio del ingeniero V\u00edctor Villalobos, virtual titular de la Sagarpa para el gobierno de L\u00f3pez Obrador. Adem\u00e1s de que se van a reestructurar los distritos de riego y de temporal.<\/p>\n<p>Subray\u00f3 que se busca levantar al campo \u201cdesde abajo\u201d, y no lo vamos a poder hacer sin los campesinos, y por eso las propuestas deben de ser avaladas por ellos.<\/p>\n<p>Mencion\u00f3 que debe ser a trav\u00e9s de asambleas de ejidos y de bienes comunales donde se deban hacer y aprobar las propuestas que se hacen en los foros, \u201cy no a trav\u00e9s de l\u00edderes que nada m\u00e1s andan mochando a los campesinos con paquetes de apoyo en donde llevan su tajada\u201d.<\/p>\n<p>En el foro regional de ayer en esta ciudad, se vio a la diputada federal de Morena en el distrito 02, Aracely Ocampo Manzanares, el diputado local, Antonio Helguera Jim\u00e9nez y autoridades electas del Ayuntamiento de Iguala, adem\u00e1s del presidente del Comisariado Ejidal de Iguala, Marco Antonio Bustamante N\u00e1jera.<\/p>\n<p>Con Informaci\u00f3n de El Sur<\/p>\n","protected":false},"excerpt":{"rendered":"<p>Diputados de Morena plantean la legalizaci\u00f3n de la amapola y la mariguana medicinal en Guerrero<br \/>\nPor Redacci\u00f3n QP<\/p>\n","protected":false},"author":2,"featured_media":4280,"comment_status":"open","ping_status":"open","sticky":false,"template":"","format":"standard","meta":{"_monsterinsights_skip_tracking":false,"_monsterinsights_sitenote_active":false,"_monsterinsights_sitenote_note":"","_monsterinsights_sitenote_category":0,"footnotes":""},"categories":[2],"tags":[],"class_list":["post-4281","post","type-post","status-publish","format-standard","has-post-thumbnail","hentry","category-noticias"],"yoast_head":"<!-- This site is optimized with the Yoast SEO plugin v27.3 - https:\/\/yoast.com\/product\/yoast-seo-wordpress\/ -->\n<title>Diputados de Morena plantean la legalizaci\u00f3n de la amapola y la mariguana medicinal en Guerrero -<\/title>\n<meta name=\"robots\" content=\"index, follow, max-snippet:-1, max-image-preview:large, max-video-preview:-1\" \/>\n<link rel=\"canonical\" href=\"https:\/\/quehacerpolitico.mx\/?p=4281\" \/>\n<meta property=\"og:locale\" content=\"es_MX\" \/>\n<meta property=\"og:type\" content=\"article\" \/>\n<meta property=\"og:title\" content=\"Diputados de Morena plantean la legalizaci\u00f3n de la amapola y la mariguana medicinal en Guerrero -\" \/>\n<meta property=\"og:description\" content=\"Diputados de Morena plantean la legalizaci\u00f3n de la amapola y la mariguana medicinal en Guerrero Por Redacci\u00f3n QP\" \/>\n<meta property=\"og:url\" content=\"https:\/\/quehacerpolitico.mx\/?p=4281\" \/>\n<meta property=\"article:published_time\" content=\"2018-09-10T02:25:28+00:00\" \/>\n<meta name=\"author\" content=\"Redacci\u00f3n QP\" \/>\n<meta name=\"twitter:card\" content=\"summary_large_image\" \/>\n<meta name=\"twitter:label1\" content=\"Escrito por\" \/>\n\t<meta name=\"twitter:data1\" content=\"Redacci\u00f3n QP\" \/>\n\t<meta name=\"twitter:label2\" content=\"Tiempo de lectura\" \/>\n\t<meta name=\"twitter:data2\" content=\"6 minutos\" \/>\n<script type=\"application\/ld+json\" class=\"yoast-schema-graph\">{\"@context\":\"https:\\\/\\\/schema.org\",\"@graph\":[{\"@type\":\"Article\",\"@id\":\"https:\\\/\\\/quehacerpolitico.mx\\\/?p=4281#article\",\"isPartOf\":{\"@id\":\"https:\\\/\\\/quehacerpolitico.mx\\\/?p=4281\"},\"author\":{\"name\":\"Redacci\u00f3n QP\",\"@id\":\"https:\\\/\\\/quehacerpolitico.mx\\\/#\\\/schema\\\/person\\\/496d8ad2d1d3f8036101dca7ee39e585\"},\"headline\":\"Diputados de Morena plantean la legalizaci\u00f3n de la amapola y la mariguana medicinal en Guerrero\",\"datePublished\":\"2018-09-10T02:25:28+00:00\",\"mainEntityOfPage\":{\"@id\":\"https:\\\/\\\/quehacerpolitico.mx\\\/?p=4281\"},\"wordCount\":1144,\"commentCount\":0,\"image\":{\"@id\":\"https:\\\/\\\/quehacerpolitico.mx\\\/?p=4281#primaryimage\"},\"thumbnailUrl\":\"\",\"articleSection\":[\"Noticias\"],\"inLanguage\":\"es\",\"potentialAction\":[{\"@type\":\"CommentAction\",\"name\":\"Comment\",\"target\":[\"https:\\\/\\\/quehacerpolitico.mx\\\/?p=4281#respond\"]}]},{\"@type\":\"WebPage\",\"@id\":\"https:\\\/\\\/quehacerpolitico.mx\\\/?p=4281\",\"url\":\"https:\\\/\\\/quehacerpolitico.mx\\\/?p=4281\",\"name\":\"Diputados de Morena plantean la legalizaci\u00f3n de la amapola y la mariguana medicinal en Guerrero -\",\"isPartOf\":{\"@id\":\"https:\\\/\\\/quehacerpolitico.mx\\\/#website\"},\"primaryImageOfPage\":{\"@id\":\"https:\\\/\\\/quehacerpolitico.mx\\\/?p=4281#primaryimage\"},\"image\":{\"@id\":\"https:\\\/\\\/quehacerpolitico.mx\\\/?p=4281#primaryimage\"},\"thumbnailUrl\":\"\",\"datePublished\":\"2018-09-10T02:25:28+00:00\",\"author\":{\"@id\":\"https:\\\/\\\/quehacerpolitico.mx\\\/#\\\/schema\\\/person\\\/496d8ad2d1d3f8036101dca7ee39e585\"},\"breadcrumb\":{\"@id\":\"https:\\\/\\\/quehacerpolitico.mx\\\/?p=4281#breadcrumb\"},\"inLanguage\":\"es\",\"potentialAction\":[{\"@type\":\"ReadAction\",\"target\":[\"https:\\\/\\\/quehacerpolitico.mx\\\/?p=4281\"]}]},{\"@type\":\"ImageObject\",\"inLanguage\":\"es\",\"@id\":\"https:\\\/\\\/quehacerpolitico.mx\\\/?p=4281#primaryimage\",\"url\":\"\",\"contentUrl\":\"\"},{\"@type\":\"BreadcrumbList\",\"@id\":\"https:\\\/\\\/quehacerpolitico.mx\\\/?p=4281#breadcrumb\",\"itemListElement\":[{\"@type\":\"ListItem\",\"position\":1,\"name\":\"Inicio\",\"item\":\"https:\\\/\\\/quehacerpolitico.mx\\\/\"},{\"@type\":\"ListItem\",\"position\":2,\"name\":\"Diputados de Morena plantean la legalizaci\u00f3n de la amapola y la mariguana medicinal en Guerrero\"}]},{\"@type\":\"WebSite\",\"@id\":\"https:\\\/\\\/quehacerpolitico.mx\\\/#website\",\"url\":\"https:\\\/\\\/quehacerpolitico.mx\\\/\",\"name\":\"\",\"description\":\"\",\"potentialAction\":[{\"@type\":\"SearchAction\",\"target\":{\"@type\":\"EntryPoint\",\"urlTemplate\":\"https:\\\/\\\/quehacerpolitico.mx\\\/?s={search_term_string}\"},\"query-input\":{\"@type\":\"PropertyValueSpecification\",\"valueRequired\":true,\"valueName\":\"search_term_string\"}}],\"inLanguage\":\"es\"},{\"@type\":\"Person\",\"@id\":\"https:\\\/\\\/quehacerpolitico.mx\\\/#\\\/schema\\\/person\\\/496d8ad2d1d3f8036101dca7ee39e585\",\"name\":\"Redacci\u00f3n QP\",\"image\":{\"@type\":\"ImageObject\",\"inLanguage\":\"es\",\"@id\":\"https:\\\/\\\/secure.gravatar.com\\\/avatar\\\/c7164ed6fdec453195284ad24a5ae5b6e1eed2b848477fa2a4787ba9adf39a41?s=96&d=mm&r=g\",\"url\":\"https:\\\/\\\/secure.gravatar.com\\\/avatar\\\/c7164ed6fdec453195284ad24a5ae5b6e1eed2b848477fa2a4787ba9adf39a41?s=96&d=mm&r=g\",\"contentUrl\":\"https:\\\/\\\/secure.gravatar.com\\\/avatar\\\/c7164ed6fdec453195284ad24a5ae5b6e1eed2b848477fa2a4787ba9adf39a41?s=96&d=mm&r=g\",\"caption\":\"Redacci\u00f3n QP\"},\"url\":\"https:\\\/\\\/quehacerpolitico.mx\\\/?author=2\"}]}<\/script>\n<!-- \/ Yoast SEO plugin. -->","yoast_head_json":{"title":"Diputados de Morena plantean la legalizaci\u00f3n de la amapola y la mariguana medicinal en Guerrero -","robots":{"index":"index","follow":"follow","max-snippet":"max-snippet:-1","max-image-preview":"max-image-preview:large","max-video-preview":"max-video-preview:-1"},"canonical":"https:\/\/quehacerpolitico.mx\/?p=4281","og_locale":"es_MX","og_type":"article","og_title":"Diputados de Morena plantean la legalizaci\u00f3n de la amapola y la mariguana medicinal en Guerrero -","og_description":"Diputados de Morena plantean la legalizaci\u00f3n de la amapola y la mariguana medicinal en Guerrero Por Redacci\u00f3n QP","og_url":"https:\/\/quehacerpolitico.mx\/?p=4281","article_published_time":"2018-09-10T02:25:28+00:00","author":"Redacci\u00f3n QP","twitter_card":"summary_large_image","twitter_misc":{"Escrito por":"Redacci\u00f3n QP","Tiempo de lectura":"6 minutos"},"schema":{"@context":"https:\/\/schema.org","@graph":[{"@type":"Article","@id":"https:\/\/quehacerpolitico.mx\/?p=4281#article","isPartOf":{"@id":"https:\/\/quehacerpolitico.mx\/?p=4281"},"author":{"name":"Redacci\u00f3n QP","@id":"https:\/\/quehacerpolitico.mx\/#\/schema\/person\/496d8ad2d1d3f8036101dca7ee39e585"},"headline":"Diputados de Morena plantean la legalizaci\u00f3n de la amapola y la mariguana medicinal en Guerrero","datePublished":"2018-09-10T02:25:28+00:00","mainEntityOfPage":{"@id":"https:\/\/quehacerpolitico.mx\/?p=4281"},"wordCount":1144,"commentCount":0,"image":{"@id":"https:\/\/quehacerpolitico.mx\/?p=4281#primaryimage"},"thumbnailUrl":"","articleSection":["Noticias"],"inLanguage":"es","potentialAction":[{"@type":"CommentAction","name":"Comment","target":["https:\/\/quehacerpolitico.mx\/?p=4281#respond"]}]},{"@type":"WebPage","@id":"https:\/\/quehacerpolitico.mx\/?p=4281","url":"https:\/\/quehacerpolitico.mx\/?p=4281","name":"Diputados de Morena plantean la legalizaci\u00f3n de la amapola y la mariguana medicinal en Guerrero -","isPartOf":{"@id":"https:\/\/quehacerpolitico.mx\/#website"},"primaryImageOfPage":{"@id":"https:\/\/quehacerpolitico.mx\/?p=4281#primaryimage"},"image":{"@id":"https:\/\/quehacerpolitico.mx\/?p=4281#primaryimage"},"thumbnailUrl":"","datePublished":"2018-09-10T02:25:28+00:00","author":{"@id":"https:\/\/quehacerpolitico.mx\/#\/schema\/person\/496d8ad2d1d3f8036101dca7ee39e585"},"breadcrumb":{"@id":"https:\/\/quehacerpolitico.mx\/?p=4281#breadcrumb"},"inLanguage":"es","potentialAction":[{"@type":"ReadAction","target":["https:\/\/quehacerpolitico.mx\/?p=4281"]}]},{"@type":"ImageObject","inLanguage":"es","@id":"https:\/\/quehacerpolitico.mx\/?p=4281#primaryimage","url":"","contentUrl":""},{"@type":"BreadcrumbList","@id":"https:\/\/quehacerpolitico.mx\/?p=4281#breadcrumb","itemListElement":[{"@type":"ListItem","position":1,"name":"Inicio","item":"https:\/\/quehacerpolitico.mx\/"},{"@type":"ListItem","position":2,"name":"Diputados de Morena plantean la legalizaci\u00f3n de la amapola y la mariguana medicinal en Guerrero"}]},{"@type":"WebSite","@id":"https:\/\/quehacerpolitico.mx\/#website","url":"https:\/\/quehacerpolitico.mx\/","name":"","description":"","potentialAction":[{"@type":"SearchAction","target":{"@type":"EntryPoint","urlTemplate":"https:\/\/quehacerpolitico.mx\/?s={search_term_string}"},"query-input":{"@type":"PropertyValueSpecification","valueRequired":true,"valueName":"search_term_string"}}],"inLanguage":"es"},{"@type":"Person","@id":"https:\/\/quehacerpolitico.mx\/#\/schema\/person\/496d8ad2d1d3f8036101dca7ee39e585","name":"Redacci\u00f3n QP","image":{"@type":"ImageObject","inLanguage":"es","@id":"https:\/\/secure.gravatar.com\/avatar\/c7164ed6fdec453195284ad24a5ae5b6e1eed2b848477fa2a4787ba9adf39a41?s=96&d=mm&r=g","url":"https:\/\/secure.gravatar.com\/avatar\/c7164ed6fdec453195284ad24a5ae5b6e1eed2b848477fa2a4787ba9adf39a41?s=96&d=mm&r=g","contentUrl":"https:\/\/secure.gravatar.com\/avatar\/c7164ed6fdec453195284ad24a5ae5b6e1eed2b848477fa2a4787ba9adf39a41?s=96&d=mm&r=g","caption":"Redacci\u00f3n QP"},"url":"https:\/\/quehacerpolitico.mx\/?author=2"}]}},"featured_image_urls":{"full":"","thumbnail":"","medium":"","medium_large":"","large":"","1536x1536":"","2048x2048":"","covernews-featured":"","covernews-medium":""},"author_info":{"display_name":"Redacci\u00f3n QP","author_link":"https:\/\/quehacerpolitico.mx\/?author=2"},"category_info":"<a href=\"https:\/\/quehacerpolitico.mx\/?cat=2\" rel=\"category\">Noticias<\/a>","tag_info":"Noticias","comment_count":"0","_links":{"self":[{"href":"https:\/\/quehacerpolitico.mx\/index.php?rest_route=\/wp\/v2\/posts\/4281","targetHints":{"allow":["GET"]}}],"collection":[{"href":"https:\/\/quehacerpolitico.mx\/index.php?rest_route=\/wp\/v2\/posts"}],"about":[{"href":"https:\/\/quehacerpolitico.mx\/index.php?rest_route=\/wp\/v2\/types\/post"}],"author":[{"embeddable":true,"href":"https:\/\/quehacerpolitico.mx\/index.php?rest_route=\/wp\/v2\/users\/2"}],"replies":[{"embeddable":true,"href":"https:\/\/quehacerpolitico.mx\/index.php?rest_route=%2Fwp%2Fv2%2Fcomments&post=4281"}],"version-history":[{"count":0,"href":"https:\/\/quehacerpolitico.mx\/index.php?rest_route=\/wp\/v2\/posts\/4281\/revisions"}],"wp:featuredmedia":[{"embeddable":true,"href":"https:\/\/quehacerpolitico.mx\/index.php?rest_route=\/"}],"wp:attachment":[{"href":"https:\/\/quehacerpolitico.mx\/index.php?rest_route=%2Fwp%2Fv2%2Fmedia&parent=4281"}],"wp:term":[{"taxonomy":"category","embeddable":true,"href":"https:\/\/quehacerpolitico.mx\/index.php?rest_route=%2Fwp%2Fv2%2Fcategories&post=4281"},{"taxonomy":"post_tag","embeddable":true,"href":"https:\/\/quehacerpolitico.mx\/index.php?rest_route=%2Fwp%2Fv2%2Ftags&post=4281"}],"curies":[{"name":"wp","href":"https:\/\/api.w.org\/{rel}","templated":true}]}}