{"id":4279,"date":"2018-09-10T02:18:41","date_gmt":"2018-09-10T02:18:41","guid":{"rendered":"http:\/\/quehacerpolitico.mx\/monreal-propone-no-viajar-a-foros-internacionales-de-septiembre-pueden-seguirlos-en-la-red-dice\/"},"modified":"2018-09-10T02:18:41","modified_gmt":"2018-09-10T02:18:41","slug":"monreal-propone-no-viajar-a-foros-internacionales-de-septiembre-pueden-seguirlos-en-la-red-dice","status":"publish","type":"post","link":"https:\/\/quehacerpolitico.mx\/?p=4279","title":{"rendered":"Monreal propone no viajar a foros internacionales de septiembre; pueden seguirlos en la red, dice"},"content":{"rendered":"<h3>El morenista Ricardo Monreal adelant\u00f3 que propondr\u00e1 al Senado no asistir a los foros internacionesl de este mes: \u201cEn lugar de la visita presencial, se podr\u00e1n utilizar medios electr\u00f3nicos y digitales, incluso teleconferencias, para dar el seguimiento puntual al desarrollo y las resoluciones de los encuentros\u201d, propuso.<\/h3>\n<p>El presidente de la Junta de Coordinaci\u00f3n Pol\u00edtica del Senado,\u00a0<strong>Ricardo Monreal<\/strong> \u00c1vila, del partido\u00a0Movimiento Regeneraci\u00f3n Nacional (<strong>Morena<\/strong>)\u00a0propondr\u00e1 a las y los senadores no asistir a los<strong> foros internacionales<\/strong> programados para <strong>septiembre<\/strong>como parte del plan de austeridad.<\/p>\n<p>Monreal \u00c1vila adelant\u00f3 en sus redes sociales que dicha propuesta fue acordada por el Grupo Parlamentario de Morena,\u00a0por lo que lo plantear\u00e1 ante la Junta de Coordinaci\u00f3n Pol\u00edtica de la LXVI Legislatura.<\/p>\n<p>El pol\u00edtico sugiri\u00f3 seguir los foros a trav\u00e9s de medios electr\u00f3nicos, como teleconferencias.<\/p>\n<blockquote>\n<p>\u201cEn lugar de la visita presencial, se podr\u00e1n utilizar medios electr\u00f3nicos y digitales, incluso teleconferencias, para dar el seguimiento puntual al desarrollo y las resoluciones de los encuentros\u201d, propuso Ricardo Monreal.<\/p>\n<\/blockquote>\n<p>El morenista dio a conocer la idea junto con la agenda de eventos internacionales de los Senadores para septiembre, que incluye al menos seis encuentros, entre ellos: la Asamblea Plenaria de ParlAmericas, en Victoria, Canad\u00e1; la Cuarta Reuni\u00f3n de Presidentes de Parlamento de MICTA en Bali, Indonesia; la Asamblea Plenaria de la Asamblea Parlamentaria Euro-Lationoamericana en Austria, Viena; as\u00ed como otras tres reuniones con sede en Panam\u00e1.<\/p>\n<p>https:\/\/www.facebook.com\/102551913153712\/posts\/1883904988351720\/<\/p>\n<p>Ricardo Monreal hab\u00eda adelantado a medios esta propuesta desde finales de julio, dijo que s\u00f3lo se realizar\u00edan los viajes necesarios programados con parlamentos mundiales y regionales, como los que se hacen para discutir temas espec\u00edficos con organismos como el Banco Interamericano de Desarrollo, la Organizaci\u00f3n de las Naciones Unidas (ONU) y la Organizaci\u00f3n para la Cooperaci\u00f3n y el Desarrollo Econ\u00f3micos (OCDE).<\/p>\n","protected":false},"excerpt":{"rendered":"<p>Monreal propone no viajar a foros internacionales de septiembre; pueden seguirlos en la red, dice<br \/>\nPor Redacci\u00f3n QP<\/p>\n","protected":false},"author":2,"featured_media":4278,"comment_status":"open","ping_status":"open","sticky":false,"template":"","format":"standard","meta":{"_monsterinsights_skip_tracking":false,"_monsterinsights_sitenote_active":false,"_monsterinsights_sitenote_note":"","_monsterinsights_sitenote_category":0,"footnotes":""},"categories":[2],"tags":[],"class_list":["post-4279","post","type-post","status-publish","format-standard","has-post-thumbnail","hentry","category-noticias"],"yoast_head":"<!-- This site is optimized with the Yoast SEO plugin v27.3 - https:\/\/yoast.com\/product\/yoast-seo-wordpress\/ -->\n<title>Monreal propone no viajar a foros internacionales de septiembre; pueden seguirlos en la red, dice -<\/title>\n<meta name=\"robots\" content=\"index, follow, max-snippet:-1, max-image-preview:large, max-video-preview:-1\" \/>\n<link rel=\"canonical\" href=\"https:\/\/quehacerpolitico.mx\/?p=4279\" \/>\n<meta property=\"og:locale\" content=\"es_MX\" \/>\n<meta property=\"og:type\" content=\"article\" \/>\n<meta property=\"og:title\" content=\"Monreal propone no viajar a foros internacionales de septiembre; pueden seguirlos en la red, dice -\" \/>\n<meta property=\"og:description\" content=\"Monreal propone no viajar a foros internacionales de septiembre; pueden seguirlos en la red, dice Por Redacci\u00f3n QP\" \/>\n<meta property=\"og:url\" content=\"https:\/\/quehacerpolitico.mx\/?p=4279\" \/>\n<meta property=\"article:published_time\" content=\"2018-09-10T02:18:41+00:00\" \/>\n<meta name=\"author\" content=\"Redacci\u00f3n QP\" \/>\n<meta name=\"twitter:card\" content=\"summary_large_image\" \/>\n<meta name=\"twitter:label1\" content=\"Escrito por\" \/>\n\t<meta name=\"twitter:data1\" content=\"Redacci\u00f3n QP\" \/>\n\t<meta name=\"twitter:label2\" content=\"Tiempo de lectura\" \/>\n\t<meta name=\"twitter:data2\" content=\"2 minutos\" \/>\n<script type=\"application\/ld+json\" class=\"yoast-schema-graph\">{\"@context\":\"https:\\\/\\\/schema.org\",\"@graph\":[{\"@type\":\"Article\",\"@id\":\"https:\\\/\\\/quehacerpolitico.mx\\\/?p=4279#article\",\"isPartOf\":{\"@id\":\"https:\\\/\\\/quehacerpolitico.mx\\\/?p=4279\"},\"author\":{\"name\":\"Redacci\u00f3n QP\",\"@id\":\"https:\\\/\\\/quehacerpolitico.mx\\\/#\\\/schema\\\/person\\\/496d8ad2d1d3f8036101dca7ee39e585\"},\"headline\":\"Monreal propone no viajar a foros internacionales de septiembre; pueden seguirlos en la red, dice\",\"datePublished\":\"2018-09-10T02:18:41+00:00\",\"mainEntityOfPage\":{\"@id\":\"https:\\\/\\\/quehacerpolitico.mx\\\/?p=4279\"},\"wordCount\":332,\"commentCount\":0,\"image\":{\"@id\":\"https:\\\/\\\/quehacerpolitico.mx\\\/?p=4279#primaryimage\"},\"thumbnailUrl\":\"\",\"articleSection\":[\"Noticias\"],\"inLanguage\":\"es\",\"potentialAction\":[{\"@type\":\"CommentAction\",\"name\":\"Comment\",\"target\":[\"https:\\\/\\\/quehacerpolitico.mx\\\/?p=4279#respond\"]}]},{\"@type\":\"WebPage\",\"@id\":\"https:\\\/\\\/quehacerpolitico.mx\\\/?p=4279\",\"url\":\"https:\\\/\\\/quehacerpolitico.mx\\\/?p=4279\",\"name\":\"Monreal propone no viajar a foros internacionales de septiembre; pueden seguirlos en la red, dice -\",\"isPartOf\":{\"@id\":\"https:\\\/\\\/quehacerpolitico.mx\\\/#website\"},\"primaryImageOfPage\":{\"@id\":\"https:\\\/\\\/quehacerpolitico.mx\\\/?p=4279#primaryimage\"},\"image\":{\"@id\":\"https:\\\/\\\/quehacerpolitico.mx\\\/?p=4279#primaryimage\"},\"thumbnailUrl\":\"\",\"datePublished\":\"2018-09-10T02:18:41+00:00\",\"author\":{\"@id\":\"https:\\\/\\\/quehacerpolitico.mx\\\/#\\\/schema\\\/person\\\/496d8ad2d1d3f8036101dca7ee39e585\"},\"breadcrumb\":{\"@id\":\"https:\\\/\\\/quehacerpolitico.mx\\\/?p=4279#breadcrumb\"},\"inLanguage\":\"es\",\"potentialAction\":[{\"@type\":\"ReadAction\",\"target\":[\"https:\\\/\\\/quehacerpolitico.mx\\\/?p=4279\"]}]},{\"@type\":\"ImageObject\",\"inLanguage\":\"es\",\"@id\":\"https:\\\/\\\/quehacerpolitico.mx\\\/?p=4279#primaryimage\",\"url\":\"\",\"contentUrl\":\"\"},{\"@type\":\"BreadcrumbList\",\"@id\":\"https:\\\/\\\/quehacerpolitico.mx\\\/?p=4279#breadcrumb\",\"itemListElement\":[{\"@type\":\"ListItem\",\"position\":1,\"name\":\"Inicio\",\"item\":\"https:\\\/\\\/quehacerpolitico.mx\\\/\"},{\"@type\":\"ListItem\",\"position\":2,\"name\":\"Monreal propone no viajar a foros internacionales de septiembre; pueden seguirlos en la red, dice\"}]},{\"@type\":\"WebSite\",\"@id\":\"https:\\\/\\\/quehacerpolitico.mx\\\/#website\",\"url\":\"https:\\\/\\\/quehacerpolitico.mx\\\/\",\"name\":\"\",\"description\":\"\",\"potentialAction\":[{\"@type\":\"SearchAction\",\"target\":{\"@type\":\"EntryPoint\",\"urlTemplate\":\"https:\\\/\\\/quehacerpolitico.mx\\\/?s={search_term_string}\"},\"query-input\":{\"@type\":\"PropertyValueSpecification\",\"valueRequired\":true,\"valueName\":\"search_term_string\"}}],\"inLanguage\":\"es\"},{\"@type\":\"Person\",\"@id\":\"https:\\\/\\\/quehacerpolitico.mx\\\/#\\\/schema\\\/person\\\/496d8ad2d1d3f8036101dca7ee39e585\",\"name\":\"Redacci\u00f3n QP\",\"image\":{\"@type\":\"ImageObject\",\"inLanguage\":\"es\",\"@id\":\"https:\\\/\\\/secure.gravatar.com\\\/avatar\\\/c7164ed6fdec453195284ad24a5ae5b6e1eed2b848477fa2a4787ba9adf39a41?s=96&d=mm&r=g\",\"url\":\"https:\\\/\\\/secure.gravatar.com\\\/avatar\\\/c7164ed6fdec453195284ad24a5ae5b6e1eed2b848477fa2a4787ba9adf39a41?s=96&d=mm&r=g\",\"contentUrl\":\"https:\\\/\\\/secure.gravatar.com\\\/avatar\\\/c7164ed6fdec453195284ad24a5ae5b6e1eed2b848477fa2a4787ba9adf39a41?s=96&d=mm&r=g\",\"caption\":\"Redacci\u00f3n QP\"},\"url\":\"https:\\\/\\\/quehacerpolitico.mx\\\/?author=2\"}]}<\/script>\n<!-- \/ Yoast SEO plugin. -->","yoast_head_json":{"title":"Monreal propone no viajar a foros internacionales de septiembre; pueden seguirlos en la red, dice -","robots":{"index":"index","follow":"follow","max-snippet":"max-snippet:-1","max-image-preview":"max-image-preview:large","max-video-preview":"max-video-preview:-1"},"canonical":"https:\/\/quehacerpolitico.mx\/?p=4279","og_locale":"es_MX","og_type":"article","og_title":"Monreal propone no viajar a foros internacionales de septiembre; pueden seguirlos en la red, dice -","og_description":"Monreal propone no viajar a foros internacionales de septiembre; pueden seguirlos en la red, dice Por Redacci\u00f3n QP","og_url":"https:\/\/quehacerpolitico.mx\/?p=4279","article_published_time":"2018-09-10T02:18:41+00:00","author":"Redacci\u00f3n QP","twitter_card":"summary_large_image","twitter_misc":{"Escrito por":"Redacci\u00f3n QP","Tiempo de lectura":"2 minutos"},"schema":{"@context":"https:\/\/schema.org","@graph":[{"@type":"Article","@id":"https:\/\/quehacerpolitico.mx\/?p=4279#article","isPartOf":{"@id":"https:\/\/quehacerpolitico.mx\/?p=4279"},"author":{"name":"Redacci\u00f3n QP","@id":"https:\/\/quehacerpolitico.mx\/#\/schema\/person\/496d8ad2d1d3f8036101dca7ee39e585"},"headline":"Monreal propone no viajar a foros internacionales de septiembre; pueden seguirlos en la red, dice","datePublished":"2018-09-10T02:18:41+00:00","mainEntityOfPage":{"@id":"https:\/\/quehacerpolitico.mx\/?p=4279"},"wordCount":332,"commentCount":0,"image":{"@id":"https:\/\/quehacerpolitico.mx\/?p=4279#primaryimage"},"thumbnailUrl":"","articleSection":["Noticias"],"inLanguage":"es","potentialAction":[{"@type":"CommentAction","name":"Comment","target":["https:\/\/quehacerpolitico.mx\/?p=4279#respond"]}]},{"@type":"WebPage","@id":"https:\/\/quehacerpolitico.mx\/?p=4279","url":"https:\/\/quehacerpolitico.mx\/?p=4279","name":"Monreal propone no viajar a foros internacionales de septiembre; pueden seguirlos en la red, dice -","isPartOf":{"@id":"https:\/\/quehacerpolitico.mx\/#website"},"primaryImageOfPage":{"@id":"https:\/\/quehacerpolitico.mx\/?p=4279#primaryimage"},"image":{"@id":"https:\/\/quehacerpolitico.mx\/?p=4279#primaryimage"},"thumbnailUrl":"","datePublished":"2018-09-10T02:18:41+00:00","author":{"@id":"https:\/\/quehacerpolitico.mx\/#\/schema\/person\/496d8ad2d1d3f8036101dca7ee39e585"},"breadcrumb":{"@id":"https:\/\/quehacerpolitico.mx\/?p=4279#breadcrumb"},"inLanguage":"es","potentialAction":[{"@type":"ReadAction","target":["https:\/\/quehacerpolitico.mx\/?p=4279"]}]},{"@type":"ImageObject","inLanguage":"es","@id":"https:\/\/quehacerpolitico.mx\/?p=4279#primaryimage","url":"","contentUrl":""},{"@type":"BreadcrumbList","@id":"https:\/\/quehacerpolitico.mx\/?p=4279#breadcrumb","itemListElement":[{"@type":"ListItem","position":1,"name":"Inicio","item":"https:\/\/quehacerpolitico.mx\/"},{"@type":"ListItem","position":2,"name":"Monreal propone no viajar a foros internacionales de septiembre; pueden seguirlos en la red, dice"}]},{"@type":"WebSite","@id":"https:\/\/quehacerpolitico.mx\/#website","url":"https:\/\/quehacerpolitico.mx\/","name":"","description":"","potentialAction":[{"@type":"SearchAction","target":{"@type":"EntryPoint","urlTemplate":"https:\/\/quehacerpolitico.mx\/?s={search_term_string}"},"query-input":{"@type":"PropertyValueSpecification","valueRequired":true,"valueName":"search_term_string"}}],"inLanguage":"es"},{"@type":"Person","@id":"https:\/\/quehacerpolitico.mx\/#\/schema\/person\/496d8ad2d1d3f8036101dca7ee39e585","name":"Redacci\u00f3n QP","image":{"@type":"ImageObject","inLanguage":"es","@id":"https:\/\/secure.gravatar.com\/avatar\/c7164ed6fdec453195284ad24a5ae5b6e1eed2b848477fa2a4787ba9adf39a41?s=96&d=mm&r=g","url":"https:\/\/secure.gravatar.com\/avatar\/c7164ed6fdec453195284ad24a5ae5b6e1eed2b848477fa2a4787ba9adf39a41?s=96&d=mm&r=g","contentUrl":"https:\/\/secure.gravatar.com\/avatar\/c7164ed6fdec453195284ad24a5ae5b6e1eed2b848477fa2a4787ba9adf39a41?s=96&d=mm&r=g","caption":"Redacci\u00f3n QP"},"url":"https:\/\/quehacerpolitico.mx\/?author=2"}]}},"featured_image_urls":{"full":"","thumbnail":"","medium":"","medium_large":"","large":"","1536x1536":"","2048x2048":"","covernews-featured":"","covernews-medium":""},"author_info":{"display_name":"Redacci\u00f3n QP","author_link":"https:\/\/quehacerpolitico.mx\/?author=2"},"category_info":"<a href=\"https:\/\/quehacerpolitico.mx\/?cat=2\" rel=\"category\">Noticias<\/a>","tag_info":"Noticias","comment_count":"0","_links":{"self":[{"href":"https:\/\/quehacerpolitico.mx\/index.php?rest_route=\/wp\/v2\/posts\/4279","targetHints":{"allow":["GET"]}}],"collection":[{"href":"https:\/\/quehacerpolitico.mx\/index.php?rest_route=\/wp\/v2\/posts"}],"about":[{"href":"https:\/\/quehacerpolitico.mx\/index.php?rest_route=\/wp\/v2\/types\/post"}],"author":[{"embeddable":true,"href":"https:\/\/quehacerpolitico.mx\/index.php?rest_route=\/wp\/v2\/users\/2"}],"replies":[{"embeddable":true,"href":"https:\/\/quehacerpolitico.mx\/index.php?rest_route=%2Fwp%2Fv2%2Fcomments&post=4279"}],"version-history":[{"count":0,"href":"https:\/\/quehacerpolitico.mx\/index.php?rest_route=\/wp\/v2\/posts\/4279\/revisions"}],"wp:featuredmedia":[{"embeddable":true,"href":"https:\/\/quehacerpolitico.mx\/index.php?rest_route=\/"}],"wp:attachment":[{"href":"https:\/\/quehacerpolitico.mx\/index.php?rest_route=%2Fwp%2Fv2%2Fmedia&parent=4279"}],"wp:term":[{"taxonomy":"category","embeddable":true,"href":"https:\/\/quehacerpolitico.mx\/index.php?rest_route=%2Fwp%2Fv2%2Fcategories&post=4279"},{"taxonomy":"post_tag","embeddable":true,"href":"https:\/\/quehacerpolitico.mx\/index.php?rest_route=%2Fwp%2Fv2%2Ftags&post=4279"}],"curies":[{"name":"wp","href":"https:\/\/api.w.org\/{rel}","templated":true}]}}