{"id":4275,"date":"2018-09-10T02:04:42","date_gmt":"2018-09-10T02:04:42","guid":{"rendered":"http:\/\/quehacerpolitico.mx\/la-unam-le-revira-al-gobierno-de-la-cdmx-si-hubo-denuncia-y-le-muestra-folios-de-carpetas\/"},"modified":"2018-09-10T02:04:42","modified_gmt":"2018-09-10T02:04:42","slug":"la-unam-le-revira-al-gobierno-de-la-cdmx-si-hubo-denuncia-y-le-muestra-folios-de-carpetas","status":"publish","type":"post","link":"https:\/\/quehacerpolitico.mx\/?p=4275","title":{"rendered":"La UNAM le revira al Gobierno de la CdMx: s\u00ed hubo denuncia, y le muestra folios de carpetas"},"content":{"rendered":"<h3>Jos\u00e9 Ram\u00f3n Amieva, Jefe de <strong>Gobierno<\/strong> de la <strong>Ciudad de M\u00e9xico<\/strong>, asegur\u00f3 que la instituci\u00f3n no hab\u00eda interpuesto ninguna <strong>denuncia<\/strong> por el <strong>ataque<\/strong> de presuntos <strong>grupos porriles<\/strong> contra estudiantes, ocurrido el pasado 3 de septiembre.<\/h3>\n<h3><strong>Por otra parte, la UNAM inform\u00f3 que este lunes 10 de septiembre reiniciar\u00e1n clases la gran mayor\u00eda de los planteles de sus escuelas y facultades, tras el paro que iniciaron por los hechos violentos ocurridos en Rector\u00eda el pasado 3 de septiembre.<\/strong><\/h3>\n<h3><strong>Adem\u00e1s, detall\u00f3 que hasta las 13:00 horas de hoy, no se ha definido la\u00a0entrega de la Facultad de Artes y Dise\u00f1o, la Escuela Nacional de Trabajo Social, los planteles 2 y 5 de la Escuela Nacional Preparatoria; as\u00ed como los Colegios de Ciencias y Humanidades Azcapotzalco y Naucalpan.<\/strong><\/h3>\n<p>La Universidad Nacional Aut\u00f3noma de M\u00e9xico (<strong>UNAM<\/strong>) le revir\u00f3 a Jos\u00e9 Ram\u00f3n Amieva, Jefe de <strong>Gobierno<\/strong> de la <strong>Ciudad de M\u00e9xico<\/strong>, luego de que \u00e9ste asegurara que no hab\u00eda interpuesto ninguna <strong>denuncia<\/strong> por el <strong>ataque<\/strong> de presuntos <strong>grupos porriles<\/strong> contra estudiantes, ocurrido el pasado 3 de septiembre en Ciudad Universitaria (CU).<\/p>\n<blockquote>\n<p>\u201cLa Universidad Nacional Aut\u00f3noma de M\u00e9xico reitera que desde el 3 de septiembre pasado, mismo d\u00eda en que un grupo porril agredi\u00f3 a alumnos de nuestra Universidad, fue presentada una <strong>denuncia<\/strong>ante la Procuradur\u00eda General de Justicia de la <strong>Ciudad de M\u00e9xico<\/strong>, contra quien resulte responsable\u201d, desminti\u00f3 en un comunicado.<\/p>\n<\/blockquote>\n<p>Asimismo, la M\u00e1xima Casa de Estudios detall\u00f3 que la indagatoria del caso en dicha dependencia se encuentra en la\u00a0<strong>carpeta<\/strong> de investigaci\u00f3n CI-FAAE\/CU\/UI-1 C\/D\/00283\/09-2018.<\/p>\n<blockquote>\n<p>\u201cTambi\u00e9n se hizo lo propio ante la Procuradur\u00eda General de la Rep\u00fablica, donde se abri\u00f3 la <strong>carpeta<\/strong> de investigaci\u00f3n FED\/CDMX\/SPE\/0011998\/2018\u2033, precis\u00f3 la instituci\u00f3n educativa.<\/p>\n<\/blockquote>\n<div id=\"attachment_3468903\" class=\"wp-caption alignnone\"><img loading=\"lazy\" decoding=\"async\" class=\"size-full wp-image-3468903\" src=\"http:\/\/www.sinembargo.mx\/wp-content\/uploads\/2018\/09\/unamclasesparo.jpg\" sizes=\"auto, (max-width: 700px) 100vw, 700px\" srcset=\"http:\/\/www.sinembargo.mx\/wp-content\/uploads\/2018\/09\/unamclasesparo.jpg 700w, http:\/\/www.sinembargo.mx\/wp-content\/uploads\/2018\/09\/unamclasesparo-300x159.jpg 300w\" alt=\"\" width=\"700\" height=\"370\" \/><\/p>\n<p class=\"wp-caption-text\">Alumnos de bachillerato, licenciatura y posgrado regresan a sus actividades acad\u00e9micas este lunes en la UNAM. Foto: Twitter \/ @UNAM_MX<\/p>\n<\/div>\n<p><strong>PLANTELES QUE REGRESAN A CLASES ESTE LUNES<\/strong><\/p>\n<p>Por otra parte, la UNAM inform\u00f3 que este lunes 10 de septiembre reiniciar\u00e1n clases la gran mayor\u00eda de los planteles de sus escuelas y facultades, tras el paro que iniciaron por los hechos violentos ocurridos en Rector\u00eda el pasado 3 de septiembre.<\/p>\n<blockquote>\n<p>\u201cMa\u00f1ana lunes reinician clases en la gran mayor\u00eda de los planteles de las escuelas y facultades de la UNAM. Alumnos de bachillerato, licenciatura y posgrado regresan a sus actividades acad\u00e9micas\u201d, indic\u00f3 en un comunicado la tarde de este domingo.<\/p>\n<\/blockquote>\n<p>Adem\u00e1s, detall\u00f3 que hasta las 13:00 horas de hoy, no se ha definido la\u00a0entrega de la Facultad de Artes y Dise\u00f1o, la Escuela Nacional de Trabajo Social, los planteles 2 y 5 de la Escuela Nacional Preparatoria; as\u00ed como los Colegios de Ciencias y Humanidades Azcapotzalco y Naucalpan.<\/p>\n<p>Por ello, prev\u00e9 que en el transcurso de la tarde puedan ser reintegrados a las autoridades algunos de estos planteles. Mientras que\u00a0todos los institutos, centros y unidades de investigaci\u00f3n de la universidad, los museos, y el Centro Cultural Universitario contin\u00faan con sus labores habituales.<\/p>\n<div id=\"attachment_3468904\" class=\"wp-caption alignnone\"><img loading=\"lazy\" decoding=\"async\" class=\"size-full wp-image-3468904\" src=\"http:\/\/www.sinembargo.mx\/wp-content\/uploads\/2018\/09\/marchaunam.jpg\" sizes=\"auto, (max-width: 700px) 100vw, 700px\" srcset=\"http:\/\/www.sinembargo.mx\/wp-content\/uploads\/2018\/09\/marchaunam.jpg 700w, http:\/\/www.sinembargo.mx\/wp-content\/uploads\/2018\/09\/marchaunam-300x159.jpg 300w\" alt=\"\" width=\"700\" height=\"370\" \/><\/p>\n<p class=\"wp-caption-text\">El pasado 5 de septiembre, miles de estudiantes de la Universidad Nacional Nacional Aut\u00f3noma de M\u00e9xico (UNAM) marcharon de la Facultad de ciencias Pol\u00edticas y Sociales a la torre de Rector\u00eda para exigir la salida de grupos porriles de la universidad. Foto: Galo Ca\u00f1as, Cuartoscuro<\/p>\n<\/div>\n<p><strong>PARO ANTE AGRESIONES DE GRUPOS PORRILES<\/strong><\/p>\n<p>El pasado 5 de septiembre, m\u00e1s de 40 planteles de la UNAM amanecieron en paro luego de las agresiones de grupos porriles en contra de estudiantes que realizaban una manifestaci\u00f3n pac\u00edfica en las inmediaciones de la torre de Rector\u00eda en Ciudad Universitaria.<\/p>\n<blockquote>\n<p>Los inconformes exigieron la renuncia del Rector Enrique Graue, al calificar su discurso como hip\u00f3crita. Tambi\u00e9n pidieron la expulsi\u00f3n inmediata de los porros y garantizar medidas de seguridad para la comunidad estudiantil.<\/p>\n<\/blockquote>\n<p>Facultades de Ciudad Universitaria, preparatorias, los Colegios de Ciencias y Humanidades, institutos y varias facultades de estudios superiores, pertenecientes a la UNAM, se hab\u00edan declarado en paro indefinido.<\/p>\n<p>Posteriormente, ese mismo mi\u00e9rcoles, miles de estudiantes de las preparatorias y facultades de la UNAM marcharon en Ciudad Universitaria en protesta por la agresi\u00f3n de grupos porriles.<\/p>\n<div id=\"attachment_3468908\" class=\"wp-caption alignnone\"><img loading=\"lazy\" decoding=\"async\" class=\"size-full wp-image-3468908\" src=\"http:\/\/www.sinembargo.mx\/wp-content\/uploads\/2018\/09\/marchaunamporros.jpg\" sizes=\"auto, (max-width: 700px) 100vw, 700px\" srcset=\"http:\/\/www.sinembargo.mx\/wp-content\/uploads\/2018\/09\/marchaunamporros.jpg 700w, http:\/\/www.sinembargo.mx\/wp-content\/uploads\/2018\/09\/marchaunamporros-300x159.jpg 300w\" alt=\"\" width=\"700\" height=\"370\" \/><\/p>\n<p class=\"wp-caption-text\">Agrupados en diferentes contingentes, dependiendo de su centro de estudios, la multitudinaria marcha recorri\u00f3 el campus de la UNAM hasta llegar a la Rector\u00eda, donde los alumnos exigieron que el ataque hacia sus compa\u00f1eros no quede en la impunidad. Foto: Galo Ca\u00f1as, Cuartoscuro<\/p>\n<\/div>\n<p>Agrupados en diferentes contingentes, dependiendo de su centro de estudios, la multitudinaria marcha recorri\u00f3 el campus de la UNAM hasta llegar a la Rector\u00eda, donde los alumnos exigieron que el ataque hacia sus compa\u00f1eros no quede en la impunidad.<\/p>\n<blockquote>\n<p>\u201cFuera porros (palabra con la que se nombra coloquialmente a los integrantes de los grupos de choque) de la UNAM\u201d, fue uno de los gritos que tomaron el protagonismo en la marcha, en la que tambi\u00e9n proliferaron las quejas contra el rector de la instituci\u00f3n educativa, Enrique Graue.<\/p>\n<\/blockquote>\n<p>Este domingo, Enrique Graue Wiechers llam\u00f3 a la comunidad universitaria a no caer en provocaciones que buscan dividirlos y a mantenerse unidos, pues destac\u00f3 que la unidad mostrada por la comunidad \u201cser\u00e1 la v\u00edas m\u00e1s certera\u201d para erradicar la violencia de la universidad.<\/p>\n<blockquote>\n<p>\u201cLes pido que no caigamos en provocaciones que buscan dividirnos y debilitarnos. Es fundamental mantenernos juntos y trabajando para conseguir este importante objetivo com\u00fan\u201d, dijo el Rector de la M\u00e1xima Casa de Estudios en un comunicado esta ma\u00f1ana.<\/p>\n<\/blockquote>\n<p>\u201cLa unidad mostrada por nuestra comunidad en estos \u00faltimos d\u00edas es y ser\u00e1 la v\u00eda m\u00e1s certera para erradicar la violencia contra nuestros planteles y lograr que la Universidad de la Naci\u00f3n pueda seguir cumpliendo con sus tareas sustantivas\u201d, a\u00f1adi\u00f3.<\/p>\n<p>El pasado viernes se llev\u00f3 a cabo al Asamblea General Interuniversitaria, la cual dur\u00f3 alrededor de 15 horas.<\/p>\n<p>Un plan de seguridad y la erradicaci\u00f3n de grupos de choque de las escuelas y facultades de la UNAM fueron los ejes fundamentales de una asamblea de estudiantes que finaliz\u00f3 las primeras horas de ayer s\u00e1bado en la Ciudad de M\u00e9xico.<\/p>\n","protected":false},"excerpt":{"rendered":"<p>La UNAM le revira al Gobierno de la CdMx: s\u00ed hubo denuncia, y le muestra folios de carpetas<br \/>\nPor Redacci\u00f3n QP<\/p>\n","protected":false},"author":2,"featured_media":4274,"comment_status":"open","ping_status":"open","sticky":false,"template":"","format":"standard","meta":{"_monsterinsights_skip_tracking":false,"_monsterinsights_sitenote_active":false,"_monsterinsights_sitenote_note":"","_monsterinsights_sitenote_category":0,"footnotes":""},"categories":[55],"tags":[],"class_list":["post-4275","post","type-post","status-publish","format-standard","has-post-thumbnail","hentry","category-cdmx"],"yoast_head":"<!-- This site is optimized with the Yoast SEO plugin v27.3 - https:\/\/yoast.com\/product\/yoast-seo-wordpress\/ -->\n<title>La UNAM le revira al Gobierno de la CdMx: s\u00ed hubo denuncia, y le muestra folios de carpetas -<\/title>\n<meta name=\"robots\" content=\"index, follow, max-snippet:-1, max-image-preview:large, max-video-preview:-1\" \/>\n<link rel=\"canonical\" href=\"https:\/\/quehacerpolitico.mx\/?p=4275\" \/>\n<meta property=\"og:locale\" content=\"es_MX\" \/>\n<meta property=\"og:type\" content=\"article\" \/>\n<meta property=\"og:title\" content=\"La UNAM le revira al Gobierno de la CdMx: s\u00ed hubo denuncia, y le muestra folios de carpetas -\" \/>\n<meta property=\"og:description\" content=\"La UNAM le revira al Gobierno de la CdMx: s\u00ed hubo denuncia, y le muestra folios de carpetas Por Redacci\u00f3n QP\" \/>\n<meta property=\"og:url\" content=\"https:\/\/quehacerpolitico.mx\/?p=4275\" \/>\n<meta property=\"article:published_time\" content=\"2018-09-10T02:04:42+00:00\" \/>\n<meta name=\"author\" content=\"Redacci\u00f3n QP\" \/>\n<meta name=\"twitter:card\" content=\"summary_large_image\" \/>\n<meta name=\"twitter:label1\" content=\"Escrito por\" \/>\n\t<meta name=\"twitter:data1\" content=\"Redacci\u00f3n QP\" \/>\n\t<meta name=\"twitter:label2\" content=\"Tiempo de lectura\" \/>\n\t<meta name=\"twitter:data2\" content=\"5 minutos\" \/>\n<script type=\"application\/ld+json\" class=\"yoast-schema-graph\">{\"@context\":\"https:\\\/\\\/schema.org\",\"@graph\":[{\"@type\":\"Article\",\"@id\":\"https:\\\/\\\/quehacerpolitico.mx\\\/?p=4275#article\",\"isPartOf\":{\"@id\":\"https:\\\/\\\/quehacerpolitico.mx\\\/?p=4275\"},\"author\":{\"name\":\"Redacci\u00f3n QP\",\"@id\":\"https:\\\/\\\/quehacerpolitico.mx\\\/#\\\/schema\\\/person\\\/496d8ad2d1d3f8036101dca7ee39e585\"},\"headline\":\"La UNAM le revira al Gobierno de la CdMx: s\u00ed hubo denuncia, y le muestra folios de carpetas\",\"datePublished\":\"2018-09-10T02:04:42+00:00\",\"mainEntityOfPage\":{\"@id\":\"https:\\\/\\\/quehacerpolitico.mx\\\/?p=4275\"},\"wordCount\":1045,\"commentCount\":0,\"image\":{\"@id\":\"https:\\\/\\\/quehacerpolitico.mx\\\/?p=4275#primaryimage\"},\"thumbnailUrl\":\"\",\"articleSection\":[\"CDMX\"],\"inLanguage\":\"es\",\"potentialAction\":[{\"@type\":\"CommentAction\",\"name\":\"Comment\",\"target\":[\"https:\\\/\\\/quehacerpolitico.mx\\\/?p=4275#respond\"]}]},{\"@type\":\"WebPage\",\"@id\":\"https:\\\/\\\/quehacerpolitico.mx\\\/?p=4275\",\"url\":\"https:\\\/\\\/quehacerpolitico.mx\\\/?p=4275\",\"name\":\"La UNAM le revira al Gobierno de la CdMx: s\u00ed hubo denuncia, y le muestra folios de carpetas -\",\"isPartOf\":{\"@id\":\"https:\\\/\\\/quehacerpolitico.mx\\\/#website\"},\"primaryImageOfPage\":{\"@id\":\"https:\\\/\\\/quehacerpolitico.mx\\\/?p=4275#primaryimage\"},\"image\":{\"@id\":\"https:\\\/\\\/quehacerpolitico.mx\\\/?p=4275#primaryimage\"},\"thumbnailUrl\":\"\",\"datePublished\":\"2018-09-10T02:04:42+00:00\",\"author\":{\"@id\":\"https:\\\/\\\/quehacerpolitico.mx\\\/#\\\/schema\\\/person\\\/496d8ad2d1d3f8036101dca7ee39e585\"},\"breadcrumb\":{\"@id\":\"https:\\\/\\\/quehacerpolitico.mx\\\/?p=4275#breadcrumb\"},\"inLanguage\":\"es\",\"potentialAction\":[{\"@type\":\"ReadAction\",\"target\":[\"https:\\\/\\\/quehacerpolitico.mx\\\/?p=4275\"]}]},{\"@type\":\"ImageObject\",\"inLanguage\":\"es\",\"@id\":\"https:\\\/\\\/quehacerpolitico.mx\\\/?p=4275#primaryimage\",\"url\":\"\",\"contentUrl\":\"\"},{\"@type\":\"BreadcrumbList\",\"@id\":\"https:\\\/\\\/quehacerpolitico.mx\\\/?p=4275#breadcrumb\",\"itemListElement\":[{\"@type\":\"ListItem\",\"position\":1,\"name\":\"Inicio\",\"item\":\"https:\\\/\\\/quehacerpolitico.mx\\\/\"},{\"@type\":\"ListItem\",\"position\":2,\"name\":\"La UNAM le revira al Gobierno de la CdMx: s\u00ed hubo denuncia, y le muestra folios de carpetas\"}]},{\"@type\":\"WebSite\",\"@id\":\"https:\\\/\\\/quehacerpolitico.mx\\\/#website\",\"url\":\"https:\\\/\\\/quehacerpolitico.mx\\\/\",\"name\":\"\",\"description\":\"\",\"potentialAction\":[{\"@type\":\"SearchAction\",\"target\":{\"@type\":\"EntryPoint\",\"urlTemplate\":\"https:\\\/\\\/quehacerpolitico.mx\\\/?s={search_term_string}\"},\"query-input\":{\"@type\":\"PropertyValueSpecification\",\"valueRequired\":true,\"valueName\":\"search_term_string\"}}],\"inLanguage\":\"es\"},{\"@type\":\"Person\",\"@id\":\"https:\\\/\\\/quehacerpolitico.mx\\\/#\\\/schema\\\/person\\\/496d8ad2d1d3f8036101dca7ee39e585\",\"name\":\"Redacci\u00f3n QP\",\"image\":{\"@type\":\"ImageObject\",\"inLanguage\":\"es\",\"@id\":\"https:\\\/\\\/secure.gravatar.com\\\/avatar\\\/c7164ed6fdec453195284ad24a5ae5b6e1eed2b848477fa2a4787ba9adf39a41?s=96&d=mm&r=g\",\"url\":\"https:\\\/\\\/secure.gravatar.com\\\/avatar\\\/c7164ed6fdec453195284ad24a5ae5b6e1eed2b848477fa2a4787ba9adf39a41?s=96&d=mm&r=g\",\"contentUrl\":\"https:\\\/\\\/secure.gravatar.com\\\/avatar\\\/c7164ed6fdec453195284ad24a5ae5b6e1eed2b848477fa2a4787ba9adf39a41?s=96&d=mm&r=g\",\"caption\":\"Redacci\u00f3n QP\"},\"url\":\"https:\\\/\\\/quehacerpolitico.mx\\\/?author=2\"}]}<\/script>\n<!-- \/ Yoast SEO plugin. -->","yoast_head_json":{"title":"La UNAM le revira al Gobierno de la CdMx: s\u00ed hubo denuncia, y le muestra folios de carpetas -","robots":{"index":"index","follow":"follow","max-snippet":"max-snippet:-1","max-image-preview":"max-image-preview:large","max-video-preview":"max-video-preview:-1"},"canonical":"https:\/\/quehacerpolitico.mx\/?p=4275","og_locale":"es_MX","og_type":"article","og_title":"La UNAM le revira al Gobierno de la CdMx: s\u00ed hubo denuncia, y le muestra folios de carpetas -","og_description":"La UNAM le revira al Gobierno de la CdMx: s\u00ed hubo denuncia, y le muestra folios de carpetas Por Redacci\u00f3n QP","og_url":"https:\/\/quehacerpolitico.mx\/?p=4275","article_published_time":"2018-09-10T02:04:42+00:00","author":"Redacci\u00f3n QP","twitter_card":"summary_large_image","twitter_misc":{"Escrito por":"Redacci\u00f3n QP","Tiempo de lectura":"5 minutos"},"schema":{"@context":"https:\/\/schema.org","@graph":[{"@type":"Article","@id":"https:\/\/quehacerpolitico.mx\/?p=4275#article","isPartOf":{"@id":"https:\/\/quehacerpolitico.mx\/?p=4275"},"author":{"name":"Redacci\u00f3n QP","@id":"https:\/\/quehacerpolitico.mx\/#\/schema\/person\/496d8ad2d1d3f8036101dca7ee39e585"},"headline":"La UNAM le revira al Gobierno de la CdMx: s\u00ed hubo denuncia, y le muestra folios de carpetas","datePublished":"2018-09-10T02:04:42+00:00","mainEntityOfPage":{"@id":"https:\/\/quehacerpolitico.mx\/?p=4275"},"wordCount":1045,"commentCount":0,"image":{"@id":"https:\/\/quehacerpolitico.mx\/?p=4275#primaryimage"},"thumbnailUrl":"","articleSection":["CDMX"],"inLanguage":"es","potentialAction":[{"@type":"CommentAction","name":"Comment","target":["https:\/\/quehacerpolitico.mx\/?p=4275#respond"]}]},{"@type":"WebPage","@id":"https:\/\/quehacerpolitico.mx\/?p=4275","url":"https:\/\/quehacerpolitico.mx\/?p=4275","name":"La UNAM le revira al Gobierno de la CdMx: s\u00ed hubo denuncia, y le muestra folios de carpetas -","isPartOf":{"@id":"https:\/\/quehacerpolitico.mx\/#website"},"primaryImageOfPage":{"@id":"https:\/\/quehacerpolitico.mx\/?p=4275#primaryimage"},"image":{"@id":"https:\/\/quehacerpolitico.mx\/?p=4275#primaryimage"},"thumbnailUrl":"","datePublished":"2018-09-10T02:04:42+00:00","author":{"@id":"https:\/\/quehacerpolitico.mx\/#\/schema\/person\/496d8ad2d1d3f8036101dca7ee39e585"},"breadcrumb":{"@id":"https:\/\/quehacerpolitico.mx\/?p=4275#breadcrumb"},"inLanguage":"es","potentialAction":[{"@type":"ReadAction","target":["https:\/\/quehacerpolitico.mx\/?p=4275"]}]},{"@type":"ImageObject","inLanguage":"es","@id":"https:\/\/quehacerpolitico.mx\/?p=4275#primaryimage","url":"","contentUrl":""},{"@type":"BreadcrumbList","@id":"https:\/\/quehacerpolitico.mx\/?p=4275#breadcrumb","itemListElement":[{"@type":"ListItem","position":1,"name":"Inicio","item":"https:\/\/quehacerpolitico.mx\/"},{"@type":"ListItem","position":2,"name":"La UNAM le revira al Gobierno de la CdMx: s\u00ed hubo denuncia, y le muestra folios de carpetas"}]},{"@type":"WebSite","@id":"https:\/\/quehacerpolitico.mx\/#website","url":"https:\/\/quehacerpolitico.mx\/","name":"","description":"","potentialAction":[{"@type":"SearchAction","target":{"@type":"EntryPoint","urlTemplate":"https:\/\/quehacerpolitico.mx\/?s={search_term_string}"},"query-input":{"@type":"PropertyValueSpecification","valueRequired":true,"valueName":"search_term_string"}}],"inLanguage":"es"},{"@type":"Person","@id":"https:\/\/quehacerpolitico.mx\/#\/schema\/person\/496d8ad2d1d3f8036101dca7ee39e585","name":"Redacci\u00f3n QP","image":{"@type":"ImageObject","inLanguage":"es","@id":"https:\/\/secure.gravatar.com\/avatar\/c7164ed6fdec453195284ad24a5ae5b6e1eed2b848477fa2a4787ba9adf39a41?s=96&d=mm&r=g","url":"https:\/\/secure.gravatar.com\/avatar\/c7164ed6fdec453195284ad24a5ae5b6e1eed2b848477fa2a4787ba9adf39a41?s=96&d=mm&r=g","contentUrl":"https:\/\/secure.gravatar.com\/avatar\/c7164ed6fdec453195284ad24a5ae5b6e1eed2b848477fa2a4787ba9adf39a41?s=96&d=mm&r=g","caption":"Redacci\u00f3n QP"},"url":"https:\/\/quehacerpolitico.mx\/?author=2"}]}},"featured_image_urls":{"full":"","thumbnail":"","medium":"","medium_large":"","large":"","1536x1536":"","2048x2048":"","covernews-featured":"","covernews-medium":""},"author_info":{"display_name":"Redacci\u00f3n QP","author_link":"https:\/\/quehacerpolitico.mx\/?author=2"},"category_info":"<a href=\"https:\/\/quehacerpolitico.mx\/?cat=55\" rel=\"category\">CDMX<\/a>","tag_info":"CDMX","comment_count":"0","_links":{"self":[{"href":"https:\/\/quehacerpolitico.mx\/index.php?rest_route=\/wp\/v2\/posts\/4275","targetHints":{"allow":["GET"]}}],"collection":[{"href":"https:\/\/quehacerpolitico.mx\/index.php?rest_route=\/wp\/v2\/posts"}],"about":[{"href":"https:\/\/quehacerpolitico.mx\/index.php?rest_route=\/wp\/v2\/types\/post"}],"author":[{"embeddable":true,"href":"https:\/\/quehacerpolitico.mx\/index.php?rest_route=\/wp\/v2\/users\/2"}],"replies":[{"embeddable":true,"href":"https:\/\/quehacerpolitico.mx\/index.php?rest_route=%2Fwp%2Fv2%2Fcomments&post=4275"}],"version-history":[{"count":0,"href":"https:\/\/quehacerpolitico.mx\/index.php?rest_route=\/wp\/v2\/posts\/4275\/revisions"}],"wp:featuredmedia":[{"embeddable":true,"href":"https:\/\/quehacerpolitico.mx\/index.php?rest_route=\/"}],"wp:attachment":[{"href":"https:\/\/quehacerpolitico.mx\/index.php?rest_route=%2Fwp%2Fv2%2Fmedia&parent=4275"}],"wp:term":[{"taxonomy":"category","embeddable":true,"href":"https:\/\/quehacerpolitico.mx\/index.php?rest_route=%2Fwp%2Fv2%2Fcategories&post=4275"},{"taxonomy":"post_tag","embeddable":true,"href":"https:\/\/quehacerpolitico.mx\/index.php?rest_route=%2Fwp%2Fv2%2Ftags&post=4275"}],"curies":[{"name":"wp","href":"https:\/\/api.w.org\/{rel}","templated":true}]}}