{"id":4265,"date":"2018-09-09T22:00:50","date_gmt":"2018-09-09T22:00:50","guid":{"rendered":"http:\/\/quehacerpolitico.mx\/el-51-de-los-mexicanos-confia-poco-en-el-ejercito-pero-80-cree-que-debe-seguir-en-la-calle\/"},"modified":"2018-09-09T22:00:50","modified_gmt":"2018-09-09T22:00:50","slug":"el-51-de-los-mexicanos-confia-poco-en-el-ejercito-pero-80-cree-que-debe-seguir-en-la-calle","status":"publish","type":"post","link":"https:\/\/quehacerpolitico.mx\/?p=4265","title":{"rendered":"El 51% de los mexicanos conf\u00eda \u201cpoco\u201d en el Ej\u00e9rcito, pero 80% cree que debe seguir en la calle"},"content":{"rendered":"<h3><strong>El pasado 24 de agosto, Andr\u00e9s Manuel L\u00f3pez Obrador, Presidente electo, inform\u00f3 que el Ej\u00e9rcito y la Marina seguir\u00edan en las calles, pero\u00a0se cuidar\u00e1 que no violen los derechos humanos. Esta semana, la\u00a0Comisi\u00f3n Nacional de Derechos Humanos acredit\u00f3 la\u00a0detenci\u00f3n arbitraria, retenci\u00f3n ilegal y tortura de 17 personas, a manos de elementos de la\u00a0Marina. Adem\u00e1s de violencia sexual a 11 de las v\u00edctimas.<\/strong><\/h3>\n<h3><strong>Estudios de opini\u00f3n p\u00fablica han mostrado que las Fuerzas Armadas son de las instituciones p\u00fablicas en las que m\u00e1s conf\u00edan los ciudadanos; sin embargo, la reciente encuesta realizada por el Centro de Estudios Sociales y de Opini\u00f3n P\u00fablica\u00a0de la C\u00e1mara de Diputados arroj\u00f3 que el 51 por ciento de los mexicanos conf\u00eda \u201cpoco\u201d en el trabajo que realiza el Ej\u00e9rcito y 44 por ciento en el de la Secretar\u00eda de Marina.\u00a0<\/strong><\/h3>\n<h3><strong>Pese a confiar poco en la labor de las Fuerzas Armadas, el 82 por ciento opina que deben seguir en labores de seguridad y patrullaje en calles y carreteras del pa\u00eds.<\/strong><\/h3>\n<p>El 51 por ciento de los mexicanos conf\u00eda \u201cpoco\u201d en el trabajo que realiza el <strong>Ej\u00e9rcito Mexicano<\/strong> y 44 por ciento en el de la <strong>Secretar\u00eda de Marina<\/strong>, sin embargo, el 82 por ciento opina que deben seguir realizando labores de seguridad y patrullaje en las calles y carreteras del pa\u00eds, de acuerdo con la encuesta telef\u00f3nica \u201c<strong>Fuerzas Armadas<\/strong>\u201d, realizada por el <strong>Centro de Estudios Sociales y de Opini\u00f3n P\u00fablica<\/strong> (CESOP) de la C\u00e1mara de Diputados.<\/p>\n<p>Estudios de opini\u00f3n p\u00fablica han mostrado que las Fuerzas Armadas son de las instituciones p\u00fablicas en las que m\u00e1s conf\u00edan las y los ciudadanos, pero el debate sobre cu\u00e1l debe ser su papel en tareas como el combate al crimen organizado y la necesidad de aprobar una ley que regule su operaci\u00f3n hacen que sea un tema social relevante y de inter\u00e9s legislativo.<\/p>\n<p>El pasado 24 de agosto, Andr\u00e9s Manuel L\u00f3pez Obrador, Presidente electo, inform\u00f3 que el Ej\u00e9rcito y la Marina seguir\u00e1n en las calles. \u201cSer\u00eda irresponsable mandarlos a los cuarteles\u201d, dijo. \u201cEn las circunstancias actuales no podr\u00edamos dejar de utilizar al Ej\u00e9rcito y a la Marina para atender el problema de la inseguridad y la violencia. La Polic\u00eda Federal no est\u00e1 preparada para sustituir lo que hacen actualmente los soldados y los marinos\u201d.<\/p>\n<p>Y asegur\u00f3 que se cuidar\u00e1 que no violen los derechos humanos.<\/p>\n<blockquote>\n<p>Esta semana, la\u00a0Comisi\u00f3n Nacional de Derechos Humanos\u00a0(CNDH) acredit\u00f3 la\u00a0detenci\u00f3n arbitraria, retenci\u00f3n ilegal y tortura de 17 personas, a manos de elementos de la\u00a0Marina. Los hechos ocurrieron en los estados de Coahuila, Nuevo Le\u00f3n, Sinaloa, Veracruz y Zacatecas.<\/p>\n<\/blockquote>\n<p>Las agresiones acreditas, se\u00f1ala la recomendaci\u00f3n 29\/2018: \u201cconsistieron en el amarre de manos y\/o pies, golpes, vendado de ojos, agresiones psicol\u00f3gicas, descargas el\u00e9ctricas, tablazos en gl\u00fateos, espalda, piernas, espinillas y plantas de los pies e intentos de asfixia\u201d, adem\u00e1s de violencia sexual a 11 de las v\u00edctimas.<\/p>\n<p>En la encuesta del CESOP, realizada los d\u00edas 28 y 29 de julio de 2018, el 51 por ciento de los encuestados dice confiar \u201cpoco\u201d en el trabajo que realiza el Ej\u00e9rcito y en la Marina baja a 44 por ciento.<\/p>\n<p>Sobre la opini\u00f3n de los mexicanos del trabajo que realiza la Sedena, 41 por ciento lo califica como bueno, 46 por ciento como regular y 10 por ciento malo. En el caso de la Marina, el 58 por ciento dice que su labor es buena, 34 por ciento que es regular y 5 por ciento la califica como mala.<\/p>\n<p><strong>CRIMEN ORGANIZADO<\/strong><\/p>\n<p>Respecto a la participaci\u00f3n del Ej\u00e9rcito en el combate al crimen organizado, 54 por ciento de los encuestados opin\u00f3 esa es una de las principales funciones que debe desempe\u00f1ar, 22 por ciento cree que es garantizar la seguridad interior, 18 por ciento Plan DN-III y el 6 por ciento piensa que s\u00f3lo debe realizar acciones c\u00edvicas y sociales.<\/p>\n<p>En el caso de la Marina, el 49 por ciento de los encuestados dijo que el combate al crimen organizado debe ser su principal labor, el 27 por ciento cree que es garantizar la seguridad, el 18 por ciento el Plan DN-III y el 6 por ciento dice que debe realizar acciones c\u00edvicas y sociales.<\/p>\n<p>Para el 76 por ciento de la poblaci\u00f3n, las tareas del combate al crimen organizado corresponden al Ej\u00e9rcito y la Marina y el 74 por ciento se\u00f1ala que la presencia de las Fuerzas Armadas en labores de patrullaje han sido \u00fatiles para el combate a la inseguridad p\u00fablica.<\/p>\n<p>Sin embargo, el 74 por ciento de la poblaci\u00f3n encuestada est\u00e1 de acuerdo con la creaci\u00f3n de una ley que otorgue un marco legal de actuaci\u00f3n a las Fuerzas Armadas en su labor al combate al crimen organizado, el cual le compete a los cuerpos policiacos.<\/p>\n","protected":false},"excerpt":{"rendered":"<p>El 51% de los mexicanos conf\u00eda \u201cpoco\u201d en el Ej\u00e9rcito, pero 80% cree que debe seguir en la calle<br \/>\nPor Redacci\u00f3n QP<\/p>\n","protected":false},"author":2,"featured_media":4264,"comment_status":"open","ping_status":"open","sticky":false,"template":"","format":"standard","meta":{"_monsterinsights_skip_tracking":false,"_monsterinsights_sitenote_active":false,"_monsterinsights_sitenote_note":"","_monsterinsights_sitenote_category":0,"footnotes":""},"categories":[2],"tags":[],"class_list":["post-4265","post","type-post","status-publish","format-standard","has-post-thumbnail","hentry","category-noticias"],"yoast_head":"<!-- This site is optimized with the Yoast SEO plugin v27.3 - https:\/\/yoast.com\/product\/yoast-seo-wordpress\/ -->\n<title>El 51% de los mexicanos conf\u00eda \u201cpoco\u201d en el Ej\u00e9rcito, pero 80% cree que debe seguir en la calle -<\/title>\n<meta name=\"robots\" content=\"index, follow, max-snippet:-1, max-image-preview:large, max-video-preview:-1\" \/>\n<link rel=\"canonical\" href=\"https:\/\/quehacerpolitico.mx\/?p=4265\" \/>\n<meta property=\"og:locale\" content=\"es_MX\" \/>\n<meta property=\"og:type\" content=\"article\" \/>\n<meta property=\"og:title\" content=\"El 51% de los mexicanos conf\u00eda \u201cpoco\u201d en el Ej\u00e9rcito, pero 80% cree que debe seguir en la calle -\" \/>\n<meta property=\"og:description\" content=\"El 51% de los mexicanos conf\u00eda \u201cpoco\u201d en el Ej\u00e9rcito, pero 80% cree que debe seguir en la calle Por Redacci\u00f3n QP\" \/>\n<meta property=\"og:url\" content=\"https:\/\/quehacerpolitico.mx\/?p=4265\" \/>\n<meta property=\"article:published_time\" content=\"2018-09-09T22:00:50+00:00\" \/>\n<meta name=\"author\" content=\"Redacci\u00f3n QP\" \/>\n<meta name=\"twitter:card\" content=\"summary_large_image\" \/>\n<meta name=\"twitter:label1\" content=\"Escrito por\" \/>\n\t<meta name=\"twitter:data1\" content=\"Redacci\u00f3n QP\" \/>\n\t<meta name=\"twitter:label2\" content=\"Tiempo de lectura\" \/>\n\t<meta name=\"twitter:data2\" content=\"4 minutos\" \/>\n<script type=\"application\/ld+json\" class=\"yoast-schema-graph\">{\"@context\":\"https:\\\/\\\/schema.org\",\"@graph\":[{\"@type\":\"Article\",\"@id\":\"https:\\\/\\\/quehacerpolitico.mx\\\/?p=4265#article\",\"isPartOf\":{\"@id\":\"https:\\\/\\\/quehacerpolitico.mx\\\/?p=4265\"},\"author\":{\"name\":\"Redacci\u00f3n QP\",\"@id\":\"https:\\\/\\\/quehacerpolitico.mx\\\/#\\\/schema\\\/person\\\/496d8ad2d1d3f8036101dca7ee39e585\"},\"headline\":\"El 51% de los mexicanos conf\u00eda \u201cpoco\u201d en el Ej\u00e9rcito, pero 80% cree que debe seguir en la calle\",\"datePublished\":\"2018-09-09T22:00:50+00:00\",\"mainEntityOfPage\":{\"@id\":\"https:\\\/\\\/quehacerpolitico.mx\\\/?p=4265\"},\"wordCount\":844,\"commentCount\":0,\"image\":{\"@id\":\"https:\\\/\\\/quehacerpolitico.mx\\\/?p=4265#primaryimage\"},\"thumbnailUrl\":\"\",\"articleSection\":[\"Noticias\"],\"inLanguage\":\"es\",\"potentialAction\":[{\"@type\":\"CommentAction\",\"name\":\"Comment\",\"target\":[\"https:\\\/\\\/quehacerpolitico.mx\\\/?p=4265#respond\"]}]},{\"@type\":\"WebPage\",\"@id\":\"https:\\\/\\\/quehacerpolitico.mx\\\/?p=4265\",\"url\":\"https:\\\/\\\/quehacerpolitico.mx\\\/?p=4265\",\"name\":\"El 51% de los mexicanos conf\u00eda \u201cpoco\u201d en el Ej\u00e9rcito, pero 80% cree que debe seguir en la calle -\",\"isPartOf\":{\"@id\":\"https:\\\/\\\/quehacerpolitico.mx\\\/#website\"},\"primaryImageOfPage\":{\"@id\":\"https:\\\/\\\/quehacerpolitico.mx\\\/?p=4265#primaryimage\"},\"image\":{\"@id\":\"https:\\\/\\\/quehacerpolitico.mx\\\/?p=4265#primaryimage\"},\"thumbnailUrl\":\"\",\"datePublished\":\"2018-09-09T22:00:50+00:00\",\"author\":{\"@id\":\"https:\\\/\\\/quehacerpolitico.mx\\\/#\\\/schema\\\/person\\\/496d8ad2d1d3f8036101dca7ee39e585\"},\"breadcrumb\":{\"@id\":\"https:\\\/\\\/quehacerpolitico.mx\\\/?p=4265#breadcrumb\"},\"inLanguage\":\"es\",\"potentialAction\":[{\"@type\":\"ReadAction\",\"target\":[\"https:\\\/\\\/quehacerpolitico.mx\\\/?p=4265\"]}]},{\"@type\":\"ImageObject\",\"inLanguage\":\"es\",\"@id\":\"https:\\\/\\\/quehacerpolitico.mx\\\/?p=4265#primaryimage\",\"url\":\"\",\"contentUrl\":\"\"},{\"@type\":\"BreadcrumbList\",\"@id\":\"https:\\\/\\\/quehacerpolitico.mx\\\/?p=4265#breadcrumb\",\"itemListElement\":[{\"@type\":\"ListItem\",\"position\":1,\"name\":\"Inicio\",\"item\":\"https:\\\/\\\/quehacerpolitico.mx\\\/\"},{\"@type\":\"ListItem\",\"position\":2,\"name\":\"El 51% de los mexicanos conf\u00eda \u201cpoco\u201d en el Ej\u00e9rcito, pero 80% cree que debe seguir en la calle\"}]},{\"@type\":\"WebSite\",\"@id\":\"https:\\\/\\\/quehacerpolitico.mx\\\/#website\",\"url\":\"https:\\\/\\\/quehacerpolitico.mx\\\/\",\"name\":\"\",\"description\":\"\",\"potentialAction\":[{\"@type\":\"SearchAction\",\"target\":{\"@type\":\"EntryPoint\",\"urlTemplate\":\"https:\\\/\\\/quehacerpolitico.mx\\\/?s={search_term_string}\"},\"query-input\":{\"@type\":\"PropertyValueSpecification\",\"valueRequired\":true,\"valueName\":\"search_term_string\"}}],\"inLanguage\":\"es\"},{\"@type\":\"Person\",\"@id\":\"https:\\\/\\\/quehacerpolitico.mx\\\/#\\\/schema\\\/person\\\/496d8ad2d1d3f8036101dca7ee39e585\",\"name\":\"Redacci\u00f3n QP\",\"image\":{\"@type\":\"ImageObject\",\"inLanguage\":\"es\",\"@id\":\"https:\\\/\\\/secure.gravatar.com\\\/avatar\\\/c7164ed6fdec453195284ad24a5ae5b6e1eed2b848477fa2a4787ba9adf39a41?s=96&d=mm&r=g\",\"url\":\"https:\\\/\\\/secure.gravatar.com\\\/avatar\\\/c7164ed6fdec453195284ad24a5ae5b6e1eed2b848477fa2a4787ba9adf39a41?s=96&d=mm&r=g\",\"contentUrl\":\"https:\\\/\\\/secure.gravatar.com\\\/avatar\\\/c7164ed6fdec453195284ad24a5ae5b6e1eed2b848477fa2a4787ba9adf39a41?s=96&d=mm&r=g\",\"caption\":\"Redacci\u00f3n QP\"},\"url\":\"https:\\\/\\\/quehacerpolitico.mx\\\/?author=2\"}]}<\/script>\n<!-- \/ Yoast SEO plugin. -->","yoast_head_json":{"title":"El 51% de los mexicanos conf\u00eda \u201cpoco\u201d en el Ej\u00e9rcito, pero 80% cree que debe seguir en la calle -","robots":{"index":"index","follow":"follow","max-snippet":"max-snippet:-1","max-image-preview":"max-image-preview:large","max-video-preview":"max-video-preview:-1"},"canonical":"https:\/\/quehacerpolitico.mx\/?p=4265","og_locale":"es_MX","og_type":"article","og_title":"El 51% de los mexicanos conf\u00eda \u201cpoco\u201d en el Ej\u00e9rcito, pero 80% cree que debe seguir en la calle -","og_description":"El 51% de los mexicanos conf\u00eda \u201cpoco\u201d en el Ej\u00e9rcito, pero 80% cree que debe seguir en la calle Por Redacci\u00f3n QP","og_url":"https:\/\/quehacerpolitico.mx\/?p=4265","article_published_time":"2018-09-09T22:00:50+00:00","author":"Redacci\u00f3n QP","twitter_card":"summary_large_image","twitter_misc":{"Escrito por":"Redacci\u00f3n QP","Tiempo de lectura":"4 minutos"},"schema":{"@context":"https:\/\/schema.org","@graph":[{"@type":"Article","@id":"https:\/\/quehacerpolitico.mx\/?p=4265#article","isPartOf":{"@id":"https:\/\/quehacerpolitico.mx\/?p=4265"},"author":{"name":"Redacci\u00f3n QP","@id":"https:\/\/quehacerpolitico.mx\/#\/schema\/person\/496d8ad2d1d3f8036101dca7ee39e585"},"headline":"El 51% de los mexicanos conf\u00eda \u201cpoco\u201d en el Ej\u00e9rcito, pero 80% cree que debe seguir en la calle","datePublished":"2018-09-09T22:00:50+00:00","mainEntityOfPage":{"@id":"https:\/\/quehacerpolitico.mx\/?p=4265"},"wordCount":844,"commentCount":0,"image":{"@id":"https:\/\/quehacerpolitico.mx\/?p=4265#primaryimage"},"thumbnailUrl":"","articleSection":["Noticias"],"inLanguage":"es","potentialAction":[{"@type":"CommentAction","name":"Comment","target":["https:\/\/quehacerpolitico.mx\/?p=4265#respond"]}]},{"@type":"WebPage","@id":"https:\/\/quehacerpolitico.mx\/?p=4265","url":"https:\/\/quehacerpolitico.mx\/?p=4265","name":"El 51% de los mexicanos conf\u00eda \u201cpoco\u201d en el Ej\u00e9rcito, pero 80% cree que debe seguir en la calle -","isPartOf":{"@id":"https:\/\/quehacerpolitico.mx\/#website"},"primaryImageOfPage":{"@id":"https:\/\/quehacerpolitico.mx\/?p=4265#primaryimage"},"image":{"@id":"https:\/\/quehacerpolitico.mx\/?p=4265#primaryimage"},"thumbnailUrl":"","datePublished":"2018-09-09T22:00:50+00:00","author":{"@id":"https:\/\/quehacerpolitico.mx\/#\/schema\/person\/496d8ad2d1d3f8036101dca7ee39e585"},"breadcrumb":{"@id":"https:\/\/quehacerpolitico.mx\/?p=4265#breadcrumb"},"inLanguage":"es","potentialAction":[{"@type":"ReadAction","target":["https:\/\/quehacerpolitico.mx\/?p=4265"]}]},{"@type":"ImageObject","inLanguage":"es","@id":"https:\/\/quehacerpolitico.mx\/?p=4265#primaryimage","url":"","contentUrl":""},{"@type":"BreadcrumbList","@id":"https:\/\/quehacerpolitico.mx\/?p=4265#breadcrumb","itemListElement":[{"@type":"ListItem","position":1,"name":"Inicio","item":"https:\/\/quehacerpolitico.mx\/"},{"@type":"ListItem","position":2,"name":"El 51% de los mexicanos conf\u00eda \u201cpoco\u201d en el Ej\u00e9rcito, pero 80% cree que debe seguir en la calle"}]},{"@type":"WebSite","@id":"https:\/\/quehacerpolitico.mx\/#website","url":"https:\/\/quehacerpolitico.mx\/","name":"","description":"","potentialAction":[{"@type":"SearchAction","target":{"@type":"EntryPoint","urlTemplate":"https:\/\/quehacerpolitico.mx\/?s={search_term_string}"},"query-input":{"@type":"PropertyValueSpecification","valueRequired":true,"valueName":"search_term_string"}}],"inLanguage":"es"},{"@type":"Person","@id":"https:\/\/quehacerpolitico.mx\/#\/schema\/person\/496d8ad2d1d3f8036101dca7ee39e585","name":"Redacci\u00f3n QP","image":{"@type":"ImageObject","inLanguage":"es","@id":"https:\/\/secure.gravatar.com\/avatar\/c7164ed6fdec453195284ad24a5ae5b6e1eed2b848477fa2a4787ba9adf39a41?s=96&d=mm&r=g","url":"https:\/\/secure.gravatar.com\/avatar\/c7164ed6fdec453195284ad24a5ae5b6e1eed2b848477fa2a4787ba9adf39a41?s=96&d=mm&r=g","contentUrl":"https:\/\/secure.gravatar.com\/avatar\/c7164ed6fdec453195284ad24a5ae5b6e1eed2b848477fa2a4787ba9adf39a41?s=96&d=mm&r=g","caption":"Redacci\u00f3n QP"},"url":"https:\/\/quehacerpolitico.mx\/?author=2"}]}},"featured_image_urls":{"full":"","thumbnail":"","medium":"","medium_large":"","large":"","1536x1536":"","2048x2048":"","covernews-featured":"","covernews-medium":""},"author_info":{"display_name":"Redacci\u00f3n QP","author_link":"https:\/\/quehacerpolitico.mx\/?author=2"},"category_info":"<a href=\"https:\/\/quehacerpolitico.mx\/?cat=2\" rel=\"category\">Noticias<\/a>","tag_info":"Noticias","comment_count":"0","_links":{"self":[{"href":"https:\/\/quehacerpolitico.mx\/index.php?rest_route=\/wp\/v2\/posts\/4265","targetHints":{"allow":["GET"]}}],"collection":[{"href":"https:\/\/quehacerpolitico.mx\/index.php?rest_route=\/wp\/v2\/posts"}],"about":[{"href":"https:\/\/quehacerpolitico.mx\/index.php?rest_route=\/wp\/v2\/types\/post"}],"author":[{"embeddable":true,"href":"https:\/\/quehacerpolitico.mx\/index.php?rest_route=\/wp\/v2\/users\/2"}],"replies":[{"embeddable":true,"href":"https:\/\/quehacerpolitico.mx\/index.php?rest_route=%2Fwp%2Fv2%2Fcomments&post=4265"}],"version-history":[{"count":0,"href":"https:\/\/quehacerpolitico.mx\/index.php?rest_route=\/wp\/v2\/posts\/4265\/revisions"}],"wp:featuredmedia":[{"embeddable":true,"href":"https:\/\/quehacerpolitico.mx\/index.php?rest_route=\/"}],"wp:attachment":[{"href":"https:\/\/quehacerpolitico.mx\/index.php?rest_route=%2Fwp%2Fv2%2Fmedia&parent=4265"}],"wp:term":[{"taxonomy":"category","embeddable":true,"href":"https:\/\/quehacerpolitico.mx\/index.php?rest_route=%2Fwp%2Fv2%2Fcategories&post=4265"},{"taxonomy":"post_tag","embeddable":true,"href":"https:\/\/quehacerpolitico.mx\/index.php?rest_route=%2Fwp%2Fv2%2Ftags&post=4265"}],"curies":[{"name":"wp","href":"https:\/\/api.w.org\/{rel}","templated":true}]}}