{"id":4263,"date":"2018-09-09T21:01:42","date_gmt":"2018-09-09T21:01:42","guid":{"rendered":"http:\/\/quehacerpolitico.mx\/la-licitacion-del-tren-maya-inicia-el-1-de-diciembre-amlo-atraera-a-3-millones-de-turistas-mas-al-ano\/"},"modified":"2018-09-09T21:01:42","modified_gmt":"2018-09-09T21:01:42","slug":"la-licitacion-del-tren-maya-inicia-el-1-de-diciembre-amlo-atraera-a-3-millones-de-turistas-mas-al-ano","status":"publish","type":"post","link":"https:\/\/quehacerpolitico.mx\/?p=4263","title":{"rendered":"La licitaci\u00f3n del Tren Maya inicia el 1 de diciembre: AMLO; atraer\u00e1 a 3 millones de turistas m\u00e1s al a\u00f1o"},"content":{"rendered":"<h3>En la reuni\u00f3n que sostuvo el Presidente electo esta ma\u00f1ana participaron los Gobernadores Manuel Velasco Coello, de Chiapas, Alejandro Moreno de Campeche, Arturo N\u00fa\u00f1ez de Tabasco, Rolando Zapata Bello de Yucat\u00e1n y Carlos Joaqu\u00edn Gonz\u00e1lez de Quintana Roo.<\/h3>\n<h3>L\u00f3pez Obrador asegur\u00f3 que ya se han hecho consultas a las comunidades y que hay aceptaci\u00f3n del proyecto. \u201cYa hay consultas en las comunidades, ejidatarios y peque\u00f1os propietarios y s\u00ed hay aceptaci\u00f3n\u201d, destac\u00f3.<\/h3>\n<p><strong>Andr\u00e9s Manuel L\u00f3pez Obrador<\/strong>, Presidente electo de M\u00e9xico, explic\u00f3 este domingo a <strong>gobernadores<\/strong> y a mandatarios electos de los estados por donde pasar\u00e1 el<strong> Tren Maya<\/strong> que el proyecto reactivar\u00e1 el sureste de M\u00e9xico y atraer\u00e1 hasta <strong>3 millones de turistas<\/strong>anuales m\u00e1s de los que ahora se registran. Anunci\u00f3 que la licitaci\u00f3n del proyecto comenzar\u00e1n el 1 de diciembre.<\/p>\n<p>El Tren Maya, les dijo, estar\u00e1 compuesto de tres tramos: el Tramo Golfo, que ir\u00e1 de Palenque a Canc\u00fan; el Tramo Caribe, que recorrer\u00e1 la Riviera Maya desde Canc\u00fan a Bacalar, y el Tramo Selva, que conectar\u00e1 a Bacalar con Esc\u00e1rcega.<\/p>\n<blockquote>\n<p>\u201cEs una v\u00eda de la Naci\u00f3n, del Estado mexicano\u201d, destac\u00f3 L\u00f3pez Obrador esta ma\u00f1ana.<\/p>\n<blockquote>\n<p>\u201cPodemos resumir que en los \u00faltimos 30 a\u00f1os todo el desarrollo se ha centrado en la Rivera Maya, all\u00e1 en la punta, el resto del sureste qued\u00f3 en el abandono\u201d, a\u00f1adi\u00f3 y dijo que su Gobierno quiere que haya islas de desarrollo sino en todo el pa\u00eds.<\/p>\n<\/blockquote>\n<p>L\u00f3pez Obrador asegur\u00f3 que ya se han hecho consultas a las comunidades y que hay aceptaci\u00f3n del proyecto.<\/p>\n<blockquote>\n<p>\u201cYa hay consultas en las comunidades, ejidatarios y peque\u00f1os propietarios y s\u00ed hay aceptaci\u00f3n\u201d, destac\u00f3.<\/p>\n<p>Anunci\u00f3 que los gobernadores de Chiapas, Manuel Velasco, y de Tabasco, Arturo N\u00fa\u00f1ez, est\u00e1n comenzando la primera etapa del proyecto y que las licitaciones del tren comenzar\u00e1n el 1 de diciembre.\u00a0Indic\u00f3 que ser\u00e1 una inversi\u00f3n de entre 120 mil y 150 mil millones de pesos.<\/p>\n<p>\u201cEl Gobierno Campeche, de Quintana Roo y el electo de Chiapas inaugurar\u00e1n esta obra que tardar\u00e1 de 3 a 4 a\u00f1os. Yo le dar\u00e9 seguimiento a este programa integral que no se retrase, y cumplir para tenerlo lo m\u00e1s pronto posible\u201d, indic\u00f3.<\/p>\n<div class=\"ad_center ad-in-content\">\u00a0<\/div>\n<blockquote>\n<p>\u201cNo hay que omitir no hay que dejar de pensar que esto va a significar trabajo desde los primeros d\u00edas del pr\u00f3ximo Gobierno. Va a significar empleos para toda esta regi\u00f3n, desarrollo. Es una inversi\u00f3n p\u00fablica federal que no se hab\u00eda dado en mucho tiempo, hablamos de 120, 150 mil millones de pesos\u201d, a\u00f1adi\u00f3.<\/p>\n<\/blockquote>\n<p>Indic\u00f3 que ser\u00e1 del impuesto que se cobra al turismo y que se usa para el fomento de ese ramo de donde salgan los recursos para el tren y tambi\u00e9n saldr\u00e1n recursos, a\u00f1adi\u00f3, del ahorro en el presupuesto p\u00fablico.<\/p>\n<blockquote>\n<p>\u201cEstamos contemplando que todo el impuesto que se cobra a turistas que se utiliza al fomento al turismo, se va destinar a este programa. Se habla de alrededor de 8 mil millones de pesos y la Federaci\u00f3n, el presupuesto p\u00fablico por los ajustes, ahorros que se est\u00e1n haciendo van a destinar otro tanto de modo que para el a\u00f1o pr\u00f3ximo, de entrada se cuenta con 16 mil millones de pesos\u201d, precis\u00f3.<\/p>\n<\/blockquote>\n<p>El Presidente electo mantuvo una reuni\u00f3n con los mandatarios locales la ma\u00f1ana de este domingo, a puerta cerrada, en el Hotel Chan-Kah Resort Village Convention Center &amp; Maya Spa en el municipio de Palenque, en el estado de Chiapas.<\/p>\n<p>En la reuni\u00f3n participan los gobernadores Manuel Velasco Coello, de Chiapas, Alejandro Moreno de Campeche, Arturo N\u00fa\u00f1ez de Tabasco, Rolando Zapata Bello, de Yucat\u00e1n, y Carlos Joaqu\u00edn Gonz\u00e1lez de Quintana Roo.<\/p>\n<p>A L\u00f3pez Obrador lo acompa\u00f1aron el ingeniero Javier Jim\u00e9nez Espri\u00fa, pr\u00f3ximo titular de la Secretar\u00eda de Comunicaciones y Transportes (SCT); Carlos Urz\u00faa Mac\u00edas, propuesto para liderar la Secretar\u00eda de Hacienda y Cr\u00e9dito P\u00fablico (SHCP), y Manuel Bartlett D\u00edaz, pr\u00f3ximo titular de la Comisi\u00f3n Federal de Electricidad (CFE).<\/p>\n<blockquote class=\"twitter-tweet\" data-width=\"550\" data-dnt=\"true\">\n<p lang=\"es\" dir=\"ltr\">Presentes en el Pueblo M\u00e1gico de <a href=\"https:\/\/twitter.com\/hashtag\/Palenque?src=hash&amp;ref_src=twsrc%5Etfw\">#Palenque<\/a>, los Gobernadores Constitucionales y Electos de <a href=\"https:\/\/twitter.com\/hashtag\/Campeche?src=hash&amp;ref_src=twsrc%5Etfw\">#Campeche<\/a> <a href=\"https:\/\/twitter.com\/hashtag\/Tabasco?src=hash&amp;ref_src=twsrc%5Etfw\">#Tabasco<\/a> <a href=\"https:\/\/twitter.com\/hashtag\/QuintanaRoo?src=hash&amp;ref_src=twsrc%5Etfw\">#QuintanaRoo<\/a> y <a href=\"https:\/\/twitter.com\/hashtag\/Chiapas?src=hash&amp;ref_src=twsrc%5Etfw\">#Chiapas<\/a> en reuni\u00f3n de trabajo con el Presidente <a href=\"https:\/\/twitter.com\/lopezobrador_?ref_src=twsrc%5Etfw\">@lopezobrador_<\/a> evaluamos el proyecto del <a href=\"https:\/\/twitter.com\/TrenMaya?ref_src=twsrc%5Etfw\">@TrenMaya<\/a> y sus beneficios para el sureste del pa\u00eds. <a href=\"https:\/\/t.co\/0PvED0Zv9f\">pic.twitter.com\/0PvED0Zv9f<\/a><\/p>\n<p>&mdash; Manuel Velasco (@VelascoM_) <a href=\"https:\/\/twitter.com\/VelascoM_\/status\/1038863683819069441?ref_src=twsrc%5Etfw\">September 9, 2018<\/a><\/p><\/blockquote>\n<p><script async src=\"https:\/\/platform.twitter.com\/widgets.js\" charset=\"utf-8\"><\/script><\/p>\n<p>El d\u00eda de ayer, L\u00f3pez Obrador viaj\u00f3 a la ciudad Villahermosa, Tabasco, donde se\u00a0reuni\u00f3\u00a0con empresarios del\u00a0sector petrolero nacional.<\/p>\n<p>Tras la reuni\u00f3n el Presidente electo asegur\u00f3 que se pens\u00f3 \u201cingenuamente\u201d que con la\u00a0Reforma Energ\u00e9tica\u00a0iba a haber m\u00e1s inversi\u00f3n extranjera para salir de la crisis en dicho sector, pues eso no sucedi\u00f3.<\/p>\n<blockquote>\n<p>\u201cSe pens\u00f3 ingenuamente con la\u00a0Reforma Energ\u00e9tica\u00a0que iba a llegar la inversi\u00f3n extranjera y no\u201d, afirm\u00f3 en conferencia de prensa la tarde de este s\u00e1bado, tras celebrar una reuni\u00f3n con empresarios petroleros en\u00a0Tabasco.<\/p>\n<\/blockquote>\n<p>Asimismo, el ex candidato presidencial del Movimiento de Regeneraci\u00f3n Nacional (Morena) record\u00f3 que la problem\u00e1tica se agrav\u00f3 cuando Petr\u00f3leos Mexicanos (Pemex) dej\u00f3 de invertir en la\u00a0exploraci\u00f3n y la intervenci\u00f3n de pozos, lo que provoc\u00f3 que se cayera la producci\u00f3n.<\/p>\n<p>\u201cVamos a invertir para la perforaci\u00f3n y para llevar a cabo procesos de extracci\u00f3n, vamos a destinar alrededor de 75 mil millones de pesos adicionales para producir r\u00e1pido, pronto. Esto va a permitir empezar a recuperar\u201d, argument\u00f3 sobre c\u00f3mo har\u00e1 frente a la situaci\u00f3n.<\/p>\n<\/blockquote>\n<\/blockquote>\n","protected":false},"excerpt":{"rendered":"<p>La licitaci\u00f3n del Tren Maya inicia el 1 de diciembre: AMLO; atraer\u00e1 a 3 millones de turistas m\u00e1s al a\u00f1o<br \/>\nPor Redacci\u00f3n QP<\/p>\n","protected":false},"author":2,"featured_media":4262,"comment_status":"open","ping_status":"open","sticky":false,"template":"","format":"standard","meta":{"_monsterinsights_skip_tracking":false,"_monsterinsights_sitenote_active":false,"_monsterinsights_sitenote_note":"","_monsterinsights_sitenote_category":0,"footnotes":""},"categories":[2],"tags":[],"class_list":["post-4263","post","type-post","status-publish","format-standard","has-post-thumbnail","hentry","category-noticias"],"yoast_head":"<!-- This site is optimized with the Yoast SEO plugin v27.3 - https:\/\/yoast.com\/product\/yoast-seo-wordpress\/ -->\n<title>La licitaci\u00f3n del Tren Maya inicia el 1 de diciembre: AMLO; atraer\u00e1 a 3 millones de turistas m\u00e1s al a\u00f1o -<\/title>\n<meta name=\"robots\" content=\"index, follow, max-snippet:-1, max-image-preview:large, max-video-preview:-1\" \/>\n<link rel=\"canonical\" href=\"https:\/\/quehacerpolitico.mx\/?p=4263\" \/>\n<meta property=\"og:locale\" content=\"es_MX\" \/>\n<meta property=\"og:type\" content=\"article\" \/>\n<meta property=\"og:title\" content=\"La licitaci\u00f3n del Tren Maya inicia el 1 de diciembre: AMLO; atraer\u00e1 a 3 millones de turistas m\u00e1s al a\u00f1o -\" \/>\n<meta property=\"og:description\" content=\"La licitaci\u00f3n del Tren Maya inicia el 1 de diciembre: AMLO; atraer\u00e1 a 3 millones de turistas m\u00e1s al a\u00f1o Por Redacci\u00f3n QP\" \/>\n<meta property=\"og:url\" content=\"https:\/\/quehacerpolitico.mx\/?p=4263\" \/>\n<meta property=\"article:published_time\" content=\"2018-09-09T21:01:42+00:00\" \/>\n<meta name=\"author\" content=\"Redacci\u00f3n QP\" \/>\n<meta name=\"twitter:card\" content=\"summary_large_image\" \/>\n<meta name=\"twitter:label1\" content=\"Escrito por\" \/>\n\t<meta name=\"twitter:data1\" content=\"Redacci\u00f3n QP\" \/>\n\t<meta name=\"twitter:label2\" content=\"Tiempo de lectura\" \/>\n\t<meta name=\"twitter:data2\" content=\"4 minutos\" \/>\n<script type=\"application\/ld+json\" class=\"yoast-schema-graph\">{\"@context\":\"https:\\\/\\\/schema.org\",\"@graph\":[{\"@type\":\"Article\",\"@id\":\"https:\\\/\\\/quehacerpolitico.mx\\\/?p=4263#article\",\"isPartOf\":{\"@id\":\"https:\\\/\\\/quehacerpolitico.mx\\\/?p=4263\"},\"author\":{\"name\":\"Redacci\u00f3n QP\",\"@id\":\"https:\\\/\\\/quehacerpolitico.mx\\\/#\\\/schema\\\/person\\\/496d8ad2d1d3f8036101dca7ee39e585\"},\"headline\":\"La licitaci\u00f3n del Tren Maya inicia el 1 de diciembre: AMLO; atraer\u00e1 a 3 millones de turistas m\u00e1s al a\u00f1o\",\"datePublished\":\"2018-09-09T21:01:42+00:00\",\"mainEntityOfPage\":{\"@id\":\"https:\\\/\\\/quehacerpolitico.mx\\\/?p=4263\"},\"wordCount\":917,\"commentCount\":0,\"image\":{\"@id\":\"https:\\\/\\\/quehacerpolitico.mx\\\/?p=4263#primaryimage\"},\"thumbnailUrl\":\"\",\"articleSection\":[\"Noticias\"],\"inLanguage\":\"es\",\"potentialAction\":[{\"@type\":\"CommentAction\",\"name\":\"Comment\",\"target\":[\"https:\\\/\\\/quehacerpolitico.mx\\\/?p=4263#respond\"]}]},{\"@type\":\"WebPage\",\"@id\":\"https:\\\/\\\/quehacerpolitico.mx\\\/?p=4263\",\"url\":\"https:\\\/\\\/quehacerpolitico.mx\\\/?p=4263\",\"name\":\"La licitaci\u00f3n del Tren Maya inicia el 1 de diciembre: AMLO; atraer\u00e1 a 3 millones de turistas m\u00e1s al a\u00f1o -\",\"isPartOf\":{\"@id\":\"https:\\\/\\\/quehacerpolitico.mx\\\/#website\"},\"primaryImageOfPage\":{\"@id\":\"https:\\\/\\\/quehacerpolitico.mx\\\/?p=4263#primaryimage\"},\"image\":{\"@id\":\"https:\\\/\\\/quehacerpolitico.mx\\\/?p=4263#primaryimage\"},\"thumbnailUrl\":\"\",\"datePublished\":\"2018-09-09T21:01:42+00:00\",\"author\":{\"@id\":\"https:\\\/\\\/quehacerpolitico.mx\\\/#\\\/schema\\\/person\\\/496d8ad2d1d3f8036101dca7ee39e585\"},\"breadcrumb\":{\"@id\":\"https:\\\/\\\/quehacerpolitico.mx\\\/?p=4263#breadcrumb\"},\"inLanguage\":\"es\",\"potentialAction\":[{\"@type\":\"ReadAction\",\"target\":[\"https:\\\/\\\/quehacerpolitico.mx\\\/?p=4263\"]}]},{\"@type\":\"ImageObject\",\"inLanguage\":\"es\",\"@id\":\"https:\\\/\\\/quehacerpolitico.mx\\\/?p=4263#primaryimage\",\"url\":\"\",\"contentUrl\":\"\"},{\"@type\":\"BreadcrumbList\",\"@id\":\"https:\\\/\\\/quehacerpolitico.mx\\\/?p=4263#breadcrumb\",\"itemListElement\":[{\"@type\":\"ListItem\",\"position\":1,\"name\":\"Inicio\",\"item\":\"https:\\\/\\\/quehacerpolitico.mx\\\/\"},{\"@type\":\"ListItem\",\"position\":2,\"name\":\"La licitaci\u00f3n del Tren Maya inicia el 1 de diciembre: AMLO; atraer\u00e1 a 3 millones de turistas m\u00e1s al a\u00f1o\"}]},{\"@type\":\"WebSite\",\"@id\":\"https:\\\/\\\/quehacerpolitico.mx\\\/#website\",\"url\":\"https:\\\/\\\/quehacerpolitico.mx\\\/\",\"name\":\"\",\"description\":\"\",\"potentialAction\":[{\"@type\":\"SearchAction\",\"target\":{\"@type\":\"EntryPoint\",\"urlTemplate\":\"https:\\\/\\\/quehacerpolitico.mx\\\/?s={search_term_string}\"},\"query-input\":{\"@type\":\"PropertyValueSpecification\",\"valueRequired\":true,\"valueName\":\"search_term_string\"}}],\"inLanguage\":\"es\"},{\"@type\":\"Person\",\"@id\":\"https:\\\/\\\/quehacerpolitico.mx\\\/#\\\/schema\\\/person\\\/496d8ad2d1d3f8036101dca7ee39e585\",\"name\":\"Redacci\u00f3n QP\",\"image\":{\"@type\":\"ImageObject\",\"inLanguage\":\"es\",\"@id\":\"https:\\\/\\\/secure.gravatar.com\\\/avatar\\\/c7164ed6fdec453195284ad24a5ae5b6e1eed2b848477fa2a4787ba9adf39a41?s=96&d=mm&r=g\",\"url\":\"https:\\\/\\\/secure.gravatar.com\\\/avatar\\\/c7164ed6fdec453195284ad24a5ae5b6e1eed2b848477fa2a4787ba9adf39a41?s=96&d=mm&r=g\",\"contentUrl\":\"https:\\\/\\\/secure.gravatar.com\\\/avatar\\\/c7164ed6fdec453195284ad24a5ae5b6e1eed2b848477fa2a4787ba9adf39a41?s=96&d=mm&r=g\",\"caption\":\"Redacci\u00f3n QP\"},\"url\":\"https:\\\/\\\/quehacerpolitico.mx\\\/?author=2\"}]}<\/script>\n<!-- \/ Yoast SEO plugin. -->","yoast_head_json":{"title":"La licitaci\u00f3n del Tren Maya inicia el 1 de diciembre: AMLO; atraer\u00e1 a 3 millones de turistas m\u00e1s al a\u00f1o -","robots":{"index":"index","follow":"follow","max-snippet":"max-snippet:-1","max-image-preview":"max-image-preview:large","max-video-preview":"max-video-preview:-1"},"canonical":"https:\/\/quehacerpolitico.mx\/?p=4263","og_locale":"es_MX","og_type":"article","og_title":"La licitaci\u00f3n del Tren Maya inicia el 1 de diciembre: AMLO; atraer\u00e1 a 3 millones de turistas m\u00e1s al a\u00f1o -","og_description":"La licitaci\u00f3n del Tren Maya inicia el 1 de diciembre: AMLO; atraer\u00e1 a 3 millones de turistas m\u00e1s al a\u00f1o Por Redacci\u00f3n QP","og_url":"https:\/\/quehacerpolitico.mx\/?p=4263","article_published_time":"2018-09-09T21:01:42+00:00","author":"Redacci\u00f3n QP","twitter_card":"summary_large_image","twitter_misc":{"Escrito por":"Redacci\u00f3n QP","Tiempo de lectura":"4 minutos"},"schema":{"@context":"https:\/\/schema.org","@graph":[{"@type":"Article","@id":"https:\/\/quehacerpolitico.mx\/?p=4263#article","isPartOf":{"@id":"https:\/\/quehacerpolitico.mx\/?p=4263"},"author":{"name":"Redacci\u00f3n QP","@id":"https:\/\/quehacerpolitico.mx\/#\/schema\/person\/496d8ad2d1d3f8036101dca7ee39e585"},"headline":"La licitaci\u00f3n del Tren Maya inicia el 1 de diciembre: AMLO; atraer\u00e1 a 3 millones de turistas m\u00e1s al a\u00f1o","datePublished":"2018-09-09T21:01:42+00:00","mainEntityOfPage":{"@id":"https:\/\/quehacerpolitico.mx\/?p=4263"},"wordCount":917,"commentCount":0,"image":{"@id":"https:\/\/quehacerpolitico.mx\/?p=4263#primaryimage"},"thumbnailUrl":"","articleSection":["Noticias"],"inLanguage":"es","potentialAction":[{"@type":"CommentAction","name":"Comment","target":["https:\/\/quehacerpolitico.mx\/?p=4263#respond"]}]},{"@type":"WebPage","@id":"https:\/\/quehacerpolitico.mx\/?p=4263","url":"https:\/\/quehacerpolitico.mx\/?p=4263","name":"La licitaci\u00f3n del Tren Maya inicia el 1 de diciembre: AMLO; atraer\u00e1 a 3 millones de turistas m\u00e1s al a\u00f1o -","isPartOf":{"@id":"https:\/\/quehacerpolitico.mx\/#website"},"primaryImageOfPage":{"@id":"https:\/\/quehacerpolitico.mx\/?p=4263#primaryimage"},"image":{"@id":"https:\/\/quehacerpolitico.mx\/?p=4263#primaryimage"},"thumbnailUrl":"","datePublished":"2018-09-09T21:01:42+00:00","author":{"@id":"https:\/\/quehacerpolitico.mx\/#\/schema\/person\/496d8ad2d1d3f8036101dca7ee39e585"},"breadcrumb":{"@id":"https:\/\/quehacerpolitico.mx\/?p=4263#breadcrumb"},"inLanguage":"es","potentialAction":[{"@type":"ReadAction","target":["https:\/\/quehacerpolitico.mx\/?p=4263"]}]},{"@type":"ImageObject","inLanguage":"es","@id":"https:\/\/quehacerpolitico.mx\/?p=4263#primaryimage","url":"","contentUrl":""},{"@type":"BreadcrumbList","@id":"https:\/\/quehacerpolitico.mx\/?p=4263#breadcrumb","itemListElement":[{"@type":"ListItem","position":1,"name":"Inicio","item":"https:\/\/quehacerpolitico.mx\/"},{"@type":"ListItem","position":2,"name":"La licitaci\u00f3n del Tren Maya inicia el 1 de diciembre: AMLO; atraer\u00e1 a 3 millones de turistas m\u00e1s al a\u00f1o"}]},{"@type":"WebSite","@id":"https:\/\/quehacerpolitico.mx\/#website","url":"https:\/\/quehacerpolitico.mx\/","name":"","description":"","potentialAction":[{"@type":"SearchAction","target":{"@type":"EntryPoint","urlTemplate":"https:\/\/quehacerpolitico.mx\/?s={search_term_string}"},"query-input":{"@type":"PropertyValueSpecification","valueRequired":true,"valueName":"search_term_string"}}],"inLanguage":"es"},{"@type":"Person","@id":"https:\/\/quehacerpolitico.mx\/#\/schema\/person\/496d8ad2d1d3f8036101dca7ee39e585","name":"Redacci\u00f3n QP","image":{"@type":"ImageObject","inLanguage":"es","@id":"https:\/\/secure.gravatar.com\/avatar\/c7164ed6fdec453195284ad24a5ae5b6e1eed2b848477fa2a4787ba9adf39a41?s=96&d=mm&r=g","url":"https:\/\/secure.gravatar.com\/avatar\/c7164ed6fdec453195284ad24a5ae5b6e1eed2b848477fa2a4787ba9adf39a41?s=96&d=mm&r=g","contentUrl":"https:\/\/secure.gravatar.com\/avatar\/c7164ed6fdec453195284ad24a5ae5b6e1eed2b848477fa2a4787ba9adf39a41?s=96&d=mm&r=g","caption":"Redacci\u00f3n QP"},"url":"https:\/\/quehacerpolitico.mx\/?author=2"}]}},"featured_image_urls":{"full":"","thumbnail":"","medium":"","medium_large":"","large":"","1536x1536":"","2048x2048":"","covernews-featured":"","covernews-medium":""},"author_info":{"display_name":"Redacci\u00f3n QP","author_link":"https:\/\/quehacerpolitico.mx\/?author=2"},"category_info":"<a href=\"https:\/\/quehacerpolitico.mx\/?cat=2\" rel=\"category\">Noticias<\/a>","tag_info":"Noticias","comment_count":"0","_links":{"self":[{"href":"https:\/\/quehacerpolitico.mx\/index.php?rest_route=\/wp\/v2\/posts\/4263","targetHints":{"allow":["GET"]}}],"collection":[{"href":"https:\/\/quehacerpolitico.mx\/index.php?rest_route=\/wp\/v2\/posts"}],"about":[{"href":"https:\/\/quehacerpolitico.mx\/index.php?rest_route=\/wp\/v2\/types\/post"}],"author":[{"embeddable":true,"href":"https:\/\/quehacerpolitico.mx\/index.php?rest_route=\/wp\/v2\/users\/2"}],"replies":[{"embeddable":true,"href":"https:\/\/quehacerpolitico.mx\/index.php?rest_route=%2Fwp%2Fv2%2Fcomments&post=4263"}],"version-history":[{"count":0,"href":"https:\/\/quehacerpolitico.mx\/index.php?rest_route=\/wp\/v2\/posts\/4263\/revisions"}],"wp:featuredmedia":[{"embeddable":true,"href":"https:\/\/quehacerpolitico.mx\/index.php?rest_route=\/"}],"wp:attachment":[{"href":"https:\/\/quehacerpolitico.mx\/index.php?rest_route=%2Fwp%2Fv2%2Fmedia&parent=4263"}],"wp:term":[{"taxonomy":"category","embeddable":true,"href":"https:\/\/quehacerpolitico.mx\/index.php?rest_route=%2Fwp%2Fv2%2Fcategories&post=4263"},{"taxonomy":"post_tag","embeddable":true,"href":"https:\/\/quehacerpolitico.mx\/index.php?rest_route=%2Fwp%2Fv2%2Ftags&post=4263"}],"curies":[{"name":"wp","href":"https:\/\/api.w.org\/{rel}","templated":true}]}}