{"id":4261,"date":"2018-09-09T20:30:09","date_gmt":"2018-09-09T20:30:09","guid":{"rendered":"http:\/\/quehacerpolitico.mx\/la-revista-proceso-exhibe-una-fortuna-en-propiedades-de-los-hermanos-serna-y-miguel-angel-mancera\/"},"modified":"2018-09-09T20:30:09","modified_gmt":"2018-09-09T20:30:09","slug":"la-revista-proceso-exhibe-una-fortuna-en-propiedades-de-los-hermanos-serna-y-miguel-angel-mancera","status":"publish","type":"post","link":"https:\/\/quehacerpolitico.mx\/?p=4261","title":{"rendered":"La revista Proceso exhibe una fortuna en propiedades de los hermanos Serna y Miguel \u00c1ngel Mancera"},"content":{"rendered":"<h3><em>Proceso<\/em> se\u00f1ala que tanto los hermanos Serna como Mancera se hicieron de su patrimonio mientras fueron funcionarios capitalinos. Indica que la mayor\u00eda de las propiedades de los tres, y sobre todo las de Mancera, fueron compradas an desarrolladores inmobiliarios que luego el ex mandatario local integr\u00f3 a su Gabinete, algunos se convirtieron en sus socios.<\/h3>\n<p>Miguel \u00c1ngel Mancera, Senador de la Rep\u00fablica y ex Jefe de Gobierno de la Ciudad de M\u00e9xico, y los hermanos Julio C\u00e9sar y Luis Ernesto Serna Ch\u00e1vez comparten el gusto por la acumulaci\u00f3n de bienes inmuebles. Y hasta antes de que Mancera pidiera licencia a su cargo en la capital del pa\u00eds, los tres pose\u00edan un patrimonio inmobiliario de m\u00e1s de 130 millones de pesos.<\/p>\n<p>En una investigaci\u00f3n publicada por <em>Proceso<\/em> en su edici\u00f3n impresa m\u00e1s reciente, se detalla que en la recta final del Gobierno de Mancera, \u00e9l y Luis Ernesto, quien fungi\u00f3 como su secretario particular, obtuvieron m\u00e1s propiedades, sobre las cuales no rindieron cuentas y tampoco las registraron a sus nombres. Los documentos fueron revisados por los reporteros Ra\u00fal Monge y Sara Pantoja y expuesto en un reportaje titulado \u201cMancera y los hermanos Serna, coleccionistas de propiedades\u201d.<\/p>\n<p>La investigaci\u00f3n precisa que del total de las propiedades reconocidas oficialmente por los tres, la mayor\u00eda son de Mancera e incluyen locales comerciales; sin embargo, el valor y la fastuosidad de las de Luis Ernesto superan por mucho las del ex jefe de Gobierno. Indica que, hasta 2016, el valor catastral de las propiedades de Mancera era de 43.5 millones de pesos, y las de Luis Ernesto eran de 77.9 millones.<\/p>\n<p><em>Proceso<\/em> se\u00f1ala que tanto los hermanos Serna como Mancera se hicieron de su patrimonio mientras fueron funcionarios capitalinos. Indica que la mayor\u00eda de las propiedades de los tres, y sobre todo las de Mancera, fueron compradas an desarrolladores inmobiliarios que luego el ex mandatario local integr\u00f3 a su Gabinete, algunos se convirtieron en sus socios.<\/p>\n<p>Sim\u00f3n Neumann Ladenzon, ex titular de la Secretar\u00eda de Desarrollo Urbano (Seduvi) y Fausto Galv\u00e1n Escobar, \u201cEl Compadre\u201d, ex coordinador general de Gesti\u00f3n para el Crecimiento y Desarrollo de la Ciudad, de la Secretar\u00eda de Econom\u00eda, son algunos de los ejemplos que cita el semanario.<\/p>\n<p>La investigaci\u00f3n agrega que Mancera Espinosa amas\u00f3 su fortuna inmobiliaria en menos de 12 a\u00f1os, desde que fue titular de la Procuradur\u00eda de General de Justicia (PGJ) capitalina y luego como Jefe de Gobierno.<\/p>\n<p>Detalla que una de las \u00faltimas propiedades adquiridas por el ahora coordinador de la bancada del PRD en el Senado es una casa de 94 mil metros cuadrados en Tlacopac, al sur de la capital, colindante con San \u00c1ngel Inn y San \u00c1ngel.<\/p>\n<p>De acuerdo con los documentos consultados por los periodistas de <em>Proceso<\/em>, el ex Jefe capitalino compr\u00f3 el inmueble en 2015 y que Luis Ernesto cobij\u00f3 la transacci\u00f3n, pues incluso la report\u00f3 como suya en su declaraci\u00f3n 3de3 de 2016.<\/p>\n","protected":false},"excerpt":{"rendered":"<p>La revista Proceso exhibe una fortuna en propiedades de los hermanos Serna y Miguel \u00c1ngel Mancera<br \/>\nPor Redacci\u00f3n QP<\/p>\n","protected":false},"author":2,"featured_media":4260,"comment_status":"open","ping_status":"open","sticky":false,"template":"","format":"standard","meta":{"_monsterinsights_skip_tracking":false,"_monsterinsights_sitenote_active":false,"_monsterinsights_sitenote_note":"","_monsterinsights_sitenote_category":0,"footnotes":""},"categories":[2],"tags":[],"class_list":["post-4261","post","type-post","status-publish","format-standard","has-post-thumbnail","hentry","category-noticias"],"yoast_head":"<!-- This site is optimized with the Yoast SEO plugin v27.3 - https:\/\/yoast.com\/product\/yoast-seo-wordpress\/ -->\n<title>La revista Proceso exhibe una fortuna en propiedades de los hermanos Serna y Miguel \u00c1ngel Mancera -<\/title>\n<meta name=\"robots\" content=\"index, follow, max-snippet:-1, max-image-preview:large, max-video-preview:-1\" \/>\n<link rel=\"canonical\" href=\"https:\/\/quehacerpolitico.mx\/?p=4261\" \/>\n<meta property=\"og:locale\" content=\"es_MX\" \/>\n<meta property=\"og:type\" content=\"article\" \/>\n<meta property=\"og:title\" content=\"La revista Proceso exhibe una fortuna en propiedades de los hermanos Serna y Miguel \u00c1ngel Mancera -\" \/>\n<meta property=\"og:description\" content=\"La revista Proceso exhibe una fortuna en propiedades de los hermanos Serna y Miguel \u00c1ngel Mancera Por Redacci\u00f3n QP\" \/>\n<meta property=\"og:url\" content=\"https:\/\/quehacerpolitico.mx\/?p=4261\" \/>\n<meta property=\"article:published_time\" content=\"2018-09-09T20:30:09+00:00\" \/>\n<meta name=\"author\" content=\"Redacci\u00f3n QP\" \/>\n<meta name=\"twitter:card\" content=\"summary_large_image\" \/>\n<meta name=\"twitter:label1\" content=\"Escrito por\" \/>\n\t<meta name=\"twitter:data1\" content=\"Redacci\u00f3n QP\" \/>\n\t<meta name=\"twitter:label2\" content=\"Tiempo de lectura\" \/>\n\t<meta name=\"twitter:data2\" content=\"3 minutos\" \/>\n<script type=\"application\/ld+json\" class=\"yoast-schema-graph\">{\"@context\":\"https:\\\/\\\/schema.org\",\"@graph\":[{\"@type\":\"Article\",\"@id\":\"https:\\\/\\\/quehacerpolitico.mx\\\/?p=4261#article\",\"isPartOf\":{\"@id\":\"https:\\\/\\\/quehacerpolitico.mx\\\/?p=4261\"},\"author\":{\"name\":\"Redacci\u00f3n QP\",\"@id\":\"https:\\\/\\\/quehacerpolitico.mx\\\/#\\\/schema\\\/person\\\/496d8ad2d1d3f8036101dca7ee39e585\"},\"headline\":\"La revista Proceso exhibe una fortuna en propiedades de los hermanos Serna y Miguel \u00c1ngel Mancera\",\"datePublished\":\"2018-09-09T20:30:09+00:00\",\"mainEntityOfPage\":{\"@id\":\"https:\\\/\\\/quehacerpolitico.mx\\\/?p=4261\"},\"wordCount\":520,\"commentCount\":0,\"image\":{\"@id\":\"https:\\\/\\\/quehacerpolitico.mx\\\/?p=4261#primaryimage\"},\"thumbnailUrl\":\"\",\"articleSection\":[\"Noticias\"],\"inLanguage\":\"es\",\"potentialAction\":[{\"@type\":\"CommentAction\",\"name\":\"Comment\",\"target\":[\"https:\\\/\\\/quehacerpolitico.mx\\\/?p=4261#respond\"]}]},{\"@type\":\"WebPage\",\"@id\":\"https:\\\/\\\/quehacerpolitico.mx\\\/?p=4261\",\"url\":\"https:\\\/\\\/quehacerpolitico.mx\\\/?p=4261\",\"name\":\"La revista Proceso exhibe una fortuna en propiedades de los hermanos Serna y Miguel \u00c1ngel Mancera -\",\"isPartOf\":{\"@id\":\"https:\\\/\\\/quehacerpolitico.mx\\\/#website\"},\"primaryImageOfPage\":{\"@id\":\"https:\\\/\\\/quehacerpolitico.mx\\\/?p=4261#primaryimage\"},\"image\":{\"@id\":\"https:\\\/\\\/quehacerpolitico.mx\\\/?p=4261#primaryimage\"},\"thumbnailUrl\":\"\",\"datePublished\":\"2018-09-09T20:30:09+00:00\",\"author\":{\"@id\":\"https:\\\/\\\/quehacerpolitico.mx\\\/#\\\/schema\\\/person\\\/496d8ad2d1d3f8036101dca7ee39e585\"},\"breadcrumb\":{\"@id\":\"https:\\\/\\\/quehacerpolitico.mx\\\/?p=4261#breadcrumb\"},\"inLanguage\":\"es\",\"potentialAction\":[{\"@type\":\"ReadAction\",\"target\":[\"https:\\\/\\\/quehacerpolitico.mx\\\/?p=4261\"]}]},{\"@type\":\"ImageObject\",\"inLanguage\":\"es\",\"@id\":\"https:\\\/\\\/quehacerpolitico.mx\\\/?p=4261#primaryimage\",\"url\":\"\",\"contentUrl\":\"\"},{\"@type\":\"BreadcrumbList\",\"@id\":\"https:\\\/\\\/quehacerpolitico.mx\\\/?p=4261#breadcrumb\",\"itemListElement\":[{\"@type\":\"ListItem\",\"position\":1,\"name\":\"Inicio\",\"item\":\"https:\\\/\\\/quehacerpolitico.mx\\\/\"},{\"@type\":\"ListItem\",\"position\":2,\"name\":\"La revista Proceso exhibe una fortuna en propiedades de los hermanos Serna y Miguel \u00c1ngel Mancera\"}]},{\"@type\":\"WebSite\",\"@id\":\"https:\\\/\\\/quehacerpolitico.mx\\\/#website\",\"url\":\"https:\\\/\\\/quehacerpolitico.mx\\\/\",\"name\":\"\",\"description\":\"\",\"potentialAction\":[{\"@type\":\"SearchAction\",\"target\":{\"@type\":\"EntryPoint\",\"urlTemplate\":\"https:\\\/\\\/quehacerpolitico.mx\\\/?s={search_term_string}\"},\"query-input\":{\"@type\":\"PropertyValueSpecification\",\"valueRequired\":true,\"valueName\":\"search_term_string\"}}],\"inLanguage\":\"es\"},{\"@type\":\"Person\",\"@id\":\"https:\\\/\\\/quehacerpolitico.mx\\\/#\\\/schema\\\/person\\\/496d8ad2d1d3f8036101dca7ee39e585\",\"name\":\"Redacci\u00f3n QP\",\"image\":{\"@type\":\"ImageObject\",\"inLanguage\":\"es\",\"@id\":\"https:\\\/\\\/secure.gravatar.com\\\/avatar\\\/c7164ed6fdec453195284ad24a5ae5b6e1eed2b848477fa2a4787ba9adf39a41?s=96&d=mm&r=g\",\"url\":\"https:\\\/\\\/secure.gravatar.com\\\/avatar\\\/c7164ed6fdec453195284ad24a5ae5b6e1eed2b848477fa2a4787ba9adf39a41?s=96&d=mm&r=g\",\"contentUrl\":\"https:\\\/\\\/secure.gravatar.com\\\/avatar\\\/c7164ed6fdec453195284ad24a5ae5b6e1eed2b848477fa2a4787ba9adf39a41?s=96&d=mm&r=g\",\"caption\":\"Redacci\u00f3n QP\"},\"url\":\"https:\\\/\\\/quehacerpolitico.mx\\\/?author=2\"}]}<\/script>\n<!-- \/ Yoast SEO plugin. -->","yoast_head_json":{"title":"La revista Proceso exhibe una fortuna en propiedades de los hermanos Serna y Miguel \u00c1ngel Mancera -","robots":{"index":"index","follow":"follow","max-snippet":"max-snippet:-1","max-image-preview":"max-image-preview:large","max-video-preview":"max-video-preview:-1"},"canonical":"https:\/\/quehacerpolitico.mx\/?p=4261","og_locale":"es_MX","og_type":"article","og_title":"La revista Proceso exhibe una fortuna en propiedades de los hermanos Serna y Miguel \u00c1ngel Mancera -","og_description":"La revista Proceso exhibe una fortuna en propiedades de los hermanos Serna y Miguel \u00c1ngel Mancera Por Redacci\u00f3n QP","og_url":"https:\/\/quehacerpolitico.mx\/?p=4261","article_published_time":"2018-09-09T20:30:09+00:00","author":"Redacci\u00f3n QP","twitter_card":"summary_large_image","twitter_misc":{"Escrito por":"Redacci\u00f3n QP","Tiempo de lectura":"3 minutos"},"schema":{"@context":"https:\/\/schema.org","@graph":[{"@type":"Article","@id":"https:\/\/quehacerpolitico.mx\/?p=4261#article","isPartOf":{"@id":"https:\/\/quehacerpolitico.mx\/?p=4261"},"author":{"name":"Redacci\u00f3n QP","@id":"https:\/\/quehacerpolitico.mx\/#\/schema\/person\/496d8ad2d1d3f8036101dca7ee39e585"},"headline":"La revista Proceso exhibe una fortuna en propiedades de los hermanos Serna y Miguel \u00c1ngel Mancera","datePublished":"2018-09-09T20:30:09+00:00","mainEntityOfPage":{"@id":"https:\/\/quehacerpolitico.mx\/?p=4261"},"wordCount":520,"commentCount":0,"image":{"@id":"https:\/\/quehacerpolitico.mx\/?p=4261#primaryimage"},"thumbnailUrl":"","articleSection":["Noticias"],"inLanguage":"es","potentialAction":[{"@type":"CommentAction","name":"Comment","target":["https:\/\/quehacerpolitico.mx\/?p=4261#respond"]}]},{"@type":"WebPage","@id":"https:\/\/quehacerpolitico.mx\/?p=4261","url":"https:\/\/quehacerpolitico.mx\/?p=4261","name":"La revista Proceso exhibe una fortuna en propiedades de los hermanos Serna y Miguel \u00c1ngel Mancera -","isPartOf":{"@id":"https:\/\/quehacerpolitico.mx\/#website"},"primaryImageOfPage":{"@id":"https:\/\/quehacerpolitico.mx\/?p=4261#primaryimage"},"image":{"@id":"https:\/\/quehacerpolitico.mx\/?p=4261#primaryimage"},"thumbnailUrl":"","datePublished":"2018-09-09T20:30:09+00:00","author":{"@id":"https:\/\/quehacerpolitico.mx\/#\/schema\/person\/496d8ad2d1d3f8036101dca7ee39e585"},"breadcrumb":{"@id":"https:\/\/quehacerpolitico.mx\/?p=4261#breadcrumb"},"inLanguage":"es","potentialAction":[{"@type":"ReadAction","target":["https:\/\/quehacerpolitico.mx\/?p=4261"]}]},{"@type":"ImageObject","inLanguage":"es","@id":"https:\/\/quehacerpolitico.mx\/?p=4261#primaryimage","url":"","contentUrl":""},{"@type":"BreadcrumbList","@id":"https:\/\/quehacerpolitico.mx\/?p=4261#breadcrumb","itemListElement":[{"@type":"ListItem","position":1,"name":"Inicio","item":"https:\/\/quehacerpolitico.mx\/"},{"@type":"ListItem","position":2,"name":"La revista Proceso exhibe una fortuna en propiedades de los hermanos Serna y Miguel \u00c1ngel Mancera"}]},{"@type":"WebSite","@id":"https:\/\/quehacerpolitico.mx\/#website","url":"https:\/\/quehacerpolitico.mx\/","name":"","description":"","potentialAction":[{"@type":"SearchAction","target":{"@type":"EntryPoint","urlTemplate":"https:\/\/quehacerpolitico.mx\/?s={search_term_string}"},"query-input":{"@type":"PropertyValueSpecification","valueRequired":true,"valueName":"search_term_string"}}],"inLanguage":"es"},{"@type":"Person","@id":"https:\/\/quehacerpolitico.mx\/#\/schema\/person\/496d8ad2d1d3f8036101dca7ee39e585","name":"Redacci\u00f3n QP","image":{"@type":"ImageObject","inLanguage":"es","@id":"https:\/\/secure.gravatar.com\/avatar\/c7164ed6fdec453195284ad24a5ae5b6e1eed2b848477fa2a4787ba9adf39a41?s=96&d=mm&r=g","url":"https:\/\/secure.gravatar.com\/avatar\/c7164ed6fdec453195284ad24a5ae5b6e1eed2b848477fa2a4787ba9adf39a41?s=96&d=mm&r=g","contentUrl":"https:\/\/secure.gravatar.com\/avatar\/c7164ed6fdec453195284ad24a5ae5b6e1eed2b848477fa2a4787ba9adf39a41?s=96&d=mm&r=g","caption":"Redacci\u00f3n QP"},"url":"https:\/\/quehacerpolitico.mx\/?author=2"}]}},"featured_image_urls":{"full":"","thumbnail":"","medium":"","medium_large":"","large":"","1536x1536":"","2048x2048":"","covernews-featured":"","covernews-medium":""},"author_info":{"display_name":"Redacci\u00f3n QP","author_link":"https:\/\/quehacerpolitico.mx\/?author=2"},"category_info":"<a href=\"https:\/\/quehacerpolitico.mx\/?cat=2\" rel=\"category\">Noticias<\/a>","tag_info":"Noticias","comment_count":"0","_links":{"self":[{"href":"https:\/\/quehacerpolitico.mx\/index.php?rest_route=\/wp\/v2\/posts\/4261","targetHints":{"allow":["GET"]}}],"collection":[{"href":"https:\/\/quehacerpolitico.mx\/index.php?rest_route=\/wp\/v2\/posts"}],"about":[{"href":"https:\/\/quehacerpolitico.mx\/index.php?rest_route=\/wp\/v2\/types\/post"}],"author":[{"embeddable":true,"href":"https:\/\/quehacerpolitico.mx\/index.php?rest_route=\/wp\/v2\/users\/2"}],"replies":[{"embeddable":true,"href":"https:\/\/quehacerpolitico.mx\/index.php?rest_route=%2Fwp%2Fv2%2Fcomments&post=4261"}],"version-history":[{"count":0,"href":"https:\/\/quehacerpolitico.mx\/index.php?rest_route=\/wp\/v2\/posts\/4261\/revisions"}],"wp:featuredmedia":[{"embeddable":true,"href":"https:\/\/quehacerpolitico.mx\/index.php?rest_route=\/"}],"wp:attachment":[{"href":"https:\/\/quehacerpolitico.mx\/index.php?rest_route=%2Fwp%2Fv2%2Fmedia&parent=4261"}],"wp:term":[{"taxonomy":"category","embeddable":true,"href":"https:\/\/quehacerpolitico.mx\/index.php?rest_route=%2Fwp%2Fv2%2Fcategories&post=4261"},{"taxonomy":"post_tag","embeddable":true,"href":"https:\/\/quehacerpolitico.mx\/index.php?rest_route=%2Fwp%2Fv2%2Ftags&post=4261"}],"curies":[{"name":"wp","href":"https:\/\/api.w.org\/{rel}","templated":true}]}}