{"id":4259,"date":"2018-09-09T19:15:30","date_gmt":"2018-09-09T19:15:30","guid":{"rendered":"http:\/\/quehacerpolitico.mx\/amlo-se-reune-con-gobernadores-del-sureste-del-pais-para-analizar-proyecto-del-tren-maya\/"},"modified":"2018-09-09T19:15:30","modified_gmt":"2018-09-09T19:15:30","slug":"amlo-se-reune-con-gobernadores-del-sureste-del-pais-para-analizar-proyecto-del-tren-maya","status":"publish","type":"post","link":"https:\/\/quehacerpolitico.mx\/?p=4259","title":{"rendered":"AMLO se re\u00fane con gobernadores del sureste del pa\u00eds para analizar proyecto del Tren Maya"},"content":{"rendered":"<h3>En la reuni\u00f3n participan los Gobernadores Manuel Velasco Coello, de Chiapas, Alejandro Moreno de Campeche, Arturo N\u00fa\u00f1ez de Tabasco, Rolando Zapata Bello de Yucat\u00e1n y Carlos Joaqu\u00edn Gonz\u00e1lez de Quintana Roo.<\/h3>\n<p>El <strong>Presidente electo Andr\u00e9s Manuel L\u00f3pez Obrador<\/strong> mantiene una reuni\u00f3n con los <strong>Gobernadores de las entidades\u00a0<\/strong>del sureste del pa\u00eds por donde pasar\u00e1 el proyecto del <strong>Tren Maya<\/strong><strong>.<\/strong><\/p>\n<p>De acuerdo con <em>Reforma<\/em>, la reuni\u00f3n se lleva a puerta cerrada en el Hotel Chan-Kah Resort Village Convention Center &amp; Maya Spa en el municipio de <strong>Palenque<\/strong> en el estado de <strong>Chiapas<\/strong>.<\/p>\n<p>En la reuni\u00f3n participan los Gobernadores Manuel Velasco Coello, de Chiapas, Alejandro Moreno de Campeche, Arturo N\u00fa\u00f1ez de Tabasco, Rolando Zapata Bello, de Yucat\u00e1n, y Carlos Joaqu\u00edn Gonz\u00e1lez de Quintana Roo.<\/p>\n<blockquote class=\"twitter-tweet twitter-tweet-error\" data-twitter-extracted-i1536520298341822096=\"true\">\n<p dir=\"ltr\" lang=\"es\">En reuni\u00f3n de trabajo los Gobernadores de Campeche <a href=\"https:\/\/twitter.com\/alitomorenoc?ref_src=twsrc%5Etfw\">@alitomorenoc<\/a>, Tabasco <a href=\"https:\/\/twitter.com\/nunezarturo?ref_src=twsrc%5Etfw\">@nunezarturo<\/a> y el Gobernador Electo <a href=\"https:\/\/twitter.com\/adan_augusto?ref_src=twsrc%5Etfw\">@adan_augusto<\/a>, QuintanaRoo <a href=\"https:\/\/twitter.com\/CarlosJoaquin?ref_src=twsrc%5Etfw\">@CarlosJoaquin<\/a> y el Gobernador Electo de Chiapas <a href=\"https:\/\/twitter.com\/rutilioescandon?ref_src=twsrc%5Etfw\">@rutilioescandon<\/a> evaluamos con el Presidente Electo <a href=\"https:\/\/twitter.com\/lopezobrador_?ref_src=twsrc%5Etfw\">@lopezobrador_<\/a>el proyecto del <a href=\"https:\/\/twitter.com\/TrenMaya?ref_src=twsrc%5Etfw\">@TrenMaya<\/a><a href=\"https:\/\/t.co\/Jps5vNKZaX\">pic.twitter.com\/Jps5vNKZaX<\/a><\/p>\n<p>\u2014 Manuel Velasco (@VelascoM_) <a href=\"https:\/\/twitter.com\/VelascoM_\/status\/1038858416863801351?ref_src=twsrc%5Etfw\">9 de septiembre de 2018<\/a><\/p>\n<\/blockquote>\n<p>El d\u00eda de ayer, L\u00f3pez Obrador viaj\u00f3 a la ciudad Villahermosa, Tabasco, donde se\u00a0reuni\u00f3\u00a0con empresarios del\u00a0sector petrolero nacional.<\/p>\n<p>Tras la reuni\u00f3n el Presidente electo asegur\u00f3 que se pens\u00f3 \u201cingenuamente\u201d que con la\u00a0Reforma Energ\u00e9tica\u00a0iba a haber m\u00e1s inversi\u00f3n extranjera para salir de la crisis en dicho sector, pues eso no sucedi\u00f3.<\/p>\n<p>\u201cSe pens\u00f3 ingenuamente con la\u00a0Reforma Energ\u00e9tica\u00a0que iba a llegar la inversi\u00f3n extranjera y no\u201d, afirm\u00f3 en conferencia de prensa la tarde de este s\u00e1bado, tras celebrar una reuni\u00f3n con empresarios petroleros en\u00a0Tabasco.<\/p>\n<p>Asimismo, el ex candidato presidencial del Movimiento de Regeneraci\u00f3n Nacional (Morena) record\u00f3 que la problem\u00e1tica se agrav\u00f3 cuando Petr\u00f3leos Mexicanos (Pemex) dej\u00f3 de invertir en la\u00a0exploraci\u00f3n y la intervenci\u00f3n de pozos, lo que provoc\u00f3 que se cayera la producci\u00f3n.<br \/>\u201cVamos a invertir para la perforaci\u00f3n y para llevar a cabo procesos de extracci\u00f3n, vamos a destinar alrededor de 75 mil millones de pesos adicionales para producir r\u00e1pido, pronto. Esto va a permitir empezar a recuperar\u201d, argument\u00f3 sobre c\u00f3mo har\u00e1 frente a la situaci\u00f3n.<\/p>\n","protected":false},"excerpt":{"rendered":"<p>AMLO se re\u00fane con gobernadores del sureste del pa\u00eds para analizar proyecto del Tren Maya<br \/>\nPor Redacci\u00f3n QP<\/p>\n","protected":false},"author":2,"featured_media":4258,"comment_status":"open","ping_status":"open","sticky":false,"template":"","format":"standard","meta":{"_monsterinsights_skip_tracking":false,"_monsterinsights_sitenote_active":false,"_monsterinsights_sitenote_note":"","_monsterinsights_sitenote_category":0,"footnotes":""},"categories":[2],"tags":[],"class_list":["post-4259","post","type-post","status-publish","format-standard","has-post-thumbnail","hentry","category-noticias"],"yoast_head":"<!-- This site is optimized with the Yoast SEO plugin v27.3 - https:\/\/yoast.com\/product\/yoast-seo-wordpress\/ -->\n<title>AMLO se re\u00fane con gobernadores del sureste del pa\u00eds para analizar proyecto del Tren Maya -<\/title>\n<meta name=\"robots\" content=\"index, follow, max-snippet:-1, max-image-preview:large, max-video-preview:-1\" \/>\n<link rel=\"canonical\" href=\"https:\/\/quehacerpolitico.mx\/?p=4259\" \/>\n<meta property=\"og:locale\" content=\"es_MX\" \/>\n<meta property=\"og:type\" content=\"article\" \/>\n<meta property=\"og:title\" content=\"AMLO se re\u00fane con gobernadores del sureste del pa\u00eds para analizar proyecto del Tren Maya -\" \/>\n<meta property=\"og:description\" content=\"AMLO se re\u00fane con gobernadores del sureste del pa\u00eds para analizar proyecto del Tren Maya Por Redacci\u00f3n QP\" \/>\n<meta property=\"og:url\" content=\"https:\/\/quehacerpolitico.mx\/?p=4259\" \/>\n<meta property=\"article:published_time\" content=\"2018-09-09T19:15:30+00:00\" \/>\n<meta name=\"author\" content=\"Redacci\u00f3n QP\" \/>\n<meta name=\"twitter:card\" content=\"summary_large_image\" \/>\n<meta name=\"twitter:label1\" content=\"Escrito por\" \/>\n\t<meta name=\"twitter:data1\" content=\"Redacci\u00f3n QP\" \/>\n\t<meta name=\"twitter:label2\" content=\"Tiempo de lectura\" \/>\n\t<meta name=\"twitter:data2\" content=\"2 minutos\" \/>\n<script type=\"application\/ld+json\" class=\"yoast-schema-graph\">{\"@context\":\"https:\\\/\\\/schema.org\",\"@graph\":[{\"@type\":\"Article\",\"@id\":\"https:\\\/\\\/quehacerpolitico.mx\\\/?p=4259#article\",\"isPartOf\":{\"@id\":\"https:\\\/\\\/quehacerpolitico.mx\\\/?p=4259\"},\"author\":{\"name\":\"Redacci\u00f3n QP\",\"@id\":\"https:\\\/\\\/quehacerpolitico.mx\\\/#\\\/schema\\\/person\\\/496d8ad2d1d3f8036101dca7ee39e585\"},\"headline\":\"AMLO se re\u00fane con gobernadores del sureste del pa\u00eds para analizar proyecto del Tren Maya\",\"datePublished\":\"2018-09-09T19:15:30+00:00\",\"mainEntityOfPage\":{\"@id\":\"https:\\\/\\\/quehacerpolitico.mx\\\/?p=4259\"},\"wordCount\":396,\"commentCount\":0,\"image\":{\"@id\":\"https:\\\/\\\/quehacerpolitico.mx\\\/?p=4259#primaryimage\"},\"thumbnailUrl\":\"\",\"articleSection\":[\"Noticias\"],\"inLanguage\":\"es\",\"potentialAction\":[{\"@type\":\"CommentAction\",\"name\":\"Comment\",\"target\":[\"https:\\\/\\\/quehacerpolitico.mx\\\/?p=4259#respond\"]}]},{\"@type\":\"WebPage\",\"@id\":\"https:\\\/\\\/quehacerpolitico.mx\\\/?p=4259\",\"url\":\"https:\\\/\\\/quehacerpolitico.mx\\\/?p=4259\",\"name\":\"AMLO se re\u00fane con gobernadores del sureste del pa\u00eds para analizar proyecto del Tren Maya -\",\"isPartOf\":{\"@id\":\"https:\\\/\\\/quehacerpolitico.mx\\\/#website\"},\"primaryImageOfPage\":{\"@id\":\"https:\\\/\\\/quehacerpolitico.mx\\\/?p=4259#primaryimage\"},\"image\":{\"@id\":\"https:\\\/\\\/quehacerpolitico.mx\\\/?p=4259#primaryimage\"},\"thumbnailUrl\":\"\",\"datePublished\":\"2018-09-09T19:15:30+00:00\",\"author\":{\"@id\":\"https:\\\/\\\/quehacerpolitico.mx\\\/#\\\/schema\\\/person\\\/496d8ad2d1d3f8036101dca7ee39e585\"},\"breadcrumb\":{\"@id\":\"https:\\\/\\\/quehacerpolitico.mx\\\/?p=4259#breadcrumb\"},\"inLanguage\":\"es\",\"potentialAction\":[{\"@type\":\"ReadAction\",\"target\":[\"https:\\\/\\\/quehacerpolitico.mx\\\/?p=4259\"]}]},{\"@type\":\"ImageObject\",\"inLanguage\":\"es\",\"@id\":\"https:\\\/\\\/quehacerpolitico.mx\\\/?p=4259#primaryimage\",\"url\":\"\",\"contentUrl\":\"\"},{\"@type\":\"BreadcrumbList\",\"@id\":\"https:\\\/\\\/quehacerpolitico.mx\\\/?p=4259#breadcrumb\",\"itemListElement\":[{\"@type\":\"ListItem\",\"position\":1,\"name\":\"Inicio\",\"item\":\"https:\\\/\\\/quehacerpolitico.mx\\\/\"},{\"@type\":\"ListItem\",\"position\":2,\"name\":\"AMLO se re\u00fane con gobernadores del sureste del pa\u00eds para analizar proyecto del Tren Maya\"}]},{\"@type\":\"WebSite\",\"@id\":\"https:\\\/\\\/quehacerpolitico.mx\\\/#website\",\"url\":\"https:\\\/\\\/quehacerpolitico.mx\\\/\",\"name\":\"\",\"description\":\"\",\"potentialAction\":[{\"@type\":\"SearchAction\",\"target\":{\"@type\":\"EntryPoint\",\"urlTemplate\":\"https:\\\/\\\/quehacerpolitico.mx\\\/?s={search_term_string}\"},\"query-input\":{\"@type\":\"PropertyValueSpecification\",\"valueRequired\":true,\"valueName\":\"search_term_string\"}}],\"inLanguage\":\"es\"},{\"@type\":\"Person\",\"@id\":\"https:\\\/\\\/quehacerpolitico.mx\\\/#\\\/schema\\\/person\\\/496d8ad2d1d3f8036101dca7ee39e585\",\"name\":\"Redacci\u00f3n QP\",\"image\":{\"@type\":\"ImageObject\",\"inLanguage\":\"es\",\"@id\":\"https:\\\/\\\/secure.gravatar.com\\\/avatar\\\/c7164ed6fdec453195284ad24a5ae5b6e1eed2b848477fa2a4787ba9adf39a41?s=96&d=mm&r=g\",\"url\":\"https:\\\/\\\/secure.gravatar.com\\\/avatar\\\/c7164ed6fdec453195284ad24a5ae5b6e1eed2b848477fa2a4787ba9adf39a41?s=96&d=mm&r=g\",\"contentUrl\":\"https:\\\/\\\/secure.gravatar.com\\\/avatar\\\/c7164ed6fdec453195284ad24a5ae5b6e1eed2b848477fa2a4787ba9adf39a41?s=96&d=mm&r=g\",\"caption\":\"Redacci\u00f3n QP\"},\"url\":\"https:\\\/\\\/quehacerpolitico.mx\\\/?author=2\"}]}<\/script>\n<!-- \/ Yoast SEO plugin. -->","yoast_head_json":{"title":"AMLO se re\u00fane con gobernadores del sureste del pa\u00eds para analizar proyecto del Tren Maya -","robots":{"index":"index","follow":"follow","max-snippet":"max-snippet:-1","max-image-preview":"max-image-preview:large","max-video-preview":"max-video-preview:-1"},"canonical":"https:\/\/quehacerpolitico.mx\/?p=4259","og_locale":"es_MX","og_type":"article","og_title":"AMLO se re\u00fane con gobernadores del sureste del pa\u00eds para analizar proyecto del Tren Maya -","og_description":"AMLO se re\u00fane con gobernadores del sureste del pa\u00eds para analizar proyecto del Tren Maya Por Redacci\u00f3n QP","og_url":"https:\/\/quehacerpolitico.mx\/?p=4259","article_published_time":"2018-09-09T19:15:30+00:00","author":"Redacci\u00f3n QP","twitter_card":"summary_large_image","twitter_misc":{"Escrito por":"Redacci\u00f3n QP","Tiempo de lectura":"2 minutos"},"schema":{"@context":"https:\/\/schema.org","@graph":[{"@type":"Article","@id":"https:\/\/quehacerpolitico.mx\/?p=4259#article","isPartOf":{"@id":"https:\/\/quehacerpolitico.mx\/?p=4259"},"author":{"name":"Redacci\u00f3n QP","@id":"https:\/\/quehacerpolitico.mx\/#\/schema\/person\/496d8ad2d1d3f8036101dca7ee39e585"},"headline":"AMLO se re\u00fane con gobernadores del sureste del pa\u00eds para analizar proyecto del Tren Maya","datePublished":"2018-09-09T19:15:30+00:00","mainEntityOfPage":{"@id":"https:\/\/quehacerpolitico.mx\/?p=4259"},"wordCount":396,"commentCount":0,"image":{"@id":"https:\/\/quehacerpolitico.mx\/?p=4259#primaryimage"},"thumbnailUrl":"","articleSection":["Noticias"],"inLanguage":"es","potentialAction":[{"@type":"CommentAction","name":"Comment","target":["https:\/\/quehacerpolitico.mx\/?p=4259#respond"]}]},{"@type":"WebPage","@id":"https:\/\/quehacerpolitico.mx\/?p=4259","url":"https:\/\/quehacerpolitico.mx\/?p=4259","name":"AMLO se re\u00fane con gobernadores del sureste del pa\u00eds para analizar proyecto del Tren Maya -","isPartOf":{"@id":"https:\/\/quehacerpolitico.mx\/#website"},"primaryImageOfPage":{"@id":"https:\/\/quehacerpolitico.mx\/?p=4259#primaryimage"},"image":{"@id":"https:\/\/quehacerpolitico.mx\/?p=4259#primaryimage"},"thumbnailUrl":"","datePublished":"2018-09-09T19:15:30+00:00","author":{"@id":"https:\/\/quehacerpolitico.mx\/#\/schema\/person\/496d8ad2d1d3f8036101dca7ee39e585"},"breadcrumb":{"@id":"https:\/\/quehacerpolitico.mx\/?p=4259#breadcrumb"},"inLanguage":"es","potentialAction":[{"@type":"ReadAction","target":["https:\/\/quehacerpolitico.mx\/?p=4259"]}]},{"@type":"ImageObject","inLanguage":"es","@id":"https:\/\/quehacerpolitico.mx\/?p=4259#primaryimage","url":"","contentUrl":""},{"@type":"BreadcrumbList","@id":"https:\/\/quehacerpolitico.mx\/?p=4259#breadcrumb","itemListElement":[{"@type":"ListItem","position":1,"name":"Inicio","item":"https:\/\/quehacerpolitico.mx\/"},{"@type":"ListItem","position":2,"name":"AMLO se re\u00fane con gobernadores del sureste del pa\u00eds para analizar proyecto del Tren Maya"}]},{"@type":"WebSite","@id":"https:\/\/quehacerpolitico.mx\/#website","url":"https:\/\/quehacerpolitico.mx\/","name":"","description":"","potentialAction":[{"@type":"SearchAction","target":{"@type":"EntryPoint","urlTemplate":"https:\/\/quehacerpolitico.mx\/?s={search_term_string}"},"query-input":{"@type":"PropertyValueSpecification","valueRequired":true,"valueName":"search_term_string"}}],"inLanguage":"es"},{"@type":"Person","@id":"https:\/\/quehacerpolitico.mx\/#\/schema\/person\/496d8ad2d1d3f8036101dca7ee39e585","name":"Redacci\u00f3n QP","image":{"@type":"ImageObject","inLanguage":"es","@id":"https:\/\/secure.gravatar.com\/avatar\/c7164ed6fdec453195284ad24a5ae5b6e1eed2b848477fa2a4787ba9adf39a41?s=96&d=mm&r=g","url":"https:\/\/secure.gravatar.com\/avatar\/c7164ed6fdec453195284ad24a5ae5b6e1eed2b848477fa2a4787ba9adf39a41?s=96&d=mm&r=g","contentUrl":"https:\/\/secure.gravatar.com\/avatar\/c7164ed6fdec453195284ad24a5ae5b6e1eed2b848477fa2a4787ba9adf39a41?s=96&d=mm&r=g","caption":"Redacci\u00f3n QP"},"url":"https:\/\/quehacerpolitico.mx\/?author=2"}]}},"featured_image_urls":{"full":"","thumbnail":"","medium":"","medium_large":"","large":"","1536x1536":"","2048x2048":"","covernews-featured":"","covernews-medium":""},"author_info":{"display_name":"Redacci\u00f3n QP","author_link":"https:\/\/quehacerpolitico.mx\/?author=2"},"category_info":"<a href=\"https:\/\/quehacerpolitico.mx\/?cat=2\" rel=\"category\">Noticias<\/a>","tag_info":"Noticias","comment_count":"0","_links":{"self":[{"href":"https:\/\/quehacerpolitico.mx\/index.php?rest_route=\/wp\/v2\/posts\/4259","targetHints":{"allow":["GET"]}}],"collection":[{"href":"https:\/\/quehacerpolitico.mx\/index.php?rest_route=\/wp\/v2\/posts"}],"about":[{"href":"https:\/\/quehacerpolitico.mx\/index.php?rest_route=\/wp\/v2\/types\/post"}],"author":[{"embeddable":true,"href":"https:\/\/quehacerpolitico.mx\/index.php?rest_route=\/wp\/v2\/users\/2"}],"replies":[{"embeddable":true,"href":"https:\/\/quehacerpolitico.mx\/index.php?rest_route=%2Fwp%2Fv2%2Fcomments&post=4259"}],"version-history":[{"count":0,"href":"https:\/\/quehacerpolitico.mx\/index.php?rest_route=\/wp\/v2\/posts\/4259\/revisions"}],"wp:featuredmedia":[{"embeddable":true,"href":"https:\/\/quehacerpolitico.mx\/index.php?rest_route=\/"}],"wp:attachment":[{"href":"https:\/\/quehacerpolitico.mx\/index.php?rest_route=%2Fwp%2Fv2%2Fmedia&parent=4259"}],"wp:term":[{"taxonomy":"category","embeddable":true,"href":"https:\/\/quehacerpolitico.mx\/index.php?rest_route=%2Fwp%2Fv2%2Fcategories&post=4259"},{"taxonomy":"post_tag","embeddable":true,"href":"https:\/\/quehacerpolitico.mx\/index.php?rest_route=%2Fwp%2Fv2%2Ftags&post=4259"}],"curies":[{"name":"wp","href":"https:\/\/api.w.org\/{rel}","templated":true}]}}