{"id":4245,"date":"2018-09-09T16:45:09","date_gmt":"2018-09-09T16:45:09","guid":{"rendered":"http:\/\/quehacerpolitico.mx\/juez-no-halla-elementos-contra-senador-noe-castanon\/"},"modified":"2018-09-09T16:45:09","modified_gmt":"2018-09-09T16:45:09","slug":"juez-no-halla-elementos-contra-senador-noe-castanon","status":"publish","type":"post","link":"https:\/\/quehacerpolitico.mx\/?p=4245","title":{"rendered":"Juez no halla elementos contra senador No\u00e9 Casta\u00f1\u00f3n"},"content":{"rendered":"<p>Un juez de control del centro penitenciario El Canelo, ubicado en la ciudad de Chiapa de Corzo, resolvi\u00f3 la no vinculaci\u00f3n a proceso del senador electo, No\u00e9 Casta\u00f1\u00f3n Ram\u00edrez, del Partido Revolucionario Institucional (PRI), por el delito de violencia familiar.<\/p>\n<div id=\"div-gpt-ad-1524682842930-0\" data-google-query-id=\"CNzStf6urt0CFQM_TwodKsQIyQ\">\n<div id=\"google_ads_iframe_\/40135427\/informador_mx_Video_Outstream_0__container__\">El senador y ex diputado local acudi\u00f3 la noche de ayer viernes a la audiencia de varias horas al Juzgado de Control y Tribunal de Enjuiciamiento, donde compareci\u00f3 ante el juez Carlos Inocencio Hern\u00e1ndez Urbina.<\/div>\n<\/div>\n<p><strong>Javier Coello Zuarth, abogado defensor de Mayte &#8220;N&#8221;, c\u00f3nyuge del legislador, critic\u00f3 que luego de prolongados alegatos, el juez resolvi\u00f3 la situaci\u00f3n jur\u00eddica del priista en apenas unos minutos.<\/strong><\/p>\n<p>&#8220;Despu\u00e9s de un debate de m\u00e1s de cinco horas, el juez en menos de 10 minutos, sin abordar los argumentos de cada una de las partes y, sobre todo, sin decir qu\u00e9 datos de prueba le causaban convicci\u00f3n o no&#8221;, refiri\u00f3.<\/p>\n<p><strong>&#8220;Determin\u00f3 que s\u00ed se demostr\u00f3 la existencia de un hecho que la ley se\u00f1ala como delito, pero que ni la Fiscal\u00eda, la defensa ni asesor\u00eda jur\u00eddica se\u00f1alamos c\u00f3mo el imputado particip\u00f3 en ella, por ende determin\u00f3 no vincular a proceso a No\u00e9 Casta\u00f1\u00f3n&#8221;<\/strong>, indic\u00f3 el litigante.<\/p>\n<p>Jorge Segismundo Rotter D\u00edaz, abogado de Casta\u00f1\u00f3n Ram\u00edrez, asegur\u00f3 que la situaci\u00f3n jur\u00eddica del senador chiapaneco se resolvi\u00f3 ajustada al derecho. &#8220;Hoy se resolvi\u00f3 una no vinculaci\u00f3n a proceso por un juez competente&#8221;, asever\u00f3.<\/p>\n<p>El pr\u00f3ximo lunes, el hijo del ex ministro de la Suprema Corte de Justicia de la Naci\u00f3n y ex secretario general del actual gobierno de Chiapas, No\u00e9 Casta\u00f1\u00f3n Le\u00f3n, <strong>comparecer\u00e1 en El Canelo por el delito de falsedad en declaraciones.<\/strong><\/p>\n<p>Polic\u00edas ministeriales detuvieron la noche del 28 de agosto, en Monterrey, Nuevo Le\u00f3n, al priista, en cumplimiento de una orden judicial por el delito de violencia familiar, pero 24 horas despu\u00e9s fue liberado del centro penitenciario El Amate, en el municipio de Cintalapa de Figueroa, mediante una fianza de 20 mil pesos.<\/p>\n","protected":false},"excerpt":{"rendered":"<p>Acusado de violencia familiar, el senador y ex diputado local compareci\u00f3 la noche del viernes ante el Juzgado de Control y Tribunal de Enjuiciamento<br \/>\nPor Redacci\u00f3n QP<\/p>\n","protected":false},"author":2,"featured_media":4244,"comment_status":"open","ping_status":"open","sticky":false,"template":"","format":"standard","meta":{"_monsterinsights_skip_tracking":false,"_monsterinsights_sitenote_active":false,"_monsterinsights_sitenote_note":"","_monsterinsights_sitenote_category":0,"footnotes":""},"categories":[2],"tags":[],"class_list":["post-4245","post","type-post","status-publish","format-standard","has-post-thumbnail","hentry","category-noticias"],"yoast_head":"<!-- This site is optimized with the Yoast SEO plugin v27.3 - https:\/\/yoast.com\/product\/yoast-seo-wordpress\/ -->\n<title>Juez no halla elementos contra senador No\u00e9 Casta\u00f1\u00f3n -<\/title>\n<meta name=\"robots\" content=\"index, follow, max-snippet:-1, max-image-preview:large, max-video-preview:-1\" \/>\n<link rel=\"canonical\" href=\"https:\/\/quehacerpolitico.mx\/?p=4245\" \/>\n<meta property=\"og:locale\" content=\"es_MX\" \/>\n<meta property=\"og:type\" content=\"article\" \/>\n<meta property=\"og:title\" content=\"Juez no halla elementos contra senador No\u00e9 Casta\u00f1\u00f3n -\" \/>\n<meta property=\"og:description\" content=\"Acusado de violencia familiar, el senador y ex diputado local compareci\u00f3 la noche del viernes ante el Juzgado de Control y Tribunal de Enjuiciamento Por Redacci\u00f3n QP\" \/>\n<meta property=\"og:url\" content=\"https:\/\/quehacerpolitico.mx\/?p=4245\" \/>\n<meta property=\"article:published_time\" content=\"2018-09-09T16:45:09+00:00\" \/>\n<meta name=\"author\" content=\"Redacci\u00f3n QP\" \/>\n<meta name=\"twitter:card\" content=\"summary_large_image\" \/>\n<meta name=\"twitter:label1\" content=\"Escrito por\" \/>\n\t<meta name=\"twitter:data1\" content=\"Redacci\u00f3n QP\" \/>\n\t<meta name=\"twitter:label2\" content=\"Tiempo de lectura\" \/>\n\t<meta name=\"twitter:data2\" content=\"2 minutos\" \/>\n<script type=\"application\/ld+json\" class=\"yoast-schema-graph\">{\"@context\":\"https:\\\/\\\/schema.org\",\"@graph\":[{\"@type\":\"Article\",\"@id\":\"https:\\\/\\\/quehacerpolitico.mx\\\/?p=4245#article\",\"isPartOf\":{\"@id\":\"https:\\\/\\\/quehacerpolitico.mx\\\/?p=4245\"},\"author\":{\"name\":\"Redacci\u00f3n QP\",\"@id\":\"https:\\\/\\\/quehacerpolitico.mx\\\/#\\\/schema\\\/person\\\/496d8ad2d1d3f8036101dca7ee39e585\"},\"headline\":\"Juez no halla elementos contra senador No\u00e9 Casta\u00f1\u00f3n\",\"datePublished\":\"2018-09-09T16:45:09+00:00\",\"mainEntityOfPage\":{\"@id\":\"https:\\\/\\\/quehacerpolitico.mx\\\/?p=4245\"},\"wordCount\":352,\"commentCount\":0,\"image\":{\"@id\":\"https:\\\/\\\/quehacerpolitico.mx\\\/?p=4245#primaryimage\"},\"thumbnailUrl\":\"\",\"articleSection\":[\"Noticias\"],\"inLanguage\":\"es\",\"potentialAction\":[{\"@type\":\"CommentAction\",\"name\":\"Comment\",\"target\":[\"https:\\\/\\\/quehacerpolitico.mx\\\/?p=4245#respond\"]}]},{\"@type\":\"WebPage\",\"@id\":\"https:\\\/\\\/quehacerpolitico.mx\\\/?p=4245\",\"url\":\"https:\\\/\\\/quehacerpolitico.mx\\\/?p=4245\",\"name\":\"Juez no halla elementos contra senador No\u00e9 Casta\u00f1\u00f3n -\",\"isPartOf\":{\"@id\":\"https:\\\/\\\/quehacerpolitico.mx\\\/#website\"},\"primaryImageOfPage\":{\"@id\":\"https:\\\/\\\/quehacerpolitico.mx\\\/?p=4245#primaryimage\"},\"image\":{\"@id\":\"https:\\\/\\\/quehacerpolitico.mx\\\/?p=4245#primaryimage\"},\"thumbnailUrl\":\"\",\"datePublished\":\"2018-09-09T16:45:09+00:00\",\"author\":{\"@id\":\"https:\\\/\\\/quehacerpolitico.mx\\\/#\\\/schema\\\/person\\\/496d8ad2d1d3f8036101dca7ee39e585\"},\"breadcrumb\":{\"@id\":\"https:\\\/\\\/quehacerpolitico.mx\\\/?p=4245#breadcrumb\"},\"inLanguage\":\"es\",\"potentialAction\":[{\"@type\":\"ReadAction\",\"target\":[\"https:\\\/\\\/quehacerpolitico.mx\\\/?p=4245\"]}]},{\"@type\":\"ImageObject\",\"inLanguage\":\"es\",\"@id\":\"https:\\\/\\\/quehacerpolitico.mx\\\/?p=4245#primaryimage\",\"url\":\"\",\"contentUrl\":\"\"},{\"@type\":\"BreadcrumbList\",\"@id\":\"https:\\\/\\\/quehacerpolitico.mx\\\/?p=4245#breadcrumb\",\"itemListElement\":[{\"@type\":\"ListItem\",\"position\":1,\"name\":\"Inicio\",\"item\":\"https:\\\/\\\/quehacerpolitico.mx\\\/\"},{\"@type\":\"ListItem\",\"position\":2,\"name\":\"Juez no halla elementos contra senador No\u00e9 Casta\u00f1\u00f3n\"}]},{\"@type\":\"WebSite\",\"@id\":\"https:\\\/\\\/quehacerpolitico.mx\\\/#website\",\"url\":\"https:\\\/\\\/quehacerpolitico.mx\\\/\",\"name\":\"\",\"description\":\"\",\"potentialAction\":[{\"@type\":\"SearchAction\",\"target\":{\"@type\":\"EntryPoint\",\"urlTemplate\":\"https:\\\/\\\/quehacerpolitico.mx\\\/?s={search_term_string}\"},\"query-input\":{\"@type\":\"PropertyValueSpecification\",\"valueRequired\":true,\"valueName\":\"search_term_string\"}}],\"inLanguage\":\"es\"},{\"@type\":\"Person\",\"@id\":\"https:\\\/\\\/quehacerpolitico.mx\\\/#\\\/schema\\\/person\\\/496d8ad2d1d3f8036101dca7ee39e585\",\"name\":\"Redacci\u00f3n QP\",\"image\":{\"@type\":\"ImageObject\",\"inLanguage\":\"es\",\"@id\":\"https:\\\/\\\/secure.gravatar.com\\\/avatar\\\/c7164ed6fdec453195284ad24a5ae5b6e1eed2b848477fa2a4787ba9adf39a41?s=96&d=mm&r=g\",\"url\":\"https:\\\/\\\/secure.gravatar.com\\\/avatar\\\/c7164ed6fdec453195284ad24a5ae5b6e1eed2b848477fa2a4787ba9adf39a41?s=96&d=mm&r=g\",\"contentUrl\":\"https:\\\/\\\/secure.gravatar.com\\\/avatar\\\/c7164ed6fdec453195284ad24a5ae5b6e1eed2b848477fa2a4787ba9adf39a41?s=96&d=mm&r=g\",\"caption\":\"Redacci\u00f3n QP\"},\"url\":\"https:\\\/\\\/quehacerpolitico.mx\\\/?author=2\"}]}<\/script>\n<!-- \/ Yoast SEO plugin. -->","yoast_head_json":{"title":"Juez no halla elementos contra senador No\u00e9 Casta\u00f1\u00f3n -","robots":{"index":"index","follow":"follow","max-snippet":"max-snippet:-1","max-image-preview":"max-image-preview:large","max-video-preview":"max-video-preview:-1"},"canonical":"https:\/\/quehacerpolitico.mx\/?p=4245","og_locale":"es_MX","og_type":"article","og_title":"Juez no halla elementos contra senador No\u00e9 Casta\u00f1\u00f3n -","og_description":"Acusado de violencia familiar, el senador y ex diputado local compareci\u00f3 la noche del viernes ante el Juzgado de Control y Tribunal de Enjuiciamento Por Redacci\u00f3n QP","og_url":"https:\/\/quehacerpolitico.mx\/?p=4245","article_published_time":"2018-09-09T16:45:09+00:00","author":"Redacci\u00f3n QP","twitter_card":"summary_large_image","twitter_misc":{"Escrito por":"Redacci\u00f3n QP","Tiempo de lectura":"2 minutos"},"schema":{"@context":"https:\/\/schema.org","@graph":[{"@type":"Article","@id":"https:\/\/quehacerpolitico.mx\/?p=4245#article","isPartOf":{"@id":"https:\/\/quehacerpolitico.mx\/?p=4245"},"author":{"name":"Redacci\u00f3n QP","@id":"https:\/\/quehacerpolitico.mx\/#\/schema\/person\/496d8ad2d1d3f8036101dca7ee39e585"},"headline":"Juez no halla elementos contra senador No\u00e9 Casta\u00f1\u00f3n","datePublished":"2018-09-09T16:45:09+00:00","mainEntityOfPage":{"@id":"https:\/\/quehacerpolitico.mx\/?p=4245"},"wordCount":352,"commentCount":0,"image":{"@id":"https:\/\/quehacerpolitico.mx\/?p=4245#primaryimage"},"thumbnailUrl":"","articleSection":["Noticias"],"inLanguage":"es","potentialAction":[{"@type":"CommentAction","name":"Comment","target":["https:\/\/quehacerpolitico.mx\/?p=4245#respond"]}]},{"@type":"WebPage","@id":"https:\/\/quehacerpolitico.mx\/?p=4245","url":"https:\/\/quehacerpolitico.mx\/?p=4245","name":"Juez no halla elementos contra senador No\u00e9 Casta\u00f1\u00f3n -","isPartOf":{"@id":"https:\/\/quehacerpolitico.mx\/#website"},"primaryImageOfPage":{"@id":"https:\/\/quehacerpolitico.mx\/?p=4245#primaryimage"},"image":{"@id":"https:\/\/quehacerpolitico.mx\/?p=4245#primaryimage"},"thumbnailUrl":"","datePublished":"2018-09-09T16:45:09+00:00","author":{"@id":"https:\/\/quehacerpolitico.mx\/#\/schema\/person\/496d8ad2d1d3f8036101dca7ee39e585"},"breadcrumb":{"@id":"https:\/\/quehacerpolitico.mx\/?p=4245#breadcrumb"},"inLanguage":"es","potentialAction":[{"@type":"ReadAction","target":["https:\/\/quehacerpolitico.mx\/?p=4245"]}]},{"@type":"ImageObject","inLanguage":"es","@id":"https:\/\/quehacerpolitico.mx\/?p=4245#primaryimage","url":"","contentUrl":""},{"@type":"BreadcrumbList","@id":"https:\/\/quehacerpolitico.mx\/?p=4245#breadcrumb","itemListElement":[{"@type":"ListItem","position":1,"name":"Inicio","item":"https:\/\/quehacerpolitico.mx\/"},{"@type":"ListItem","position":2,"name":"Juez no halla elementos contra senador No\u00e9 Casta\u00f1\u00f3n"}]},{"@type":"WebSite","@id":"https:\/\/quehacerpolitico.mx\/#website","url":"https:\/\/quehacerpolitico.mx\/","name":"","description":"","potentialAction":[{"@type":"SearchAction","target":{"@type":"EntryPoint","urlTemplate":"https:\/\/quehacerpolitico.mx\/?s={search_term_string}"},"query-input":{"@type":"PropertyValueSpecification","valueRequired":true,"valueName":"search_term_string"}}],"inLanguage":"es"},{"@type":"Person","@id":"https:\/\/quehacerpolitico.mx\/#\/schema\/person\/496d8ad2d1d3f8036101dca7ee39e585","name":"Redacci\u00f3n QP","image":{"@type":"ImageObject","inLanguage":"es","@id":"https:\/\/secure.gravatar.com\/avatar\/c7164ed6fdec453195284ad24a5ae5b6e1eed2b848477fa2a4787ba9adf39a41?s=96&d=mm&r=g","url":"https:\/\/secure.gravatar.com\/avatar\/c7164ed6fdec453195284ad24a5ae5b6e1eed2b848477fa2a4787ba9adf39a41?s=96&d=mm&r=g","contentUrl":"https:\/\/secure.gravatar.com\/avatar\/c7164ed6fdec453195284ad24a5ae5b6e1eed2b848477fa2a4787ba9adf39a41?s=96&d=mm&r=g","caption":"Redacci\u00f3n QP"},"url":"https:\/\/quehacerpolitico.mx\/?author=2"}]}},"featured_image_urls":{"full":"","thumbnail":"","medium":"","medium_large":"","large":"","1536x1536":"","2048x2048":"","covernews-featured":"","covernews-medium":""},"author_info":{"display_name":"Redacci\u00f3n QP","author_link":"https:\/\/quehacerpolitico.mx\/?author=2"},"category_info":"<a href=\"https:\/\/quehacerpolitico.mx\/?cat=2\" rel=\"category\">Noticias<\/a>","tag_info":"Noticias","comment_count":"0","_links":{"self":[{"href":"https:\/\/quehacerpolitico.mx\/index.php?rest_route=\/wp\/v2\/posts\/4245","targetHints":{"allow":["GET"]}}],"collection":[{"href":"https:\/\/quehacerpolitico.mx\/index.php?rest_route=\/wp\/v2\/posts"}],"about":[{"href":"https:\/\/quehacerpolitico.mx\/index.php?rest_route=\/wp\/v2\/types\/post"}],"author":[{"embeddable":true,"href":"https:\/\/quehacerpolitico.mx\/index.php?rest_route=\/wp\/v2\/users\/2"}],"replies":[{"embeddable":true,"href":"https:\/\/quehacerpolitico.mx\/index.php?rest_route=%2Fwp%2Fv2%2Fcomments&post=4245"}],"version-history":[{"count":0,"href":"https:\/\/quehacerpolitico.mx\/index.php?rest_route=\/wp\/v2\/posts\/4245\/revisions"}],"wp:featuredmedia":[{"embeddable":true,"href":"https:\/\/quehacerpolitico.mx\/index.php?rest_route=\/"}],"wp:attachment":[{"href":"https:\/\/quehacerpolitico.mx\/index.php?rest_route=%2Fwp%2Fv2%2Fmedia&parent=4245"}],"wp:term":[{"taxonomy":"category","embeddable":true,"href":"https:\/\/quehacerpolitico.mx\/index.php?rest_route=%2Fwp%2Fv2%2Fcategories&post=4245"},{"taxonomy":"post_tag","embeddable":true,"href":"https:\/\/quehacerpolitico.mx\/index.php?rest_route=%2Fwp%2Fv2%2Ftags&post=4245"}],"curies":[{"name":"wp","href":"https:\/\/api.w.org\/{rel}","templated":true}]}}