{"id":4237,"date":"2018-09-09T16:18:05","date_gmt":"2018-09-09T16:18:05","guid":{"rendered":"http:\/\/quehacerpolitico.mx\/donde-esta-evelyn-salio-a-comprar-ropa-en-edomex-y-desaparecio-familia-teme-que-sea-victima-de-trata\/"},"modified":"2018-09-09T16:18:05","modified_gmt":"2018-09-09T16:18:05","slug":"donde-esta-evelyn-salio-a-comprar-ropa-en-edomex-y-desaparecio-familia-teme-que-sea-victima-de-trata","status":"publish","type":"post","link":"https:\/\/quehacerpolitico.mx\/?p=4237","title":{"rendered":"\u00bfD\u00f3nde est\u00e1 Evelyn? Sali\u00f3 a comprar ropa en Edomex, y desapareci\u00f3; familia teme que sea v\u00edctima de trata"},"content":{"rendered":"<h3><strong>Las redes sociales de\u00a0Evelyn Rojas Matus fueron eliminadas, asegura la familia. La joven sali\u00f3 a comprar ropa en el Estado de M\u00e9xico y no se sabe nada sobre su paradero.\u00a0<\/strong><\/h3>\n<p>Hace m\u00e1s de un mes, <strong>Evelyn<\/strong> sali\u00f3 de su domicilio en la colonia <strong>Jardines de Morelos<\/strong>, en el Estado de M\u00e9xico, a comprarle ropa americana a una mujer que la contact\u00f3. A la fecha no se sabe nada sobre el paradero de la<strong> joven<\/strong>.<\/p>\n<blockquote>\n<p><strong>Evelyn Rojas Matus<\/strong>, quien ten\u00eda algunas semanas de haberse separado de su esposo,<strong> desapareci\u00f3<\/strong> el pasado 26 de julio. Las prendas que le vender\u00edan ese d\u00eda eran para su hijo.<\/p>\n<p>Lilia Matus Cruz, madre de Evelyn, explic\u00f3 que la noche del 25 de julio estuvo hablando por tel\u00e9fono con su hija. Ah\u00ed se enter\u00f3 que la joven se levantar\u00eda temprano para ir a ver la ropa americana con una mujer que vive en la secci\u00f3n Playas. Despu\u00e9s no supo m\u00e1s.<\/p>\n<p>Despu\u00e9s de que la familia not\u00f3 la ausencia de Evelyn, se intent\u00f3 contactarla por tel\u00e9fono, pero no hubo respuestas.<\/p>\n<p>La joven, de complexi\u00f3n delgada, mide 1.65 metros. Su tez es morena. Tiene los ojos caf\u00e9s y oscuros; el cabello, negro y lacio; la nariz, respingada; la boca y labios medianos, y la cara oval.<\/p>\n<blockquote>\n<p>Entre sus se\u00f1as particulares se destacan una cicatriz quir\u00fargica y una mariposa tatuada. El d\u00eda en que sali\u00f3 de su casa, Evelyn vest\u00eda su\u00e9ter negro y una licra.<\/p>\n<\/blockquote>\n<p><strong>LA FAMILIA\u00a0<\/strong><\/p>\n<p>Lilia, la mam\u00e1, llora desconsolada al no saber d\u00f3nde est\u00e1 Evelyn; teme que su hija sea v\u00edctima de trata.<\/p>\n<blockquote>\n<p>\u201cAlgo le pas\u00f3 a mi hija, porque extra\u00f1amente su WhatsApp y su cuenta de Facebook fueron eliminadas. Ella ten\u00eda mucha ilusi\u00f3n de ver esa ropa americana para que su hijo que cumpl\u00eda a\u00f1os estrenar\u00e1\u201d, se\u00f1al\u00f3.<\/p>\n<\/blockquote>\n<p>La mujer reiter\u00f3 que ha pasado m\u00e1s de un mes y su angustia crece. Aunque asegur\u00f3 que las autoridades ya investigan las llamadas de Evelyn, el dolor y desesperaci\u00f3n aumentan con el paso de los d\u00edas.<\/p>\n<p>Por la pesadilla que vive, exhort\u00f3 tambi\u00e9n a la ciudadan\u00eda para apoyarla a difundir su fotograf\u00eda y proporcionar informaci\u00f3n en caso de que la hayan visto o tengan pistas.<\/p>\n<p>Finalmente, hizo hincapi\u00e9 en que no descansar\u00e1 para seguir su b\u00fasqueda, porque en esa colonia no es la \u00fanica mujer que extra\u00f1amente ha desaparecido en los \u00faltimos meses.<\/p>\n<p>A Fondo EdoMex\u00a0<\/p>\n<\/blockquote>\n","protected":false},"excerpt":{"rendered":"<p>\u00bfD\u00f3nde est\u00e1 Evelyn? Sali\u00f3 a comprar ropa en Edomex, y desapareci\u00f3; familia teme que sea v\u00edctima de trata<br \/>\nPor Redacci\u00f3n QP<\/p>\n","protected":false},"author":2,"featured_media":4236,"comment_status":"open","ping_status":"open","sticky":false,"template":"","format":"standard","meta":{"_monsterinsights_skip_tracking":false,"_monsterinsights_sitenote_active":false,"_monsterinsights_sitenote_note":"","_monsterinsights_sitenote_category":0,"footnotes":""},"categories":[2],"tags":[],"class_list":["post-4237","post","type-post","status-publish","format-standard","has-post-thumbnail","hentry","category-noticias"],"yoast_head":"<!-- This site is optimized with the Yoast SEO plugin v27.3 - https:\/\/yoast.com\/product\/yoast-seo-wordpress\/ -->\n<title>\u00bfD\u00f3nde est\u00e1 Evelyn? Sali\u00f3 a comprar ropa en Edomex, y desapareci\u00f3; familia teme que sea v\u00edctima de trata -<\/title>\n<meta name=\"robots\" content=\"index, follow, max-snippet:-1, max-image-preview:large, max-video-preview:-1\" \/>\n<link rel=\"canonical\" href=\"https:\/\/quehacerpolitico.mx\/?p=4237\" \/>\n<meta property=\"og:locale\" content=\"es_MX\" \/>\n<meta property=\"og:type\" content=\"article\" \/>\n<meta property=\"og:title\" content=\"\u00bfD\u00f3nde est\u00e1 Evelyn? Sali\u00f3 a comprar ropa en Edomex, y desapareci\u00f3; familia teme que sea v\u00edctima de trata -\" \/>\n<meta property=\"og:description\" content=\"\u00bfD\u00f3nde est\u00e1 Evelyn? Sali\u00f3 a comprar ropa en Edomex, y desapareci\u00f3; familia teme que sea v\u00edctima de trata Por Redacci\u00f3n QP\" \/>\n<meta property=\"og:url\" content=\"https:\/\/quehacerpolitico.mx\/?p=4237\" \/>\n<meta property=\"article:published_time\" content=\"2018-09-09T16:18:05+00:00\" \/>\n<meta name=\"author\" content=\"Redacci\u00f3n QP\" \/>\n<meta name=\"twitter:card\" content=\"summary_large_image\" \/>\n<meta name=\"twitter:label1\" content=\"Escrito por\" \/>\n\t<meta name=\"twitter:data1\" content=\"Redacci\u00f3n QP\" \/>\n\t<meta name=\"twitter:label2\" content=\"Tiempo de lectura\" \/>\n\t<meta name=\"twitter:data2\" content=\"2 minutos\" \/>\n<script type=\"application\/ld+json\" class=\"yoast-schema-graph\">{\"@context\":\"https:\\\/\\\/schema.org\",\"@graph\":[{\"@type\":\"Article\",\"@id\":\"https:\\\/\\\/quehacerpolitico.mx\\\/?p=4237#article\",\"isPartOf\":{\"@id\":\"https:\\\/\\\/quehacerpolitico.mx\\\/?p=4237\"},\"author\":{\"name\":\"Redacci\u00f3n QP\",\"@id\":\"https:\\\/\\\/quehacerpolitico.mx\\\/#\\\/schema\\\/person\\\/496d8ad2d1d3f8036101dca7ee39e585\"},\"headline\":\"\u00bfD\u00f3nde est\u00e1 Evelyn? Sali\u00f3 a comprar ropa en Edomex, y desapareci\u00f3; familia teme que sea v\u00edctima de trata\",\"datePublished\":\"2018-09-09T16:18:05+00:00\",\"mainEntityOfPage\":{\"@id\":\"https:\\\/\\\/quehacerpolitico.mx\\\/?p=4237\"},\"wordCount\":443,\"commentCount\":0,\"image\":{\"@id\":\"https:\\\/\\\/quehacerpolitico.mx\\\/?p=4237#primaryimage\"},\"thumbnailUrl\":\"\",\"articleSection\":[\"Noticias\"],\"inLanguage\":\"es\",\"potentialAction\":[{\"@type\":\"CommentAction\",\"name\":\"Comment\",\"target\":[\"https:\\\/\\\/quehacerpolitico.mx\\\/?p=4237#respond\"]}]},{\"@type\":\"WebPage\",\"@id\":\"https:\\\/\\\/quehacerpolitico.mx\\\/?p=4237\",\"url\":\"https:\\\/\\\/quehacerpolitico.mx\\\/?p=4237\",\"name\":\"\u00bfD\u00f3nde est\u00e1 Evelyn? Sali\u00f3 a comprar ropa en Edomex, y desapareci\u00f3; familia teme que sea v\u00edctima de trata -\",\"isPartOf\":{\"@id\":\"https:\\\/\\\/quehacerpolitico.mx\\\/#website\"},\"primaryImageOfPage\":{\"@id\":\"https:\\\/\\\/quehacerpolitico.mx\\\/?p=4237#primaryimage\"},\"image\":{\"@id\":\"https:\\\/\\\/quehacerpolitico.mx\\\/?p=4237#primaryimage\"},\"thumbnailUrl\":\"\",\"datePublished\":\"2018-09-09T16:18:05+00:00\",\"author\":{\"@id\":\"https:\\\/\\\/quehacerpolitico.mx\\\/#\\\/schema\\\/person\\\/496d8ad2d1d3f8036101dca7ee39e585\"},\"breadcrumb\":{\"@id\":\"https:\\\/\\\/quehacerpolitico.mx\\\/?p=4237#breadcrumb\"},\"inLanguage\":\"es\",\"potentialAction\":[{\"@type\":\"ReadAction\",\"target\":[\"https:\\\/\\\/quehacerpolitico.mx\\\/?p=4237\"]}]},{\"@type\":\"ImageObject\",\"inLanguage\":\"es\",\"@id\":\"https:\\\/\\\/quehacerpolitico.mx\\\/?p=4237#primaryimage\",\"url\":\"\",\"contentUrl\":\"\"},{\"@type\":\"BreadcrumbList\",\"@id\":\"https:\\\/\\\/quehacerpolitico.mx\\\/?p=4237#breadcrumb\",\"itemListElement\":[{\"@type\":\"ListItem\",\"position\":1,\"name\":\"Inicio\",\"item\":\"https:\\\/\\\/quehacerpolitico.mx\\\/\"},{\"@type\":\"ListItem\",\"position\":2,\"name\":\"\u00bfD\u00f3nde est\u00e1 Evelyn? Sali\u00f3 a comprar ropa en Edomex, y desapareci\u00f3; familia teme que sea v\u00edctima de trata\"}]},{\"@type\":\"WebSite\",\"@id\":\"https:\\\/\\\/quehacerpolitico.mx\\\/#website\",\"url\":\"https:\\\/\\\/quehacerpolitico.mx\\\/\",\"name\":\"\",\"description\":\"\",\"potentialAction\":[{\"@type\":\"SearchAction\",\"target\":{\"@type\":\"EntryPoint\",\"urlTemplate\":\"https:\\\/\\\/quehacerpolitico.mx\\\/?s={search_term_string}\"},\"query-input\":{\"@type\":\"PropertyValueSpecification\",\"valueRequired\":true,\"valueName\":\"search_term_string\"}}],\"inLanguage\":\"es\"},{\"@type\":\"Person\",\"@id\":\"https:\\\/\\\/quehacerpolitico.mx\\\/#\\\/schema\\\/person\\\/496d8ad2d1d3f8036101dca7ee39e585\",\"name\":\"Redacci\u00f3n QP\",\"image\":{\"@type\":\"ImageObject\",\"inLanguage\":\"es\",\"@id\":\"https:\\\/\\\/secure.gravatar.com\\\/avatar\\\/c7164ed6fdec453195284ad24a5ae5b6e1eed2b848477fa2a4787ba9adf39a41?s=96&d=mm&r=g\",\"url\":\"https:\\\/\\\/secure.gravatar.com\\\/avatar\\\/c7164ed6fdec453195284ad24a5ae5b6e1eed2b848477fa2a4787ba9adf39a41?s=96&d=mm&r=g\",\"contentUrl\":\"https:\\\/\\\/secure.gravatar.com\\\/avatar\\\/c7164ed6fdec453195284ad24a5ae5b6e1eed2b848477fa2a4787ba9adf39a41?s=96&d=mm&r=g\",\"caption\":\"Redacci\u00f3n QP\"},\"url\":\"https:\\\/\\\/quehacerpolitico.mx\\\/?author=2\"}]}<\/script>\n<!-- \/ Yoast SEO plugin. -->","yoast_head_json":{"title":"\u00bfD\u00f3nde est\u00e1 Evelyn? Sali\u00f3 a comprar ropa en Edomex, y desapareci\u00f3; familia teme que sea v\u00edctima de trata -","robots":{"index":"index","follow":"follow","max-snippet":"max-snippet:-1","max-image-preview":"max-image-preview:large","max-video-preview":"max-video-preview:-1"},"canonical":"https:\/\/quehacerpolitico.mx\/?p=4237","og_locale":"es_MX","og_type":"article","og_title":"\u00bfD\u00f3nde est\u00e1 Evelyn? Sali\u00f3 a comprar ropa en Edomex, y desapareci\u00f3; familia teme que sea v\u00edctima de trata -","og_description":"\u00bfD\u00f3nde est\u00e1 Evelyn? Sali\u00f3 a comprar ropa en Edomex, y desapareci\u00f3; familia teme que sea v\u00edctima de trata Por Redacci\u00f3n QP","og_url":"https:\/\/quehacerpolitico.mx\/?p=4237","article_published_time":"2018-09-09T16:18:05+00:00","author":"Redacci\u00f3n QP","twitter_card":"summary_large_image","twitter_misc":{"Escrito por":"Redacci\u00f3n QP","Tiempo de lectura":"2 minutos"},"schema":{"@context":"https:\/\/schema.org","@graph":[{"@type":"Article","@id":"https:\/\/quehacerpolitico.mx\/?p=4237#article","isPartOf":{"@id":"https:\/\/quehacerpolitico.mx\/?p=4237"},"author":{"name":"Redacci\u00f3n QP","@id":"https:\/\/quehacerpolitico.mx\/#\/schema\/person\/496d8ad2d1d3f8036101dca7ee39e585"},"headline":"\u00bfD\u00f3nde est\u00e1 Evelyn? Sali\u00f3 a comprar ropa en Edomex, y desapareci\u00f3; familia teme que sea v\u00edctima de trata","datePublished":"2018-09-09T16:18:05+00:00","mainEntityOfPage":{"@id":"https:\/\/quehacerpolitico.mx\/?p=4237"},"wordCount":443,"commentCount":0,"image":{"@id":"https:\/\/quehacerpolitico.mx\/?p=4237#primaryimage"},"thumbnailUrl":"","articleSection":["Noticias"],"inLanguage":"es","potentialAction":[{"@type":"CommentAction","name":"Comment","target":["https:\/\/quehacerpolitico.mx\/?p=4237#respond"]}]},{"@type":"WebPage","@id":"https:\/\/quehacerpolitico.mx\/?p=4237","url":"https:\/\/quehacerpolitico.mx\/?p=4237","name":"\u00bfD\u00f3nde est\u00e1 Evelyn? Sali\u00f3 a comprar ropa en Edomex, y desapareci\u00f3; familia teme que sea v\u00edctima de trata -","isPartOf":{"@id":"https:\/\/quehacerpolitico.mx\/#website"},"primaryImageOfPage":{"@id":"https:\/\/quehacerpolitico.mx\/?p=4237#primaryimage"},"image":{"@id":"https:\/\/quehacerpolitico.mx\/?p=4237#primaryimage"},"thumbnailUrl":"","datePublished":"2018-09-09T16:18:05+00:00","author":{"@id":"https:\/\/quehacerpolitico.mx\/#\/schema\/person\/496d8ad2d1d3f8036101dca7ee39e585"},"breadcrumb":{"@id":"https:\/\/quehacerpolitico.mx\/?p=4237#breadcrumb"},"inLanguage":"es","potentialAction":[{"@type":"ReadAction","target":["https:\/\/quehacerpolitico.mx\/?p=4237"]}]},{"@type":"ImageObject","inLanguage":"es","@id":"https:\/\/quehacerpolitico.mx\/?p=4237#primaryimage","url":"","contentUrl":""},{"@type":"BreadcrumbList","@id":"https:\/\/quehacerpolitico.mx\/?p=4237#breadcrumb","itemListElement":[{"@type":"ListItem","position":1,"name":"Inicio","item":"https:\/\/quehacerpolitico.mx\/"},{"@type":"ListItem","position":2,"name":"\u00bfD\u00f3nde est\u00e1 Evelyn? Sali\u00f3 a comprar ropa en Edomex, y desapareci\u00f3; familia teme que sea v\u00edctima de trata"}]},{"@type":"WebSite","@id":"https:\/\/quehacerpolitico.mx\/#website","url":"https:\/\/quehacerpolitico.mx\/","name":"","description":"","potentialAction":[{"@type":"SearchAction","target":{"@type":"EntryPoint","urlTemplate":"https:\/\/quehacerpolitico.mx\/?s={search_term_string}"},"query-input":{"@type":"PropertyValueSpecification","valueRequired":true,"valueName":"search_term_string"}}],"inLanguage":"es"},{"@type":"Person","@id":"https:\/\/quehacerpolitico.mx\/#\/schema\/person\/496d8ad2d1d3f8036101dca7ee39e585","name":"Redacci\u00f3n QP","image":{"@type":"ImageObject","inLanguage":"es","@id":"https:\/\/secure.gravatar.com\/avatar\/c7164ed6fdec453195284ad24a5ae5b6e1eed2b848477fa2a4787ba9adf39a41?s=96&d=mm&r=g","url":"https:\/\/secure.gravatar.com\/avatar\/c7164ed6fdec453195284ad24a5ae5b6e1eed2b848477fa2a4787ba9adf39a41?s=96&d=mm&r=g","contentUrl":"https:\/\/secure.gravatar.com\/avatar\/c7164ed6fdec453195284ad24a5ae5b6e1eed2b848477fa2a4787ba9adf39a41?s=96&d=mm&r=g","caption":"Redacci\u00f3n QP"},"url":"https:\/\/quehacerpolitico.mx\/?author=2"}]}},"featured_image_urls":{"full":"","thumbnail":"","medium":"","medium_large":"","large":"","1536x1536":"","2048x2048":"","covernews-featured":"","covernews-medium":""},"author_info":{"display_name":"Redacci\u00f3n QP","author_link":"https:\/\/quehacerpolitico.mx\/?author=2"},"category_info":"<a href=\"https:\/\/quehacerpolitico.mx\/?cat=2\" rel=\"category\">Noticias<\/a>","tag_info":"Noticias","comment_count":"0","_links":{"self":[{"href":"https:\/\/quehacerpolitico.mx\/index.php?rest_route=\/wp\/v2\/posts\/4237","targetHints":{"allow":["GET"]}}],"collection":[{"href":"https:\/\/quehacerpolitico.mx\/index.php?rest_route=\/wp\/v2\/posts"}],"about":[{"href":"https:\/\/quehacerpolitico.mx\/index.php?rest_route=\/wp\/v2\/types\/post"}],"author":[{"embeddable":true,"href":"https:\/\/quehacerpolitico.mx\/index.php?rest_route=\/wp\/v2\/users\/2"}],"replies":[{"embeddable":true,"href":"https:\/\/quehacerpolitico.mx\/index.php?rest_route=%2Fwp%2Fv2%2Fcomments&post=4237"}],"version-history":[{"count":0,"href":"https:\/\/quehacerpolitico.mx\/index.php?rest_route=\/wp\/v2\/posts\/4237\/revisions"}],"wp:featuredmedia":[{"embeddable":true,"href":"https:\/\/quehacerpolitico.mx\/index.php?rest_route=\/"}],"wp:attachment":[{"href":"https:\/\/quehacerpolitico.mx\/index.php?rest_route=%2Fwp%2Fv2%2Fmedia&parent=4237"}],"wp:term":[{"taxonomy":"category","embeddable":true,"href":"https:\/\/quehacerpolitico.mx\/index.php?rest_route=%2Fwp%2Fv2%2Fcategories&post=4237"},{"taxonomy":"post_tag","embeddable":true,"href":"https:\/\/quehacerpolitico.mx\/index.php?rest_route=%2Fwp%2Fv2%2Ftags&post=4237"}],"curies":[{"name":"wp","href":"https:\/\/api.w.org\/{rel}","templated":true}]}}