{"id":4235,"date":"2018-09-09T16:12:15","date_gmt":"2018-09-09T16:12:15","guid":{"rendered":"http:\/\/quehacerpolitico.mx\/jefe-del-estado-mayor-dice-que-estan-preparados-para-cumplir-cualquier-mision-en-nuevo-gobierno\/"},"modified":"2018-09-09T16:12:15","modified_gmt":"2018-09-09T16:12:15","slug":"jefe-del-estado-mayor-dice-que-estan-preparados-para-cumplir-cualquier-mision-en-nuevo-gobierno","status":"publish","type":"post","link":"https:\/\/quehacerpolitico.mx\/?p=4235","title":{"rendered":"Jefe del Estado Mayor dice que est\u00e1n preparados para cumplir cualquier misi\u00f3n en nuevo Gobierno"},"content":{"rendered":"<h3><strong>\u201cLos integrantes de las Fuerzas Armadas deben esforzarse siempre para cubrir las expectativas que demandan los retos actuales, estar listos para cooperar con otras instituciones en las tareas que el pa\u00eds requiera\u201d, dijo el General Roberto Miranda, Jefe del\u00a0Estado Mayor Presidencial.\u00a0<\/strong><\/h3>\n<p>El General Roberto Miranda, Jefe del\u00a0Estado Mayor Presidencial, dijo que como parte de las Fuerzas Armadas Mexicanas ya est\u00e1n listos para cumplir cualquier misi\u00f3n.<\/p>\n<p>\u201cLos integrantes de las Fuerzas Armadas deben esforzarse siempre para cubrir las expectativas que demandan los retos actuales, estar listos para cooperar con otras instituciones en las tareas que el pa\u00eds requiera\u201d, dijo, de acuerdo con informaci\u00f3n del diario <em>Reforma.<\/em><\/p>\n<blockquote>\n<p>\u201cIncentivar actividades c\u00edvico-militares que promuevan los valores morales en la sociedad mexicana, y trabajar sin descanso siempre que la naci\u00f3n los necesite para devolver la tranquilidad social a las familias mexicanas\u201d, indic\u00f3.<\/p>\n<p>\u201cLos soldados y marinos mexicanos, como hijos del pueblo, somos herederos de tradiciones y de valores que se sintetizan en una frase: la lealtad inicia con la Patria\u201d, indic\u00f3 desde la\u00a0Ceremonia Conmemorativa de 171 Aniversario de la Batalla del Molino del Rey.<\/p>\n<p>Por m\u00e1s de 70 a\u00f1os, el Estado Mayor se ha encargado de proteger al Presidente de M\u00e9xico; no obstante, el futuro mandatario, Andr\u00e9s Manuel L\u00f3pez Obrador, considera poner fin a este cuerpo de elite, formado principalmente por militares y que s\u00f3lo rinde cuentas al jefe de Estado.<\/p>\n<blockquote>\n<p>Despu\u00e9s de ganar con una holgada ventaja las elecciones del 1 de julio (en las que acapar\u00f3 m\u00e1s de 53 por ciento de los sufragios), el izquierdista confirm\u00f3 que rechazar\u00eda la protecci\u00f3n del Estado Mayor Presidencial, formado en la d\u00e9cada de 1940.<\/p>\n<\/blockquote>\n<p>\u201cHe sostenido que me cuida la gente y me cuida el pueblo, y el que lucha por la justicia no tiene nada que temer\u201d, clam\u00f3 el l\u00edder del Movimiento Regeneraci\u00f3n Nacional (Morena), quien tambi\u00e9n afirm\u00f3 que el Estado Mayor pasar\u00eda a integrarse en la Secretar\u00eda de la Defensa (Sedena) como parte de su Plan de Austeridad Republicana.<\/p>\n<p>El Estado Mayor, \u00f3rgano con un car\u00e1cter t\u00e9cnico-militar, est\u00e1 conformado por dos mil 021 personas, de las cuales 84 por ciento son hombres.<\/p>\n<p>De estos efectivos, mil 586 forman parte de las Fuerzas Armadas -82 por ciento provenientes del Ej\u00e9rcito, nueve por ciento de la Armada y nueve por ciento de la Fuerza A\u00e9rea-, 52 son polic\u00edas federales y 383 son civiles, los cuales realizan b\u00e1sicamente funciones administrativas.<\/p>\n<p>Adem\u00e1s, cuentan con las tareas de apoyo de los m\u00e1s de seis mil integrantes de Guardias Presidenciales del Ejercito y de la Armada.<\/p>\n<p>Su m\u00e1xima responsabilidad es cuidar las espaldas del Presidente del pa\u00eds, pero tambi\u00e9n se encargan de la seguridad de su familia, de los secretarios de Estado y candidatos presidenciales, entre otras personas.<\/p>\n<blockquote>\n<p>Tambi\u00e9n son los responsables de coordinar la seguridad y log\u00edstica de aquellas visitas que realicen jefes de Estado y de Gobierno extranjeros a M\u00e9xico.<\/p>\n<\/blockquote>\n<p>El experto en seguridad Erubiel Tirado dijo hoy a EFE que el Estado Mayor naci\u00f3 con el objetivo de que no se concretase un golpe de Estado en los tiempos posteriores a la Revoluci\u00f3n Mexicana (1910-1920).<\/p>\n<p>Pero con los a\u00f1os no s\u00f3lo no desapareci\u00f3, sino que \u201cadquiri\u00f3 otras funciones y, obviamente, deformaciones\u201d, as\u00ed como \u201cclaroscuros\u201d, argumenta el coordinador del Diplomado en Seguridad Nacional, Democracia y Derechos Humanos de la Universidad Iberoamericana.<\/p>\n<section class=\"post-content\">\n<p>Por ejemplo, se\u00f1ala Tirado, existe la teor\u00eda de que fueron miembros del Estado Mayor Presidencial los que dispararon contra el Ej\u00e9rcito regular el 2 de octubre de 1968 en la Plaza de las Tres Culturas, y as\u00ed se inici\u00f3 la matanza estudiantil de Tlatelolco.<\/p>\n<p>Asimismo, \u201cse le han dado atribuciones de espionaje; alguien dir\u00e1 \u2018inteligencia pol\u00edtica\u2019, pero son de espionaje, lo que da otro cariz al desempe\u00f1o\u201d de este \u00f3rgano, abunda el acad\u00e9mico.<\/p>\n<blockquote>\n<p>Los integrantes del Estado Mayor, en t\u00e9rminos de mando, actualmente no responden ante la Sedena o ante las otras instituciones de las que proceden. Su presupuesto, adem\u00e1s, sale de la partida destinada a Presidencia.<\/p>\n<\/blockquote>\n<p>\u201cSon legal, presupuestal y pol\u00edticamente irresponsables; es decir, no le responden a nadie m\u00e1s que al presidente\u201d, dice el catedr\u00e1tico.<\/p>\n<p>El mayor fracaso del Estado Mayor Presidencial a lo largo de su historia fue el asesinato en marzo de 1994 de Luis Donaldo Colosio, candidato a la Presidencia por el Partido Revolucionario Institucional (PRI), quien fue baleado tras un mitin en Tijuana.<\/p>\n<p>Ahora, la cuesti\u00f3n de qui\u00e9n quedar\u00e1 al cargo de la seguridad presidencial si el Estado Mayor no est\u00e1 presente sigue siendo una inc\u00f3gnita, dado que L\u00f3pez Obrador hasta el momento no ha ido m\u00e1s all\u00e1 del argumento de que el pueblo lo proteger\u00e1.<\/p>\n<p>Una actitud que se asemeja a la que ten\u00eda cuando ejerci\u00f3 como jefe de Gobierno de la Ciudad de M\u00e9xico (2000-2005), cuando nombr\u00f3 como encargadas de su seguridad a \u201cLas Gacelas\u201d, un grupo de mujeres con las que pudo seguir ofreciendo la imagen de cercan\u00eda que quer\u00eda mostrar de cara a los ciudadanos.<\/p>\n<p>Incluso el actual Presidente de M\u00e9xico, Enrique Pe\u00f1a Nieto, dice haber \u201cinsistido\u201d durante sus charlas con L\u00f3pez Obrador en la necesidad de que cuente con seguridad.<\/p>\n<p>\u201cEs una definici\u00f3n que \u00e9l tomar\u00e1 en \u00faltima instancia (\u2026) pero creo que es algo importante\u201d, refiri\u00f3 el mandatario.<\/p>\n<p><em>Con informaci\u00f3n de EFE.\u00a0<\/em><\/p>\n<\/section>\n<\/blockquote>\n","protected":false},"excerpt":{"rendered":"<p>Jefe del Estado Mayor dice que est\u00e1n preparados para cumplir cualquier misi\u00f3n en nuevo Gobierno<br \/>\nPor Redacci\u00f3n QP<\/p>\n","protected":false},"author":2,"featured_media":4234,"comment_status":"open","ping_status":"open","sticky":false,"template":"","format":"standard","meta":{"_monsterinsights_skip_tracking":false,"_monsterinsights_sitenote_active":false,"_monsterinsights_sitenote_note":"","_monsterinsights_sitenote_category":0,"footnotes":""},"categories":[2],"tags":[],"class_list":["post-4235","post","type-post","status-publish","format-standard","has-post-thumbnail","hentry","category-noticias"],"yoast_head":"<!-- This site is optimized with the Yoast SEO plugin v27.3 - https:\/\/yoast.com\/product\/yoast-seo-wordpress\/ -->\n<title>Jefe del Estado Mayor dice que est\u00e1n preparados para cumplir cualquier misi\u00f3n en nuevo Gobierno -<\/title>\n<meta name=\"robots\" content=\"index, follow, max-snippet:-1, max-image-preview:large, max-video-preview:-1\" \/>\n<link rel=\"canonical\" href=\"https:\/\/quehacerpolitico.mx\/?p=4235\" \/>\n<meta property=\"og:locale\" content=\"es_MX\" \/>\n<meta property=\"og:type\" content=\"article\" \/>\n<meta property=\"og:title\" content=\"Jefe del Estado Mayor dice que est\u00e1n preparados para cumplir cualquier misi\u00f3n en nuevo Gobierno -\" \/>\n<meta property=\"og:description\" content=\"Jefe del Estado Mayor dice que est\u00e1n preparados para cumplir cualquier misi\u00f3n en nuevo Gobierno Por Redacci\u00f3n QP\" \/>\n<meta property=\"og:url\" content=\"https:\/\/quehacerpolitico.mx\/?p=4235\" \/>\n<meta property=\"article:published_time\" content=\"2018-09-09T16:12:15+00:00\" \/>\n<meta name=\"author\" content=\"Redacci\u00f3n QP\" \/>\n<meta name=\"twitter:card\" content=\"summary_large_image\" \/>\n<meta name=\"twitter:label1\" content=\"Escrito por\" \/>\n\t<meta name=\"twitter:data1\" content=\"Redacci\u00f3n QP\" \/>\n\t<meta name=\"twitter:label2\" content=\"Tiempo de lectura\" \/>\n\t<meta name=\"twitter:data2\" content=\"5 minutos\" \/>\n<script type=\"application\/ld+json\" class=\"yoast-schema-graph\">{\"@context\":\"https:\\\/\\\/schema.org\",\"@graph\":[{\"@type\":\"Article\",\"@id\":\"https:\\\/\\\/quehacerpolitico.mx\\\/?p=4235#article\",\"isPartOf\":{\"@id\":\"https:\\\/\\\/quehacerpolitico.mx\\\/?p=4235\"},\"author\":{\"name\":\"Redacci\u00f3n QP\",\"@id\":\"https:\\\/\\\/quehacerpolitico.mx\\\/#\\\/schema\\\/person\\\/496d8ad2d1d3f8036101dca7ee39e585\"},\"headline\":\"Jefe del Estado Mayor dice que est\u00e1n preparados para cumplir cualquier misi\u00f3n en nuevo Gobierno\",\"datePublished\":\"2018-09-09T16:12:15+00:00\",\"mainEntityOfPage\":{\"@id\":\"https:\\\/\\\/quehacerpolitico.mx\\\/?p=4235\"},\"wordCount\":928,\"commentCount\":0,\"image\":{\"@id\":\"https:\\\/\\\/quehacerpolitico.mx\\\/?p=4235#primaryimage\"},\"thumbnailUrl\":\"\",\"articleSection\":[\"Noticias\"],\"inLanguage\":\"es\",\"potentialAction\":[{\"@type\":\"CommentAction\",\"name\":\"Comment\",\"target\":[\"https:\\\/\\\/quehacerpolitico.mx\\\/?p=4235#respond\"]}]},{\"@type\":\"WebPage\",\"@id\":\"https:\\\/\\\/quehacerpolitico.mx\\\/?p=4235\",\"url\":\"https:\\\/\\\/quehacerpolitico.mx\\\/?p=4235\",\"name\":\"Jefe del Estado Mayor dice que est\u00e1n preparados para cumplir cualquier misi\u00f3n en nuevo Gobierno -\",\"isPartOf\":{\"@id\":\"https:\\\/\\\/quehacerpolitico.mx\\\/#website\"},\"primaryImageOfPage\":{\"@id\":\"https:\\\/\\\/quehacerpolitico.mx\\\/?p=4235#primaryimage\"},\"image\":{\"@id\":\"https:\\\/\\\/quehacerpolitico.mx\\\/?p=4235#primaryimage\"},\"thumbnailUrl\":\"\",\"datePublished\":\"2018-09-09T16:12:15+00:00\",\"author\":{\"@id\":\"https:\\\/\\\/quehacerpolitico.mx\\\/#\\\/schema\\\/person\\\/496d8ad2d1d3f8036101dca7ee39e585\"},\"breadcrumb\":{\"@id\":\"https:\\\/\\\/quehacerpolitico.mx\\\/?p=4235#breadcrumb\"},\"inLanguage\":\"es\",\"potentialAction\":[{\"@type\":\"ReadAction\",\"target\":[\"https:\\\/\\\/quehacerpolitico.mx\\\/?p=4235\"]}]},{\"@type\":\"ImageObject\",\"inLanguage\":\"es\",\"@id\":\"https:\\\/\\\/quehacerpolitico.mx\\\/?p=4235#primaryimage\",\"url\":\"\",\"contentUrl\":\"\"},{\"@type\":\"BreadcrumbList\",\"@id\":\"https:\\\/\\\/quehacerpolitico.mx\\\/?p=4235#breadcrumb\",\"itemListElement\":[{\"@type\":\"ListItem\",\"position\":1,\"name\":\"Inicio\",\"item\":\"https:\\\/\\\/quehacerpolitico.mx\\\/\"},{\"@type\":\"ListItem\",\"position\":2,\"name\":\"Jefe del Estado Mayor dice que est\u00e1n preparados para cumplir cualquier misi\u00f3n en nuevo Gobierno\"}]},{\"@type\":\"WebSite\",\"@id\":\"https:\\\/\\\/quehacerpolitico.mx\\\/#website\",\"url\":\"https:\\\/\\\/quehacerpolitico.mx\\\/\",\"name\":\"\",\"description\":\"\",\"potentialAction\":[{\"@type\":\"SearchAction\",\"target\":{\"@type\":\"EntryPoint\",\"urlTemplate\":\"https:\\\/\\\/quehacerpolitico.mx\\\/?s={search_term_string}\"},\"query-input\":{\"@type\":\"PropertyValueSpecification\",\"valueRequired\":true,\"valueName\":\"search_term_string\"}}],\"inLanguage\":\"es\"},{\"@type\":\"Person\",\"@id\":\"https:\\\/\\\/quehacerpolitico.mx\\\/#\\\/schema\\\/person\\\/496d8ad2d1d3f8036101dca7ee39e585\",\"name\":\"Redacci\u00f3n QP\",\"image\":{\"@type\":\"ImageObject\",\"inLanguage\":\"es\",\"@id\":\"https:\\\/\\\/secure.gravatar.com\\\/avatar\\\/c7164ed6fdec453195284ad24a5ae5b6e1eed2b848477fa2a4787ba9adf39a41?s=96&d=mm&r=g\",\"url\":\"https:\\\/\\\/secure.gravatar.com\\\/avatar\\\/c7164ed6fdec453195284ad24a5ae5b6e1eed2b848477fa2a4787ba9adf39a41?s=96&d=mm&r=g\",\"contentUrl\":\"https:\\\/\\\/secure.gravatar.com\\\/avatar\\\/c7164ed6fdec453195284ad24a5ae5b6e1eed2b848477fa2a4787ba9adf39a41?s=96&d=mm&r=g\",\"caption\":\"Redacci\u00f3n QP\"},\"url\":\"https:\\\/\\\/quehacerpolitico.mx\\\/?author=2\"}]}<\/script>\n<!-- \/ Yoast SEO plugin. -->","yoast_head_json":{"title":"Jefe del Estado Mayor dice que est\u00e1n preparados para cumplir cualquier misi\u00f3n en nuevo Gobierno -","robots":{"index":"index","follow":"follow","max-snippet":"max-snippet:-1","max-image-preview":"max-image-preview:large","max-video-preview":"max-video-preview:-1"},"canonical":"https:\/\/quehacerpolitico.mx\/?p=4235","og_locale":"es_MX","og_type":"article","og_title":"Jefe del Estado Mayor dice que est\u00e1n preparados para cumplir cualquier misi\u00f3n en nuevo Gobierno -","og_description":"Jefe del Estado Mayor dice que est\u00e1n preparados para cumplir cualquier misi\u00f3n en nuevo Gobierno Por Redacci\u00f3n QP","og_url":"https:\/\/quehacerpolitico.mx\/?p=4235","article_published_time":"2018-09-09T16:12:15+00:00","author":"Redacci\u00f3n QP","twitter_card":"summary_large_image","twitter_misc":{"Escrito por":"Redacci\u00f3n QP","Tiempo de lectura":"5 minutos"},"schema":{"@context":"https:\/\/schema.org","@graph":[{"@type":"Article","@id":"https:\/\/quehacerpolitico.mx\/?p=4235#article","isPartOf":{"@id":"https:\/\/quehacerpolitico.mx\/?p=4235"},"author":{"name":"Redacci\u00f3n QP","@id":"https:\/\/quehacerpolitico.mx\/#\/schema\/person\/496d8ad2d1d3f8036101dca7ee39e585"},"headline":"Jefe del Estado Mayor dice que est\u00e1n preparados para cumplir cualquier misi\u00f3n en nuevo Gobierno","datePublished":"2018-09-09T16:12:15+00:00","mainEntityOfPage":{"@id":"https:\/\/quehacerpolitico.mx\/?p=4235"},"wordCount":928,"commentCount":0,"image":{"@id":"https:\/\/quehacerpolitico.mx\/?p=4235#primaryimage"},"thumbnailUrl":"","articleSection":["Noticias"],"inLanguage":"es","potentialAction":[{"@type":"CommentAction","name":"Comment","target":["https:\/\/quehacerpolitico.mx\/?p=4235#respond"]}]},{"@type":"WebPage","@id":"https:\/\/quehacerpolitico.mx\/?p=4235","url":"https:\/\/quehacerpolitico.mx\/?p=4235","name":"Jefe del Estado Mayor dice que est\u00e1n preparados para cumplir cualquier misi\u00f3n en nuevo Gobierno -","isPartOf":{"@id":"https:\/\/quehacerpolitico.mx\/#website"},"primaryImageOfPage":{"@id":"https:\/\/quehacerpolitico.mx\/?p=4235#primaryimage"},"image":{"@id":"https:\/\/quehacerpolitico.mx\/?p=4235#primaryimage"},"thumbnailUrl":"","datePublished":"2018-09-09T16:12:15+00:00","author":{"@id":"https:\/\/quehacerpolitico.mx\/#\/schema\/person\/496d8ad2d1d3f8036101dca7ee39e585"},"breadcrumb":{"@id":"https:\/\/quehacerpolitico.mx\/?p=4235#breadcrumb"},"inLanguage":"es","potentialAction":[{"@type":"ReadAction","target":["https:\/\/quehacerpolitico.mx\/?p=4235"]}]},{"@type":"ImageObject","inLanguage":"es","@id":"https:\/\/quehacerpolitico.mx\/?p=4235#primaryimage","url":"","contentUrl":""},{"@type":"BreadcrumbList","@id":"https:\/\/quehacerpolitico.mx\/?p=4235#breadcrumb","itemListElement":[{"@type":"ListItem","position":1,"name":"Inicio","item":"https:\/\/quehacerpolitico.mx\/"},{"@type":"ListItem","position":2,"name":"Jefe del Estado Mayor dice que est\u00e1n preparados para cumplir cualquier misi\u00f3n en nuevo Gobierno"}]},{"@type":"WebSite","@id":"https:\/\/quehacerpolitico.mx\/#website","url":"https:\/\/quehacerpolitico.mx\/","name":"","description":"","potentialAction":[{"@type":"SearchAction","target":{"@type":"EntryPoint","urlTemplate":"https:\/\/quehacerpolitico.mx\/?s={search_term_string}"},"query-input":{"@type":"PropertyValueSpecification","valueRequired":true,"valueName":"search_term_string"}}],"inLanguage":"es"},{"@type":"Person","@id":"https:\/\/quehacerpolitico.mx\/#\/schema\/person\/496d8ad2d1d3f8036101dca7ee39e585","name":"Redacci\u00f3n QP","image":{"@type":"ImageObject","inLanguage":"es","@id":"https:\/\/secure.gravatar.com\/avatar\/c7164ed6fdec453195284ad24a5ae5b6e1eed2b848477fa2a4787ba9adf39a41?s=96&d=mm&r=g","url":"https:\/\/secure.gravatar.com\/avatar\/c7164ed6fdec453195284ad24a5ae5b6e1eed2b848477fa2a4787ba9adf39a41?s=96&d=mm&r=g","contentUrl":"https:\/\/secure.gravatar.com\/avatar\/c7164ed6fdec453195284ad24a5ae5b6e1eed2b848477fa2a4787ba9adf39a41?s=96&d=mm&r=g","caption":"Redacci\u00f3n QP"},"url":"https:\/\/quehacerpolitico.mx\/?author=2"}]}},"featured_image_urls":{"full":"","thumbnail":"","medium":"","medium_large":"","large":"","1536x1536":"","2048x2048":"","covernews-featured":"","covernews-medium":""},"author_info":{"display_name":"Redacci\u00f3n QP","author_link":"https:\/\/quehacerpolitico.mx\/?author=2"},"category_info":"<a href=\"https:\/\/quehacerpolitico.mx\/?cat=2\" rel=\"category\">Noticias<\/a>","tag_info":"Noticias","comment_count":"0","_links":{"self":[{"href":"https:\/\/quehacerpolitico.mx\/index.php?rest_route=\/wp\/v2\/posts\/4235","targetHints":{"allow":["GET"]}}],"collection":[{"href":"https:\/\/quehacerpolitico.mx\/index.php?rest_route=\/wp\/v2\/posts"}],"about":[{"href":"https:\/\/quehacerpolitico.mx\/index.php?rest_route=\/wp\/v2\/types\/post"}],"author":[{"embeddable":true,"href":"https:\/\/quehacerpolitico.mx\/index.php?rest_route=\/wp\/v2\/users\/2"}],"replies":[{"embeddable":true,"href":"https:\/\/quehacerpolitico.mx\/index.php?rest_route=%2Fwp%2Fv2%2Fcomments&post=4235"}],"version-history":[{"count":0,"href":"https:\/\/quehacerpolitico.mx\/index.php?rest_route=\/wp\/v2\/posts\/4235\/revisions"}],"wp:featuredmedia":[{"embeddable":true,"href":"https:\/\/quehacerpolitico.mx\/index.php?rest_route=\/"}],"wp:attachment":[{"href":"https:\/\/quehacerpolitico.mx\/index.php?rest_route=%2Fwp%2Fv2%2Fmedia&parent=4235"}],"wp:term":[{"taxonomy":"category","embeddable":true,"href":"https:\/\/quehacerpolitico.mx\/index.php?rest_route=%2Fwp%2Fv2%2Fcategories&post=4235"},{"taxonomy":"post_tag","embeddable":true,"href":"https:\/\/quehacerpolitico.mx\/index.php?rest_route=%2Fwp%2Fv2%2Ftags&post=4235"}],"curies":[{"name":"wp","href":"https:\/\/api.w.org\/{rel}","templated":true}]}}