{"id":42331,"date":"2019-10-23T14:03:32","date_gmt":"2019-10-23T14:03:32","guid":{"rendered":"http:\/\/quehacerpolitico.mx\/alertan-por-10-movilizaciones-la-mayoria-en-cuauhtemoc\/"},"modified":"2019-10-23T14:03:32","modified_gmt":"2019-10-23T14:03:32","slug":"alertan-por-10-movilizaciones-la-mayoria-en-cuauhtemoc","status":"publish","type":"post","link":"https:\/\/quehacerpolitico.mx\/?p=42331","title":{"rendered":"Alertan por 10 movilizaciones, la mayor\u00eda en Cuauht\u00e9moc"},"content":{"rendered":"<div class=\"titulo\">Alertan por 10 movilizaciones, la mayor\u00eda en Cuauht\u00e9moc<\/div>\n<div class=\"desarrollo\">Por Redacci\u00f3n QP<\/div>\n<div>\n<p>Al menos 10 movilizaciones sociales se prev\u00e9n para este mi\u00e9rcoles en las alcald\u00edas Cuauht\u00e9moc, Coyoac\u00e1n, Magdalena Contreras y Venustiano Carranza, ante lo cual autoridades capitalinas recomendaron a la poblaci\u00f3n anticipar su salida y a los automovilistas tomar v\u00edas alternas a la zonas afectadas.<\/p>\n<blockquote class=\"twitter-tweet\" data-width=\"550\" data-dnt=\"true\">\n<p lang=\"es\" dir=\"ltr\">\u00a1Buenos d\u00edas! Este mi\u00e9rcoles 23 de octubre se esperan las siguientes movilizaciones \ud83d\udce2\ud83d\udea7 en la Ciudad de M\u00e9xico. <a href=\"https:\/\/twitter.com\/hashtag\/MovilidadCDMX?src=hash&amp;ref_src=twsrc%5Etfw\">#MovilidadCDMX<\/a> <a href=\"https:\/\/twitter.com\/hashtag\/C5?src=hash&amp;ref_src=twsrc%5Etfw\">#C5<\/a> <a href=\"https:\/\/t.co\/d8BbzeMQGS\">pic.twitter.com\/d8BbzeMQGS<\/a><\/p>\n<p>&mdash; C5 CDMX (@C5_CDMX) <a href=\"https:\/\/twitter.com\/C5_CDMX\/status\/1186982926346571776?ref_src=twsrc%5Etfw\">October 23, 2019<\/a><\/p><\/blockquote>\n<p><script async src=\"https:\/\/platform.twitter.com\/widgets.js\" charset=\"utf-8\"><\/script><\/p>\n<p>El Centro de Comando, Control, C\u00f3mputo, Comunicaciones y Contacto Ciudadano (C5) de la Ciudad de M\u00e9xico se\u00f1al\u00f3 que siete de estas manifestaciones se realizar\u00e1n en la alcald\u00eda Cuauht\u00e9moc, y dar\u00e1n inici\u00f3 a las 10:00 horas con la presencia de integrantes de la Asamblea de Barrios en la Procuradur\u00eda General de Justicia capitalina en la calle Gabriel Hern\u00e1ndez, colonia Doctores.<\/p>\n<blockquote class=\"twitter-tweet\" data-width=\"550\" data-dnt=\"true\">\n<p lang=\"es\" dir=\"ltr\">08:54 <a href=\"https:\/\/twitter.com\/hashtag\/Precauci%C3%B3nVial?src=hash&amp;ref_src=twsrc%5Etfw\">#Precauci\u00f3nVial<\/a> afectada la circulaci\u00f3n por instalaci\u00f3n de log\u00edstica en el Z\u00f3calo. Se llevar\u00e1 a cabo homenaje a \u201cJos\u00e9 Jos\u00e9\u201d este viernes 25 de octubre a partir de  las 18:00 horas <a href=\"https:\/\/twitter.com\/CulturaCiudadMx?ref_src=twsrc%5Etfw\">@CulturaCiudadMx<\/a> <a href=\"https:\/\/t.co\/F2V3qBxivV\">pic.twitter.com\/F2V3qBxivV<\/a><\/p>\n<p>&mdash; OVIAL_SSCCDMX (@OVIALCDMX) <a href=\"https:\/\/twitter.com\/OVIALCDMX\/status\/1187004182185693184?ref_src=twsrc%5Etfw\">October 23, 2019<\/a><\/p><\/blockquote>\n<p><script async src=\"https:\/\/platform.twitter.com\/widgets.js\" charset=\"utf-8\"><\/script><\/p>\n<p>En su cuenta @C5_CDMX en Twitter, el organismo agreg\u00f3 que a la misma hora se espera la presencia de misioneros del Grupo de Universitarios Voluntarios de la Iglesia de Dios en Plaza de la Constituci\u00f3n, en el Centro Hist\u00f3rico.<\/p>\n<p>Adem\u00e1s, se prev\u00e9 una concentraci\u00f3n de integrantes del Movimiento Ciudadano afuera de la Fiscal\u00eda General de la Rep\u00fablica (FGR), que se ubica en avenida de los Insurgentes Sur n\u00famero 20, en la colonia Roma Norte.<\/p>\n<blockquote class=\"twitter-tweet\" data-width=\"550\" data-dnt=\"true\">\n<p lang=\"es\" dir=\"ltr\">08:30 <a href=\"https:\/\/twitter.com\/hashtag\/Precauci%C3%B3nVial?src=hash&amp;ref_src=twsrc%5Etfw\">#Precauci\u00f3nVial<\/a> instalaci\u00f3n de log\u00edstica en <a href=\"https:\/\/twitter.com\/hashtag\/MonumentoALaRevoluci%C3%B3n?src=hash&amp;ref_src=twsrc%5Etfw\">#MonumentoALaRevoluci\u00f3n<\/a> por Gran Festival D\u00eda de Muertos, que se llevar\u00e1 a cabo el 24 de octubre de 19:00 a 23:00 horas. Consulte aqu\u00ed <a href=\"https:\/\/twitter.com\/hashtag\/AlternativaVial?src=hash&amp;ref_src=twsrc%5Etfw\">#AlternativaVial<\/a> <a href=\"https:\/\/t.co\/6DmCnr6f4K\">pic.twitter.com\/6DmCnr6f4K<\/a><\/p>\n<p>&mdash; OVIAL_SSCCDMX (@OVIALCDMX) <a href=\"https:\/\/twitter.com\/OVIALCDMX\/status\/1186998293642899456?ref_src=twsrc%5Etfw\">October 23, 2019<\/a><\/p><\/blockquote>\n<p><script async src=\"https:\/\/platform.twitter.com\/widgets.js\" charset=\"utf-8\"><\/script><\/p>\n<p>Asimismo, a las 11:00 horas el Sindicato de Trabajadores de la UNAM se reunir\u00e1 cita en Rector\u00eda de la Universidad Nacional Aut\u00f3noma de M\u00e9xico, ubicada en Insurgentes Sur, en el Circuito Escolar, en Ciudad Universitaria, alcald\u00eda Coyoac\u00e1n.<\/p>\n<p>Una hora despu\u00e9s, se llevar\u00e1 a cabo una concentraci\u00f3n del contingente Feria de la Risa \u201cHermandad de Payasos Latinos AC\u201d en el Monumento a la Revoluci\u00f3n, en Plaza de la Rep\u00fablica, colonia Tabacalera, en la alcald\u00eda Cuauht\u00e9moc.<\/p>\n<p>A las 14:00 horas, miembros de la Comunidad Estudiantil del Colegio de Bachilleres marchar\u00e1n del Monumento a la Revoluci\u00f3n rumbo a Fray Servando Teresa de Mier n\u00famero 127, Centro Hist\u00f3rico, en la alcald\u00eda Cuauht\u00e9moc.<\/p>\n<p>Para las 15:00 horas, se prev\u00e9 la presencia del Grupo de J\u00f3venes Universitarios en la Comisi\u00f3n Nacional de los Derechos Humanos (CNDH), en Perif\u00e9rico sur, colonia San Jer\u00f3nimo, alcald\u00eda Magdalena Contreras.<\/p>\n<p>En tanto que la Alianza de Trabajadores de la Salud y Empleados P\u00fablicos se concentrar\u00e1 a las 16:00 horas en calle Lieja n\u00famero 7, colonia Ju\u00e1rez, en la alcald\u00eda Cuauht\u00e9moc.<\/p>\n<p>Tambi\u00e9n este mi\u00e9rcoles, el Frente Binacional de Exbraceros se dar\u00e1n cita durante el d\u00eda en la C\u00e1marade Diputados, en avenida Congreso de la Uni\u00f3n, en la colonia El Parque, en la alcald\u00eda Venustiano Carranza.<\/p>\n<p>Adem\u00e1s, las autoridades capitalinas prev\u00e9n para este d\u00eda la presencia de la Organizaci\u00f3n \u201cSalvemos a los Municipios\u201d en Plaza de la Constituci\u00f3n, Centro Hist\u00f3rico.<\/p>\n<p>Con informaci\u00f3n de NTX\u00a0<\/p>\n<\/div>\n","protected":false},"excerpt":{"rendered":"<p>Alertan por 10 movilizaciones, la mayor\u00eda en Cuauht\u00e9moc<br \/>\nPor Redacci\u00f3n QP<\/p>\n","protected":false},"author":2,"featured_media":42330,"comment_status":"open","ping_status":"open","sticky":false,"template":"","format":"standard","meta":{"_monsterinsights_skip_tracking":false,"_monsterinsights_sitenote_active":false,"_monsterinsights_sitenote_note":"","_monsterinsights_sitenote_category":0,"footnotes":""},"categories":[55],"tags":[],"class_list":["post-42331","post","type-post","status-publish","format-standard","has-post-thumbnail","hentry","category-cdmx"],"yoast_head":"<!-- This site is optimized with the Yoast SEO plugin v27.3 - https:\/\/yoast.com\/product\/yoast-seo-wordpress\/ -->\n<title>Alertan por 10 movilizaciones, la mayor\u00eda en Cuauht\u00e9moc -<\/title>\n<meta name=\"robots\" content=\"index, follow, max-snippet:-1, max-image-preview:large, max-video-preview:-1\" \/>\n<link rel=\"canonical\" href=\"https:\/\/quehacerpolitico.mx\/?p=42331\" \/>\n<meta property=\"og:locale\" content=\"es_MX\" \/>\n<meta property=\"og:type\" content=\"article\" \/>\n<meta property=\"og:title\" content=\"Alertan por 10 movilizaciones, la mayor\u00eda en Cuauht\u00e9moc -\" \/>\n<meta property=\"og:description\" content=\"Alertan por 10 movilizaciones, la mayor\u00eda en Cuauht\u00e9moc Por Redacci\u00f3n QP\" \/>\n<meta property=\"og:url\" content=\"https:\/\/quehacerpolitico.mx\/?p=42331\" \/>\n<meta property=\"article:published_time\" content=\"2019-10-23T14:03:32+00:00\" \/>\n<meta name=\"author\" content=\"Redacci\u00f3n QP\" \/>\n<meta name=\"twitter:card\" content=\"summary_large_image\" \/>\n<meta name=\"twitter:label1\" content=\"Escrito por\" \/>\n\t<meta name=\"twitter:data1\" content=\"Redacci\u00f3n QP\" \/>\n\t<meta name=\"twitter:label2\" content=\"Tiempo de lectura\" \/>\n\t<meta name=\"twitter:data2\" content=\"2 minutos\" \/>\n<script type=\"application\/ld+json\" class=\"yoast-schema-graph\">{\"@context\":\"https:\\\/\\\/schema.org\",\"@graph\":[{\"@type\":\"Article\",\"@id\":\"https:\\\/\\\/quehacerpolitico.mx\\\/?p=42331#article\",\"isPartOf\":{\"@id\":\"https:\\\/\\\/quehacerpolitico.mx\\\/?p=42331\"},\"author\":{\"name\":\"Redacci\u00f3n QP\",\"@id\":\"https:\\\/\\\/quehacerpolitico.mx\\\/#\\\/schema\\\/person\\\/496d8ad2d1d3f8036101dca7ee39e585\"},\"headline\":\"Alertan por 10 movilizaciones, la mayor\u00eda en Cuauht\u00e9moc\",\"datePublished\":\"2019-10-23T14:03:32+00:00\",\"mainEntityOfPage\":{\"@id\":\"https:\\\/\\\/quehacerpolitico.mx\\\/?p=42331\"},\"wordCount\":504,\"commentCount\":0,\"image\":{\"@id\":\"https:\\\/\\\/quehacerpolitico.mx\\\/?p=42331#primaryimage\"},\"thumbnailUrl\":\"\",\"articleSection\":[\"CDMX\"],\"inLanguage\":\"es\",\"potentialAction\":[{\"@type\":\"CommentAction\",\"name\":\"Comment\",\"target\":[\"https:\\\/\\\/quehacerpolitico.mx\\\/?p=42331#respond\"]}]},{\"@type\":\"WebPage\",\"@id\":\"https:\\\/\\\/quehacerpolitico.mx\\\/?p=42331\",\"url\":\"https:\\\/\\\/quehacerpolitico.mx\\\/?p=42331\",\"name\":\"Alertan por 10 movilizaciones, la mayor\u00eda en Cuauht\u00e9moc -\",\"isPartOf\":{\"@id\":\"https:\\\/\\\/quehacerpolitico.mx\\\/#website\"},\"primaryImageOfPage\":{\"@id\":\"https:\\\/\\\/quehacerpolitico.mx\\\/?p=42331#primaryimage\"},\"image\":{\"@id\":\"https:\\\/\\\/quehacerpolitico.mx\\\/?p=42331#primaryimage\"},\"thumbnailUrl\":\"\",\"datePublished\":\"2019-10-23T14:03:32+00:00\",\"author\":{\"@id\":\"https:\\\/\\\/quehacerpolitico.mx\\\/#\\\/schema\\\/person\\\/496d8ad2d1d3f8036101dca7ee39e585\"},\"breadcrumb\":{\"@id\":\"https:\\\/\\\/quehacerpolitico.mx\\\/?p=42331#breadcrumb\"},\"inLanguage\":\"es\",\"potentialAction\":[{\"@type\":\"ReadAction\",\"target\":[\"https:\\\/\\\/quehacerpolitico.mx\\\/?p=42331\"]}]},{\"@type\":\"ImageObject\",\"inLanguage\":\"es\",\"@id\":\"https:\\\/\\\/quehacerpolitico.mx\\\/?p=42331#primaryimage\",\"url\":\"\",\"contentUrl\":\"\"},{\"@type\":\"BreadcrumbList\",\"@id\":\"https:\\\/\\\/quehacerpolitico.mx\\\/?p=42331#breadcrumb\",\"itemListElement\":[{\"@type\":\"ListItem\",\"position\":1,\"name\":\"Inicio\",\"item\":\"https:\\\/\\\/quehacerpolitico.mx\\\/\"},{\"@type\":\"ListItem\",\"position\":2,\"name\":\"Alertan por 10 movilizaciones, la mayor\u00eda en Cuauht\u00e9moc\"}]},{\"@type\":\"WebSite\",\"@id\":\"https:\\\/\\\/quehacerpolitico.mx\\\/#website\",\"url\":\"https:\\\/\\\/quehacerpolitico.mx\\\/\",\"name\":\"\",\"description\":\"\",\"potentialAction\":[{\"@type\":\"SearchAction\",\"target\":{\"@type\":\"EntryPoint\",\"urlTemplate\":\"https:\\\/\\\/quehacerpolitico.mx\\\/?s={search_term_string}\"},\"query-input\":{\"@type\":\"PropertyValueSpecification\",\"valueRequired\":true,\"valueName\":\"search_term_string\"}}],\"inLanguage\":\"es\"},{\"@type\":\"Person\",\"@id\":\"https:\\\/\\\/quehacerpolitico.mx\\\/#\\\/schema\\\/person\\\/496d8ad2d1d3f8036101dca7ee39e585\",\"name\":\"Redacci\u00f3n QP\",\"image\":{\"@type\":\"ImageObject\",\"inLanguage\":\"es\",\"@id\":\"https:\\\/\\\/secure.gravatar.com\\\/avatar\\\/c7164ed6fdec453195284ad24a5ae5b6e1eed2b848477fa2a4787ba9adf39a41?s=96&d=mm&r=g\",\"url\":\"https:\\\/\\\/secure.gravatar.com\\\/avatar\\\/c7164ed6fdec453195284ad24a5ae5b6e1eed2b848477fa2a4787ba9adf39a41?s=96&d=mm&r=g\",\"contentUrl\":\"https:\\\/\\\/secure.gravatar.com\\\/avatar\\\/c7164ed6fdec453195284ad24a5ae5b6e1eed2b848477fa2a4787ba9adf39a41?s=96&d=mm&r=g\",\"caption\":\"Redacci\u00f3n QP\"},\"url\":\"https:\\\/\\\/quehacerpolitico.mx\\\/?author=2\"}]}<\/script>\n<!-- \/ Yoast SEO plugin. -->","yoast_head_json":{"title":"Alertan por 10 movilizaciones, la mayor\u00eda en Cuauht\u00e9moc -","robots":{"index":"index","follow":"follow","max-snippet":"max-snippet:-1","max-image-preview":"max-image-preview:large","max-video-preview":"max-video-preview:-1"},"canonical":"https:\/\/quehacerpolitico.mx\/?p=42331","og_locale":"es_MX","og_type":"article","og_title":"Alertan por 10 movilizaciones, la mayor\u00eda en Cuauht\u00e9moc -","og_description":"Alertan por 10 movilizaciones, la mayor\u00eda en Cuauht\u00e9moc Por Redacci\u00f3n QP","og_url":"https:\/\/quehacerpolitico.mx\/?p=42331","article_published_time":"2019-10-23T14:03:32+00:00","author":"Redacci\u00f3n QP","twitter_card":"summary_large_image","twitter_misc":{"Escrito por":"Redacci\u00f3n QP","Tiempo de lectura":"2 minutos"},"schema":{"@context":"https:\/\/schema.org","@graph":[{"@type":"Article","@id":"https:\/\/quehacerpolitico.mx\/?p=42331#article","isPartOf":{"@id":"https:\/\/quehacerpolitico.mx\/?p=42331"},"author":{"name":"Redacci\u00f3n QP","@id":"https:\/\/quehacerpolitico.mx\/#\/schema\/person\/496d8ad2d1d3f8036101dca7ee39e585"},"headline":"Alertan por 10 movilizaciones, la mayor\u00eda en Cuauht\u00e9moc","datePublished":"2019-10-23T14:03:32+00:00","mainEntityOfPage":{"@id":"https:\/\/quehacerpolitico.mx\/?p=42331"},"wordCount":504,"commentCount":0,"image":{"@id":"https:\/\/quehacerpolitico.mx\/?p=42331#primaryimage"},"thumbnailUrl":"","articleSection":["CDMX"],"inLanguage":"es","potentialAction":[{"@type":"CommentAction","name":"Comment","target":["https:\/\/quehacerpolitico.mx\/?p=42331#respond"]}]},{"@type":"WebPage","@id":"https:\/\/quehacerpolitico.mx\/?p=42331","url":"https:\/\/quehacerpolitico.mx\/?p=42331","name":"Alertan por 10 movilizaciones, la mayor\u00eda en Cuauht\u00e9moc -","isPartOf":{"@id":"https:\/\/quehacerpolitico.mx\/#website"},"primaryImageOfPage":{"@id":"https:\/\/quehacerpolitico.mx\/?p=42331#primaryimage"},"image":{"@id":"https:\/\/quehacerpolitico.mx\/?p=42331#primaryimage"},"thumbnailUrl":"","datePublished":"2019-10-23T14:03:32+00:00","author":{"@id":"https:\/\/quehacerpolitico.mx\/#\/schema\/person\/496d8ad2d1d3f8036101dca7ee39e585"},"breadcrumb":{"@id":"https:\/\/quehacerpolitico.mx\/?p=42331#breadcrumb"},"inLanguage":"es","potentialAction":[{"@type":"ReadAction","target":["https:\/\/quehacerpolitico.mx\/?p=42331"]}]},{"@type":"ImageObject","inLanguage":"es","@id":"https:\/\/quehacerpolitico.mx\/?p=42331#primaryimage","url":"","contentUrl":""},{"@type":"BreadcrumbList","@id":"https:\/\/quehacerpolitico.mx\/?p=42331#breadcrumb","itemListElement":[{"@type":"ListItem","position":1,"name":"Inicio","item":"https:\/\/quehacerpolitico.mx\/"},{"@type":"ListItem","position":2,"name":"Alertan por 10 movilizaciones, la mayor\u00eda en Cuauht\u00e9moc"}]},{"@type":"WebSite","@id":"https:\/\/quehacerpolitico.mx\/#website","url":"https:\/\/quehacerpolitico.mx\/","name":"","description":"","potentialAction":[{"@type":"SearchAction","target":{"@type":"EntryPoint","urlTemplate":"https:\/\/quehacerpolitico.mx\/?s={search_term_string}"},"query-input":{"@type":"PropertyValueSpecification","valueRequired":true,"valueName":"search_term_string"}}],"inLanguage":"es"},{"@type":"Person","@id":"https:\/\/quehacerpolitico.mx\/#\/schema\/person\/496d8ad2d1d3f8036101dca7ee39e585","name":"Redacci\u00f3n QP","image":{"@type":"ImageObject","inLanguage":"es","@id":"https:\/\/secure.gravatar.com\/avatar\/c7164ed6fdec453195284ad24a5ae5b6e1eed2b848477fa2a4787ba9adf39a41?s=96&d=mm&r=g","url":"https:\/\/secure.gravatar.com\/avatar\/c7164ed6fdec453195284ad24a5ae5b6e1eed2b848477fa2a4787ba9adf39a41?s=96&d=mm&r=g","contentUrl":"https:\/\/secure.gravatar.com\/avatar\/c7164ed6fdec453195284ad24a5ae5b6e1eed2b848477fa2a4787ba9adf39a41?s=96&d=mm&r=g","caption":"Redacci\u00f3n QP"},"url":"https:\/\/quehacerpolitico.mx\/?author=2"}]}},"featured_image_urls":{"full":"","thumbnail":"","medium":"","medium_large":"","large":"","1536x1536":"","2048x2048":"","covernews-featured":"","covernews-medium":""},"author_info":{"display_name":"Redacci\u00f3n QP","author_link":"https:\/\/quehacerpolitico.mx\/?author=2"},"category_info":"<a href=\"https:\/\/quehacerpolitico.mx\/?cat=55\" rel=\"category\">CDMX<\/a>","tag_info":"CDMX","comment_count":"0","_links":{"self":[{"href":"https:\/\/quehacerpolitico.mx\/index.php?rest_route=\/wp\/v2\/posts\/42331","targetHints":{"allow":["GET"]}}],"collection":[{"href":"https:\/\/quehacerpolitico.mx\/index.php?rest_route=\/wp\/v2\/posts"}],"about":[{"href":"https:\/\/quehacerpolitico.mx\/index.php?rest_route=\/wp\/v2\/types\/post"}],"author":[{"embeddable":true,"href":"https:\/\/quehacerpolitico.mx\/index.php?rest_route=\/wp\/v2\/users\/2"}],"replies":[{"embeddable":true,"href":"https:\/\/quehacerpolitico.mx\/index.php?rest_route=%2Fwp%2Fv2%2Fcomments&post=42331"}],"version-history":[{"count":0,"href":"https:\/\/quehacerpolitico.mx\/index.php?rest_route=\/wp\/v2\/posts\/42331\/revisions"}],"wp:featuredmedia":[{"embeddable":true,"href":"https:\/\/quehacerpolitico.mx\/index.php?rest_route=\/"}],"wp:attachment":[{"href":"https:\/\/quehacerpolitico.mx\/index.php?rest_route=%2Fwp%2Fv2%2Fmedia&parent=42331"}],"wp:term":[{"taxonomy":"category","embeddable":true,"href":"https:\/\/quehacerpolitico.mx\/index.php?rest_route=%2Fwp%2Fv2%2Fcategories&post=42331"},{"taxonomy":"post_tag","embeddable":true,"href":"https:\/\/quehacerpolitico.mx\/index.php?rest_route=%2Fwp%2Fv2%2Ftags&post=42331"}],"curies":[{"name":"wp","href":"https:\/\/api.w.org\/{rel}","templated":true}]}}