{"id":4233,"date":"2018-09-09T16:06:37","date_gmt":"2018-09-09T16:06:37","guid":{"rendered":"http:\/\/quehacerpolitico.mx\/en-la-zona-en-que-se-localizo-cementerio-clandestino-en-veracruz-ya-habian-excavado-en-2017\/"},"modified":"2018-09-09T16:06:37","modified_gmt":"2018-09-09T16:06:37","slug":"en-la-zona-en-que-se-localizo-cementerio-clandestino-en-veracruz-ya-habian-excavado-en-2017","status":"publish","type":"post","link":"https:\/\/quehacerpolitico.mx\/?p=4233","title":{"rendered":"En la zona en que se localiz\u00f3 cementerio clandestino en Veracruz ya hab\u00edan excavado en 2017"},"content":{"rendered":"<h3><strong>En marzo de 2017, d\u00edas antes de que el Fiscal del estado, Jorge Winckler, anunciara el descubrimiento de los 47 cr\u00e1neos en ocho fosas de ese lugar, se hab\u00eda dado a conocer que el cementerio clandestino de Colinas de Santa Fe, cerca del puerto de Veracruz, conten\u00eda los restos de m\u00e1s de 250 personas. Se convert\u00eda as\u00ed en el m\u00e1s grande de un estado marcado por una intensa actividad de diversos grupos del crimen organizado desde hace a\u00f1os.<\/strong><\/h3>\n<h3>Un d\u00eda despu\u00e9s de que las <strong>autoridades<\/strong> anunciaron el hallazgo de un cementerio clandestino en el estado de <strong>Veracruz<\/strong> con los restos de al menos 166 personas, periodistas que visitaron el lugar descubrieron que se trata de la misma zona en la que se localizaron <strong>47 cr\u00e1neos en 2017<\/strong>.<\/h3>\n<p>Las autoridades trabajaron 30 d\u00edas en el sitio y hallaron 166 cr\u00e1neos en 32 puntos, indic\u00f3 el jueves el Fiscal del estado, <strong>Jorge Winckler<\/strong>. La Fiscal\u00eda elev\u00f3 la cifra a 174 cr\u00e1neos el viernes en la noche.<\/p>\n<blockquote>\n<p>Los enterramientos ten\u00edan \u201cal menos dos a\u00f1os de antig\u00fcedad\u201d, dijo Winckler, agregando que no pod\u00eda dar a conocer el lugar exacto del hallazgo \u201cpor razones de seguridad\u201d. Sin embargo, no hizo ninguna menci\u00f3n a que en el mismo sitio se encontraron cuerpos hace a\u00f1o y medio.<\/p>\n<\/blockquote>\n<p>Un fot\u00f3grafo de <em>The Associated Press<\/em> que se acerc\u00f3 al cementerio clandestino el viernes junto con otros periodistas pudo acceder sin ning\u00fan problema porque nadie lo resguardaba ni estaba acordonado. De repente se encontraron en medio de las excavaciones.<\/p>\n<p>Entre 40 y 50 personas trabajaban activamente en las fosas, poniendo algunos restos sobre s\u00e1banas blancas y otros en bolsas de pl\u00e1stico rojas. El per\u00edmetro de algunos enterramientos todav\u00eda sin abrir estaba marcado con cuerdas y palos. Pl\u00e1sticos negros resguardaban algunos lugares de la lluvia.<\/p>\n<blockquote>\n<p>El \u00e1rea est\u00e1 en una peque\u00f1a barra de tierra entre el Golfo de M\u00e9xico y la laguna de Alvarado, 60 kil\u00f3metros al sureste del puerto de Veracruz. La comunidad m\u00e1s cercana es un diminuto pueblo de pescadores llamado Arbolillo, en el municipio de Alvarado.<\/p>\n<\/blockquote>\n<p>Para acceder al lugar es necesario caminar 20 minutos entre vegetaci\u00f3n tropical y manglares hasta un terreno cubierto de palmas en el que est\u00e1n las fosas. Quienes enterraron ah\u00ed a esas personas posiblemente llegaron en bote.<\/p>\n<p>En marzo de 2017, d\u00edas antes de que el propio Winckler anunciara el descubrimiento de los 47 cr\u00e1neos en ocho fosas de ese lugar, se hab\u00eda dado a conocer que el cementerio clandestino de Colinas de Santa Fe, cerca del puerto de Veracruz, conten\u00eda los restos de m\u00e1s de 250 personas. Se convert\u00eda as\u00ed en el m\u00e1s grande de un estado marcado por una intensa actividad de diversos grupos del crimen organizado desde hace a\u00f1os.<\/p>\n<blockquote>\n<p>\u201cHay muchos municipios donde hay fosas que se han encontrado\u201d, reconoci\u00f3 entonces el Fiscal. \u201cHay fosas que no se est\u00e1n trabajando porque no tenemos en d\u00f3nde acomodar los restos que se pudieran extraer\u201d.<\/p>\n<\/blockquote>\n<p>No queda claro si \u00e9se fue el motivo por el que no se sigui\u00f3 excavando y solo se regres\u00f3 a Arbolillo hace un mes, cuando una persona les avis\u00f3 a las autoridades que cientos podr\u00edan estar enterrados ah\u00ed.<\/p>\n<p><em>The Associated Press<\/em> solicit\u00f3 un comentario a la Fiscal\u00eda estatal pero no recibi\u00f3 respuesta inmediata.<\/p>\n<blockquote>\n<p>Junto a los restos humanos de los que se inform\u00f3 el jueves se localizaron m\u00e1s de 200 prendas de vestir, 114 identificaciones y diversos accesorios personales cuyas fotograf\u00edas se han puesto a disposici\u00f3n de los familiares. \u00c9stos comenzaron a llegar a las instalaciones de los servicios periciales el viernes en la tarde para ver si reconoc\u00edan algo que pudiera pertenecer a sus parientes con el fin de comenzar los procesos de identificaci\u00f3n.<\/p>\n<\/blockquote>\n<p>Tras el anuncio de la Fiscal\u00eda de Veracruz, que gener\u00f3 algunas suspicacias en ciertos grupos de familiares de desaparecidos porque no hab\u00edan sido informados previamente ni hab\u00edan podido participar en los trabajos, la Comisi\u00f3n Nacional de Derechos Humanos elev\u00f3 el viernes a 696 el n\u00famero de cuerpos hallados en fosas clandestinas en todo el pa\u00eds desde principios de 2017.<\/p>\n<p>La entidad indic\u00f3 que en este periodo se han encontrado 163 fosas de este tipo, mayormente en estados como Veracruz, Chihuahua, Sinaloa, Zacatecas y Jalisco, y que su mera existencia muestra la falta de respuesta de las autoridades para con las v\u00edctimas. El gobierno tiene registradas a m\u00e1s de 35 mil personas desaparecidas.<\/p>\n<p>Seg\u00fan la Comisi\u00f3n, entre 2007 y 2016 fueron hallados 3 mil 230 cad\u00e1veres en fosas clandestinas. Estas aparecieron sobre todo a partir de 2011, cuando la guerra contra el crimen organizado lanzada por el Presidente Felipe Calder\u00f3n (2006-2012) estaba en su punto m\u00e1s \u00e1lgido. Ese a\u00f1o se localizaron 236 cuerpos en el estado de Durango, en el centro-norte del pa\u00eds, y 193 en Tamaulipas, en el noreste. Posteriormente el hallazgo de enterramientos ilegales a lo largo y ancho de la rep\u00fablica no ha cesado.<\/p>\n<p>Despu\u00e9s de que los periodistas caminaran por el lugar el viernes, las autoridades optaron por sacarlos y acordonar la zona.<\/p>\n<p>Con Informaci\u00f3n de AP<\/p>\n","protected":false},"excerpt":{"rendered":"<p>En la zona en que se localiz\u00f3 cementerio clandestino en Veracruz ya hab\u00edan excavado en 2017<br \/>\nPor Redacci\u00f3n QP<\/p>\n","protected":false},"author":2,"featured_media":4232,"comment_status":"open","ping_status":"open","sticky":false,"template":"","format":"standard","meta":{"_monsterinsights_skip_tracking":false,"_monsterinsights_sitenote_active":false,"_monsterinsights_sitenote_note":"","_monsterinsights_sitenote_category":0,"footnotes":""},"categories":[2],"tags":[],"class_list":["post-4233","post","type-post","status-publish","format-standard","has-post-thumbnail","hentry","category-noticias"],"yoast_head":"<!-- This site is optimized with the Yoast SEO plugin v27.3 - https:\/\/yoast.com\/product\/yoast-seo-wordpress\/ -->\n<title>En la zona en que se localiz\u00f3 cementerio clandestino en Veracruz ya hab\u00edan excavado en 2017 -<\/title>\n<meta name=\"robots\" content=\"index, follow, max-snippet:-1, max-image-preview:large, max-video-preview:-1\" \/>\n<link rel=\"canonical\" href=\"https:\/\/quehacerpolitico.mx\/?p=4233\" \/>\n<meta property=\"og:locale\" content=\"es_MX\" \/>\n<meta property=\"og:type\" content=\"article\" \/>\n<meta property=\"og:title\" content=\"En la zona en que se localiz\u00f3 cementerio clandestino en Veracruz ya hab\u00edan excavado en 2017 -\" \/>\n<meta property=\"og:description\" content=\"En la zona en que se localiz\u00f3 cementerio clandestino en Veracruz ya hab\u00edan excavado en 2017 Por Redacci\u00f3n QP\" \/>\n<meta property=\"og:url\" content=\"https:\/\/quehacerpolitico.mx\/?p=4233\" \/>\n<meta property=\"article:published_time\" content=\"2018-09-09T16:06:37+00:00\" \/>\n<meta name=\"author\" content=\"Redacci\u00f3n QP\" \/>\n<meta name=\"twitter:card\" content=\"summary_large_image\" \/>\n<meta name=\"twitter:label1\" content=\"Escrito por\" \/>\n\t<meta name=\"twitter:data1\" content=\"Redacci\u00f3n QP\" \/>\n\t<meta name=\"twitter:label2\" content=\"Tiempo de lectura\" \/>\n\t<meta name=\"twitter:data2\" content=\"4 minutos\" \/>\n<script type=\"application\/ld+json\" class=\"yoast-schema-graph\">{\"@context\":\"https:\\\/\\\/schema.org\",\"@graph\":[{\"@type\":\"Article\",\"@id\":\"https:\\\/\\\/quehacerpolitico.mx\\\/?p=4233#article\",\"isPartOf\":{\"@id\":\"https:\\\/\\\/quehacerpolitico.mx\\\/?p=4233\"},\"author\":{\"name\":\"Redacci\u00f3n QP\",\"@id\":\"https:\\\/\\\/quehacerpolitico.mx\\\/#\\\/schema\\\/person\\\/496d8ad2d1d3f8036101dca7ee39e585\"},\"headline\":\"En la zona en que se localiz\u00f3 cementerio clandestino en Veracruz ya hab\u00edan excavado en 2017\",\"datePublished\":\"2018-09-09T16:06:37+00:00\",\"mainEntityOfPage\":{\"@id\":\"https:\\\/\\\/quehacerpolitico.mx\\\/?p=4233\"},\"wordCount\":882,\"commentCount\":0,\"image\":{\"@id\":\"https:\\\/\\\/quehacerpolitico.mx\\\/?p=4233#primaryimage\"},\"thumbnailUrl\":\"\",\"articleSection\":[\"Noticias\"],\"inLanguage\":\"es\",\"potentialAction\":[{\"@type\":\"CommentAction\",\"name\":\"Comment\",\"target\":[\"https:\\\/\\\/quehacerpolitico.mx\\\/?p=4233#respond\"]}]},{\"@type\":\"WebPage\",\"@id\":\"https:\\\/\\\/quehacerpolitico.mx\\\/?p=4233\",\"url\":\"https:\\\/\\\/quehacerpolitico.mx\\\/?p=4233\",\"name\":\"En la zona en que se localiz\u00f3 cementerio clandestino en Veracruz ya hab\u00edan excavado en 2017 -\",\"isPartOf\":{\"@id\":\"https:\\\/\\\/quehacerpolitico.mx\\\/#website\"},\"primaryImageOfPage\":{\"@id\":\"https:\\\/\\\/quehacerpolitico.mx\\\/?p=4233#primaryimage\"},\"image\":{\"@id\":\"https:\\\/\\\/quehacerpolitico.mx\\\/?p=4233#primaryimage\"},\"thumbnailUrl\":\"\",\"datePublished\":\"2018-09-09T16:06:37+00:00\",\"author\":{\"@id\":\"https:\\\/\\\/quehacerpolitico.mx\\\/#\\\/schema\\\/person\\\/496d8ad2d1d3f8036101dca7ee39e585\"},\"breadcrumb\":{\"@id\":\"https:\\\/\\\/quehacerpolitico.mx\\\/?p=4233#breadcrumb\"},\"inLanguage\":\"es\",\"potentialAction\":[{\"@type\":\"ReadAction\",\"target\":[\"https:\\\/\\\/quehacerpolitico.mx\\\/?p=4233\"]}]},{\"@type\":\"ImageObject\",\"inLanguage\":\"es\",\"@id\":\"https:\\\/\\\/quehacerpolitico.mx\\\/?p=4233#primaryimage\",\"url\":\"\",\"contentUrl\":\"\"},{\"@type\":\"BreadcrumbList\",\"@id\":\"https:\\\/\\\/quehacerpolitico.mx\\\/?p=4233#breadcrumb\",\"itemListElement\":[{\"@type\":\"ListItem\",\"position\":1,\"name\":\"Inicio\",\"item\":\"https:\\\/\\\/quehacerpolitico.mx\\\/\"},{\"@type\":\"ListItem\",\"position\":2,\"name\":\"En la zona en que se localiz\u00f3 cementerio clandestino en Veracruz ya hab\u00edan excavado en 2017\"}]},{\"@type\":\"WebSite\",\"@id\":\"https:\\\/\\\/quehacerpolitico.mx\\\/#website\",\"url\":\"https:\\\/\\\/quehacerpolitico.mx\\\/\",\"name\":\"\",\"description\":\"\",\"potentialAction\":[{\"@type\":\"SearchAction\",\"target\":{\"@type\":\"EntryPoint\",\"urlTemplate\":\"https:\\\/\\\/quehacerpolitico.mx\\\/?s={search_term_string}\"},\"query-input\":{\"@type\":\"PropertyValueSpecification\",\"valueRequired\":true,\"valueName\":\"search_term_string\"}}],\"inLanguage\":\"es\"},{\"@type\":\"Person\",\"@id\":\"https:\\\/\\\/quehacerpolitico.mx\\\/#\\\/schema\\\/person\\\/496d8ad2d1d3f8036101dca7ee39e585\",\"name\":\"Redacci\u00f3n QP\",\"image\":{\"@type\":\"ImageObject\",\"inLanguage\":\"es\",\"@id\":\"https:\\\/\\\/secure.gravatar.com\\\/avatar\\\/c7164ed6fdec453195284ad24a5ae5b6e1eed2b848477fa2a4787ba9adf39a41?s=96&d=mm&r=g\",\"url\":\"https:\\\/\\\/secure.gravatar.com\\\/avatar\\\/c7164ed6fdec453195284ad24a5ae5b6e1eed2b848477fa2a4787ba9adf39a41?s=96&d=mm&r=g\",\"contentUrl\":\"https:\\\/\\\/secure.gravatar.com\\\/avatar\\\/c7164ed6fdec453195284ad24a5ae5b6e1eed2b848477fa2a4787ba9adf39a41?s=96&d=mm&r=g\",\"caption\":\"Redacci\u00f3n QP\"},\"url\":\"https:\\\/\\\/quehacerpolitico.mx\\\/?author=2\"}]}<\/script>\n<!-- \/ Yoast SEO plugin. -->","yoast_head_json":{"title":"En la zona en que se localiz\u00f3 cementerio clandestino en Veracruz ya hab\u00edan excavado en 2017 -","robots":{"index":"index","follow":"follow","max-snippet":"max-snippet:-1","max-image-preview":"max-image-preview:large","max-video-preview":"max-video-preview:-1"},"canonical":"https:\/\/quehacerpolitico.mx\/?p=4233","og_locale":"es_MX","og_type":"article","og_title":"En la zona en que se localiz\u00f3 cementerio clandestino en Veracruz ya hab\u00edan excavado en 2017 -","og_description":"En la zona en que se localiz\u00f3 cementerio clandestino en Veracruz ya hab\u00edan excavado en 2017 Por Redacci\u00f3n QP","og_url":"https:\/\/quehacerpolitico.mx\/?p=4233","article_published_time":"2018-09-09T16:06:37+00:00","author":"Redacci\u00f3n QP","twitter_card":"summary_large_image","twitter_misc":{"Escrito por":"Redacci\u00f3n QP","Tiempo de lectura":"4 minutos"},"schema":{"@context":"https:\/\/schema.org","@graph":[{"@type":"Article","@id":"https:\/\/quehacerpolitico.mx\/?p=4233#article","isPartOf":{"@id":"https:\/\/quehacerpolitico.mx\/?p=4233"},"author":{"name":"Redacci\u00f3n QP","@id":"https:\/\/quehacerpolitico.mx\/#\/schema\/person\/496d8ad2d1d3f8036101dca7ee39e585"},"headline":"En la zona en que se localiz\u00f3 cementerio clandestino en Veracruz ya hab\u00edan excavado en 2017","datePublished":"2018-09-09T16:06:37+00:00","mainEntityOfPage":{"@id":"https:\/\/quehacerpolitico.mx\/?p=4233"},"wordCount":882,"commentCount":0,"image":{"@id":"https:\/\/quehacerpolitico.mx\/?p=4233#primaryimage"},"thumbnailUrl":"","articleSection":["Noticias"],"inLanguage":"es","potentialAction":[{"@type":"CommentAction","name":"Comment","target":["https:\/\/quehacerpolitico.mx\/?p=4233#respond"]}]},{"@type":"WebPage","@id":"https:\/\/quehacerpolitico.mx\/?p=4233","url":"https:\/\/quehacerpolitico.mx\/?p=4233","name":"En la zona en que se localiz\u00f3 cementerio clandestino en Veracruz ya hab\u00edan excavado en 2017 -","isPartOf":{"@id":"https:\/\/quehacerpolitico.mx\/#website"},"primaryImageOfPage":{"@id":"https:\/\/quehacerpolitico.mx\/?p=4233#primaryimage"},"image":{"@id":"https:\/\/quehacerpolitico.mx\/?p=4233#primaryimage"},"thumbnailUrl":"","datePublished":"2018-09-09T16:06:37+00:00","author":{"@id":"https:\/\/quehacerpolitico.mx\/#\/schema\/person\/496d8ad2d1d3f8036101dca7ee39e585"},"breadcrumb":{"@id":"https:\/\/quehacerpolitico.mx\/?p=4233#breadcrumb"},"inLanguage":"es","potentialAction":[{"@type":"ReadAction","target":["https:\/\/quehacerpolitico.mx\/?p=4233"]}]},{"@type":"ImageObject","inLanguage":"es","@id":"https:\/\/quehacerpolitico.mx\/?p=4233#primaryimage","url":"","contentUrl":""},{"@type":"BreadcrumbList","@id":"https:\/\/quehacerpolitico.mx\/?p=4233#breadcrumb","itemListElement":[{"@type":"ListItem","position":1,"name":"Inicio","item":"https:\/\/quehacerpolitico.mx\/"},{"@type":"ListItem","position":2,"name":"En la zona en que se localiz\u00f3 cementerio clandestino en Veracruz ya hab\u00edan excavado en 2017"}]},{"@type":"WebSite","@id":"https:\/\/quehacerpolitico.mx\/#website","url":"https:\/\/quehacerpolitico.mx\/","name":"","description":"","potentialAction":[{"@type":"SearchAction","target":{"@type":"EntryPoint","urlTemplate":"https:\/\/quehacerpolitico.mx\/?s={search_term_string}"},"query-input":{"@type":"PropertyValueSpecification","valueRequired":true,"valueName":"search_term_string"}}],"inLanguage":"es"},{"@type":"Person","@id":"https:\/\/quehacerpolitico.mx\/#\/schema\/person\/496d8ad2d1d3f8036101dca7ee39e585","name":"Redacci\u00f3n QP","image":{"@type":"ImageObject","inLanguage":"es","@id":"https:\/\/secure.gravatar.com\/avatar\/c7164ed6fdec453195284ad24a5ae5b6e1eed2b848477fa2a4787ba9adf39a41?s=96&d=mm&r=g","url":"https:\/\/secure.gravatar.com\/avatar\/c7164ed6fdec453195284ad24a5ae5b6e1eed2b848477fa2a4787ba9adf39a41?s=96&d=mm&r=g","contentUrl":"https:\/\/secure.gravatar.com\/avatar\/c7164ed6fdec453195284ad24a5ae5b6e1eed2b848477fa2a4787ba9adf39a41?s=96&d=mm&r=g","caption":"Redacci\u00f3n QP"},"url":"https:\/\/quehacerpolitico.mx\/?author=2"}]}},"featured_image_urls":{"full":"","thumbnail":"","medium":"","medium_large":"","large":"","1536x1536":"","2048x2048":"","covernews-featured":"","covernews-medium":""},"author_info":{"display_name":"Redacci\u00f3n QP","author_link":"https:\/\/quehacerpolitico.mx\/?author=2"},"category_info":"<a href=\"https:\/\/quehacerpolitico.mx\/?cat=2\" rel=\"category\">Noticias<\/a>","tag_info":"Noticias","comment_count":"0","_links":{"self":[{"href":"https:\/\/quehacerpolitico.mx\/index.php?rest_route=\/wp\/v2\/posts\/4233","targetHints":{"allow":["GET"]}}],"collection":[{"href":"https:\/\/quehacerpolitico.mx\/index.php?rest_route=\/wp\/v2\/posts"}],"about":[{"href":"https:\/\/quehacerpolitico.mx\/index.php?rest_route=\/wp\/v2\/types\/post"}],"author":[{"embeddable":true,"href":"https:\/\/quehacerpolitico.mx\/index.php?rest_route=\/wp\/v2\/users\/2"}],"replies":[{"embeddable":true,"href":"https:\/\/quehacerpolitico.mx\/index.php?rest_route=%2Fwp%2Fv2%2Fcomments&post=4233"}],"version-history":[{"count":0,"href":"https:\/\/quehacerpolitico.mx\/index.php?rest_route=\/wp\/v2\/posts\/4233\/revisions"}],"wp:featuredmedia":[{"embeddable":true,"href":"https:\/\/quehacerpolitico.mx\/index.php?rest_route=\/"}],"wp:attachment":[{"href":"https:\/\/quehacerpolitico.mx\/index.php?rest_route=%2Fwp%2Fv2%2Fmedia&parent=4233"}],"wp:term":[{"taxonomy":"category","embeddable":true,"href":"https:\/\/quehacerpolitico.mx\/index.php?rest_route=%2Fwp%2Fv2%2Fcategories&post=4233"},{"taxonomy":"post_tag","embeddable":true,"href":"https:\/\/quehacerpolitico.mx\/index.php?rest_route=%2Fwp%2Fv2%2Ftags&post=4233"}],"curies":[{"name":"wp","href":"https:\/\/api.w.org\/{rel}","templated":true}]}}