{"id":42328,"date":"2019-10-23T13:50:35","date_gmt":"2019-10-23T13:50:35","guid":{"rendered":"http:\/\/quehacerpolitico.mx\/hijos-del-chapo-crearon-red-empresarial\/"},"modified":"2019-10-23T13:50:35","modified_gmt":"2019-10-23T13:50:35","slug":"hijos-del-chapo-crearon-red-empresarial","status":"publish","type":"post","link":"https:\/\/quehacerpolitico.mx\/?p=42328","title":{"rendered":"Hijos del &#8220;Chapo&#8221; crearon red empresarial"},"content":{"rendered":"<h1 class=\"news-title\">Hijos del &#8220;Chapo&#8221; crearon red empresarial<br \/>Por Redacci\u00f3n QP<\/h1>\n<p>Los hijos del narcotraficante fundaron empresas en los sectores inmobiliario, farmac\u00e9utico, servicios m\u00e9dicos, art\u00edculos escolares y de oficina, as\u00ed como en la moda<\/p>\n<p>Durante m\u00e1s de una d\u00e9cada, los hijos de Joaquin \u201cEl Chapo\u201d Guzm\u00e1n, exl\u00edder del C\u00e1rtel de Sinaloa &#8211;que la semana pasada enfrent\u00f3 a fuerzas federales para liberar a uno de los herederos del capo, Ovidio Guzm\u00e1n&#8211;, operaron una red de empresas en los sectores inmobiliario, farmac\u00e9utico, de servicios m\u00e9dicos, de art\u00edculos escolares y de oficina, as\u00ed como en la moda.<\/p>\n<p><strong>Los hijos mayores del primer matrimonio de Guzm\u00e1n Loera, con Mar\u00eda Alejandrina Salazar Hern\u00e1ndez, Alejandrina Gisselle y C\u00e9sar, crearon en 2007 Servicios Especializados en Vacunaci\u00f3n Cegival y en 2009 JDOBLECG Construcciones, en Jalisco<\/strong>.<\/p>\n<p>Registros de comercio y de marca, que obtuvo El Universal, indican que en 2000 tambi\u00e9n se hicieron cargo de la empresa de su familia materna, Gissell Art\u00edculos Escolares y de Oficina. Las tres firmas fueron liquidadas en 2012, cuando la primera y segunda esposas de Guzm\u00e1n Loera, Salazar Hern\u00e1ndez y Griselda L\u00f3pez P\u00e9rez, entraron a la lista negra del Tesoro de Estados Unidos.<\/p>\n<p><strong>La empresa Don Archi, S.A. de C.V., abierta en 2018 y que maneja las marcas El Chapo.701 y Joaqu\u00edn &#8220;El Chapo&#8221; Guzm\u00e1n, sigue activa, pero los hijos de Guzm\u00e1n Loera no aparecen como accionistas<\/strong>.<\/p>\n<p>Sin embargo, las dos marcas, as\u00ed como el nombre y apodo de Guzm\u00e1n Loera &#8211;desde 2010, seg\u00fan el Instituto Mexicano de la Propiedad Industrial&#8211; en varias modalidades, as\u00ed como la imagen del rostro y diversos logos, son propiedad de Alejandrina Gisselle.<\/p>\n<h4>Empresas que operaron<\/h4>\n<ul>\n<li>Servicios Especializados en Vacunaci\u00f3n Cegival<\/li>\n<li>Comercializaci\u00f3n de medicamentos, as\u00ed como servicios m\u00e9dicos y hospitalarios.<\/li>\n<li>JDOBLECG. Compra, venta y arrendamiento de bienes inmuebles.<\/li>\n<li>Gissell Art\u00edculos Escolares y de Oficina Compra y venta de este tipo de productos.<\/li>\n<li>Don Archi Dise\u00f1o, fabricaci\u00f3n y distribuci\u00f3n de art\u00edculos con la marca de Joaqu\u00edn &#8220;El Chapo&#8221; Guzm\u00e1n.<\/li>\n<\/ul>\n<p>Con informaci\u00f3n de SUN<\/p>\n","protected":false},"excerpt":{"rendered":"<p>Hijos del &#8220;Chapo&#8221; crearon red empresarial<br \/>\nPor Redacci\u00f3n QP<\/p>\n","protected":false},"author":2,"featured_media":42327,"comment_status":"open","ping_status":"open","sticky":false,"template":"","format":"standard","meta":{"_monsterinsights_skip_tracking":false,"_monsterinsights_sitenote_active":false,"_monsterinsights_sitenote_note":"","_monsterinsights_sitenote_category":0,"footnotes":""},"categories":[2],"tags":[],"class_list":["post-42328","post","type-post","status-publish","format-standard","has-post-thumbnail","hentry","category-noticias"],"yoast_head":"<!-- This site is optimized with the Yoast SEO plugin v27.3 - https:\/\/yoast.com\/product\/yoast-seo-wordpress\/ -->\n<title>Hijos del &quot;Chapo&quot; crearon red empresarial -<\/title>\n<meta name=\"robots\" content=\"index, follow, max-snippet:-1, max-image-preview:large, max-video-preview:-1\" \/>\n<link rel=\"canonical\" href=\"https:\/\/quehacerpolitico.mx\/?p=42328\" \/>\n<meta property=\"og:locale\" content=\"es_MX\" \/>\n<meta property=\"og:type\" content=\"article\" \/>\n<meta property=\"og:title\" content=\"Hijos del &quot;Chapo&quot; crearon red empresarial -\" \/>\n<meta property=\"og:description\" content=\"Hijos del &quot;Chapo&quot; crearon red empresarial Por Redacci\u00f3n QP\" \/>\n<meta property=\"og:url\" content=\"https:\/\/quehacerpolitico.mx\/?p=42328\" \/>\n<meta property=\"article:published_time\" content=\"2019-10-23T13:50:35+00:00\" \/>\n<meta name=\"author\" content=\"Redacci\u00f3n QP\" \/>\n<meta name=\"twitter:card\" content=\"summary_large_image\" \/>\n<meta name=\"twitter:label1\" content=\"Escrito por\" \/>\n\t<meta name=\"twitter:data1\" content=\"Redacci\u00f3n QP\" \/>\n\t<meta name=\"twitter:label2\" content=\"Tiempo de lectura\" \/>\n\t<meta name=\"twitter:data2\" content=\"2 minutos\" \/>\n<script type=\"application\/ld+json\" class=\"yoast-schema-graph\">{\"@context\":\"https:\\\/\\\/schema.org\",\"@graph\":[{\"@type\":\"Article\",\"@id\":\"https:\\\/\\\/quehacerpolitico.mx\\\/?p=42328#article\",\"isPartOf\":{\"@id\":\"https:\\\/\\\/quehacerpolitico.mx\\\/?p=42328\"},\"author\":{\"name\":\"Redacci\u00f3n QP\",\"@id\":\"https:\\\/\\\/quehacerpolitico.mx\\\/#\\\/schema\\\/person\\\/496d8ad2d1d3f8036101dca7ee39e585\"},\"headline\":\"Hijos del &#8220;Chapo&#8221; crearon red empresarial\",\"datePublished\":\"2019-10-23T13:50:35+00:00\",\"mainEntityOfPage\":{\"@id\":\"https:\\\/\\\/quehacerpolitico.mx\\\/?p=42328\"},\"wordCount\":363,\"commentCount\":0,\"image\":{\"@id\":\"https:\\\/\\\/quehacerpolitico.mx\\\/?p=42328#primaryimage\"},\"thumbnailUrl\":\"\",\"articleSection\":[\"Noticias\"],\"inLanguage\":\"es\",\"potentialAction\":[{\"@type\":\"CommentAction\",\"name\":\"Comment\",\"target\":[\"https:\\\/\\\/quehacerpolitico.mx\\\/?p=42328#respond\"]}]},{\"@type\":\"WebPage\",\"@id\":\"https:\\\/\\\/quehacerpolitico.mx\\\/?p=42328\",\"url\":\"https:\\\/\\\/quehacerpolitico.mx\\\/?p=42328\",\"name\":\"Hijos del \\\"Chapo\\\" crearon red empresarial -\",\"isPartOf\":{\"@id\":\"https:\\\/\\\/quehacerpolitico.mx\\\/#website\"},\"primaryImageOfPage\":{\"@id\":\"https:\\\/\\\/quehacerpolitico.mx\\\/?p=42328#primaryimage\"},\"image\":{\"@id\":\"https:\\\/\\\/quehacerpolitico.mx\\\/?p=42328#primaryimage\"},\"thumbnailUrl\":\"\",\"datePublished\":\"2019-10-23T13:50:35+00:00\",\"author\":{\"@id\":\"https:\\\/\\\/quehacerpolitico.mx\\\/#\\\/schema\\\/person\\\/496d8ad2d1d3f8036101dca7ee39e585\"},\"breadcrumb\":{\"@id\":\"https:\\\/\\\/quehacerpolitico.mx\\\/?p=42328#breadcrumb\"},\"inLanguage\":\"es\",\"potentialAction\":[{\"@type\":\"ReadAction\",\"target\":[\"https:\\\/\\\/quehacerpolitico.mx\\\/?p=42328\"]}]},{\"@type\":\"ImageObject\",\"inLanguage\":\"es\",\"@id\":\"https:\\\/\\\/quehacerpolitico.mx\\\/?p=42328#primaryimage\",\"url\":\"\",\"contentUrl\":\"\"},{\"@type\":\"BreadcrumbList\",\"@id\":\"https:\\\/\\\/quehacerpolitico.mx\\\/?p=42328#breadcrumb\",\"itemListElement\":[{\"@type\":\"ListItem\",\"position\":1,\"name\":\"Inicio\",\"item\":\"https:\\\/\\\/quehacerpolitico.mx\\\/\"},{\"@type\":\"ListItem\",\"position\":2,\"name\":\"Hijos del &#8220;Chapo&#8221; crearon red empresarial\"}]},{\"@type\":\"WebSite\",\"@id\":\"https:\\\/\\\/quehacerpolitico.mx\\\/#website\",\"url\":\"https:\\\/\\\/quehacerpolitico.mx\\\/\",\"name\":\"\",\"description\":\"\",\"potentialAction\":[{\"@type\":\"SearchAction\",\"target\":{\"@type\":\"EntryPoint\",\"urlTemplate\":\"https:\\\/\\\/quehacerpolitico.mx\\\/?s={search_term_string}\"},\"query-input\":{\"@type\":\"PropertyValueSpecification\",\"valueRequired\":true,\"valueName\":\"search_term_string\"}}],\"inLanguage\":\"es\"},{\"@type\":\"Person\",\"@id\":\"https:\\\/\\\/quehacerpolitico.mx\\\/#\\\/schema\\\/person\\\/496d8ad2d1d3f8036101dca7ee39e585\",\"name\":\"Redacci\u00f3n QP\",\"image\":{\"@type\":\"ImageObject\",\"inLanguage\":\"es\",\"@id\":\"https:\\\/\\\/secure.gravatar.com\\\/avatar\\\/c7164ed6fdec453195284ad24a5ae5b6e1eed2b848477fa2a4787ba9adf39a41?s=96&d=mm&r=g\",\"url\":\"https:\\\/\\\/secure.gravatar.com\\\/avatar\\\/c7164ed6fdec453195284ad24a5ae5b6e1eed2b848477fa2a4787ba9adf39a41?s=96&d=mm&r=g\",\"contentUrl\":\"https:\\\/\\\/secure.gravatar.com\\\/avatar\\\/c7164ed6fdec453195284ad24a5ae5b6e1eed2b848477fa2a4787ba9adf39a41?s=96&d=mm&r=g\",\"caption\":\"Redacci\u00f3n QP\"},\"url\":\"https:\\\/\\\/quehacerpolitico.mx\\\/?author=2\"}]}<\/script>\n<!-- \/ Yoast SEO plugin. -->","yoast_head_json":{"title":"Hijos del \"Chapo\" crearon red empresarial -","robots":{"index":"index","follow":"follow","max-snippet":"max-snippet:-1","max-image-preview":"max-image-preview:large","max-video-preview":"max-video-preview:-1"},"canonical":"https:\/\/quehacerpolitico.mx\/?p=42328","og_locale":"es_MX","og_type":"article","og_title":"Hijos del \"Chapo\" crearon red empresarial -","og_description":"Hijos del \"Chapo\" crearon red empresarial Por Redacci\u00f3n QP","og_url":"https:\/\/quehacerpolitico.mx\/?p=42328","article_published_time":"2019-10-23T13:50:35+00:00","author":"Redacci\u00f3n QP","twitter_card":"summary_large_image","twitter_misc":{"Escrito por":"Redacci\u00f3n QP","Tiempo de lectura":"2 minutos"},"schema":{"@context":"https:\/\/schema.org","@graph":[{"@type":"Article","@id":"https:\/\/quehacerpolitico.mx\/?p=42328#article","isPartOf":{"@id":"https:\/\/quehacerpolitico.mx\/?p=42328"},"author":{"name":"Redacci\u00f3n QP","@id":"https:\/\/quehacerpolitico.mx\/#\/schema\/person\/496d8ad2d1d3f8036101dca7ee39e585"},"headline":"Hijos del &#8220;Chapo&#8221; crearon red empresarial","datePublished":"2019-10-23T13:50:35+00:00","mainEntityOfPage":{"@id":"https:\/\/quehacerpolitico.mx\/?p=42328"},"wordCount":363,"commentCount":0,"image":{"@id":"https:\/\/quehacerpolitico.mx\/?p=42328#primaryimage"},"thumbnailUrl":"","articleSection":["Noticias"],"inLanguage":"es","potentialAction":[{"@type":"CommentAction","name":"Comment","target":["https:\/\/quehacerpolitico.mx\/?p=42328#respond"]}]},{"@type":"WebPage","@id":"https:\/\/quehacerpolitico.mx\/?p=42328","url":"https:\/\/quehacerpolitico.mx\/?p=42328","name":"Hijos del \"Chapo\" crearon red empresarial -","isPartOf":{"@id":"https:\/\/quehacerpolitico.mx\/#website"},"primaryImageOfPage":{"@id":"https:\/\/quehacerpolitico.mx\/?p=42328#primaryimage"},"image":{"@id":"https:\/\/quehacerpolitico.mx\/?p=42328#primaryimage"},"thumbnailUrl":"","datePublished":"2019-10-23T13:50:35+00:00","author":{"@id":"https:\/\/quehacerpolitico.mx\/#\/schema\/person\/496d8ad2d1d3f8036101dca7ee39e585"},"breadcrumb":{"@id":"https:\/\/quehacerpolitico.mx\/?p=42328#breadcrumb"},"inLanguage":"es","potentialAction":[{"@type":"ReadAction","target":["https:\/\/quehacerpolitico.mx\/?p=42328"]}]},{"@type":"ImageObject","inLanguage":"es","@id":"https:\/\/quehacerpolitico.mx\/?p=42328#primaryimage","url":"","contentUrl":""},{"@type":"BreadcrumbList","@id":"https:\/\/quehacerpolitico.mx\/?p=42328#breadcrumb","itemListElement":[{"@type":"ListItem","position":1,"name":"Inicio","item":"https:\/\/quehacerpolitico.mx\/"},{"@type":"ListItem","position":2,"name":"Hijos del &#8220;Chapo&#8221; crearon red empresarial"}]},{"@type":"WebSite","@id":"https:\/\/quehacerpolitico.mx\/#website","url":"https:\/\/quehacerpolitico.mx\/","name":"","description":"","potentialAction":[{"@type":"SearchAction","target":{"@type":"EntryPoint","urlTemplate":"https:\/\/quehacerpolitico.mx\/?s={search_term_string}"},"query-input":{"@type":"PropertyValueSpecification","valueRequired":true,"valueName":"search_term_string"}}],"inLanguage":"es"},{"@type":"Person","@id":"https:\/\/quehacerpolitico.mx\/#\/schema\/person\/496d8ad2d1d3f8036101dca7ee39e585","name":"Redacci\u00f3n QP","image":{"@type":"ImageObject","inLanguage":"es","@id":"https:\/\/secure.gravatar.com\/avatar\/c7164ed6fdec453195284ad24a5ae5b6e1eed2b848477fa2a4787ba9adf39a41?s=96&d=mm&r=g","url":"https:\/\/secure.gravatar.com\/avatar\/c7164ed6fdec453195284ad24a5ae5b6e1eed2b848477fa2a4787ba9adf39a41?s=96&d=mm&r=g","contentUrl":"https:\/\/secure.gravatar.com\/avatar\/c7164ed6fdec453195284ad24a5ae5b6e1eed2b848477fa2a4787ba9adf39a41?s=96&d=mm&r=g","caption":"Redacci\u00f3n QP"},"url":"https:\/\/quehacerpolitico.mx\/?author=2"}]}},"featured_image_urls":{"full":"","thumbnail":"","medium":"","medium_large":"","large":"","1536x1536":"","2048x2048":"","covernews-featured":"","covernews-medium":""},"author_info":{"display_name":"Redacci\u00f3n QP","author_link":"https:\/\/quehacerpolitico.mx\/?author=2"},"category_info":"<a href=\"https:\/\/quehacerpolitico.mx\/?cat=2\" rel=\"category\">Noticias<\/a>","tag_info":"Noticias","comment_count":"0","_links":{"self":[{"href":"https:\/\/quehacerpolitico.mx\/index.php?rest_route=\/wp\/v2\/posts\/42328","targetHints":{"allow":["GET"]}}],"collection":[{"href":"https:\/\/quehacerpolitico.mx\/index.php?rest_route=\/wp\/v2\/posts"}],"about":[{"href":"https:\/\/quehacerpolitico.mx\/index.php?rest_route=\/wp\/v2\/types\/post"}],"author":[{"embeddable":true,"href":"https:\/\/quehacerpolitico.mx\/index.php?rest_route=\/wp\/v2\/users\/2"}],"replies":[{"embeddable":true,"href":"https:\/\/quehacerpolitico.mx\/index.php?rest_route=%2Fwp%2Fv2%2Fcomments&post=42328"}],"version-history":[{"count":0,"href":"https:\/\/quehacerpolitico.mx\/index.php?rest_route=\/wp\/v2\/posts\/42328\/revisions"}],"wp:featuredmedia":[{"embeddable":true,"href":"https:\/\/quehacerpolitico.mx\/index.php?rest_route=\/"}],"wp:attachment":[{"href":"https:\/\/quehacerpolitico.mx\/index.php?rest_route=%2Fwp%2Fv2%2Fmedia&parent=42328"}],"wp:term":[{"taxonomy":"category","embeddable":true,"href":"https:\/\/quehacerpolitico.mx\/index.php?rest_route=%2Fwp%2Fv2%2Fcategories&post=42328"},{"taxonomy":"post_tag","embeddable":true,"href":"https:\/\/quehacerpolitico.mx\/index.php?rest_route=%2Fwp%2Fv2%2Ftags&post=42328"}],"curies":[{"name":"wp","href":"https:\/\/api.w.org\/{rel}","templated":true}]}}