{"id":4225,"date":"2018-09-09T03:34:32","date_gmt":"2018-09-09T03:34:32","guid":{"rendered":"http:\/\/quehacerpolitico.mx\/en-el-marco-del-movimiento-estudiantil-generado-en-cu-nombran-en-la-preparatoria-no-7-al-joven-emilio-villar-gonzalez-vocero-oficial-para-representar-a-cerca-de-sesenta-mil-estudiantes\/"},"modified":"2018-09-09T03:34:32","modified_gmt":"2018-09-09T03:34:32","slug":"en-el-marco-del-movimiento-estudiantil-generado-en-cu-nombran-en-la-preparatoria-no-7-al-joven-emilio-villar-gonzalez-vocero-oficial-para-representar-a-cerca-de-sesenta-mil-estudiantes","status":"publish","type":"post","link":"https:\/\/quehacerpolitico.mx\/?p=4225","title":{"rendered":"En el marco del movimiento estudiantil generado en CU nombran en la Preparatoria No.7 al Joven Emilio Villar Gonzalez Vocero Oficial para representar a cerca de Sesenta mil Estudiantes"},"content":{"rendered":"<p>En el marco del Movimiento Estudiantil que se est\u00e1 generando en Ciudad Universitaria (CU), los alumnos de la Escuela Nacional Preparatoria No.7, a partir de la representaci\u00f3n de los cub\u00edculos estudiantiles y Consejeros t\u00e9cnicos, nombraron el Viernes 7 de Septiembre al Joven Emilio Villar Gonz\u00e1lez, como Vocero del Movimiento que se est\u00e1 generando al interior de la Universidad Nacional Aut\u00f3noma de Mexico (UNAM), por lo que lo nombraron Vocero del Movimiento de la Escuela Nacional Preparatoria No.7 dentro de las instalaciones de dicha instituci\u00f3n, esto llevar\u00e1 al Joven Emilio Villar Gonz\u00e1lez a representar a cerca de Sesenta Mil Estudiantes de Nivel Medio Superior.<\/p>\n","protected":false},"excerpt":{"rendered":"<p>En el marco del movimiento estudiantil generado en CU nombran en la Preparatoria No.7 al Joven Emilio Villar Gonzalez Vocero Oficial para representar a cerca de Sesenta mil Estudiantes<br \/>\nPor Redacci\u00f3n QP<\/p>\n","protected":false},"author":2,"featured_media":4224,"comment_status":"open","ping_status":"open","sticky":false,"template":"","format":"standard","meta":{"_monsterinsights_skip_tracking":false,"_monsterinsights_sitenote_active":false,"_monsterinsights_sitenote_note":"","_monsterinsights_sitenote_category":0,"footnotes":""},"categories":[55],"tags":[],"class_list":["post-4225","post","type-post","status-publish","format-standard","has-post-thumbnail","hentry","category-cdmx"],"yoast_head":"<!-- This site is optimized with the Yoast SEO plugin v27.3 - https:\/\/yoast.com\/product\/yoast-seo-wordpress\/ -->\n<title>En el marco del movimiento estudiantil generado en CU nombran en la Preparatoria No.7 al Joven Emilio Villar Gonzalez Vocero Oficial para representar a cerca de Sesenta mil Estudiantes -<\/title>\n<meta name=\"robots\" content=\"index, follow, max-snippet:-1, max-image-preview:large, max-video-preview:-1\" \/>\n<link rel=\"canonical\" href=\"https:\/\/quehacerpolitico.mx\/?p=4225\" \/>\n<meta property=\"og:locale\" content=\"es_MX\" \/>\n<meta property=\"og:type\" content=\"article\" \/>\n<meta property=\"og:title\" content=\"En el marco del movimiento estudiantil generado en CU nombran en la Preparatoria No.7 al Joven Emilio Villar Gonzalez Vocero Oficial para representar a cerca de Sesenta mil Estudiantes -\" \/>\n<meta property=\"og:description\" content=\"En el marco del movimiento estudiantil generado en CU nombran en la Preparatoria No.7 al Joven Emilio Villar Gonzalez Vocero Oficial para representar a cerca de Sesenta mil Estudiantes Por Redacci\u00f3n QP\" \/>\n<meta property=\"og:url\" content=\"https:\/\/quehacerpolitico.mx\/?p=4225\" \/>\n<meta property=\"article:published_time\" content=\"2018-09-09T03:34:32+00:00\" \/>\n<meta name=\"author\" content=\"Redacci\u00f3n QP\" \/>\n<meta name=\"twitter:card\" content=\"summary_large_image\" \/>\n<meta name=\"twitter:label1\" content=\"Escrito por\" \/>\n\t<meta name=\"twitter:data1\" content=\"Redacci\u00f3n QP\" \/>\n\t<meta name=\"twitter:label2\" content=\"Tiempo de lectura\" \/>\n\t<meta name=\"twitter:data2\" content=\"1 minuto\" \/>\n<script type=\"application\/ld+json\" class=\"yoast-schema-graph\">{\"@context\":\"https:\\\/\\\/schema.org\",\"@graph\":[{\"@type\":\"Article\",\"@id\":\"https:\\\/\\\/quehacerpolitico.mx\\\/?p=4225#article\",\"isPartOf\":{\"@id\":\"https:\\\/\\\/quehacerpolitico.mx\\\/?p=4225\"},\"author\":{\"name\":\"Redacci\u00f3n QP\",\"@id\":\"https:\\\/\\\/quehacerpolitico.mx\\\/#\\\/schema\\\/person\\\/496d8ad2d1d3f8036101dca7ee39e585\"},\"headline\":\"En el marco del movimiento estudiantil generado en CU nombran en la Preparatoria No.7 al Joven Emilio Villar Gonzalez Vocero Oficial para representar a cerca de Sesenta mil Estudiantes\",\"datePublished\":\"2018-09-09T03:34:32+00:00\",\"mainEntityOfPage\":{\"@id\":\"https:\\\/\\\/quehacerpolitico.mx\\\/?p=4225\"},\"wordCount\":138,\"commentCount\":0,\"image\":{\"@id\":\"https:\\\/\\\/quehacerpolitico.mx\\\/?p=4225#primaryimage\"},\"thumbnailUrl\":\"\",\"articleSection\":[\"CDMX\"],\"inLanguage\":\"es\",\"potentialAction\":[{\"@type\":\"CommentAction\",\"name\":\"Comment\",\"target\":[\"https:\\\/\\\/quehacerpolitico.mx\\\/?p=4225#respond\"]}]},{\"@type\":\"WebPage\",\"@id\":\"https:\\\/\\\/quehacerpolitico.mx\\\/?p=4225\",\"url\":\"https:\\\/\\\/quehacerpolitico.mx\\\/?p=4225\",\"name\":\"En el marco del movimiento estudiantil generado en CU nombran en la Preparatoria No.7 al Joven Emilio Villar Gonzalez Vocero Oficial para representar a cerca de Sesenta mil Estudiantes -\",\"isPartOf\":{\"@id\":\"https:\\\/\\\/quehacerpolitico.mx\\\/#website\"},\"primaryImageOfPage\":{\"@id\":\"https:\\\/\\\/quehacerpolitico.mx\\\/?p=4225#primaryimage\"},\"image\":{\"@id\":\"https:\\\/\\\/quehacerpolitico.mx\\\/?p=4225#primaryimage\"},\"thumbnailUrl\":\"\",\"datePublished\":\"2018-09-09T03:34:32+00:00\",\"author\":{\"@id\":\"https:\\\/\\\/quehacerpolitico.mx\\\/#\\\/schema\\\/person\\\/496d8ad2d1d3f8036101dca7ee39e585\"},\"breadcrumb\":{\"@id\":\"https:\\\/\\\/quehacerpolitico.mx\\\/?p=4225#breadcrumb\"},\"inLanguage\":\"es\",\"potentialAction\":[{\"@type\":\"ReadAction\",\"target\":[\"https:\\\/\\\/quehacerpolitico.mx\\\/?p=4225\"]}]},{\"@type\":\"ImageObject\",\"inLanguage\":\"es\",\"@id\":\"https:\\\/\\\/quehacerpolitico.mx\\\/?p=4225#primaryimage\",\"url\":\"\",\"contentUrl\":\"\"},{\"@type\":\"BreadcrumbList\",\"@id\":\"https:\\\/\\\/quehacerpolitico.mx\\\/?p=4225#breadcrumb\",\"itemListElement\":[{\"@type\":\"ListItem\",\"position\":1,\"name\":\"Inicio\",\"item\":\"https:\\\/\\\/quehacerpolitico.mx\\\/\"},{\"@type\":\"ListItem\",\"position\":2,\"name\":\"En el marco del movimiento estudiantil generado en CU nombran en la Preparatoria No.7 al Joven Emilio Villar Gonzalez Vocero Oficial para representar a cerca de Sesenta mil Estudiantes\"}]},{\"@type\":\"WebSite\",\"@id\":\"https:\\\/\\\/quehacerpolitico.mx\\\/#website\",\"url\":\"https:\\\/\\\/quehacerpolitico.mx\\\/\",\"name\":\"\",\"description\":\"\",\"potentialAction\":[{\"@type\":\"SearchAction\",\"target\":{\"@type\":\"EntryPoint\",\"urlTemplate\":\"https:\\\/\\\/quehacerpolitico.mx\\\/?s={search_term_string}\"},\"query-input\":{\"@type\":\"PropertyValueSpecification\",\"valueRequired\":true,\"valueName\":\"search_term_string\"}}],\"inLanguage\":\"es\"},{\"@type\":\"Person\",\"@id\":\"https:\\\/\\\/quehacerpolitico.mx\\\/#\\\/schema\\\/person\\\/496d8ad2d1d3f8036101dca7ee39e585\",\"name\":\"Redacci\u00f3n QP\",\"image\":{\"@type\":\"ImageObject\",\"inLanguage\":\"es\",\"@id\":\"https:\\\/\\\/secure.gravatar.com\\\/avatar\\\/c7164ed6fdec453195284ad24a5ae5b6e1eed2b848477fa2a4787ba9adf39a41?s=96&d=mm&r=g\",\"url\":\"https:\\\/\\\/secure.gravatar.com\\\/avatar\\\/c7164ed6fdec453195284ad24a5ae5b6e1eed2b848477fa2a4787ba9adf39a41?s=96&d=mm&r=g\",\"contentUrl\":\"https:\\\/\\\/secure.gravatar.com\\\/avatar\\\/c7164ed6fdec453195284ad24a5ae5b6e1eed2b848477fa2a4787ba9adf39a41?s=96&d=mm&r=g\",\"caption\":\"Redacci\u00f3n QP\"},\"url\":\"https:\\\/\\\/quehacerpolitico.mx\\\/?author=2\"}]}<\/script>\n<!-- \/ Yoast SEO plugin. -->","yoast_head_json":{"title":"En el marco del movimiento estudiantil generado en CU nombran en la Preparatoria No.7 al Joven Emilio Villar Gonzalez Vocero Oficial para representar a cerca de Sesenta mil Estudiantes -","robots":{"index":"index","follow":"follow","max-snippet":"max-snippet:-1","max-image-preview":"max-image-preview:large","max-video-preview":"max-video-preview:-1"},"canonical":"https:\/\/quehacerpolitico.mx\/?p=4225","og_locale":"es_MX","og_type":"article","og_title":"En el marco del movimiento estudiantil generado en CU nombran en la Preparatoria No.7 al Joven Emilio Villar Gonzalez Vocero Oficial para representar a cerca de Sesenta mil Estudiantes -","og_description":"En el marco del movimiento estudiantil generado en CU nombran en la Preparatoria No.7 al Joven Emilio Villar Gonzalez Vocero Oficial para representar a cerca de Sesenta mil Estudiantes Por Redacci\u00f3n QP","og_url":"https:\/\/quehacerpolitico.mx\/?p=4225","article_published_time":"2018-09-09T03:34:32+00:00","author":"Redacci\u00f3n QP","twitter_card":"summary_large_image","twitter_misc":{"Escrito por":"Redacci\u00f3n QP","Tiempo de lectura":"1 minuto"},"schema":{"@context":"https:\/\/schema.org","@graph":[{"@type":"Article","@id":"https:\/\/quehacerpolitico.mx\/?p=4225#article","isPartOf":{"@id":"https:\/\/quehacerpolitico.mx\/?p=4225"},"author":{"name":"Redacci\u00f3n QP","@id":"https:\/\/quehacerpolitico.mx\/#\/schema\/person\/496d8ad2d1d3f8036101dca7ee39e585"},"headline":"En el marco del movimiento estudiantil generado en CU nombran en la Preparatoria No.7 al Joven Emilio Villar Gonzalez Vocero Oficial para representar a cerca de Sesenta mil Estudiantes","datePublished":"2018-09-09T03:34:32+00:00","mainEntityOfPage":{"@id":"https:\/\/quehacerpolitico.mx\/?p=4225"},"wordCount":138,"commentCount":0,"image":{"@id":"https:\/\/quehacerpolitico.mx\/?p=4225#primaryimage"},"thumbnailUrl":"","articleSection":["CDMX"],"inLanguage":"es","potentialAction":[{"@type":"CommentAction","name":"Comment","target":["https:\/\/quehacerpolitico.mx\/?p=4225#respond"]}]},{"@type":"WebPage","@id":"https:\/\/quehacerpolitico.mx\/?p=4225","url":"https:\/\/quehacerpolitico.mx\/?p=4225","name":"En el marco del movimiento estudiantil generado en CU nombran en la Preparatoria No.7 al Joven Emilio Villar Gonzalez Vocero Oficial para representar a cerca de Sesenta mil Estudiantes -","isPartOf":{"@id":"https:\/\/quehacerpolitico.mx\/#website"},"primaryImageOfPage":{"@id":"https:\/\/quehacerpolitico.mx\/?p=4225#primaryimage"},"image":{"@id":"https:\/\/quehacerpolitico.mx\/?p=4225#primaryimage"},"thumbnailUrl":"","datePublished":"2018-09-09T03:34:32+00:00","author":{"@id":"https:\/\/quehacerpolitico.mx\/#\/schema\/person\/496d8ad2d1d3f8036101dca7ee39e585"},"breadcrumb":{"@id":"https:\/\/quehacerpolitico.mx\/?p=4225#breadcrumb"},"inLanguage":"es","potentialAction":[{"@type":"ReadAction","target":["https:\/\/quehacerpolitico.mx\/?p=4225"]}]},{"@type":"ImageObject","inLanguage":"es","@id":"https:\/\/quehacerpolitico.mx\/?p=4225#primaryimage","url":"","contentUrl":""},{"@type":"BreadcrumbList","@id":"https:\/\/quehacerpolitico.mx\/?p=4225#breadcrumb","itemListElement":[{"@type":"ListItem","position":1,"name":"Inicio","item":"https:\/\/quehacerpolitico.mx\/"},{"@type":"ListItem","position":2,"name":"En el marco del movimiento estudiantil generado en CU nombran en la Preparatoria No.7 al Joven Emilio Villar Gonzalez Vocero Oficial para representar a cerca de Sesenta mil Estudiantes"}]},{"@type":"WebSite","@id":"https:\/\/quehacerpolitico.mx\/#website","url":"https:\/\/quehacerpolitico.mx\/","name":"","description":"","potentialAction":[{"@type":"SearchAction","target":{"@type":"EntryPoint","urlTemplate":"https:\/\/quehacerpolitico.mx\/?s={search_term_string}"},"query-input":{"@type":"PropertyValueSpecification","valueRequired":true,"valueName":"search_term_string"}}],"inLanguage":"es"},{"@type":"Person","@id":"https:\/\/quehacerpolitico.mx\/#\/schema\/person\/496d8ad2d1d3f8036101dca7ee39e585","name":"Redacci\u00f3n QP","image":{"@type":"ImageObject","inLanguage":"es","@id":"https:\/\/secure.gravatar.com\/avatar\/c7164ed6fdec453195284ad24a5ae5b6e1eed2b848477fa2a4787ba9adf39a41?s=96&d=mm&r=g","url":"https:\/\/secure.gravatar.com\/avatar\/c7164ed6fdec453195284ad24a5ae5b6e1eed2b848477fa2a4787ba9adf39a41?s=96&d=mm&r=g","contentUrl":"https:\/\/secure.gravatar.com\/avatar\/c7164ed6fdec453195284ad24a5ae5b6e1eed2b848477fa2a4787ba9adf39a41?s=96&d=mm&r=g","caption":"Redacci\u00f3n QP"},"url":"https:\/\/quehacerpolitico.mx\/?author=2"}]}},"featured_image_urls":{"full":"","thumbnail":"","medium":"","medium_large":"","large":"","1536x1536":"","2048x2048":"","covernews-featured":"","covernews-medium":""},"author_info":{"display_name":"Redacci\u00f3n QP","author_link":"https:\/\/quehacerpolitico.mx\/?author=2"},"category_info":"<a href=\"https:\/\/quehacerpolitico.mx\/?cat=55\" rel=\"category\">CDMX<\/a>","tag_info":"CDMX","comment_count":"0","_links":{"self":[{"href":"https:\/\/quehacerpolitico.mx\/index.php?rest_route=\/wp\/v2\/posts\/4225","targetHints":{"allow":["GET"]}}],"collection":[{"href":"https:\/\/quehacerpolitico.mx\/index.php?rest_route=\/wp\/v2\/posts"}],"about":[{"href":"https:\/\/quehacerpolitico.mx\/index.php?rest_route=\/wp\/v2\/types\/post"}],"author":[{"embeddable":true,"href":"https:\/\/quehacerpolitico.mx\/index.php?rest_route=\/wp\/v2\/users\/2"}],"replies":[{"embeddable":true,"href":"https:\/\/quehacerpolitico.mx\/index.php?rest_route=%2Fwp%2Fv2%2Fcomments&post=4225"}],"version-history":[{"count":0,"href":"https:\/\/quehacerpolitico.mx\/index.php?rest_route=\/wp\/v2\/posts\/4225\/revisions"}],"wp:featuredmedia":[{"embeddable":true,"href":"https:\/\/quehacerpolitico.mx\/index.php?rest_route=\/"}],"wp:attachment":[{"href":"https:\/\/quehacerpolitico.mx\/index.php?rest_route=%2Fwp%2Fv2%2Fmedia&parent=4225"}],"wp:term":[{"taxonomy":"category","embeddable":true,"href":"https:\/\/quehacerpolitico.mx\/index.php?rest_route=%2Fwp%2Fv2%2Fcategories&post=4225"},{"taxonomy":"post_tag","embeddable":true,"href":"https:\/\/quehacerpolitico.mx\/index.php?rest_route=%2Fwp%2Fv2%2Ftags&post=4225"}],"curies":[{"name":"wp","href":"https:\/\/api.w.org\/{rel}","templated":true}]}}