{"id":4221,"date":"2018-09-08T23:20:19","date_gmt":"2018-09-08T23:20:19","guid":{"rendered":"http:\/\/quehacerpolitico.mx\/sacmex-tendra-un-presupuesto-de-20-mil-mdp-para-2019-sheinbaum\/"},"modified":"2018-09-08T23:20:19","modified_gmt":"2018-09-08T23:20:19","slug":"sacmex-tendra-un-presupuesto-de-20-mil-mdp-para-2019-sheinbaum","status":"publish","type":"post","link":"https:\/\/quehacerpolitico.mx\/?p=4221","title":{"rendered":"Sacmex tendr\u00e1 un presupuesto de 20 mil mdp para 2019: Sheinbaum"},"content":{"rendered":"<p>La jefa de gobierno electa de la Ciudad de M\u00e9xico, <strong>Claudia Sheinbaum<\/strong>, present\u00f3 al investigador <strong>Rafael Carmona<\/strong> como pr\u00f3ximo titular del Sistema de Aguas de la Ciudad de M\u00e9xico (<strong>Sacmex<\/strong>) organismo que recibir\u00e1 un presupuesto de 20 mil millones de pesos para 2019.<\/p>\n<p><strong>Sacmex recibi\u00f3 este 2018, 13 mil millones de pesos<\/strong> a los que se sumar\u00e1n otros siete mil, los cuales se obtendr\u00e1n a trav\u00e9s de los ahorros del plan de austeridad que aplicar\u00e1 a la Ciudad de M\u00e9xico.<\/p>\n<blockquote>\n<p>\u201cAnunciamos que el Sistema de Aguas de la Ciudad tendr\u00e1 un incremento in\u00e9dito de siete mil mdp para el presupuesto 2019. Con ello se realizar\u00e1n acciones para mejorar el servicio de distribuci\u00f3n de agua en toda la Ciudad\u201d, expres\u00f3 la morenista.<\/p>\n<\/blockquote>\n<p>El acad\u00e9mico de la UNAM ser\u00e1 quien sustituya al ingeniero <strong>Ram\u00f3n Aguirre<\/strong>, quien ha estado al frente de Sacmex durante dos administraciones seguidas: la de <strong>Marcelo Ebrard<\/strong>, de 2006 a 2012 y la de<strong> Miguel \u00c1ngel Mancera,<\/strong> de 2012 a la fecha.<\/p>\n<p>https:\/\/www.facebook.com\/309693749208493\/posts\/1017223515122176\/<\/p>\n<p>La mandataria capitalina electa destac\u00f3 que Carmona Paredes cumple con un perfil acad\u00e9mico y operativo, ya que de 2003 al 2015 fue colaborador de la Comisi\u00f3n Nacional del Agua (<strong>Conagua<\/strong>) y ha participado en la construcci\u00f3n de plantas de bombeo como La Caldera y en grandes obras como el T\u00fanel Emisor Oriente (<strong>TEO<\/strong>).<\/p>\n<p>El pr\u00f3ximo titular del Sacmex explic\u00f3 que el objetivo del control de las fugas de la red \u2013por donde se desperdicia el 40% del l\u00edquido- es \u201ctener m\u00e1s agua para llevar a las zonas de menor abasto\u201d, como son Iztapalapa, <strong>Tlalpan o Gustavo A. Madero.<\/strong><\/p>\n<p>https:\/\/www.facebook.com\/ClaudiaSheinbaumPardo\/videos\/298602460931057\/<\/p>\n","protected":false},"excerpt":{"rendered":"<p>Sacmex tendr\u00e1 un presupuesto de 20 mil mdp para 2019: Sheinbaum<br \/>\nPor Redacci\u00f3n QP<\/p>\n","protected":false},"author":2,"featured_media":4220,"comment_status":"open","ping_status":"open","sticky":false,"template":"","format":"standard","meta":{"_monsterinsights_skip_tracking":false,"_monsterinsights_sitenote_active":false,"_monsterinsights_sitenote_note":"","_monsterinsights_sitenote_category":0,"footnotes":""},"categories":[55],"tags":[],"class_list":["post-4221","post","type-post","status-publish","format-standard","has-post-thumbnail","hentry","category-cdmx"],"yoast_head":"<!-- This site is optimized with the Yoast SEO plugin v27.3 - https:\/\/yoast.com\/product\/yoast-seo-wordpress\/ -->\n<title>Sacmex tendr\u00e1 un presupuesto de 20 mil mdp para 2019: Sheinbaum -<\/title>\n<meta name=\"robots\" content=\"index, follow, max-snippet:-1, max-image-preview:large, max-video-preview:-1\" \/>\n<link rel=\"canonical\" href=\"https:\/\/quehacerpolitico.mx\/?p=4221\" \/>\n<meta property=\"og:locale\" content=\"es_MX\" \/>\n<meta property=\"og:type\" content=\"article\" \/>\n<meta property=\"og:title\" content=\"Sacmex tendr\u00e1 un presupuesto de 20 mil mdp para 2019: Sheinbaum -\" \/>\n<meta property=\"og:description\" content=\"Sacmex tendr\u00e1 un presupuesto de 20 mil mdp para 2019: Sheinbaum Por Redacci\u00f3n QP\" \/>\n<meta property=\"og:url\" content=\"https:\/\/quehacerpolitico.mx\/?p=4221\" \/>\n<meta property=\"article:published_time\" content=\"2018-09-08T23:20:19+00:00\" \/>\n<meta name=\"author\" content=\"Redacci\u00f3n QP\" \/>\n<meta name=\"twitter:card\" content=\"summary_large_image\" \/>\n<meta name=\"twitter:label1\" content=\"Escrito por\" \/>\n\t<meta name=\"twitter:data1\" content=\"Redacci\u00f3n QP\" \/>\n\t<meta name=\"twitter:label2\" content=\"Tiempo de lectura\" \/>\n\t<meta name=\"twitter:data2\" content=\"1 minuto\" \/>\n<script type=\"application\/ld+json\" class=\"yoast-schema-graph\">{\"@context\":\"https:\\\/\\\/schema.org\",\"@graph\":[{\"@type\":\"Article\",\"@id\":\"https:\\\/\\\/quehacerpolitico.mx\\\/?p=4221#article\",\"isPartOf\":{\"@id\":\"https:\\\/\\\/quehacerpolitico.mx\\\/?p=4221\"},\"author\":{\"name\":\"Redacci\u00f3n QP\",\"@id\":\"https:\\\/\\\/quehacerpolitico.mx\\\/#\\\/schema\\\/person\\\/496d8ad2d1d3f8036101dca7ee39e585\"},\"headline\":\"Sacmex tendr\u00e1 un presupuesto de 20 mil mdp para 2019: Sheinbaum\",\"datePublished\":\"2018-09-08T23:20:19+00:00\",\"mainEntityOfPage\":{\"@id\":\"https:\\\/\\\/quehacerpolitico.mx\\\/?p=4221\"},\"wordCount\":289,\"commentCount\":0,\"image\":{\"@id\":\"https:\\\/\\\/quehacerpolitico.mx\\\/?p=4221#primaryimage\"},\"thumbnailUrl\":\"\",\"articleSection\":[\"CDMX\"],\"inLanguage\":\"es\",\"potentialAction\":[{\"@type\":\"CommentAction\",\"name\":\"Comment\",\"target\":[\"https:\\\/\\\/quehacerpolitico.mx\\\/?p=4221#respond\"]}]},{\"@type\":\"WebPage\",\"@id\":\"https:\\\/\\\/quehacerpolitico.mx\\\/?p=4221\",\"url\":\"https:\\\/\\\/quehacerpolitico.mx\\\/?p=4221\",\"name\":\"Sacmex tendr\u00e1 un presupuesto de 20 mil mdp para 2019: Sheinbaum -\",\"isPartOf\":{\"@id\":\"https:\\\/\\\/quehacerpolitico.mx\\\/#website\"},\"primaryImageOfPage\":{\"@id\":\"https:\\\/\\\/quehacerpolitico.mx\\\/?p=4221#primaryimage\"},\"image\":{\"@id\":\"https:\\\/\\\/quehacerpolitico.mx\\\/?p=4221#primaryimage\"},\"thumbnailUrl\":\"\",\"datePublished\":\"2018-09-08T23:20:19+00:00\",\"author\":{\"@id\":\"https:\\\/\\\/quehacerpolitico.mx\\\/#\\\/schema\\\/person\\\/496d8ad2d1d3f8036101dca7ee39e585\"},\"breadcrumb\":{\"@id\":\"https:\\\/\\\/quehacerpolitico.mx\\\/?p=4221#breadcrumb\"},\"inLanguage\":\"es\",\"potentialAction\":[{\"@type\":\"ReadAction\",\"target\":[\"https:\\\/\\\/quehacerpolitico.mx\\\/?p=4221\"]}]},{\"@type\":\"ImageObject\",\"inLanguage\":\"es\",\"@id\":\"https:\\\/\\\/quehacerpolitico.mx\\\/?p=4221#primaryimage\",\"url\":\"\",\"contentUrl\":\"\"},{\"@type\":\"BreadcrumbList\",\"@id\":\"https:\\\/\\\/quehacerpolitico.mx\\\/?p=4221#breadcrumb\",\"itemListElement\":[{\"@type\":\"ListItem\",\"position\":1,\"name\":\"Inicio\",\"item\":\"https:\\\/\\\/quehacerpolitico.mx\\\/\"},{\"@type\":\"ListItem\",\"position\":2,\"name\":\"Sacmex tendr\u00e1 un presupuesto de 20 mil mdp para 2019: Sheinbaum\"}]},{\"@type\":\"WebSite\",\"@id\":\"https:\\\/\\\/quehacerpolitico.mx\\\/#website\",\"url\":\"https:\\\/\\\/quehacerpolitico.mx\\\/\",\"name\":\"\",\"description\":\"\",\"potentialAction\":[{\"@type\":\"SearchAction\",\"target\":{\"@type\":\"EntryPoint\",\"urlTemplate\":\"https:\\\/\\\/quehacerpolitico.mx\\\/?s={search_term_string}\"},\"query-input\":{\"@type\":\"PropertyValueSpecification\",\"valueRequired\":true,\"valueName\":\"search_term_string\"}}],\"inLanguage\":\"es\"},{\"@type\":\"Person\",\"@id\":\"https:\\\/\\\/quehacerpolitico.mx\\\/#\\\/schema\\\/person\\\/496d8ad2d1d3f8036101dca7ee39e585\",\"name\":\"Redacci\u00f3n QP\",\"image\":{\"@type\":\"ImageObject\",\"inLanguage\":\"es\",\"@id\":\"https:\\\/\\\/secure.gravatar.com\\\/avatar\\\/c7164ed6fdec453195284ad24a5ae5b6e1eed2b848477fa2a4787ba9adf39a41?s=96&d=mm&r=g\",\"url\":\"https:\\\/\\\/secure.gravatar.com\\\/avatar\\\/c7164ed6fdec453195284ad24a5ae5b6e1eed2b848477fa2a4787ba9adf39a41?s=96&d=mm&r=g\",\"contentUrl\":\"https:\\\/\\\/secure.gravatar.com\\\/avatar\\\/c7164ed6fdec453195284ad24a5ae5b6e1eed2b848477fa2a4787ba9adf39a41?s=96&d=mm&r=g\",\"caption\":\"Redacci\u00f3n QP\"},\"url\":\"https:\\\/\\\/quehacerpolitico.mx\\\/?author=2\"}]}<\/script>\n<!-- \/ Yoast SEO plugin. -->","yoast_head_json":{"title":"Sacmex tendr\u00e1 un presupuesto de 20 mil mdp para 2019: Sheinbaum -","robots":{"index":"index","follow":"follow","max-snippet":"max-snippet:-1","max-image-preview":"max-image-preview:large","max-video-preview":"max-video-preview:-1"},"canonical":"https:\/\/quehacerpolitico.mx\/?p=4221","og_locale":"es_MX","og_type":"article","og_title":"Sacmex tendr\u00e1 un presupuesto de 20 mil mdp para 2019: Sheinbaum -","og_description":"Sacmex tendr\u00e1 un presupuesto de 20 mil mdp para 2019: Sheinbaum Por Redacci\u00f3n QP","og_url":"https:\/\/quehacerpolitico.mx\/?p=4221","article_published_time":"2018-09-08T23:20:19+00:00","author":"Redacci\u00f3n QP","twitter_card":"summary_large_image","twitter_misc":{"Escrito por":"Redacci\u00f3n QP","Tiempo de lectura":"1 minuto"},"schema":{"@context":"https:\/\/schema.org","@graph":[{"@type":"Article","@id":"https:\/\/quehacerpolitico.mx\/?p=4221#article","isPartOf":{"@id":"https:\/\/quehacerpolitico.mx\/?p=4221"},"author":{"name":"Redacci\u00f3n QP","@id":"https:\/\/quehacerpolitico.mx\/#\/schema\/person\/496d8ad2d1d3f8036101dca7ee39e585"},"headline":"Sacmex tendr\u00e1 un presupuesto de 20 mil mdp para 2019: Sheinbaum","datePublished":"2018-09-08T23:20:19+00:00","mainEntityOfPage":{"@id":"https:\/\/quehacerpolitico.mx\/?p=4221"},"wordCount":289,"commentCount":0,"image":{"@id":"https:\/\/quehacerpolitico.mx\/?p=4221#primaryimage"},"thumbnailUrl":"","articleSection":["CDMX"],"inLanguage":"es","potentialAction":[{"@type":"CommentAction","name":"Comment","target":["https:\/\/quehacerpolitico.mx\/?p=4221#respond"]}]},{"@type":"WebPage","@id":"https:\/\/quehacerpolitico.mx\/?p=4221","url":"https:\/\/quehacerpolitico.mx\/?p=4221","name":"Sacmex tendr\u00e1 un presupuesto de 20 mil mdp para 2019: Sheinbaum -","isPartOf":{"@id":"https:\/\/quehacerpolitico.mx\/#website"},"primaryImageOfPage":{"@id":"https:\/\/quehacerpolitico.mx\/?p=4221#primaryimage"},"image":{"@id":"https:\/\/quehacerpolitico.mx\/?p=4221#primaryimage"},"thumbnailUrl":"","datePublished":"2018-09-08T23:20:19+00:00","author":{"@id":"https:\/\/quehacerpolitico.mx\/#\/schema\/person\/496d8ad2d1d3f8036101dca7ee39e585"},"breadcrumb":{"@id":"https:\/\/quehacerpolitico.mx\/?p=4221#breadcrumb"},"inLanguage":"es","potentialAction":[{"@type":"ReadAction","target":["https:\/\/quehacerpolitico.mx\/?p=4221"]}]},{"@type":"ImageObject","inLanguage":"es","@id":"https:\/\/quehacerpolitico.mx\/?p=4221#primaryimage","url":"","contentUrl":""},{"@type":"BreadcrumbList","@id":"https:\/\/quehacerpolitico.mx\/?p=4221#breadcrumb","itemListElement":[{"@type":"ListItem","position":1,"name":"Inicio","item":"https:\/\/quehacerpolitico.mx\/"},{"@type":"ListItem","position":2,"name":"Sacmex tendr\u00e1 un presupuesto de 20 mil mdp para 2019: Sheinbaum"}]},{"@type":"WebSite","@id":"https:\/\/quehacerpolitico.mx\/#website","url":"https:\/\/quehacerpolitico.mx\/","name":"","description":"","potentialAction":[{"@type":"SearchAction","target":{"@type":"EntryPoint","urlTemplate":"https:\/\/quehacerpolitico.mx\/?s={search_term_string}"},"query-input":{"@type":"PropertyValueSpecification","valueRequired":true,"valueName":"search_term_string"}}],"inLanguage":"es"},{"@type":"Person","@id":"https:\/\/quehacerpolitico.mx\/#\/schema\/person\/496d8ad2d1d3f8036101dca7ee39e585","name":"Redacci\u00f3n QP","image":{"@type":"ImageObject","inLanguage":"es","@id":"https:\/\/secure.gravatar.com\/avatar\/c7164ed6fdec453195284ad24a5ae5b6e1eed2b848477fa2a4787ba9adf39a41?s=96&d=mm&r=g","url":"https:\/\/secure.gravatar.com\/avatar\/c7164ed6fdec453195284ad24a5ae5b6e1eed2b848477fa2a4787ba9adf39a41?s=96&d=mm&r=g","contentUrl":"https:\/\/secure.gravatar.com\/avatar\/c7164ed6fdec453195284ad24a5ae5b6e1eed2b848477fa2a4787ba9adf39a41?s=96&d=mm&r=g","caption":"Redacci\u00f3n QP"},"url":"https:\/\/quehacerpolitico.mx\/?author=2"}]}},"featured_image_urls":{"full":"","thumbnail":"","medium":"","medium_large":"","large":"","1536x1536":"","2048x2048":"","covernews-featured":"","covernews-medium":""},"author_info":{"display_name":"Redacci\u00f3n QP","author_link":"https:\/\/quehacerpolitico.mx\/?author=2"},"category_info":"<a href=\"https:\/\/quehacerpolitico.mx\/?cat=55\" rel=\"category\">CDMX<\/a>","tag_info":"CDMX","comment_count":"0","_links":{"self":[{"href":"https:\/\/quehacerpolitico.mx\/index.php?rest_route=\/wp\/v2\/posts\/4221","targetHints":{"allow":["GET"]}}],"collection":[{"href":"https:\/\/quehacerpolitico.mx\/index.php?rest_route=\/wp\/v2\/posts"}],"about":[{"href":"https:\/\/quehacerpolitico.mx\/index.php?rest_route=\/wp\/v2\/types\/post"}],"author":[{"embeddable":true,"href":"https:\/\/quehacerpolitico.mx\/index.php?rest_route=\/wp\/v2\/users\/2"}],"replies":[{"embeddable":true,"href":"https:\/\/quehacerpolitico.mx\/index.php?rest_route=%2Fwp%2Fv2%2Fcomments&post=4221"}],"version-history":[{"count":0,"href":"https:\/\/quehacerpolitico.mx\/index.php?rest_route=\/wp\/v2\/posts\/4221\/revisions"}],"wp:featuredmedia":[{"embeddable":true,"href":"https:\/\/quehacerpolitico.mx\/index.php?rest_route=\/"}],"wp:attachment":[{"href":"https:\/\/quehacerpolitico.mx\/index.php?rest_route=%2Fwp%2Fv2%2Fmedia&parent=4221"}],"wp:term":[{"taxonomy":"category","embeddable":true,"href":"https:\/\/quehacerpolitico.mx\/index.php?rest_route=%2Fwp%2Fv2%2Fcategories&post=4221"},{"taxonomy":"post_tag","embeddable":true,"href":"https:\/\/quehacerpolitico.mx\/index.php?rest_route=%2Fwp%2Fv2%2Ftags&post=4221"}],"curies":[{"name":"wp","href":"https:\/\/api.w.org\/{rel}","templated":true}]}}