{"id":4219,"date":"2018-09-08T22:32:52","date_gmt":"2018-09-08T22:32:52","guid":{"rendered":"http:\/\/quehacerpolitico.mx\/en-corto-pablo-melendez-vecinos-de-tlatelolco-dan-a-conocer-sus-necesidades-en-reunion-con-nestor-nunez\/"},"modified":"2018-09-08T22:32:52","modified_gmt":"2018-09-08T22:32:52","slug":"en-corto-pablo-melendez-vecinos-de-tlatelolco-dan-a-conocer-sus-necesidades-en-reunion-con-nestor-nunez","status":"publish","type":"post","link":"https:\/\/quehacerpolitico.mx\/?p=4219","title":{"rendered":"En Corto\/\/\/Pablo Melendez\/\/\/Vecinos de Tlatelolco dan a conocer sus necesidades en reuni\u00f3n con N\u00e9stor N\u00fa\u00f1ez"},"content":{"rendered":"<div class=\"s9\"><span class=\"s8\"><span class=\"bumpedFont15\">N\u00e9stor N\u00fa\u00f1ez y habitantes de la demarcaci\u00f3n acuerdan trabajar juntos para encontrar soluciones <\/span><\/span><\/div>\n<p class=\"s6\"><span class=\"s8\"><span class=\"bumpedFont15\">Acompa\u00f1ado del diputado local electo Tem\u00edstocles Villanueva, y parte de su plantilla de concejales como Am\u00e9rica Ca\u00f1izales, Erwin Arriola y Agust\u00edn Guerrero, el alcalde electo de Morena en Cuauht\u00e9moc, N\u00e9stor N\u00fa\u00f1ez L\u00f3pez, llev\u00f3 a cabo su sexto d\u00eda de audiencias p\u00fablicas con vecinos de la colonia Nonoalco Tlatelolco. <\/span><\/span><\/p>\n<p class=\"s6\"><span class=\"s8\"><span class=\"bumpedFont15\">Desde muy temprano, vecinos de la Unidad Habitacional Tlatelolco se reunieron en la Plaza Allende y a los alrededores del foro al aire libre \u00c1gora, para exponer las principales necesidades de la zona y poder ser atendidos personalmente por el Alcalde Electo. <\/span><\/span><a name=\"_GoBack\"><\/a><\/p>\n<p class=\"s6\"><span class=\"s8\"><span class=\"bumpedFont15\">Poda, mantenimiento de red hidr\u00e1ulica, administraci\u00f3n de estacionamientos, comercio en v\u00eda p\u00fablica, espacios exclusivos para mascotas, recolecci\u00f3n de basura, apoyo de protecci\u00f3n civil, creaci\u00f3n de comit\u00e9s se seguridad ciudadana, alumbrado p\u00fablico, as\u00ed como casos de gente en situaci\u00f3n de calle fueron los temas principales que demandaron los vecinos.<\/span><\/span><\/p>\n<p class=\"s6\"><span class=\"s8\"><span class=\"bumpedFont15\">Por su parte, N\u00e9stor N\u00fa\u00f1ez, escuch\u00f3 y se comprometi\u00f3 con cada uno de los vecinos a dar seguimiento a las peticiones para dar mantenimiento y mejorar las condiciones de la colonia una vez que inicie sus trabajos como alcalde de Cuauht\u00e9moc.<\/span><\/span><\/p>\n","protected":false},"excerpt":{"rendered":"<p>Vecinos de Tlatelolco dan a conocer sus necesidades en reuni\u00f3n con N\u00e9stor N\u00fa\u00f1ez<br \/>\nPor Pablo Melendez<\/p>\n","protected":false},"author":2,"featured_media":4218,"comment_status":"open","ping_status":"open","sticky":false,"template":"","format":"standard","meta":{"_monsterinsights_skip_tracking":false,"_monsterinsights_sitenote_active":false,"_monsterinsights_sitenote_note":"","_monsterinsights_sitenote_category":0,"footnotes":""},"categories":[55],"tags":[],"class_list":["post-4219","post","type-post","status-publish","format-standard","has-post-thumbnail","hentry","category-cdmx"],"yoast_head":"<!-- This site is optimized with the Yoast SEO plugin v27.3 - https:\/\/yoast.com\/product\/yoast-seo-wordpress\/ -->\n<title>En Corto\/\/\/Pablo Melendez\/\/\/Vecinos de Tlatelolco dan a conocer sus necesidades en reuni\u00f3n con N\u00e9stor N\u00fa\u00f1ez -<\/title>\n<meta name=\"robots\" content=\"index, follow, max-snippet:-1, max-image-preview:large, max-video-preview:-1\" \/>\n<link rel=\"canonical\" href=\"https:\/\/quehacerpolitico.mx\/?p=4219\" \/>\n<meta property=\"og:locale\" content=\"es_MX\" \/>\n<meta property=\"og:type\" content=\"article\" \/>\n<meta property=\"og:title\" content=\"En Corto\/\/\/Pablo Melendez\/\/\/Vecinos de Tlatelolco dan a conocer sus necesidades en reuni\u00f3n con N\u00e9stor N\u00fa\u00f1ez -\" \/>\n<meta property=\"og:description\" content=\"Vecinos de Tlatelolco dan a conocer sus necesidades en reuni\u00f3n con N\u00e9stor N\u00fa\u00f1ez Por Pablo Melendez\" \/>\n<meta property=\"og:url\" content=\"https:\/\/quehacerpolitico.mx\/?p=4219\" \/>\n<meta property=\"article:published_time\" content=\"2018-09-08T22:32:52+00:00\" \/>\n<meta name=\"author\" content=\"Redacci\u00f3n QP\" \/>\n<meta name=\"twitter:card\" content=\"summary_large_image\" \/>\n<meta name=\"twitter:label1\" content=\"Escrito por\" \/>\n\t<meta name=\"twitter:data1\" content=\"Redacci\u00f3n QP\" \/>\n\t<meta name=\"twitter:label2\" content=\"Tiempo de lectura\" \/>\n\t<meta name=\"twitter:data2\" content=\"1 minuto\" \/>\n<script type=\"application\/ld+json\" class=\"yoast-schema-graph\">{\"@context\":\"https:\\\/\\\/schema.org\",\"@graph\":[{\"@type\":\"Article\",\"@id\":\"https:\\\/\\\/quehacerpolitico.mx\\\/?p=4219#article\",\"isPartOf\":{\"@id\":\"https:\\\/\\\/quehacerpolitico.mx\\\/?p=4219\"},\"author\":{\"name\":\"Redacci\u00f3n QP\",\"@id\":\"https:\\\/\\\/quehacerpolitico.mx\\\/#\\\/schema\\\/person\\\/496d8ad2d1d3f8036101dca7ee39e585\"},\"headline\":\"En Corto\\\/\\\/\\\/Pablo Melendez\\\/\\\/\\\/Vecinos de Tlatelolco dan a conocer sus necesidades en reuni\u00f3n con N\u00e9stor N\u00fa\u00f1ez\",\"datePublished\":\"2018-09-08T22:32:52+00:00\",\"mainEntityOfPage\":{\"@id\":\"https:\\\/\\\/quehacerpolitico.mx\\\/?p=4219\"},\"wordCount\":239,\"commentCount\":0,\"image\":{\"@id\":\"https:\\\/\\\/quehacerpolitico.mx\\\/?p=4219#primaryimage\"},\"thumbnailUrl\":\"\",\"articleSection\":[\"CDMX\"],\"inLanguage\":\"es\",\"potentialAction\":[{\"@type\":\"CommentAction\",\"name\":\"Comment\",\"target\":[\"https:\\\/\\\/quehacerpolitico.mx\\\/?p=4219#respond\"]}]},{\"@type\":\"WebPage\",\"@id\":\"https:\\\/\\\/quehacerpolitico.mx\\\/?p=4219\",\"url\":\"https:\\\/\\\/quehacerpolitico.mx\\\/?p=4219\",\"name\":\"En Corto\\\/\\\/\\\/Pablo Melendez\\\/\\\/\\\/Vecinos de Tlatelolco dan a conocer sus necesidades en reuni\u00f3n con N\u00e9stor N\u00fa\u00f1ez -\",\"isPartOf\":{\"@id\":\"https:\\\/\\\/quehacerpolitico.mx\\\/#website\"},\"primaryImageOfPage\":{\"@id\":\"https:\\\/\\\/quehacerpolitico.mx\\\/?p=4219#primaryimage\"},\"image\":{\"@id\":\"https:\\\/\\\/quehacerpolitico.mx\\\/?p=4219#primaryimage\"},\"thumbnailUrl\":\"\",\"datePublished\":\"2018-09-08T22:32:52+00:00\",\"author\":{\"@id\":\"https:\\\/\\\/quehacerpolitico.mx\\\/#\\\/schema\\\/person\\\/496d8ad2d1d3f8036101dca7ee39e585\"},\"breadcrumb\":{\"@id\":\"https:\\\/\\\/quehacerpolitico.mx\\\/?p=4219#breadcrumb\"},\"inLanguage\":\"es\",\"potentialAction\":[{\"@type\":\"ReadAction\",\"target\":[\"https:\\\/\\\/quehacerpolitico.mx\\\/?p=4219\"]}]},{\"@type\":\"ImageObject\",\"inLanguage\":\"es\",\"@id\":\"https:\\\/\\\/quehacerpolitico.mx\\\/?p=4219#primaryimage\",\"url\":\"\",\"contentUrl\":\"\"},{\"@type\":\"BreadcrumbList\",\"@id\":\"https:\\\/\\\/quehacerpolitico.mx\\\/?p=4219#breadcrumb\",\"itemListElement\":[{\"@type\":\"ListItem\",\"position\":1,\"name\":\"Inicio\",\"item\":\"https:\\\/\\\/quehacerpolitico.mx\\\/\"},{\"@type\":\"ListItem\",\"position\":2,\"name\":\"En Corto\\\/\\\/\\\/Pablo Melendez\\\/\\\/\\\/Vecinos de Tlatelolco dan a conocer sus necesidades en reuni\u00f3n con N\u00e9stor N\u00fa\u00f1ez\"}]},{\"@type\":\"WebSite\",\"@id\":\"https:\\\/\\\/quehacerpolitico.mx\\\/#website\",\"url\":\"https:\\\/\\\/quehacerpolitico.mx\\\/\",\"name\":\"\",\"description\":\"\",\"potentialAction\":[{\"@type\":\"SearchAction\",\"target\":{\"@type\":\"EntryPoint\",\"urlTemplate\":\"https:\\\/\\\/quehacerpolitico.mx\\\/?s={search_term_string}\"},\"query-input\":{\"@type\":\"PropertyValueSpecification\",\"valueRequired\":true,\"valueName\":\"search_term_string\"}}],\"inLanguage\":\"es\"},{\"@type\":\"Person\",\"@id\":\"https:\\\/\\\/quehacerpolitico.mx\\\/#\\\/schema\\\/person\\\/496d8ad2d1d3f8036101dca7ee39e585\",\"name\":\"Redacci\u00f3n QP\",\"image\":{\"@type\":\"ImageObject\",\"inLanguage\":\"es\",\"@id\":\"https:\\\/\\\/secure.gravatar.com\\\/avatar\\\/c7164ed6fdec453195284ad24a5ae5b6e1eed2b848477fa2a4787ba9adf39a41?s=96&d=mm&r=g\",\"url\":\"https:\\\/\\\/secure.gravatar.com\\\/avatar\\\/c7164ed6fdec453195284ad24a5ae5b6e1eed2b848477fa2a4787ba9adf39a41?s=96&d=mm&r=g\",\"contentUrl\":\"https:\\\/\\\/secure.gravatar.com\\\/avatar\\\/c7164ed6fdec453195284ad24a5ae5b6e1eed2b848477fa2a4787ba9adf39a41?s=96&d=mm&r=g\",\"caption\":\"Redacci\u00f3n QP\"},\"url\":\"https:\\\/\\\/quehacerpolitico.mx\\\/?author=2\"}]}<\/script>\n<!-- \/ Yoast SEO plugin. -->","yoast_head_json":{"title":"En Corto\/\/\/Pablo Melendez\/\/\/Vecinos de Tlatelolco dan a conocer sus necesidades en reuni\u00f3n con N\u00e9stor N\u00fa\u00f1ez -","robots":{"index":"index","follow":"follow","max-snippet":"max-snippet:-1","max-image-preview":"max-image-preview:large","max-video-preview":"max-video-preview:-1"},"canonical":"https:\/\/quehacerpolitico.mx\/?p=4219","og_locale":"es_MX","og_type":"article","og_title":"En Corto\/\/\/Pablo Melendez\/\/\/Vecinos de Tlatelolco dan a conocer sus necesidades en reuni\u00f3n con N\u00e9stor N\u00fa\u00f1ez -","og_description":"Vecinos de Tlatelolco dan a conocer sus necesidades en reuni\u00f3n con N\u00e9stor N\u00fa\u00f1ez Por Pablo Melendez","og_url":"https:\/\/quehacerpolitico.mx\/?p=4219","article_published_time":"2018-09-08T22:32:52+00:00","author":"Redacci\u00f3n QP","twitter_card":"summary_large_image","twitter_misc":{"Escrito por":"Redacci\u00f3n QP","Tiempo de lectura":"1 minuto"},"schema":{"@context":"https:\/\/schema.org","@graph":[{"@type":"Article","@id":"https:\/\/quehacerpolitico.mx\/?p=4219#article","isPartOf":{"@id":"https:\/\/quehacerpolitico.mx\/?p=4219"},"author":{"name":"Redacci\u00f3n QP","@id":"https:\/\/quehacerpolitico.mx\/#\/schema\/person\/496d8ad2d1d3f8036101dca7ee39e585"},"headline":"En Corto\/\/\/Pablo Melendez\/\/\/Vecinos de Tlatelolco dan a conocer sus necesidades en reuni\u00f3n con N\u00e9stor N\u00fa\u00f1ez","datePublished":"2018-09-08T22:32:52+00:00","mainEntityOfPage":{"@id":"https:\/\/quehacerpolitico.mx\/?p=4219"},"wordCount":239,"commentCount":0,"image":{"@id":"https:\/\/quehacerpolitico.mx\/?p=4219#primaryimage"},"thumbnailUrl":"","articleSection":["CDMX"],"inLanguage":"es","potentialAction":[{"@type":"CommentAction","name":"Comment","target":["https:\/\/quehacerpolitico.mx\/?p=4219#respond"]}]},{"@type":"WebPage","@id":"https:\/\/quehacerpolitico.mx\/?p=4219","url":"https:\/\/quehacerpolitico.mx\/?p=4219","name":"En Corto\/\/\/Pablo Melendez\/\/\/Vecinos de Tlatelolco dan a conocer sus necesidades en reuni\u00f3n con N\u00e9stor N\u00fa\u00f1ez -","isPartOf":{"@id":"https:\/\/quehacerpolitico.mx\/#website"},"primaryImageOfPage":{"@id":"https:\/\/quehacerpolitico.mx\/?p=4219#primaryimage"},"image":{"@id":"https:\/\/quehacerpolitico.mx\/?p=4219#primaryimage"},"thumbnailUrl":"","datePublished":"2018-09-08T22:32:52+00:00","author":{"@id":"https:\/\/quehacerpolitico.mx\/#\/schema\/person\/496d8ad2d1d3f8036101dca7ee39e585"},"breadcrumb":{"@id":"https:\/\/quehacerpolitico.mx\/?p=4219#breadcrumb"},"inLanguage":"es","potentialAction":[{"@type":"ReadAction","target":["https:\/\/quehacerpolitico.mx\/?p=4219"]}]},{"@type":"ImageObject","inLanguage":"es","@id":"https:\/\/quehacerpolitico.mx\/?p=4219#primaryimage","url":"","contentUrl":""},{"@type":"BreadcrumbList","@id":"https:\/\/quehacerpolitico.mx\/?p=4219#breadcrumb","itemListElement":[{"@type":"ListItem","position":1,"name":"Inicio","item":"https:\/\/quehacerpolitico.mx\/"},{"@type":"ListItem","position":2,"name":"En Corto\/\/\/Pablo Melendez\/\/\/Vecinos de Tlatelolco dan a conocer sus necesidades en reuni\u00f3n con N\u00e9stor N\u00fa\u00f1ez"}]},{"@type":"WebSite","@id":"https:\/\/quehacerpolitico.mx\/#website","url":"https:\/\/quehacerpolitico.mx\/","name":"","description":"","potentialAction":[{"@type":"SearchAction","target":{"@type":"EntryPoint","urlTemplate":"https:\/\/quehacerpolitico.mx\/?s={search_term_string}"},"query-input":{"@type":"PropertyValueSpecification","valueRequired":true,"valueName":"search_term_string"}}],"inLanguage":"es"},{"@type":"Person","@id":"https:\/\/quehacerpolitico.mx\/#\/schema\/person\/496d8ad2d1d3f8036101dca7ee39e585","name":"Redacci\u00f3n QP","image":{"@type":"ImageObject","inLanguage":"es","@id":"https:\/\/secure.gravatar.com\/avatar\/c7164ed6fdec453195284ad24a5ae5b6e1eed2b848477fa2a4787ba9adf39a41?s=96&d=mm&r=g","url":"https:\/\/secure.gravatar.com\/avatar\/c7164ed6fdec453195284ad24a5ae5b6e1eed2b848477fa2a4787ba9adf39a41?s=96&d=mm&r=g","contentUrl":"https:\/\/secure.gravatar.com\/avatar\/c7164ed6fdec453195284ad24a5ae5b6e1eed2b848477fa2a4787ba9adf39a41?s=96&d=mm&r=g","caption":"Redacci\u00f3n QP"},"url":"https:\/\/quehacerpolitico.mx\/?author=2"}]}},"featured_image_urls":{"full":"","thumbnail":"","medium":"","medium_large":"","large":"","1536x1536":"","2048x2048":"","covernews-featured":"","covernews-medium":""},"author_info":{"display_name":"Redacci\u00f3n QP","author_link":"https:\/\/quehacerpolitico.mx\/?author=2"},"category_info":"<a href=\"https:\/\/quehacerpolitico.mx\/?cat=55\" rel=\"category\">CDMX<\/a>","tag_info":"CDMX","comment_count":"0","_links":{"self":[{"href":"https:\/\/quehacerpolitico.mx\/index.php?rest_route=\/wp\/v2\/posts\/4219","targetHints":{"allow":["GET"]}}],"collection":[{"href":"https:\/\/quehacerpolitico.mx\/index.php?rest_route=\/wp\/v2\/posts"}],"about":[{"href":"https:\/\/quehacerpolitico.mx\/index.php?rest_route=\/wp\/v2\/types\/post"}],"author":[{"embeddable":true,"href":"https:\/\/quehacerpolitico.mx\/index.php?rest_route=\/wp\/v2\/users\/2"}],"replies":[{"embeddable":true,"href":"https:\/\/quehacerpolitico.mx\/index.php?rest_route=%2Fwp%2Fv2%2Fcomments&post=4219"}],"version-history":[{"count":0,"href":"https:\/\/quehacerpolitico.mx\/index.php?rest_route=\/wp\/v2\/posts\/4219\/revisions"}],"wp:featuredmedia":[{"embeddable":true,"href":"https:\/\/quehacerpolitico.mx\/index.php?rest_route=\/"}],"wp:attachment":[{"href":"https:\/\/quehacerpolitico.mx\/index.php?rest_route=%2Fwp%2Fv2%2Fmedia&parent=4219"}],"wp:term":[{"taxonomy":"category","embeddable":true,"href":"https:\/\/quehacerpolitico.mx\/index.php?rest_route=%2Fwp%2Fv2%2Fcategories&post=4219"},{"taxonomy":"post_tag","embeddable":true,"href":"https:\/\/quehacerpolitico.mx\/index.php?rest_route=%2Fwp%2Fv2%2Ftags&post=4219"}],"curies":[{"name":"wp","href":"https:\/\/api.w.org\/{rel}","templated":true}]}}