{"id":4215,"date":"2018-09-08T21:35:33","date_gmt":"2018-09-08T21:35:33","guid":{"rendered":"http:\/\/quehacerpolitico.mx\/narcos-reparten-en-tepito-esperanzadora-carta-van-contra-la-union\/"},"modified":"2018-09-08T21:35:33","modified_gmt":"2018-09-08T21:35:33","slug":"narcos-reparten-en-tepito-esperanzadora-carta-van-contra-la-union","status":"publish","type":"post","link":"https:\/\/quehacerpolitico.mx\/?p=4215","title":{"rendered":"Narcos reparten en Tepito \u2018esperanzadora\u2019 carta; van contra La Uni\u00f3n"},"content":{"rendered":"<p>En<strong> Tepito, el llamado \u2018Barrio Bravo\u2019<\/strong>, ha surgido un nuevo grupo criminal que se autodenomina C\u00e1rtel Nueva Generaci\u00f3n Tepito, y el cual busca defender a los comerciantes de la zona de los extorsionadores, secuestradores, ladrones y, principalmente, de los<strong>narcos integrantes de La Uni\u00f3n.<\/strong><\/p>\n<p>Lo anterior, de acuerdo a una serie de mensajes<strong> a trav\u00e9s de Whatsapp<\/strong> y el reparto de volantes, en donde la organizaci\u00f3n se ha adjudicados la ejecuci\u00f3n de dos j\u00f3venes en<strong> Circunvalaci\u00f3n y Pe\u00f1a y Pe\u00f1a,<\/strong> en pleno Centro Hist\u00f3rico de la Ciudad de M\u00e9xico, ocurrida el 25 de agosto pasado.<\/p>\n<p>En la imagen pudo observarse el lobo terr\u00e1queo, as\u00ed como una corona de laurel en color amarillo en la que se lee la frase: \u201cHoy haces el mal, ma\u00f1ana mueres\u201d.<\/p>\n<p>La advertencia la plasmaron en el papel, donde afirmaron que el supuesto c\u00e1rtel, presuntamente integrado por habitantes del Barrio Bravo, arremeter\u00e1 contra extorsionadores, secuestradores y ladrones.<\/p>\n<blockquote>\n<p>\u201cSomos un chi\u2026 y seguiremos creciendo. No queremos pasarnos de vivos con la gente trabajadora. As\u00ed que ya no les paguen nada porque no queremos agarrarla contra ustedes porque s\u00ed\u201d, indicaron.<\/p>\n<\/blockquote>\n<p>Tambi\u00e9n se pide a los comerciantes que ya no paguen a extorsionadores de \u2018La Uni\u00f3n de Tepito\u2019, a no dejarse m\u00e1s de los \u201cmugrosos\u201d que andan en colonias como <strong>Tepito, Centro, Morelos, Guerrero, entre otras.<\/strong><\/p>\n<p>Asimismo, se\u00f1ala a varios extorsionadores y narcomenudistas, tales como:<\/p>\n<ul>\n<li>El Huguito<\/li>\n<li>El Pozoles<\/li>\n<li>El Elvis<\/li>\n<li>El Chori<\/li>\n<li>El Quesillos<\/li>\n<li>El Perro<\/li>\n<li>El Christian<\/li>\n<li>El Pato<\/li>\n<li>El Varela<\/li>\n<\/ul>\n<p>Ante esta situaci\u00f3n, el jefe de Gobierno de la CDMX, <strong>Jos\u00e9 Ram\u00f3n Amieva,<\/strong> descart\u00f3 que se trate de un nuevo grupo delictivo, y afirma que se trata de una forma de reorganizaci\u00f3n tras la detenci\u00f3n de<strong>Roberto Moyado Esparza, \u201cEl Betito\u201d.<\/strong><\/p>\n<p>Otros presuntos delincuentes que deber\u00e1n cuidarse, de acuerdo con la misiva, son:<\/p>\n<ul>\n<li>El Alexis<\/li>\n<li>El Armando<\/li>\n<li>El Hormiga<\/li>\n<li>El Tomas<\/li>\n<li>El Venezuelo<\/li>\n<li>El Pelon<\/li>\n<li>El Callo<\/li>\n<li>El Ivan<\/li>\n<\/ul>\n<ul>\n<li><img decoding=\"async\" class=\"i-amphtml-fill-content i-amphtml-replaced-content\" src=\"https:\/\/elbigdata.mx\/wp-content\/uploads\/2018\/09\/carta_cartel.jpg\" sizes=\"(min-width: 834px) 834px, 100vw\" srcset=\"https:\/\/elbigdata.mx\/wp-content\/uploads\/2018\/09\/carta_cartel.jpg 834w, https:\/\/elbigdata.mx\/wp-content\/uploads\/2018\/09\/carta_cartel-300x180.jpg 300w, https:\/\/elbigdata.mx\/wp-content\/uploads\/2018\/09\/carta_cartel-768x460.jpg 768w\" alt=\"\" \/><\/li>\n<\/ul>\n","protected":false},"excerpt":{"rendered":"<p>Narcos reparten en Tepito \u2018esperanzadora\u2019 carta; van contra La Uni\u00f3n<br \/>\nPor Redacci\u00f3n QP<\/p>\n","protected":false},"author":2,"featured_media":4214,"comment_status":"open","ping_status":"open","sticky":false,"template":"","format":"standard","meta":{"_monsterinsights_skip_tracking":false,"_monsterinsights_sitenote_active":false,"_monsterinsights_sitenote_note":"","_monsterinsights_sitenote_category":0,"footnotes":""},"categories":[55],"tags":[],"class_list":["post-4215","post","type-post","status-publish","format-standard","has-post-thumbnail","hentry","category-cdmx"],"yoast_head":"<!-- This site is optimized with the Yoast SEO plugin v27.3 - https:\/\/yoast.com\/product\/yoast-seo-wordpress\/ -->\n<title>Narcos reparten en Tepito \u2018esperanzadora\u2019 carta; van contra La Uni\u00f3n -<\/title>\n<meta name=\"robots\" content=\"index, follow, max-snippet:-1, max-image-preview:large, max-video-preview:-1\" \/>\n<link rel=\"canonical\" href=\"https:\/\/quehacerpolitico.mx\/?p=4215\" \/>\n<meta property=\"og:locale\" content=\"es_MX\" \/>\n<meta property=\"og:type\" content=\"article\" \/>\n<meta property=\"og:title\" content=\"Narcos reparten en Tepito \u2018esperanzadora\u2019 carta; van contra La Uni\u00f3n -\" \/>\n<meta property=\"og:description\" content=\"Narcos reparten en Tepito \u2018esperanzadora\u2019 carta; van contra La Uni\u00f3n Por Redacci\u00f3n QP\" \/>\n<meta property=\"og:url\" content=\"https:\/\/quehacerpolitico.mx\/?p=4215\" \/>\n<meta property=\"article:published_time\" content=\"2018-09-08T21:35:33+00:00\" \/>\n<meta name=\"author\" content=\"Redacci\u00f3n QP\" \/>\n<meta name=\"twitter:card\" content=\"summary_large_image\" \/>\n<meta name=\"twitter:label1\" content=\"Escrito por\" \/>\n\t<meta name=\"twitter:data1\" content=\"Redacci\u00f3n QP\" \/>\n\t<meta name=\"twitter:label2\" content=\"Tiempo de lectura\" \/>\n\t<meta name=\"twitter:data2\" content=\"2 minutos\" \/>\n<script type=\"application\/ld+json\" class=\"yoast-schema-graph\">{\"@context\":\"https:\\\/\\\/schema.org\",\"@graph\":[{\"@type\":\"Article\",\"@id\":\"https:\\\/\\\/quehacerpolitico.mx\\\/?p=4215#article\",\"isPartOf\":{\"@id\":\"https:\\\/\\\/quehacerpolitico.mx\\\/?p=4215\"},\"author\":{\"name\":\"Redacci\u00f3n QP\",\"@id\":\"https:\\\/\\\/quehacerpolitico.mx\\\/#\\\/schema\\\/person\\\/496d8ad2d1d3f8036101dca7ee39e585\"},\"headline\":\"Narcos reparten en Tepito \u2018esperanzadora\u2019 carta; van contra La Uni\u00f3n\",\"datePublished\":\"2018-09-08T21:35:33+00:00\",\"mainEntityOfPage\":{\"@id\":\"https:\\\/\\\/quehacerpolitico.mx\\\/?p=4215\"},\"wordCount\":345,\"commentCount\":0,\"image\":{\"@id\":\"https:\\\/\\\/quehacerpolitico.mx\\\/?p=4215#primaryimage\"},\"thumbnailUrl\":\"\",\"articleSection\":[\"CDMX\"],\"inLanguage\":\"es\",\"potentialAction\":[{\"@type\":\"CommentAction\",\"name\":\"Comment\",\"target\":[\"https:\\\/\\\/quehacerpolitico.mx\\\/?p=4215#respond\"]}]},{\"@type\":\"WebPage\",\"@id\":\"https:\\\/\\\/quehacerpolitico.mx\\\/?p=4215\",\"url\":\"https:\\\/\\\/quehacerpolitico.mx\\\/?p=4215\",\"name\":\"Narcos reparten en Tepito \u2018esperanzadora\u2019 carta; van contra La Uni\u00f3n -\",\"isPartOf\":{\"@id\":\"https:\\\/\\\/quehacerpolitico.mx\\\/#website\"},\"primaryImageOfPage\":{\"@id\":\"https:\\\/\\\/quehacerpolitico.mx\\\/?p=4215#primaryimage\"},\"image\":{\"@id\":\"https:\\\/\\\/quehacerpolitico.mx\\\/?p=4215#primaryimage\"},\"thumbnailUrl\":\"\",\"datePublished\":\"2018-09-08T21:35:33+00:00\",\"author\":{\"@id\":\"https:\\\/\\\/quehacerpolitico.mx\\\/#\\\/schema\\\/person\\\/496d8ad2d1d3f8036101dca7ee39e585\"},\"breadcrumb\":{\"@id\":\"https:\\\/\\\/quehacerpolitico.mx\\\/?p=4215#breadcrumb\"},\"inLanguage\":\"es\",\"potentialAction\":[{\"@type\":\"ReadAction\",\"target\":[\"https:\\\/\\\/quehacerpolitico.mx\\\/?p=4215\"]}]},{\"@type\":\"ImageObject\",\"inLanguage\":\"es\",\"@id\":\"https:\\\/\\\/quehacerpolitico.mx\\\/?p=4215#primaryimage\",\"url\":\"\",\"contentUrl\":\"\"},{\"@type\":\"BreadcrumbList\",\"@id\":\"https:\\\/\\\/quehacerpolitico.mx\\\/?p=4215#breadcrumb\",\"itemListElement\":[{\"@type\":\"ListItem\",\"position\":1,\"name\":\"Inicio\",\"item\":\"https:\\\/\\\/quehacerpolitico.mx\\\/\"},{\"@type\":\"ListItem\",\"position\":2,\"name\":\"Narcos reparten en Tepito \u2018esperanzadora\u2019 carta; van contra La Uni\u00f3n\"}]},{\"@type\":\"WebSite\",\"@id\":\"https:\\\/\\\/quehacerpolitico.mx\\\/#website\",\"url\":\"https:\\\/\\\/quehacerpolitico.mx\\\/\",\"name\":\"\",\"description\":\"\",\"potentialAction\":[{\"@type\":\"SearchAction\",\"target\":{\"@type\":\"EntryPoint\",\"urlTemplate\":\"https:\\\/\\\/quehacerpolitico.mx\\\/?s={search_term_string}\"},\"query-input\":{\"@type\":\"PropertyValueSpecification\",\"valueRequired\":true,\"valueName\":\"search_term_string\"}}],\"inLanguage\":\"es\"},{\"@type\":\"Person\",\"@id\":\"https:\\\/\\\/quehacerpolitico.mx\\\/#\\\/schema\\\/person\\\/496d8ad2d1d3f8036101dca7ee39e585\",\"name\":\"Redacci\u00f3n QP\",\"image\":{\"@type\":\"ImageObject\",\"inLanguage\":\"es\",\"@id\":\"https:\\\/\\\/secure.gravatar.com\\\/avatar\\\/c7164ed6fdec453195284ad24a5ae5b6e1eed2b848477fa2a4787ba9adf39a41?s=96&d=mm&r=g\",\"url\":\"https:\\\/\\\/secure.gravatar.com\\\/avatar\\\/c7164ed6fdec453195284ad24a5ae5b6e1eed2b848477fa2a4787ba9adf39a41?s=96&d=mm&r=g\",\"contentUrl\":\"https:\\\/\\\/secure.gravatar.com\\\/avatar\\\/c7164ed6fdec453195284ad24a5ae5b6e1eed2b848477fa2a4787ba9adf39a41?s=96&d=mm&r=g\",\"caption\":\"Redacci\u00f3n QP\"},\"url\":\"https:\\\/\\\/quehacerpolitico.mx\\\/?author=2\"}]}<\/script>\n<!-- \/ Yoast SEO plugin. -->","yoast_head_json":{"title":"Narcos reparten en Tepito \u2018esperanzadora\u2019 carta; van contra La Uni\u00f3n -","robots":{"index":"index","follow":"follow","max-snippet":"max-snippet:-1","max-image-preview":"max-image-preview:large","max-video-preview":"max-video-preview:-1"},"canonical":"https:\/\/quehacerpolitico.mx\/?p=4215","og_locale":"es_MX","og_type":"article","og_title":"Narcos reparten en Tepito \u2018esperanzadora\u2019 carta; van contra La Uni\u00f3n -","og_description":"Narcos reparten en Tepito \u2018esperanzadora\u2019 carta; van contra La Uni\u00f3n Por Redacci\u00f3n QP","og_url":"https:\/\/quehacerpolitico.mx\/?p=4215","article_published_time":"2018-09-08T21:35:33+00:00","author":"Redacci\u00f3n QP","twitter_card":"summary_large_image","twitter_misc":{"Escrito por":"Redacci\u00f3n QP","Tiempo de lectura":"2 minutos"},"schema":{"@context":"https:\/\/schema.org","@graph":[{"@type":"Article","@id":"https:\/\/quehacerpolitico.mx\/?p=4215#article","isPartOf":{"@id":"https:\/\/quehacerpolitico.mx\/?p=4215"},"author":{"name":"Redacci\u00f3n QP","@id":"https:\/\/quehacerpolitico.mx\/#\/schema\/person\/496d8ad2d1d3f8036101dca7ee39e585"},"headline":"Narcos reparten en Tepito \u2018esperanzadora\u2019 carta; van contra La Uni\u00f3n","datePublished":"2018-09-08T21:35:33+00:00","mainEntityOfPage":{"@id":"https:\/\/quehacerpolitico.mx\/?p=4215"},"wordCount":345,"commentCount":0,"image":{"@id":"https:\/\/quehacerpolitico.mx\/?p=4215#primaryimage"},"thumbnailUrl":"","articleSection":["CDMX"],"inLanguage":"es","potentialAction":[{"@type":"CommentAction","name":"Comment","target":["https:\/\/quehacerpolitico.mx\/?p=4215#respond"]}]},{"@type":"WebPage","@id":"https:\/\/quehacerpolitico.mx\/?p=4215","url":"https:\/\/quehacerpolitico.mx\/?p=4215","name":"Narcos reparten en Tepito \u2018esperanzadora\u2019 carta; van contra La Uni\u00f3n -","isPartOf":{"@id":"https:\/\/quehacerpolitico.mx\/#website"},"primaryImageOfPage":{"@id":"https:\/\/quehacerpolitico.mx\/?p=4215#primaryimage"},"image":{"@id":"https:\/\/quehacerpolitico.mx\/?p=4215#primaryimage"},"thumbnailUrl":"","datePublished":"2018-09-08T21:35:33+00:00","author":{"@id":"https:\/\/quehacerpolitico.mx\/#\/schema\/person\/496d8ad2d1d3f8036101dca7ee39e585"},"breadcrumb":{"@id":"https:\/\/quehacerpolitico.mx\/?p=4215#breadcrumb"},"inLanguage":"es","potentialAction":[{"@type":"ReadAction","target":["https:\/\/quehacerpolitico.mx\/?p=4215"]}]},{"@type":"ImageObject","inLanguage":"es","@id":"https:\/\/quehacerpolitico.mx\/?p=4215#primaryimage","url":"","contentUrl":""},{"@type":"BreadcrumbList","@id":"https:\/\/quehacerpolitico.mx\/?p=4215#breadcrumb","itemListElement":[{"@type":"ListItem","position":1,"name":"Inicio","item":"https:\/\/quehacerpolitico.mx\/"},{"@type":"ListItem","position":2,"name":"Narcos reparten en Tepito \u2018esperanzadora\u2019 carta; van contra La Uni\u00f3n"}]},{"@type":"WebSite","@id":"https:\/\/quehacerpolitico.mx\/#website","url":"https:\/\/quehacerpolitico.mx\/","name":"","description":"","potentialAction":[{"@type":"SearchAction","target":{"@type":"EntryPoint","urlTemplate":"https:\/\/quehacerpolitico.mx\/?s={search_term_string}"},"query-input":{"@type":"PropertyValueSpecification","valueRequired":true,"valueName":"search_term_string"}}],"inLanguage":"es"},{"@type":"Person","@id":"https:\/\/quehacerpolitico.mx\/#\/schema\/person\/496d8ad2d1d3f8036101dca7ee39e585","name":"Redacci\u00f3n QP","image":{"@type":"ImageObject","inLanguage":"es","@id":"https:\/\/secure.gravatar.com\/avatar\/c7164ed6fdec453195284ad24a5ae5b6e1eed2b848477fa2a4787ba9adf39a41?s=96&d=mm&r=g","url":"https:\/\/secure.gravatar.com\/avatar\/c7164ed6fdec453195284ad24a5ae5b6e1eed2b848477fa2a4787ba9adf39a41?s=96&d=mm&r=g","contentUrl":"https:\/\/secure.gravatar.com\/avatar\/c7164ed6fdec453195284ad24a5ae5b6e1eed2b848477fa2a4787ba9adf39a41?s=96&d=mm&r=g","caption":"Redacci\u00f3n QP"},"url":"https:\/\/quehacerpolitico.mx\/?author=2"}]}},"featured_image_urls":{"full":"","thumbnail":"","medium":"","medium_large":"","large":"","1536x1536":"","2048x2048":"","covernews-featured":"","covernews-medium":""},"author_info":{"display_name":"Redacci\u00f3n QP","author_link":"https:\/\/quehacerpolitico.mx\/?author=2"},"category_info":"<a href=\"https:\/\/quehacerpolitico.mx\/?cat=55\" rel=\"category\">CDMX<\/a>","tag_info":"CDMX","comment_count":"0","_links":{"self":[{"href":"https:\/\/quehacerpolitico.mx\/index.php?rest_route=\/wp\/v2\/posts\/4215","targetHints":{"allow":["GET"]}}],"collection":[{"href":"https:\/\/quehacerpolitico.mx\/index.php?rest_route=\/wp\/v2\/posts"}],"about":[{"href":"https:\/\/quehacerpolitico.mx\/index.php?rest_route=\/wp\/v2\/types\/post"}],"author":[{"embeddable":true,"href":"https:\/\/quehacerpolitico.mx\/index.php?rest_route=\/wp\/v2\/users\/2"}],"replies":[{"embeddable":true,"href":"https:\/\/quehacerpolitico.mx\/index.php?rest_route=%2Fwp%2Fv2%2Fcomments&post=4215"}],"version-history":[{"count":0,"href":"https:\/\/quehacerpolitico.mx\/index.php?rest_route=\/wp\/v2\/posts\/4215\/revisions"}],"wp:featuredmedia":[{"embeddable":true,"href":"https:\/\/quehacerpolitico.mx\/index.php?rest_route=\/"}],"wp:attachment":[{"href":"https:\/\/quehacerpolitico.mx\/index.php?rest_route=%2Fwp%2Fv2%2Fmedia&parent=4215"}],"wp:term":[{"taxonomy":"category","embeddable":true,"href":"https:\/\/quehacerpolitico.mx\/index.php?rest_route=%2Fwp%2Fv2%2Fcategories&post=4215"},{"taxonomy":"post_tag","embeddable":true,"href":"https:\/\/quehacerpolitico.mx\/index.php?rest_route=%2Fwp%2Fv2%2Ftags&post=4215"}],"curies":[{"name":"wp","href":"https:\/\/api.w.org\/{rel}","templated":true}]}}