{"id":4211,"date":"2018-09-08T20:16:58","date_gmt":"2018-09-08T20:16:58","guid":{"rendered":"http:\/\/quehacerpolitico.mx\/el-mexicano-alfonso-cuaron-gana-el-leon-de-oro-en-el-festival-de-venecia-por-su-pelicula-roma\/"},"modified":"2018-09-08T20:16:58","modified_gmt":"2018-09-08T20:16:58","slug":"el-mexicano-alfonso-cuaron-gana-el-leon-de-oro-en-el-festival-de-venecia-por-su-pelicula-roma","status":"publish","type":"post","link":"https:\/\/quehacerpolitico.mx\/?p=4211","title":{"rendered":"El mexicano Alfonso Cuar\u00f3n gana el Le\u00f3n de Oro en el Festival de Venecia, por su pel\u00edcula Roma"},"content":{"rendered":"<h3>En <em>Roma, <\/em>Alfonso\u00a0Cuar\u00f3n (Ciudad de M\u00e9xico, 1961) narra en blanco y negro la historia de Cleo, una trabajadora dom\u00e9stica ind\u00edgena de una familia burguesa y aparentemente id\u00edlica de la Ciudad de M\u00e9xico de inicios de la d\u00e9cada de 1970, un personaje basado en la tata que \u00e9l mismo tuvo y a quien dedica la cinta, Libo.<\/h3>\n<p>https:\/\/youtu.be\/ZSI2VLwPFWw<\/p>\n<p>Venecia (Italia), 8 sep (EFE).- <em>Roma<\/em>, del mexicano Alfonso Cuar\u00f3n, se llev\u00f3 hoy el Le\u00f3n de Oro de la 75 edici\u00f3n del Festival de Venecia y sustituye como triunfador de la Mostra a su compatriota Guillermo del Toro.<\/p>\n<blockquote>\n<p>\u201cDejadme ver si s\u00e9 pronunciar correctamente el nombre\u201d, brome\u00f3 Del Toro al anunciar el premio a Cuar\u00f3n.<\/p>\n<\/blockquote>\n<p>Visiblemente emocionado, Cuar\u00f3n recogi\u00f3 el Le\u00f3n de Oro de manos del presidente de la Biennale, Paolo Baratta, y despu\u00e9s se acerc\u00f3 a Del Toro, con el que se fundi\u00f3 en un abrazo.<\/p>\n<blockquote>\n<p>\u201cEste premio y este festival son incre\u00edbles\u201d, dijo en italiano el realizador, que agradeci\u00f3 el trabajo de todo el equipo de la pel\u00edcula y de Netflix por permitir que se hiciera este filme.<\/p>\n<section class=\"post-content\">\n<div id=\"attachment_3468668\" class=\"wp-caption alignnone\"><img loading=\"lazy\" decoding=\"async\" class=\"size-full wp-image-3468668\" src=\"http:\/\/www.sinembargo.mx\/wp-content\/uploads\/2018\/09\/cuaron-2-1.jpg\" sizes=\"auto, (max-width: 700px) 100vw, 700px\" srcset=\"http:\/\/www.sinembargo.mx\/wp-content\/uploads\/2018\/09\/cuaron-2-1.jpg 700w, http:\/\/www.sinembargo.mx\/wp-content\/uploads\/2018\/09\/cuaron-2-1-300x200.jpg 300w\" alt=\"\" width=\"700\" height=\"467\" \/><\/p>\n<p class=\"wp-caption-text\">\u201cLa Muestra de Venecia es un festival m\u00edtico, tiene una gran historia y se arraiga en la conciencia de cada director\u201d: Cuar\u00f3n. Foto: Biennale di Venezia<\/p>\n<\/div>\n<p>Y dedic\u00f3 el premio a Yalitza Aparicio, Marina de Tavira y Nancy Garc\u00eda, las protagonistas del filme \u201cpor su valor, su generosidad y el inmenso respeto por las mujeres que interpretaron\u201d.<\/p>\n<blockquote>\n<p>\u201cPor las casualidades de la vida, hoy es el cumplea\u00f1os de Libo, el personaje en el que est\u00e1 basado el de Cleo (Aparicio). Es su regalo de cumplea\u00f1os\u201d, dijo Cuar\u00f3n en ingl\u00e9s, antes de pasarse al espa\u00f1ol.<\/p>\n<\/blockquote>\n<p>\u201cTe cantar\u00eda las ma\u00f1anitas pero no voy a ofender los o\u00eddos de toda esta gente\u201d, dijo Cuar\u00f3n, que quiso expresar su \u201cinmenso amor\u201d.<\/p>\n<blockquote>\n<p>\u201cA ti, a mi familia y a mi pa\u00eds, M\u00e9xico. Os amo\u201d, concluy\u00f3 con todos los asistentes a la gala en pie.<\/p>\n<\/blockquote>\n<div id=\"attachment_3468631\" class=\"wp-caption alignnone\"><img loading=\"lazy\" decoding=\"async\" class=\"size-full wp-image-3468631\" src=\"http:\/\/www.sinembargo.mx\/wp-content\/uploads\/2018\/09\/cuaron.jpg\" sizes=\"auto, (max-width: 700px) 100vw, 700px\" srcset=\"http:\/\/www.sinembargo.mx\/wp-content\/uploads\/2018\/09\/cuaron.jpg 700w, http:\/\/www.sinembargo.mx\/wp-content\/uploads\/2018\/09\/cuaron-300x200.jpg 300w\" alt=\"\" width=\"700\" height=\"467\" \/><\/p>\n<p class=\"wp-caption-text\">El director mexicano Alfonso Cuar\u00f3n llega con su hijo e hija a la ceremonia de entrega de premios del 75\u00ba Festival Internacional de Cine de Venecia, en Venecia, Italia. Foto: EFE<\/p>\n<\/div>\n<p>En <em>Roma<\/em>\u00a0, Cuar\u00f3n (Ciudad de M\u00e9xico, 1961) narra en blanco y negro la historia de Cleo, la trabajadora dom\u00e9stica ind\u00edgena de una familia burguesa y aparentemente id\u00edlica de la Ciudad de M\u00e9xico de inicios de la d\u00e9cada de 1970, un personaje basado en la tata que \u00e9l mismo tuvo y a quien dedica la cinta, Libo.<\/p>\n<p>Con esta historia, en la que se intercalan el espa\u00f1ol y la lengua mixteca, el director de \u201cGravity\u201d (2013) ofrece un relato social sobre aquella d\u00e9cada convulsa.<\/p>\n<p>Para el papel de Cleo el cineasta recurri\u00f3 a Yalitza Aparicio, una profesora que debuta as\u00ed en el cine, al igual que Nancy Garc\u00eda, que hace de la hermana de la ni\u00f1era.<\/p>\n<div class=\"at-below-post addthis_tool\" data-url=\"http:\/\/www.sinembargo.mx\/08-09-2018\/3468630\">Con Informaci\u00f3n de EFE<\/div>\n<\/section>\n<\/blockquote>\n","protected":false},"excerpt":{"rendered":"<p>El mexicano Alfonso Cuar\u00f3n gana el Le\u00f3n de Oro en el Festival de Venecia, por su pel\u00edcula Roma<br \/>\nPor Redacci\u00f3n QP<\/p>\n","protected":false},"author":2,"featured_media":4210,"comment_status":"open","ping_status":"open","sticky":false,"template":"","format":"standard","meta":{"_monsterinsights_skip_tracking":false,"_monsterinsights_sitenote_active":false,"_monsterinsights_sitenote_note":"","_monsterinsights_sitenote_category":0,"footnotes":""},"categories":[58],"tags":[],"class_list":["post-4211","post","type-post","status-publish","format-standard","has-post-thumbnail","hentry","category-cultura"],"yoast_head":"<!-- This site is optimized with the Yoast SEO plugin v27.3 - https:\/\/yoast.com\/product\/yoast-seo-wordpress\/ -->\n<title>El mexicano Alfonso Cuar\u00f3n gana el Le\u00f3n de Oro en el Festival de Venecia, por su pel\u00edcula Roma -<\/title>\n<meta name=\"robots\" content=\"index, follow, max-snippet:-1, max-image-preview:large, max-video-preview:-1\" \/>\n<link rel=\"canonical\" href=\"https:\/\/quehacerpolitico.mx\/?p=4211\" \/>\n<meta property=\"og:locale\" content=\"es_MX\" \/>\n<meta property=\"og:type\" content=\"article\" \/>\n<meta property=\"og:title\" content=\"El mexicano Alfonso Cuar\u00f3n gana el Le\u00f3n de Oro en el Festival de Venecia, por su pel\u00edcula Roma -\" \/>\n<meta property=\"og:description\" content=\"El mexicano Alfonso Cuar\u00f3n gana el Le\u00f3n de Oro en el Festival de Venecia, por su pel\u00edcula Roma Por Redacci\u00f3n QP\" \/>\n<meta property=\"og:url\" content=\"https:\/\/quehacerpolitico.mx\/?p=4211\" \/>\n<meta property=\"article:published_time\" content=\"2018-09-08T20:16:58+00:00\" \/>\n<meta name=\"author\" content=\"Redacci\u00f3n QP\" \/>\n<meta name=\"twitter:card\" content=\"summary_large_image\" \/>\n<meta name=\"twitter:label1\" content=\"Escrito por\" \/>\n\t<meta name=\"twitter:data1\" content=\"Redacci\u00f3n QP\" \/>\n\t<meta name=\"twitter:label2\" content=\"Tiempo de lectura\" \/>\n\t<meta name=\"twitter:data2\" content=\"3 minutos\" \/>\n<script type=\"application\/ld+json\" class=\"yoast-schema-graph\">{\"@context\":\"https:\\\/\\\/schema.org\",\"@graph\":[{\"@type\":\"Article\",\"@id\":\"https:\\\/\\\/quehacerpolitico.mx\\\/?p=4211#article\",\"isPartOf\":{\"@id\":\"https:\\\/\\\/quehacerpolitico.mx\\\/?p=4211\"},\"author\":{\"name\":\"Redacci\u00f3n QP\",\"@id\":\"https:\\\/\\\/quehacerpolitico.mx\\\/#\\\/schema\\\/person\\\/496d8ad2d1d3f8036101dca7ee39e585\"},\"headline\":\"El mexicano Alfonso Cuar\u00f3n gana el Le\u00f3n de Oro en el Festival de Venecia, por su pel\u00edcula Roma\",\"datePublished\":\"2018-09-08T20:16:58+00:00\",\"mainEntityOfPage\":{\"@id\":\"https:\\\/\\\/quehacerpolitico.mx\\\/?p=4211\"},\"wordCount\":528,\"commentCount\":0,\"image\":{\"@id\":\"https:\\\/\\\/quehacerpolitico.mx\\\/?p=4211#primaryimage\"},\"thumbnailUrl\":\"\",\"articleSection\":[\"Cultura y Entretenimiento\"],\"inLanguage\":\"es\",\"potentialAction\":[{\"@type\":\"CommentAction\",\"name\":\"Comment\",\"target\":[\"https:\\\/\\\/quehacerpolitico.mx\\\/?p=4211#respond\"]}]},{\"@type\":\"WebPage\",\"@id\":\"https:\\\/\\\/quehacerpolitico.mx\\\/?p=4211\",\"url\":\"https:\\\/\\\/quehacerpolitico.mx\\\/?p=4211\",\"name\":\"El mexicano Alfonso Cuar\u00f3n gana el Le\u00f3n de Oro en el Festival de Venecia, por su pel\u00edcula Roma -\",\"isPartOf\":{\"@id\":\"https:\\\/\\\/quehacerpolitico.mx\\\/#website\"},\"primaryImageOfPage\":{\"@id\":\"https:\\\/\\\/quehacerpolitico.mx\\\/?p=4211#primaryimage\"},\"image\":{\"@id\":\"https:\\\/\\\/quehacerpolitico.mx\\\/?p=4211#primaryimage\"},\"thumbnailUrl\":\"\",\"datePublished\":\"2018-09-08T20:16:58+00:00\",\"author\":{\"@id\":\"https:\\\/\\\/quehacerpolitico.mx\\\/#\\\/schema\\\/person\\\/496d8ad2d1d3f8036101dca7ee39e585\"},\"breadcrumb\":{\"@id\":\"https:\\\/\\\/quehacerpolitico.mx\\\/?p=4211#breadcrumb\"},\"inLanguage\":\"es\",\"potentialAction\":[{\"@type\":\"ReadAction\",\"target\":[\"https:\\\/\\\/quehacerpolitico.mx\\\/?p=4211\"]}]},{\"@type\":\"ImageObject\",\"inLanguage\":\"es\",\"@id\":\"https:\\\/\\\/quehacerpolitico.mx\\\/?p=4211#primaryimage\",\"url\":\"\",\"contentUrl\":\"\"},{\"@type\":\"BreadcrumbList\",\"@id\":\"https:\\\/\\\/quehacerpolitico.mx\\\/?p=4211#breadcrumb\",\"itemListElement\":[{\"@type\":\"ListItem\",\"position\":1,\"name\":\"Inicio\",\"item\":\"https:\\\/\\\/quehacerpolitico.mx\\\/\"},{\"@type\":\"ListItem\",\"position\":2,\"name\":\"El mexicano Alfonso Cuar\u00f3n gana el Le\u00f3n de Oro en el Festival de Venecia, por su pel\u00edcula Roma\"}]},{\"@type\":\"WebSite\",\"@id\":\"https:\\\/\\\/quehacerpolitico.mx\\\/#website\",\"url\":\"https:\\\/\\\/quehacerpolitico.mx\\\/\",\"name\":\"\",\"description\":\"\",\"potentialAction\":[{\"@type\":\"SearchAction\",\"target\":{\"@type\":\"EntryPoint\",\"urlTemplate\":\"https:\\\/\\\/quehacerpolitico.mx\\\/?s={search_term_string}\"},\"query-input\":{\"@type\":\"PropertyValueSpecification\",\"valueRequired\":true,\"valueName\":\"search_term_string\"}}],\"inLanguage\":\"es\"},{\"@type\":\"Person\",\"@id\":\"https:\\\/\\\/quehacerpolitico.mx\\\/#\\\/schema\\\/person\\\/496d8ad2d1d3f8036101dca7ee39e585\",\"name\":\"Redacci\u00f3n QP\",\"image\":{\"@type\":\"ImageObject\",\"inLanguage\":\"es\",\"@id\":\"https:\\\/\\\/secure.gravatar.com\\\/avatar\\\/c7164ed6fdec453195284ad24a5ae5b6e1eed2b848477fa2a4787ba9adf39a41?s=96&d=mm&r=g\",\"url\":\"https:\\\/\\\/secure.gravatar.com\\\/avatar\\\/c7164ed6fdec453195284ad24a5ae5b6e1eed2b848477fa2a4787ba9adf39a41?s=96&d=mm&r=g\",\"contentUrl\":\"https:\\\/\\\/secure.gravatar.com\\\/avatar\\\/c7164ed6fdec453195284ad24a5ae5b6e1eed2b848477fa2a4787ba9adf39a41?s=96&d=mm&r=g\",\"caption\":\"Redacci\u00f3n QP\"},\"url\":\"https:\\\/\\\/quehacerpolitico.mx\\\/?author=2\"}]}<\/script>\n<!-- \/ Yoast SEO plugin. -->","yoast_head_json":{"title":"El mexicano Alfonso Cuar\u00f3n gana el Le\u00f3n de Oro en el Festival de Venecia, por su pel\u00edcula Roma -","robots":{"index":"index","follow":"follow","max-snippet":"max-snippet:-1","max-image-preview":"max-image-preview:large","max-video-preview":"max-video-preview:-1"},"canonical":"https:\/\/quehacerpolitico.mx\/?p=4211","og_locale":"es_MX","og_type":"article","og_title":"El mexicano Alfonso Cuar\u00f3n gana el Le\u00f3n de Oro en el Festival de Venecia, por su pel\u00edcula Roma -","og_description":"El mexicano Alfonso Cuar\u00f3n gana el Le\u00f3n de Oro en el Festival de Venecia, por su pel\u00edcula Roma Por Redacci\u00f3n QP","og_url":"https:\/\/quehacerpolitico.mx\/?p=4211","article_published_time":"2018-09-08T20:16:58+00:00","author":"Redacci\u00f3n QP","twitter_card":"summary_large_image","twitter_misc":{"Escrito por":"Redacci\u00f3n QP","Tiempo de lectura":"3 minutos"},"schema":{"@context":"https:\/\/schema.org","@graph":[{"@type":"Article","@id":"https:\/\/quehacerpolitico.mx\/?p=4211#article","isPartOf":{"@id":"https:\/\/quehacerpolitico.mx\/?p=4211"},"author":{"name":"Redacci\u00f3n QP","@id":"https:\/\/quehacerpolitico.mx\/#\/schema\/person\/496d8ad2d1d3f8036101dca7ee39e585"},"headline":"El mexicano Alfonso Cuar\u00f3n gana el Le\u00f3n de Oro en el Festival de Venecia, por su pel\u00edcula Roma","datePublished":"2018-09-08T20:16:58+00:00","mainEntityOfPage":{"@id":"https:\/\/quehacerpolitico.mx\/?p=4211"},"wordCount":528,"commentCount":0,"image":{"@id":"https:\/\/quehacerpolitico.mx\/?p=4211#primaryimage"},"thumbnailUrl":"","articleSection":["Cultura y Entretenimiento"],"inLanguage":"es","potentialAction":[{"@type":"CommentAction","name":"Comment","target":["https:\/\/quehacerpolitico.mx\/?p=4211#respond"]}]},{"@type":"WebPage","@id":"https:\/\/quehacerpolitico.mx\/?p=4211","url":"https:\/\/quehacerpolitico.mx\/?p=4211","name":"El mexicano Alfonso Cuar\u00f3n gana el Le\u00f3n de Oro en el Festival de Venecia, por su pel\u00edcula Roma -","isPartOf":{"@id":"https:\/\/quehacerpolitico.mx\/#website"},"primaryImageOfPage":{"@id":"https:\/\/quehacerpolitico.mx\/?p=4211#primaryimage"},"image":{"@id":"https:\/\/quehacerpolitico.mx\/?p=4211#primaryimage"},"thumbnailUrl":"","datePublished":"2018-09-08T20:16:58+00:00","author":{"@id":"https:\/\/quehacerpolitico.mx\/#\/schema\/person\/496d8ad2d1d3f8036101dca7ee39e585"},"breadcrumb":{"@id":"https:\/\/quehacerpolitico.mx\/?p=4211#breadcrumb"},"inLanguage":"es","potentialAction":[{"@type":"ReadAction","target":["https:\/\/quehacerpolitico.mx\/?p=4211"]}]},{"@type":"ImageObject","inLanguage":"es","@id":"https:\/\/quehacerpolitico.mx\/?p=4211#primaryimage","url":"","contentUrl":""},{"@type":"BreadcrumbList","@id":"https:\/\/quehacerpolitico.mx\/?p=4211#breadcrumb","itemListElement":[{"@type":"ListItem","position":1,"name":"Inicio","item":"https:\/\/quehacerpolitico.mx\/"},{"@type":"ListItem","position":2,"name":"El mexicano Alfonso Cuar\u00f3n gana el Le\u00f3n de Oro en el Festival de Venecia, por su pel\u00edcula Roma"}]},{"@type":"WebSite","@id":"https:\/\/quehacerpolitico.mx\/#website","url":"https:\/\/quehacerpolitico.mx\/","name":"","description":"","potentialAction":[{"@type":"SearchAction","target":{"@type":"EntryPoint","urlTemplate":"https:\/\/quehacerpolitico.mx\/?s={search_term_string}"},"query-input":{"@type":"PropertyValueSpecification","valueRequired":true,"valueName":"search_term_string"}}],"inLanguage":"es"},{"@type":"Person","@id":"https:\/\/quehacerpolitico.mx\/#\/schema\/person\/496d8ad2d1d3f8036101dca7ee39e585","name":"Redacci\u00f3n QP","image":{"@type":"ImageObject","inLanguage":"es","@id":"https:\/\/secure.gravatar.com\/avatar\/c7164ed6fdec453195284ad24a5ae5b6e1eed2b848477fa2a4787ba9adf39a41?s=96&d=mm&r=g","url":"https:\/\/secure.gravatar.com\/avatar\/c7164ed6fdec453195284ad24a5ae5b6e1eed2b848477fa2a4787ba9adf39a41?s=96&d=mm&r=g","contentUrl":"https:\/\/secure.gravatar.com\/avatar\/c7164ed6fdec453195284ad24a5ae5b6e1eed2b848477fa2a4787ba9adf39a41?s=96&d=mm&r=g","caption":"Redacci\u00f3n QP"},"url":"https:\/\/quehacerpolitico.mx\/?author=2"}]}},"featured_image_urls":{"full":"","thumbnail":"","medium":"","medium_large":"","large":"","1536x1536":"","2048x2048":"","covernews-featured":"","covernews-medium":""},"author_info":{"display_name":"Redacci\u00f3n QP","author_link":"https:\/\/quehacerpolitico.mx\/?author=2"},"category_info":"<a href=\"https:\/\/quehacerpolitico.mx\/?cat=58\" rel=\"category\">Cultura y Entretenimiento<\/a>","tag_info":"Cultura y Entretenimiento","comment_count":"0","_links":{"self":[{"href":"https:\/\/quehacerpolitico.mx\/index.php?rest_route=\/wp\/v2\/posts\/4211","targetHints":{"allow":["GET"]}}],"collection":[{"href":"https:\/\/quehacerpolitico.mx\/index.php?rest_route=\/wp\/v2\/posts"}],"about":[{"href":"https:\/\/quehacerpolitico.mx\/index.php?rest_route=\/wp\/v2\/types\/post"}],"author":[{"embeddable":true,"href":"https:\/\/quehacerpolitico.mx\/index.php?rest_route=\/wp\/v2\/users\/2"}],"replies":[{"embeddable":true,"href":"https:\/\/quehacerpolitico.mx\/index.php?rest_route=%2Fwp%2Fv2%2Fcomments&post=4211"}],"version-history":[{"count":0,"href":"https:\/\/quehacerpolitico.mx\/index.php?rest_route=\/wp\/v2\/posts\/4211\/revisions"}],"wp:featuredmedia":[{"embeddable":true,"href":"https:\/\/quehacerpolitico.mx\/index.php?rest_route=\/"}],"wp:attachment":[{"href":"https:\/\/quehacerpolitico.mx\/index.php?rest_route=%2Fwp%2Fv2%2Fmedia&parent=4211"}],"wp:term":[{"taxonomy":"category","embeddable":true,"href":"https:\/\/quehacerpolitico.mx\/index.php?rest_route=%2Fwp%2Fv2%2Fcategories&post=4211"},{"taxonomy":"post_tag","embeddable":true,"href":"https:\/\/quehacerpolitico.mx\/index.php?rest_route=%2Fwp%2Fv2%2Ftags&post=4211"}],"curies":[{"name":"wp","href":"https:\/\/api.w.org\/{rel}","templated":true}]}}