{"id":4209,"date":"2018-09-08T20:07:14","date_gmt":"2018-09-08T20:07:14","guid":{"rendered":"http:\/\/quehacerpolitico.mx\/division-de-inteligencia-de-la-pf-sufre-reves-en-caso-unam-tras-liberacion-de-dos-detenidos\/"},"modified":"2018-09-08T20:07:14","modified_gmt":"2018-09-08T20:07:14","slug":"division-de-inteligencia-de-la-pf-sufre-reves-en-caso-unam-tras-liberacion-de-dos-detenidos","status":"publish","type":"post","link":"https:\/\/quehacerpolitico.mx\/?p=4209","title":{"rendered":"DIVISI\u00d3N DE INTELIGENCIA DE LA PF SUFRE REV\u00c9S EN CASO UNAM TRAS LIBERACI\u00d3N DE DOS DETENIDOS"},"content":{"rendered":"<p>La Divisi\u00f3n de Inteligencia de la Polic\u00eda Federal sufri\u00f3 un rev\u00e9s en la investigaci\u00f3n de los hechos de violencia en la UNAM, luego de que la Procuraduria General de Justicia de la Ciudad de M\u00e9xico dejara en libertad a los dos detenidos por personal de esa divisi\u00f3n a cargo de Ricardo Eduardo Aranda Aguilar.<\/p>\n<p>Al respecto, Alberto Woolrich Ortiz, presidente de la Academia de Derecho Penal del Colegio de Abogados de M\u00e9xico critic\u00f3 la actuaci\u00f3n de la Polic\u00eda Federal al se\u00f1alar que cuenta con poca capacidad tanto del Comisionado General Manelich Castilla, as\u00ed como del Actual Titular de la Divisi\u00f3n de Inteligencia de la Policia Federal Eduardo Ricardo Aranda, la cual es palpable, al no poder realizar una puesta a disposici\u00f3n que le permita al Ministerio P\u00fablico Judicializar con \u00e9xito este lamentable asunto.<\/p>\n<p>Ante tal situaci\u00f3n, en la Secretar\u00eda de Gobernaci\u00f3n, existe molestia por la mala investigaci\u00f3n que lleva la Divisi\u00f3n de Inteligencia de la Polic\u00eda Federal a cargo de Ricardo Eduardo Aranda Aguilar, quien puede ser removido de su cargo.<\/p>\n<p>Y, es que Ricardo Eduardo Aranda Aguilar, actual titular de la Divisi\u00f3n de Inteligencia de la Policia Federal lleg\u00f3 a ese puesto est\u00e1 semana, despu\u00e9s de la repentina separaci\u00f3n del cargo de el ex comisario general, Alejandro Bautista Garc\u00eda siendo ellos personal directamente bajo el mand\u00f3 y personas de confianza\u00a0 del comisionado\u00a0 general de polic\u00eda federal Manelich Castilla Cravioto.<\/p>\n<p>En relaci\u00f3n con los hechos del lunes 3 de septiembre en la explanada de Rector\u00eda de la Universidad Nacional Aut\u00f3noma de M\u00e9xico, con base en la coordinaci\u00f3n interinstitucional, elementos de la Polic\u00eda Federal presentaron este viernes ante la Procuradur\u00eda General de Justicia de la Ciudad de M\u00e9xico a dos probables participantes. <\/p>\n<p>Tras las indagatorias efectuadas por la Fiscal\u00eda de Investigaci\u00f3n en Agencias de Atenci\u00f3n Especializada, para determinar la situaci\u00f3n jur\u00eddica de los hombres de 27 y 33 a\u00f1os, \u00e9stos fueron puestos en libertad para continuar con las investigaciones del caso.<\/p>\n<p>La representaci\u00f3n social adopt\u00f3 la determinaci\u00f3n toda vez que en su detenci\u00f3n no hubo flagrancia ni se tuvo acusaci\u00f3n alguna en su contra.<\/p>\n<p>Uno de los presentados, incluso, afirm\u00f3 no haber estado en el lugar de los sucesos y en ning\u00fan momento se le observa en los videos que forman parte de la investigaci\u00f3n.<\/p>\n<p>Adicionalmente, en el mismo an\u00e1lisis del material videogr\u00e1fico presentado como indicio, no se observa agresi\u00f3n alguna por parte de los presentados hacia los manifestantes.<\/p>\n<p>No obstante, durante sus entrevistas los presentados aportaron datos contundentes para continuar la investigaci\u00f3n y ubicar a los responsables de las agresiones contra los estudiantes que participaron en la manifestaci\u00f3n pac\u00edfica del pasado lunes.<\/p>\n","protected":false},"excerpt":{"rendered":"<p>DIVISI\u00d3N DE INTELIGENCIA DE LA PF SUFRE REV\u00c9S EN CASO UNAM TRAS LIBERACI\u00d3N DE DOS DETENIDOS<br \/>\nPor Redacci\u00f3n QP<\/p>\n","protected":false},"author":2,"featured_media":4208,"comment_status":"open","ping_status":"open","sticky":false,"template":"","format":"standard","meta":{"_monsterinsights_skip_tracking":false,"_monsterinsights_sitenote_active":false,"_monsterinsights_sitenote_note":"","_monsterinsights_sitenote_category":0,"footnotes":""},"categories":[55],"tags":[],"class_list":["post-4209","post","type-post","status-publish","format-standard","has-post-thumbnail","hentry","category-cdmx"],"yoast_head":"<!-- This site is optimized with the Yoast SEO plugin v27.3 - https:\/\/yoast.com\/product\/yoast-seo-wordpress\/ -->\n<title>DIVISI\u00d3N DE INTELIGENCIA DE LA PF SUFRE REV\u00c9S EN CASO UNAM TRAS LIBERACI\u00d3N DE DOS DETENIDOS -<\/title>\n<meta name=\"robots\" content=\"index, follow, max-snippet:-1, max-image-preview:large, max-video-preview:-1\" \/>\n<link rel=\"canonical\" href=\"https:\/\/quehacerpolitico.mx\/?p=4209\" \/>\n<meta property=\"og:locale\" content=\"es_MX\" \/>\n<meta property=\"og:type\" content=\"article\" \/>\n<meta property=\"og:title\" content=\"DIVISI\u00d3N DE INTELIGENCIA DE LA PF SUFRE REV\u00c9S EN CASO UNAM TRAS LIBERACI\u00d3N DE DOS DETENIDOS -\" \/>\n<meta property=\"og:description\" content=\"DIVISI\u00d3N DE INTELIGENCIA DE LA PF SUFRE REV\u00c9S EN CASO UNAM TRAS LIBERACI\u00d3N DE DOS DETENIDOS Por Redacci\u00f3n QP\" \/>\n<meta property=\"og:url\" content=\"https:\/\/quehacerpolitico.mx\/?p=4209\" \/>\n<meta property=\"article:published_time\" content=\"2018-09-08T20:07:14+00:00\" \/>\n<meta name=\"author\" content=\"Redacci\u00f3n QP\" \/>\n<meta name=\"twitter:card\" content=\"summary_large_image\" \/>\n<meta name=\"twitter:label1\" content=\"Escrito por\" \/>\n\t<meta name=\"twitter:data1\" content=\"Redacci\u00f3n QP\" \/>\n\t<meta name=\"twitter:label2\" content=\"Tiempo de lectura\" \/>\n\t<meta name=\"twitter:data2\" content=\"2 minutos\" \/>\n<script type=\"application\/ld+json\" class=\"yoast-schema-graph\">{\"@context\":\"https:\\\/\\\/schema.org\",\"@graph\":[{\"@type\":\"Article\",\"@id\":\"https:\\\/\\\/quehacerpolitico.mx\\\/?p=4209#article\",\"isPartOf\":{\"@id\":\"https:\\\/\\\/quehacerpolitico.mx\\\/?p=4209\"},\"author\":{\"name\":\"Redacci\u00f3n QP\",\"@id\":\"https:\\\/\\\/quehacerpolitico.mx\\\/#\\\/schema\\\/person\\\/496d8ad2d1d3f8036101dca7ee39e585\"},\"headline\":\"DIVISI\u00d3N DE INTELIGENCIA DE LA PF SUFRE REV\u00c9S EN CASO UNAM TRAS LIBERACI\u00d3N DE DOS DETENIDOS\",\"datePublished\":\"2018-09-08T20:07:14+00:00\",\"mainEntityOfPage\":{\"@id\":\"https:\\\/\\\/quehacerpolitico.mx\\\/?p=4209\"},\"wordCount\":498,\"commentCount\":0,\"image\":{\"@id\":\"https:\\\/\\\/quehacerpolitico.mx\\\/?p=4209#primaryimage\"},\"thumbnailUrl\":\"\",\"articleSection\":[\"CDMX\"],\"inLanguage\":\"es\",\"potentialAction\":[{\"@type\":\"CommentAction\",\"name\":\"Comment\",\"target\":[\"https:\\\/\\\/quehacerpolitico.mx\\\/?p=4209#respond\"]}]},{\"@type\":\"WebPage\",\"@id\":\"https:\\\/\\\/quehacerpolitico.mx\\\/?p=4209\",\"url\":\"https:\\\/\\\/quehacerpolitico.mx\\\/?p=4209\",\"name\":\"DIVISI\u00d3N DE INTELIGENCIA DE LA PF SUFRE REV\u00c9S EN CASO UNAM TRAS LIBERACI\u00d3N DE DOS DETENIDOS -\",\"isPartOf\":{\"@id\":\"https:\\\/\\\/quehacerpolitico.mx\\\/#website\"},\"primaryImageOfPage\":{\"@id\":\"https:\\\/\\\/quehacerpolitico.mx\\\/?p=4209#primaryimage\"},\"image\":{\"@id\":\"https:\\\/\\\/quehacerpolitico.mx\\\/?p=4209#primaryimage\"},\"thumbnailUrl\":\"\",\"datePublished\":\"2018-09-08T20:07:14+00:00\",\"author\":{\"@id\":\"https:\\\/\\\/quehacerpolitico.mx\\\/#\\\/schema\\\/person\\\/496d8ad2d1d3f8036101dca7ee39e585\"},\"breadcrumb\":{\"@id\":\"https:\\\/\\\/quehacerpolitico.mx\\\/?p=4209#breadcrumb\"},\"inLanguage\":\"es\",\"potentialAction\":[{\"@type\":\"ReadAction\",\"target\":[\"https:\\\/\\\/quehacerpolitico.mx\\\/?p=4209\"]}]},{\"@type\":\"ImageObject\",\"inLanguage\":\"es\",\"@id\":\"https:\\\/\\\/quehacerpolitico.mx\\\/?p=4209#primaryimage\",\"url\":\"\",\"contentUrl\":\"\"},{\"@type\":\"BreadcrumbList\",\"@id\":\"https:\\\/\\\/quehacerpolitico.mx\\\/?p=4209#breadcrumb\",\"itemListElement\":[{\"@type\":\"ListItem\",\"position\":1,\"name\":\"Inicio\",\"item\":\"https:\\\/\\\/quehacerpolitico.mx\\\/\"},{\"@type\":\"ListItem\",\"position\":2,\"name\":\"DIVISI\u00d3N DE INTELIGENCIA DE LA PF SUFRE REV\u00c9S EN CASO UNAM TRAS LIBERACI\u00d3N DE DOS DETENIDOS\"}]},{\"@type\":\"WebSite\",\"@id\":\"https:\\\/\\\/quehacerpolitico.mx\\\/#website\",\"url\":\"https:\\\/\\\/quehacerpolitico.mx\\\/\",\"name\":\"\",\"description\":\"\",\"potentialAction\":[{\"@type\":\"SearchAction\",\"target\":{\"@type\":\"EntryPoint\",\"urlTemplate\":\"https:\\\/\\\/quehacerpolitico.mx\\\/?s={search_term_string}\"},\"query-input\":{\"@type\":\"PropertyValueSpecification\",\"valueRequired\":true,\"valueName\":\"search_term_string\"}}],\"inLanguage\":\"es\"},{\"@type\":\"Person\",\"@id\":\"https:\\\/\\\/quehacerpolitico.mx\\\/#\\\/schema\\\/person\\\/496d8ad2d1d3f8036101dca7ee39e585\",\"name\":\"Redacci\u00f3n QP\",\"image\":{\"@type\":\"ImageObject\",\"inLanguage\":\"es\",\"@id\":\"https:\\\/\\\/secure.gravatar.com\\\/avatar\\\/c7164ed6fdec453195284ad24a5ae5b6e1eed2b848477fa2a4787ba9adf39a41?s=96&d=mm&r=g\",\"url\":\"https:\\\/\\\/secure.gravatar.com\\\/avatar\\\/c7164ed6fdec453195284ad24a5ae5b6e1eed2b848477fa2a4787ba9adf39a41?s=96&d=mm&r=g\",\"contentUrl\":\"https:\\\/\\\/secure.gravatar.com\\\/avatar\\\/c7164ed6fdec453195284ad24a5ae5b6e1eed2b848477fa2a4787ba9adf39a41?s=96&d=mm&r=g\",\"caption\":\"Redacci\u00f3n QP\"},\"url\":\"https:\\\/\\\/quehacerpolitico.mx\\\/?author=2\"}]}<\/script>\n<!-- \/ Yoast SEO plugin. -->","yoast_head_json":{"title":"DIVISI\u00d3N DE INTELIGENCIA DE LA PF SUFRE REV\u00c9S EN CASO UNAM TRAS LIBERACI\u00d3N DE DOS DETENIDOS -","robots":{"index":"index","follow":"follow","max-snippet":"max-snippet:-1","max-image-preview":"max-image-preview:large","max-video-preview":"max-video-preview:-1"},"canonical":"https:\/\/quehacerpolitico.mx\/?p=4209","og_locale":"es_MX","og_type":"article","og_title":"DIVISI\u00d3N DE INTELIGENCIA DE LA PF SUFRE REV\u00c9S EN CASO UNAM TRAS LIBERACI\u00d3N DE DOS DETENIDOS -","og_description":"DIVISI\u00d3N DE INTELIGENCIA DE LA PF SUFRE REV\u00c9S EN CASO UNAM TRAS LIBERACI\u00d3N DE DOS DETENIDOS Por Redacci\u00f3n QP","og_url":"https:\/\/quehacerpolitico.mx\/?p=4209","article_published_time":"2018-09-08T20:07:14+00:00","author":"Redacci\u00f3n QP","twitter_card":"summary_large_image","twitter_misc":{"Escrito por":"Redacci\u00f3n QP","Tiempo de lectura":"2 minutos"},"schema":{"@context":"https:\/\/schema.org","@graph":[{"@type":"Article","@id":"https:\/\/quehacerpolitico.mx\/?p=4209#article","isPartOf":{"@id":"https:\/\/quehacerpolitico.mx\/?p=4209"},"author":{"name":"Redacci\u00f3n QP","@id":"https:\/\/quehacerpolitico.mx\/#\/schema\/person\/496d8ad2d1d3f8036101dca7ee39e585"},"headline":"DIVISI\u00d3N DE INTELIGENCIA DE LA PF SUFRE REV\u00c9S EN CASO UNAM TRAS LIBERACI\u00d3N DE DOS DETENIDOS","datePublished":"2018-09-08T20:07:14+00:00","mainEntityOfPage":{"@id":"https:\/\/quehacerpolitico.mx\/?p=4209"},"wordCount":498,"commentCount":0,"image":{"@id":"https:\/\/quehacerpolitico.mx\/?p=4209#primaryimage"},"thumbnailUrl":"","articleSection":["CDMX"],"inLanguage":"es","potentialAction":[{"@type":"CommentAction","name":"Comment","target":["https:\/\/quehacerpolitico.mx\/?p=4209#respond"]}]},{"@type":"WebPage","@id":"https:\/\/quehacerpolitico.mx\/?p=4209","url":"https:\/\/quehacerpolitico.mx\/?p=4209","name":"DIVISI\u00d3N DE INTELIGENCIA DE LA PF SUFRE REV\u00c9S EN CASO UNAM TRAS LIBERACI\u00d3N DE DOS DETENIDOS -","isPartOf":{"@id":"https:\/\/quehacerpolitico.mx\/#website"},"primaryImageOfPage":{"@id":"https:\/\/quehacerpolitico.mx\/?p=4209#primaryimage"},"image":{"@id":"https:\/\/quehacerpolitico.mx\/?p=4209#primaryimage"},"thumbnailUrl":"","datePublished":"2018-09-08T20:07:14+00:00","author":{"@id":"https:\/\/quehacerpolitico.mx\/#\/schema\/person\/496d8ad2d1d3f8036101dca7ee39e585"},"breadcrumb":{"@id":"https:\/\/quehacerpolitico.mx\/?p=4209#breadcrumb"},"inLanguage":"es","potentialAction":[{"@type":"ReadAction","target":["https:\/\/quehacerpolitico.mx\/?p=4209"]}]},{"@type":"ImageObject","inLanguage":"es","@id":"https:\/\/quehacerpolitico.mx\/?p=4209#primaryimage","url":"","contentUrl":""},{"@type":"BreadcrumbList","@id":"https:\/\/quehacerpolitico.mx\/?p=4209#breadcrumb","itemListElement":[{"@type":"ListItem","position":1,"name":"Inicio","item":"https:\/\/quehacerpolitico.mx\/"},{"@type":"ListItem","position":2,"name":"DIVISI\u00d3N DE INTELIGENCIA DE LA PF SUFRE REV\u00c9S EN CASO UNAM TRAS LIBERACI\u00d3N DE DOS DETENIDOS"}]},{"@type":"WebSite","@id":"https:\/\/quehacerpolitico.mx\/#website","url":"https:\/\/quehacerpolitico.mx\/","name":"","description":"","potentialAction":[{"@type":"SearchAction","target":{"@type":"EntryPoint","urlTemplate":"https:\/\/quehacerpolitico.mx\/?s={search_term_string}"},"query-input":{"@type":"PropertyValueSpecification","valueRequired":true,"valueName":"search_term_string"}}],"inLanguage":"es"},{"@type":"Person","@id":"https:\/\/quehacerpolitico.mx\/#\/schema\/person\/496d8ad2d1d3f8036101dca7ee39e585","name":"Redacci\u00f3n QP","image":{"@type":"ImageObject","inLanguage":"es","@id":"https:\/\/secure.gravatar.com\/avatar\/c7164ed6fdec453195284ad24a5ae5b6e1eed2b848477fa2a4787ba9adf39a41?s=96&d=mm&r=g","url":"https:\/\/secure.gravatar.com\/avatar\/c7164ed6fdec453195284ad24a5ae5b6e1eed2b848477fa2a4787ba9adf39a41?s=96&d=mm&r=g","contentUrl":"https:\/\/secure.gravatar.com\/avatar\/c7164ed6fdec453195284ad24a5ae5b6e1eed2b848477fa2a4787ba9adf39a41?s=96&d=mm&r=g","caption":"Redacci\u00f3n QP"},"url":"https:\/\/quehacerpolitico.mx\/?author=2"}]}},"featured_image_urls":{"full":"","thumbnail":"","medium":"","medium_large":"","large":"","1536x1536":"","2048x2048":"","covernews-featured":"","covernews-medium":""},"author_info":{"display_name":"Redacci\u00f3n QP","author_link":"https:\/\/quehacerpolitico.mx\/?author=2"},"category_info":"<a href=\"https:\/\/quehacerpolitico.mx\/?cat=55\" rel=\"category\">CDMX<\/a>","tag_info":"CDMX","comment_count":"0","_links":{"self":[{"href":"https:\/\/quehacerpolitico.mx\/index.php?rest_route=\/wp\/v2\/posts\/4209","targetHints":{"allow":["GET"]}}],"collection":[{"href":"https:\/\/quehacerpolitico.mx\/index.php?rest_route=\/wp\/v2\/posts"}],"about":[{"href":"https:\/\/quehacerpolitico.mx\/index.php?rest_route=\/wp\/v2\/types\/post"}],"author":[{"embeddable":true,"href":"https:\/\/quehacerpolitico.mx\/index.php?rest_route=\/wp\/v2\/users\/2"}],"replies":[{"embeddable":true,"href":"https:\/\/quehacerpolitico.mx\/index.php?rest_route=%2Fwp%2Fv2%2Fcomments&post=4209"}],"version-history":[{"count":0,"href":"https:\/\/quehacerpolitico.mx\/index.php?rest_route=\/wp\/v2\/posts\/4209\/revisions"}],"wp:featuredmedia":[{"embeddable":true,"href":"https:\/\/quehacerpolitico.mx\/index.php?rest_route=\/"}],"wp:attachment":[{"href":"https:\/\/quehacerpolitico.mx\/index.php?rest_route=%2Fwp%2Fv2%2Fmedia&parent=4209"}],"wp:term":[{"taxonomy":"category","embeddable":true,"href":"https:\/\/quehacerpolitico.mx\/index.php?rest_route=%2Fwp%2Fv2%2Fcategories&post=4209"},{"taxonomy":"post_tag","embeddable":true,"href":"https:\/\/quehacerpolitico.mx\/index.php?rest_route=%2Fwp%2Fv2%2Ftags&post=4209"}],"curies":[{"name":"wp","href":"https:\/\/api.w.org\/{rel}","templated":true}]}}