{"id":4207,"date":"2018-09-08T19:50:39","date_gmt":"2018-09-08T19:50:39","guid":{"rendered":"http:\/\/quehacerpolitico.mx\/unam-exige-a-pgj-cdmx-explicar-por-que-libero-a-2-presuntos-porros-y-se-apegue-a-derecho\/"},"modified":"2018-09-08T19:50:39","modified_gmt":"2018-09-08T19:50:39","slug":"unam-exige-a-pgj-cdmx-explicar-por-que-libero-a-2-presuntos-porros-y-se-apegue-a-derecho","status":"publish","type":"post","link":"https:\/\/quehacerpolitico.mx\/?p=4207","title":{"rendered":"UNAM exige a PGJ-CdMx explicar por qu\u00e9 liber\u00f3 a 2 presuntos porros, y se apegue a Derecho"},"content":{"rendered":"<h3>El lunes 3 de septiembre, alumnos del Colegio de Ciencias y Humanidades (CCH) Azcapotzalco, un centro de educaci\u00f3n media superior de la UNAM, fueron agredidos por un grupo de choque (llamados porros) frente a la Rector\u00eda cuando protestaban para exigir mejoras educativas.<\/h3>\n<h3>Ayer, la Secretar\u00eda de Gobernaci\u00f3n\u00a0anunci\u00f3 la detenci\u00f3n de dos implicados en la agresi\u00f3n a alumnos en la\u00a0Ciudad Universitaria.\u00a0Sin embrago, como \u201cen su detenci\u00f3n no hubo flagrancia ni se tuvo acusaci\u00f3n alguna en su contra\u201d fueron liberados.<\/h3>\n<p>La Universidad Nacional Aut\u00f3noma de M\u00e9xico (UNAM) manifest\u00f3 su \u201casombro y desconcierto\u201d despu\u00e9s de que se diera conocer esta ma\u00f1ana que la Procuradur\u00eda General de Justicia (PGJ) de la Ciudad de M\u00e9xico\u00a0liber\u00f3 a los dos detenidos del d\u00eda de ayer relacionados con los hechos violentos del 3 de septiembre en Ciudad Universitaria.<\/p>\n<blockquote>\n<p>\u201cEsta casa de estudios espera una explicaci\u00f3n a la comunidad universitaria y a la sociedad mexicana por parte de las autoridades correspondientes sobre tal determinaci\u00f3n\u201d, inform\u00f3 en un comunicado.<\/p>\n<\/blockquote>\n<p>La M\u00e1xima Casa de Estudios pidi\u00f3 que los procesos ministeriales y judiciales relacionados con las agresiones contra los alumnos por parte de grupos proclives se lleven a cabo \u201ccon responsabilidad, en estricto apego a Derecho y con la celeridad que la gravedad del caso amerita\u201d.<\/p>\n<p>\u201cLas investigaciones sobre el particular deben ser a fondo y hasta sus \u00faltimas consecuencias para dar castigo a los responsables\u201d, culmin\u00f3.<\/p>\n<div id=\"attachment_3468653\" class=\"wp-caption alignnone\"><img loading=\"lazy\" decoding=\"async\" class=\"size-full wp-image-3468653\" src=\"http:\/\/www.sinembargo.mx\/wp-content\/uploads\/2018\/09\/protesta_cu-2.jpg\" sizes=\"auto, (max-width: 700px) 100vw, 700px\" srcset=\"http:\/\/www.sinembargo.mx\/wp-content\/uploads\/2018\/09\/protesta_cu-2.jpg 700w, http:\/\/www.sinembargo.mx\/wp-content\/uploads\/2018\/09\/protesta_cu-2-300x203.jpg 300w\" alt=\"\" width=\"700\" height=\"474\" \/><\/p>\n<p class=\"wp-caption-text\">Miles de estudiantes realizaron una marcha hacia Rector\u00eda para exigir terminar con los grupos porriles dentro de la uNAM. Foto: Galo Ca\u00f1as, Cuartoscuro<\/p>\n<\/div>\n<p>La PGJ de la Ciudad de M\u00e9xico inform\u00f3 sobre la liberaci\u00f3n de los hombres detenidos el d\u00eda de ayer por los hechos registrados el 3 de septiembre contra la comunidad universitaria.<\/p>\n<blockquote>\n<p>Los hombres, de 27 y 33 a\u00f1os, detenidos por elementos de la Polic\u00eda Federal fueron puestos en libertad debido a que \u201cen su detenci\u00f3n no hubo flagrancia ni se tuvo acusaci\u00f3n alguna en su contra\u201d.<\/p>\n<\/blockquote>\n<p>La PGJ detalla que uno de los detenidos incluso afirm\u00f3 que no estuvo presente en el lugar de los sucesos, y especifica que no se le ve en ninguno de los videos que se han difundido.<\/p>\n<p>La dependencia especifica que el otro de los detenidos, el cual s\u00ed sale en los videos compartidos por los alumnos de la UNAM, no realiza agresi\u00f3n alguna.<\/p>\n<blockquote>\n<p>\u201cEn el mismo an\u00e1lisis del material videogr\u00e1fico presentado como indicio, no se observa agresi\u00f3n alguna por parte de los presentados hacia los manifestantes\u201d, se lee en el comunicado.<\/p>\n<\/blockquote>\n<p>Finalmente informa que los presentados aportaron datos contundentes para continuar con la investigaci\u00f3n y dar con los responsables de la agresi\u00f3n contra los estudiantes de la M\u00e1xima Casa de Estudios.<\/p>\n<div id=\"attachment_3468519\" class=\"wp-caption alignnone\"><img loading=\"lazy\" decoding=\"async\" class=\"size-full wp-image-3468519\" src=\"http:\/\/www.sinembargo.mx\/wp-content\/uploads\/2018\/09\/erick-y-joel-1.jpg\" sizes=\"auto, (max-width: 700px) 100vw, 700px\" srcset=\"http:\/\/www.sinembargo.mx\/wp-content\/uploads\/2018\/09\/erick-y-joel-1.jpg 700w, http:\/\/www.sinembargo.mx\/wp-content\/uploads\/2018\/09\/erick-y-joel-1-300x209.jpg 300w\" alt=\"\" width=\"700\" height=\"488\" \/><\/p>\n<p class=\"wp-caption-text\">Erik y Joel, de 33 y 27 a\u00f1os, fueron aprendidos el ayer por supuestamente estar relacionados con los hechos violentos en CU, de la UNAM. Foto: Especial<\/p>\n<\/div>\n<p>La tarde de este viernes, la\u00a0Secretar\u00eda de Gobernaci\u00f3n (Segob)\u00a0anunci\u00f3 la detenci\u00f3n de dos implicados en la agresi\u00f3n a alumnos en la\u00a0Ciudad Universitaria.<\/p>\n<p>De acuerdo con informaci\u00f3n oficial, uno de los aprehendidos aparece en los videos que circularon en las redes sociales; el segundo fue identificado por testigos.<\/p>\n<p>De acuerdo con informaci\u00f3n oficial, uno de los aprehendidos aparece en los videos que circularon en las redes sociales; el segundo fue identificado por testigos.<\/p>\n<blockquote>\n<p>\u201cEl d\u00eda de hoy, elementos de la PF, adscritos a la Unidad de Inteligencia, lograron ubicar a dos personas que presumiblemente participaron en las agresiones del pasado 3 de septiembre en contra del colegio de CCH Azcapotzalco\u201d, inform\u00f3 \u00a0Alfonso Navarrete Prida.<\/p>\n<\/blockquote>\n<p>La\u00a0Comisi\u00f3n Especial de Seguridad del Consejo Universitario de la UNAM\u00a0hizo un llamado a estudiantes\u00a0al p\u00fablico en general para que aporten testimonios, gr\u00e1ficos o videos, sobre los hechos sucedidos el pasado lunes en la explanada de\u00a0Rector\u00eda.<\/p>\n<section class=\"post-content\">\n<p>Las personas que tengan material podr\u00e1n enviarlo a\u00a0el correo electr\u00f3nico comision_especial_seguridad@unam.mx,\u00a0para que se agreguen a la investigaci\u00f3n sobre la actuaci\u00f3n de los elementos de vigilancia de la\u00a0Universidad, presentes en la agresi\u00f3n de porros contra alumnos universitarios.<\/p>\n<p>Las fiscal\u00edas de Ciudad de M\u00e9xico y la general de la Rep\u00fablica discreparon ayer respecto a las investigaciones sobre los hechos del lunes pasado en la UNAM, donde estudiantes que se manifestaban fueron atacados.<\/p>\n<p>La Procuradur\u00eda General de Justicia de Ciudad de M\u00e9xico dijo hoy que respeta, pero no comparte los criterios y la decisi\u00f3n de la Procuradur\u00eda General de la Rep\u00fablica (PGR) de devolverle la investigaci\u00f3n sobre los hechos.<\/p>\n<\/section>\n","protected":false},"excerpt":{"rendered":"<p>UNAM exige a PGJ-CdMx explicar por qu\u00e9 liber\u00f3 a 2 presuntos porros, y se apegue a Derecho<br \/>\nPor Redacci\u00f3n QP<\/p>\n","protected":false},"author":2,"featured_media":4206,"comment_status":"open","ping_status":"open","sticky":false,"template":"","format":"standard","meta":{"_monsterinsights_skip_tracking":false,"_monsterinsights_sitenote_active":false,"_monsterinsights_sitenote_note":"","_monsterinsights_sitenote_category":0,"footnotes":""},"categories":[55],"tags":[],"class_list":["post-4207","post","type-post","status-publish","format-standard","has-post-thumbnail","hentry","category-cdmx"],"yoast_head":"<!-- This site is optimized with the Yoast SEO plugin v27.3 - https:\/\/yoast.com\/product\/yoast-seo-wordpress\/ -->\n<title>UNAM exige a PGJ-CdMx explicar por qu\u00e9 liber\u00f3 a 2 presuntos porros, y se apegue a Derecho -<\/title>\n<meta name=\"robots\" content=\"index, follow, max-snippet:-1, max-image-preview:large, max-video-preview:-1\" \/>\n<link rel=\"canonical\" href=\"https:\/\/quehacerpolitico.mx\/?p=4207\" \/>\n<meta property=\"og:locale\" content=\"es_MX\" \/>\n<meta property=\"og:type\" content=\"article\" \/>\n<meta property=\"og:title\" content=\"UNAM exige a PGJ-CdMx explicar por qu\u00e9 liber\u00f3 a 2 presuntos porros, y se apegue a Derecho -\" \/>\n<meta property=\"og:description\" content=\"UNAM exige a PGJ-CdMx explicar por qu\u00e9 liber\u00f3 a 2 presuntos porros, y se apegue a Derecho Por Redacci\u00f3n QP\" \/>\n<meta property=\"og:url\" content=\"https:\/\/quehacerpolitico.mx\/?p=4207\" \/>\n<meta property=\"article:published_time\" content=\"2018-09-08T19:50:39+00:00\" \/>\n<meta name=\"author\" content=\"Redacci\u00f3n QP\" \/>\n<meta name=\"twitter:card\" content=\"summary_large_image\" \/>\n<meta name=\"twitter:label1\" content=\"Escrito por\" \/>\n\t<meta name=\"twitter:data1\" content=\"Redacci\u00f3n QP\" \/>\n\t<meta name=\"twitter:label2\" content=\"Tiempo de lectura\" \/>\n\t<meta name=\"twitter:data2\" content=\"4 minutos\" \/>\n<script type=\"application\/ld+json\" class=\"yoast-schema-graph\">{\"@context\":\"https:\\\/\\\/schema.org\",\"@graph\":[{\"@type\":\"Article\",\"@id\":\"https:\\\/\\\/quehacerpolitico.mx\\\/?p=4207#article\",\"isPartOf\":{\"@id\":\"https:\\\/\\\/quehacerpolitico.mx\\\/?p=4207\"},\"author\":{\"name\":\"Redacci\u00f3n QP\",\"@id\":\"https:\\\/\\\/quehacerpolitico.mx\\\/#\\\/schema\\\/person\\\/496d8ad2d1d3f8036101dca7ee39e585\"},\"headline\":\"UNAM exige a PGJ-CdMx explicar por qu\u00e9 liber\u00f3 a 2 presuntos porros, y se apegue a Derecho\",\"datePublished\":\"2018-09-08T19:50:39+00:00\",\"mainEntityOfPage\":{\"@id\":\"https:\\\/\\\/quehacerpolitico.mx\\\/?p=4207\"},\"wordCount\":802,\"commentCount\":0,\"image\":{\"@id\":\"https:\\\/\\\/quehacerpolitico.mx\\\/?p=4207#primaryimage\"},\"thumbnailUrl\":\"\",\"articleSection\":[\"CDMX\"],\"inLanguage\":\"es\",\"potentialAction\":[{\"@type\":\"CommentAction\",\"name\":\"Comment\",\"target\":[\"https:\\\/\\\/quehacerpolitico.mx\\\/?p=4207#respond\"]}]},{\"@type\":\"WebPage\",\"@id\":\"https:\\\/\\\/quehacerpolitico.mx\\\/?p=4207\",\"url\":\"https:\\\/\\\/quehacerpolitico.mx\\\/?p=4207\",\"name\":\"UNAM exige a PGJ-CdMx explicar por qu\u00e9 liber\u00f3 a 2 presuntos porros, y se apegue a Derecho -\",\"isPartOf\":{\"@id\":\"https:\\\/\\\/quehacerpolitico.mx\\\/#website\"},\"primaryImageOfPage\":{\"@id\":\"https:\\\/\\\/quehacerpolitico.mx\\\/?p=4207#primaryimage\"},\"image\":{\"@id\":\"https:\\\/\\\/quehacerpolitico.mx\\\/?p=4207#primaryimage\"},\"thumbnailUrl\":\"\",\"datePublished\":\"2018-09-08T19:50:39+00:00\",\"author\":{\"@id\":\"https:\\\/\\\/quehacerpolitico.mx\\\/#\\\/schema\\\/person\\\/496d8ad2d1d3f8036101dca7ee39e585\"},\"breadcrumb\":{\"@id\":\"https:\\\/\\\/quehacerpolitico.mx\\\/?p=4207#breadcrumb\"},\"inLanguage\":\"es\",\"potentialAction\":[{\"@type\":\"ReadAction\",\"target\":[\"https:\\\/\\\/quehacerpolitico.mx\\\/?p=4207\"]}]},{\"@type\":\"ImageObject\",\"inLanguage\":\"es\",\"@id\":\"https:\\\/\\\/quehacerpolitico.mx\\\/?p=4207#primaryimage\",\"url\":\"\",\"contentUrl\":\"\"},{\"@type\":\"BreadcrumbList\",\"@id\":\"https:\\\/\\\/quehacerpolitico.mx\\\/?p=4207#breadcrumb\",\"itemListElement\":[{\"@type\":\"ListItem\",\"position\":1,\"name\":\"Inicio\",\"item\":\"https:\\\/\\\/quehacerpolitico.mx\\\/\"},{\"@type\":\"ListItem\",\"position\":2,\"name\":\"UNAM exige a PGJ-CdMx explicar por qu\u00e9 liber\u00f3 a 2 presuntos porros, y se apegue a Derecho\"}]},{\"@type\":\"WebSite\",\"@id\":\"https:\\\/\\\/quehacerpolitico.mx\\\/#website\",\"url\":\"https:\\\/\\\/quehacerpolitico.mx\\\/\",\"name\":\"\",\"description\":\"\",\"potentialAction\":[{\"@type\":\"SearchAction\",\"target\":{\"@type\":\"EntryPoint\",\"urlTemplate\":\"https:\\\/\\\/quehacerpolitico.mx\\\/?s={search_term_string}\"},\"query-input\":{\"@type\":\"PropertyValueSpecification\",\"valueRequired\":true,\"valueName\":\"search_term_string\"}}],\"inLanguage\":\"es\"},{\"@type\":\"Person\",\"@id\":\"https:\\\/\\\/quehacerpolitico.mx\\\/#\\\/schema\\\/person\\\/496d8ad2d1d3f8036101dca7ee39e585\",\"name\":\"Redacci\u00f3n QP\",\"image\":{\"@type\":\"ImageObject\",\"inLanguage\":\"es\",\"@id\":\"https:\\\/\\\/secure.gravatar.com\\\/avatar\\\/c7164ed6fdec453195284ad24a5ae5b6e1eed2b848477fa2a4787ba9adf39a41?s=96&d=mm&r=g\",\"url\":\"https:\\\/\\\/secure.gravatar.com\\\/avatar\\\/c7164ed6fdec453195284ad24a5ae5b6e1eed2b848477fa2a4787ba9adf39a41?s=96&d=mm&r=g\",\"contentUrl\":\"https:\\\/\\\/secure.gravatar.com\\\/avatar\\\/c7164ed6fdec453195284ad24a5ae5b6e1eed2b848477fa2a4787ba9adf39a41?s=96&d=mm&r=g\",\"caption\":\"Redacci\u00f3n QP\"},\"url\":\"https:\\\/\\\/quehacerpolitico.mx\\\/?author=2\"}]}<\/script>\n<!-- \/ Yoast SEO plugin. -->","yoast_head_json":{"title":"UNAM exige a PGJ-CdMx explicar por qu\u00e9 liber\u00f3 a 2 presuntos porros, y se apegue a Derecho -","robots":{"index":"index","follow":"follow","max-snippet":"max-snippet:-1","max-image-preview":"max-image-preview:large","max-video-preview":"max-video-preview:-1"},"canonical":"https:\/\/quehacerpolitico.mx\/?p=4207","og_locale":"es_MX","og_type":"article","og_title":"UNAM exige a PGJ-CdMx explicar por qu\u00e9 liber\u00f3 a 2 presuntos porros, y se apegue a Derecho -","og_description":"UNAM exige a PGJ-CdMx explicar por qu\u00e9 liber\u00f3 a 2 presuntos porros, y se apegue a Derecho Por Redacci\u00f3n QP","og_url":"https:\/\/quehacerpolitico.mx\/?p=4207","article_published_time":"2018-09-08T19:50:39+00:00","author":"Redacci\u00f3n QP","twitter_card":"summary_large_image","twitter_misc":{"Escrito por":"Redacci\u00f3n QP","Tiempo de lectura":"4 minutos"},"schema":{"@context":"https:\/\/schema.org","@graph":[{"@type":"Article","@id":"https:\/\/quehacerpolitico.mx\/?p=4207#article","isPartOf":{"@id":"https:\/\/quehacerpolitico.mx\/?p=4207"},"author":{"name":"Redacci\u00f3n QP","@id":"https:\/\/quehacerpolitico.mx\/#\/schema\/person\/496d8ad2d1d3f8036101dca7ee39e585"},"headline":"UNAM exige a PGJ-CdMx explicar por qu\u00e9 liber\u00f3 a 2 presuntos porros, y se apegue a Derecho","datePublished":"2018-09-08T19:50:39+00:00","mainEntityOfPage":{"@id":"https:\/\/quehacerpolitico.mx\/?p=4207"},"wordCount":802,"commentCount":0,"image":{"@id":"https:\/\/quehacerpolitico.mx\/?p=4207#primaryimage"},"thumbnailUrl":"","articleSection":["CDMX"],"inLanguage":"es","potentialAction":[{"@type":"CommentAction","name":"Comment","target":["https:\/\/quehacerpolitico.mx\/?p=4207#respond"]}]},{"@type":"WebPage","@id":"https:\/\/quehacerpolitico.mx\/?p=4207","url":"https:\/\/quehacerpolitico.mx\/?p=4207","name":"UNAM exige a PGJ-CdMx explicar por qu\u00e9 liber\u00f3 a 2 presuntos porros, y se apegue a Derecho -","isPartOf":{"@id":"https:\/\/quehacerpolitico.mx\/#website"},"primaryImageOfPage":{"@id":"https:\/\/quehacerpolitico.mx\/?p=4207#primaryimage"},"image":{"@id":"https:\/\/quehacerpolitico.mx\/?p=4207#primaryimage"},"thumbnailUrl":"","datePublished":"2018-09-08T19:50:39+00:00","author":{"@id":"https:\/\/quehacerpolitico.mx\/#\/schema\/person\/496d8ad2d1d3f8036101dca7ee39e585"},"breadcrumb":{"@id":"https:\/\/quehacerpolitico.mx\/?p=4207#breadcrumb"},"inLanguage":"es","potentialAction":[{"@type":"ReadAction","target":["https:\/\/quehacerpolitico.mx\/?p=4207"]}]},{"@type":"ImageObject","inLanguage":"es","@id":"https:\/\/quehacerpolitico.mx\/?p=4207#primaryimage","url":"","contentUrl":""},{"@type":"BreadcrumbList","@id":"https:\/\/quehacerpolitico.mx\/?p=4207#breadcrumb","itemListElement":[{"@type":"ListItem","position":1,"name":"Inicio","item":"https:\/\/quehacerpolitico.mx\/"},{"@type":"ListItem","position":2,"name":"UNAM exige a PGJ-CdMx explicar por qu\u00e9 liber\u00f3 a 2 presuntos porros, y se apegue a Derecho"}]},{"@type":"WebSite","@id":"https:\/\/quehacerpolitico.mx\/#website","url":"https:\/\/quehacerpolitico.mx\/","name":"","description":"","potentialAction":[{"@type":"SearchAction","target":{"@type":"EntryPoint","urlTemplate":"https:\/\/quehacerpolitico.mx\/?s={search_term_string}"},"query-input":{"@type":"PropertyValueSpecification","valueRequired":true,"valueName":"search_term_string"}}],"inLanguage":"es"},{"@type":"Person","@id":"https:\/\/quehacerpolitico.mx\/#\/schema\/person\/496d8ad2d1d3f8036101dca7ee39e585","name":"Redacci\u00f3n QP","image":{"@type":"ImageObject","inLanguage":"es","@id":"https:\/\/secure.gravatar.com\/avatar\/c7164ed6fdec453195284ad24a5ae5b6e1eed2b848477fa2a4787ba9adf39a41?s=96&d=mm&r=g","url":"https:\/\/secure.gravatar.com\/avatar\/c7164ed6fdec453195284ad24a5ae5b6e1eed2b848477fa2a4787ba9adf39a41?s=96&d=mm&r=g","contentUrl":"https:\/\/secure.gravatar.com\/avatar\/c7164ed6fdec453195284ad24a5ae5b6e1eed2b848477fa2a4787ba9adf39a41?s=96&d=mm&r=g","caption":"Redacci\u00f3n QP"},"url":"https:\/\/quehacerpolitico.mx\/?author=2"}]}},"featured_image_urls":{"full":"","thumbnail":"","medium":"","medium_large":"","large":"","1536x1536":"","2048x2048":"","covernews-featured":"","covernews-medium":""},"author_info":{"display_name":"Redacci\u00f3n QP","author_link":"https:\/\/quehacerpolitico.mx\/?author=2"},"category_info":"<a href=\"https:\/\/quehacerpolitico.mx\/?cat=55\" rel=\"category\">CDMX<\/a>","tag_info":"CDMX","comment_count":"0","_links":{"self":[{"href":"https:\/\/quehacerpolitico.mx\/index.php?rest_route=\/wp\/v2\/posts\/4207","targetHints":{"allow":["GET"]}}],"collection":[{"href":"https:\/\/quehacerpolitico.mx\/index.php?rest_route=\/wp\/v2\/posts"}],"about":[{"href":"https:\/\/quehacerpolitico.mx\/index.php?rest_route=\/wp\/v2\/types\/post"}],"author":[{"embeddable":true,"href":"https:\/\/quehacerpolitico.mx\/index.php?rest_route=\/wp\/v2\/users\/2"}],"replies":[{"embeddable":true,"href":"https:\/\/quehacerpolitico.mx\/index.php?rest_route=%2Fwp%2Fv2%2Fcomments&post=4207"}],"version-history":[{"count":0,"href":"https:\/\/quehacerpolitico.mx\/index.php?rest_route=\/wp\/v2\/posts\/4207\/revisions"}],"wp:featuredmedia":[{"embeddable":true,"href":"https:\/\/quehacerpolitico.mx\/index.php?rest_route=\/"}],"wp:attachment":[{"href":"https:\/\/quehacerpolitico.mx\/index.php?rest_route=%2Fwp%2Fv2%2Fmedia&parent=4207"}],"wp:term":[{"taxonomy":"category","embeddable":true,"href":"https:\/\/quehacerpolitico.mx\/index.php?rest_route=%2Fwp%2Fv2%2Fcategories&post=4207"},{"taxonomy":"post_tag","embeddable":true,"href":"https:\/\/quehacerpolitico.mx\/index.php?rest_route=%2Fwp%2Fv2%2Ftags&post=4207"}],"curies":[{"name":"wp","href":"https:\/\/api.w.org\/{rel}","templated":true}]}}