{"id":42065,"date":"2019-10-21T13:32:39","date_gmt":"2019-10-21T13:32:39","guid":{"rendered":"http:\/\/quehacerpolitico.mx\/internacionales-carolina-alonso-romei-chile-esta-en-guerra-contra-un-enemigo-poderoso-e-implacable-sebastian-pinera\/"},"modified":"2019-10-21T13:32:39","modified_gmt":"2019-10-21T13:32:39","slug":"internacionales-carolina-alonso-romei-chile-esta-en-guerra-contra-un-enemigo-poderoso-e-implacable-sebastian-pinera","status":"publish","type":"post","link":"https:\/\/quehacerpolitico.mx\/?p=42065","title":{"rendered":"Internacionales\/\/\/Carolina Alonso Romei\/\/\/\u201cCHILE EST\u00c1 EN GUERRA CONTRA UN ENEMIGO PODEROSO E IMPLACABLE\u201d: SEBASTI\u00c1N PI\u00d1ERA"},"content":{"rendered":"<h1 class=\"amp-wp-title\">\u201cCHILE EST\u00c1 EN GUERRA CONTRA UN ENEMIGO PODEROSO E IMPLACABLE\u201d: SEBASTI\u00c1N PI\u00d1ERA<br \/>Por Carolina Alonso Romei\u00a0<\/h1>\n<p>Internacionalista\u00a0<\/p>\n<p>El mandatario explic\u00f3 que, Santiago y otras nueve regiones de las 16 que conforman Chile, se encuentran en estado de emergencia bajo el resguardo de unos nueve mil 500 militares y polic\u00edas<\/p>\n<p><strong>Chile<\/strong> est\u00e1 \u2018en guerra\u2019, as\u00ed lo afirm\u00f3 este domingo el presidente <strong>Sebasti\u00e1n Pi\u00f1era<\/strong>, cuyo pa\u00eds es sacudido desde hace tres d\u00edas por <strong>manifestaciones violentas y saqueos<\/strong> que han dejado siete muertos y casi mil 500 detenidos, el peor <strong>estallido social<\/strong> en m\u00e1s de tres d\u00e9cadas.<\/p>\n<blockquote>\n<p>Estamos en guerra contra un enemigo poderoso, implecable, que no respeta a nada ni a nadie y que est\u00e1 dispuesto a usar la violencia y la delincuencia sin ning\u00fan l\u00edmite\u201d, dijo Pi\u00f1era a periodistas luego de reunirse durante una hora con el general de Ej\u00e9rcito Javier Iturriaga, quien tiene a cargo el orden y seguridad de Santiago durante la coyuntura.<\/p>\n<\/blockquote>\n<p>El mandatario explic\u00f3 que, <strong>Santiago<\/strong> y otras nueve regiones de las 16 que conforman Chile, se encuentran en estado de emergencia bajo el resguardo de unos nueve mil 500 militares y polic\u00edas, y confirm\u00f3 que este lunes, primer d\u00eda laboral luego de tres d\u00edas de disturbios, se abrir\u00e1n 27 estaciones de la l\u00ednea 1, una de las siete que conforman el subterr\u00e1neo capitalino.<\/p>\n<p>Antecede que el metro fue cerrado desde el viernes pasado, luego que 78 de sus estaciones y vagones sufrieron destrozos valorados en m\u00e1s de 300 millones de d\u00f3lares por la empresa estatal.<\/p>\n<p>Por su parte, el ministro del Interior, Andr\u00e9s Chadwick, confirm\u00f3 la muerte de siete personas, todas en saqueos: dos en el incendio de un supermercado y cinco en una f\u00e1brica textil.<\/p>\n<p>La situaci\u00f3n en Santiago provoc\u00f3 la cancelaci\u00f3n de cientos de vuelos en el aeropuerto, mientras miles de personas esperaban varados en las terminales.<\/p>\n<p>Estudiantes llamaron a nuevas movilizaciones para este lunes y se prev\u00e9 una gran dificultad en los traslados.<\/p>\n<p>El centro de Santiago ofrec\u00eda im\u00e1genes dantescas de destrucci\u00f3n, con sem\u00e1foros en el suelo, restos de autobuses quemados, comercios saqueados y miles de piedras y palos sobre las calles.<\/p>\n<blockquote>\n<p>Es muy triste todo lo que est\u00e1 pasando, pero la gente est\u00e1 indignada porque no la escuchan\u201d, dijo Antonia a la agencia AFP.<\/p>\n<\/blockquote>\n<p>El saldo de estas revueltas sociales sin precedentes desde el retorno a la democracia en Chile, en 1990, sumaba este domingo 70 hechos de violencia graves, entre ellos 40 saqueos, seg\u00fan Chadwick, que obligaron a los vecinos a organizarse para proteger sus casas.<\/p>\n<p>Dos personas fueron gravemente heridas de bala en un incidente con una patrulla militar de madrugada y la Fiscal\u00eda inform\u00f3 de mil 462 detenidos.<\/p>\n<p><iframe loading=\"lazy\" title=\"Protestas y saqueos en un Chile desbordado de furia | AFP\" width=\"640\" height=\"360\" src=\"https:\/\/www.youtube.com\/embed\/sk0ComrpHj0?feature=oembed\" frameborder=\"0\" allow=\"accelerometer; autoplay; clipboard-write; encrypted-media; gyroscope; picture-in-picture; web-share\" referrerpolicy=\"strict-origin-when-cross-origin\" allowfullscreen><\/iframe><\/p>\n<p>Ante la virulencia de los incidentes, las autoridades decretaron por segundo d\u00eda un toque de queda, aunque adelantaron el inicio de la medida para las 19:00 horas, locales (22:00 GMT), en medio del estado de emergencia.<\/p>\n<blockquote>\n<p>Est\u00e9n en calma y est\u00e9n todos en sus casas\u201d, inst\u00f3 al anunciar la medida el general Iturriaga.<\/p>\n<p>Las manifestaciones estallaron por el aumento del precio del pasaje del metro, medida que el gobierno luego revirti\u00f3, y que eran inimaginables hasta hace solo algunos d\u00edas, cuando Pi\u00f1era se refer\u00eda a su pa\u00eds como un \u201coasis\u201d de estabilidad.<\/p>\n<p>En ese contexto, los tres poderes del Estado buscaron dar una se\u00f1al de unidad con un encuentro este domingo entre sus m\u00e1ximos exponentes en el palacio presidencial de La Moneda.<\/p>\n<blockquote>\n<p>La democracia no solamente tiene el derecho, tiene la obligaci\u00f3n de defenderse usando todos los instrumentos que entrega la propia democracia y el estado de derecho para combatir a aquellos que quieren destruirla\u201d, dijo Pi\u00f1era tras la reuni\u00f3n.<\/p>\n<\/blockquote>\n<p>Manifestantes encapuchados se enfrentaron durante casi todo el d\u00eda con efectivos policiales en la c\u00e9ntrica Plaza Italia de Santiago, fuertemente resguardada por polic\u00edas y militares.<\/p>\n<p>Pero en el barrio de \u00d1u\u00f1oa, unas cinco mil personas se manifestaron pac\u00edficamente por varias horas, con c\u00e1nticos festivos y gritos en contra del gobierno de Pi\u00f1era. Muchos, incluso, desafiaron el toque de queda y siguieron manifest\u00e1ndose.<\/p>\n<p>Si el disparador fue el aumento de la tarifa del metro, las protestas se hicieron eco de otras reivindicaciones en una sociedad que incuba desde hace a\u00f1os un gran descontento, y se fueron extendiendo a otras ciudades como Valpara\u00edso y Concepci\u00f3n.<\/p>\n<p>Al grito de <strong>\u201cbasta de abusos\u201d<\/strong> y con la consigna <strong>\u201cChileDespert\u00f3\u201d<\/strong> en las redes sociales, los manifestantes reclaman contra un modelo econ\u00f3mico en el que el acceso a la salud y a la educaci\u00f3n es pr\u00e1cticamente privado, con una alta desigualdad social, bajas pensiones y un alza de los servicios b\u00e1sicos.<\/p>\n<p>En los peque\u00f1os comercios que decidieron abrir y en algunas gasolineras hab\u00eda, extensas filas para abastecerse de v\u00edveres y combustible ante el temor de que se genere desabastecimiento.<\/p>\n<p>Los taxis y las diversas aplicaciones m\u00f3viles de transporte, cuyas tarifas estaban por las nubes, eran por lo pronto pr\u00e1cticamente la \u00fanica forma de movilizarse en esta ciudad de siete millones de habitantes que tiene previsto acoger a mediados de noviembre la cumbre de l\u00edderes del Foro de Cooperaci\u00f3n del Asia Pac\u00edfico (APEC) y en diciembre la cumbre del clima de la ONU COP 25.<\/p>\n<p>Con informaci\u00f3n de AFP<\/p>\n<\/blockquote>\n","protected":false},"excerpt":{"rendered":"<p>\u201cCHILE EST\u00c1 EN GUERRA CONTRA UN ENEMIGO PODEROSO E IMPLACABLE\u201d: SEBASTI\u00c1N PI\u00d1ERA<br \/>\nPor Carolina Alonso Romei<br \/>\nInternacionalista<\/p>\n","protected":false},"author":2,"featured_media":42064,"comment_status":"open","ping_status":"open","sticky":false,"template":"","format":"standard","meta":{"_monsterinsights_skip_tracking":false,"_monsterinsights_sitenote_active":false,"_monsterinsights_sitenote_note":"","_monsterinsights_sitenote_category":0,"footnotes":""},"categories":[1],"tags":[],"class_list":["post-42065","post","type-post","status-publish","format-standard","has-post-thumbnail","hentry","category-sin-categoria"],"yoast_head":"<!-- This site is optimized with the Yoast SEO plugin v27.3 - https:\/\/yoast.com\/product\/yoast-seo-wordpress\/ -->\n<title>Internacionales\/\/\/Carolina Alonso Romei\/\/\/\u201cCHILE EST\u00c1 EN GUERRA CONTRA UN ENEMIGO PODEROSO E IMPLACABLE\u201d: SEBASTI\u00c1N PI\u00d1ERA -<\/title>\n<meta name=\"robots\" content=\"index, follow, max-snippet:-1, max-image-preview:large, max-video-preview:-1\" \/>\n<link rel=\"canonical\" href=\"https:\/\/quehacerpolitico.mx\/?p=42065\" \/>\n<meta property=\"og:locale\" content=\"es_MX\" \/>\n<meta property=\"og:type\" content=\"article\" \/>\n<meta property=\"og:title\" content=\"Internacionales\/\/\/Carolina Alonso Romei\/\/\/\u201cCHILE EST\u00c1 EN GUERRA CONTRA UN ENEMIGO PODEROSO E IMPLACABLE\u201d: SEBASTI\u00c1N PI\u00d1ERA -\" \/>\n<meta property=\"og:description\" content=\"\u201cCHILE EST\u00c1 EN GUERRA CONTRA UN ENEMIGO PODEROSO E IMPLACABLE\u201d: SEBASTI\u00c1N PI\u00d1ERA Por Carolina Alonso Romei Internacionalista\" \/>\n<meta property=\"og:url\" content=\"https:\/\/quehacerpolitico.mx\/?p=42065\" \/>\n<meta property=\"article:published_time\" content=\"2019-10-21T13:32:39+00:00\" \/>\n<meta name=\"author\" content=\"Redacci\u00f3n QP\" \/>\n<meta name=\"twitter:card\" content=\"summary_large_image\" \/>\n<meta name=\"twitter:label1\" content=\"Escrito por\" \/>\n\t<meta name=\"twitter:data1\" content=\"Redacci\u00f3n QP\" \/>\n\t<meta name=\"twitter:label2\" content=\"Tiempo de lectura\" \/>\n\t<meta name=\"twitter:data2\" content=\"5 minutos\" \/>\n<script type=\"application\/ld+json\" class=\"yoast-schema-graph\">{\"@context\":\"https:\\\/\\\/schema.org\",\"@graph\":[{\"@type\":\"Article\",\"@id\":\"https:\\\/\\\/quehacerpolitico.mx\\\/?p=42065#article\",\"isPartOf\":{\"@id\":\"https:\\\/\\\/quehacerpolitico.mx\\\/?p=42065\"},\"author\":{\"name\":\"Redacci\u00f3n QP\",\"@id\":\"https:\\\/\\\/quehacerpolitico.mx\\\/#\\\/schema\\\/person\\\/496d8ad2d1d3f8036101dca7ee39e585\"},\"headline\":\"Internacionales\\\/\\\/\\\/Carolina Alonso Romei\\\/\\\/\\\/\u201cCHILE EST\u00c1 EN GUERRA CONTRA UN ENEMIGO PODEROSO E IMPLACABLE\u201d: SEBASTI\u00c1N PI\u00d1ERA\",\"datePublished\":\"2019-10-21T13:32:39+00:00\",\"mainEntityOfPage\":{\"@id\":\"https:\\\/\\\/quehacerpolitico.mx\\\/?p=42065\"},\"wordCount\":923,\"commentCount\":0,\"image\":{\"@id\":\"https:\\\/\\\/quehacerpolitico.mx\\\/?p=42065#primaryimage\"},\"thumbnailUrl\":\"\",\"articleSection\":[\"Internacionales\"],\"inLanguage\":\"es\",\"potentialAction\":[{\"@type\":\"CommentAction\",\"name\":\"Comment\",\"target\":[\"https:\\\/\\\/quehacerpolitico.mx\\\/?p=42065#respond\"]}]},{\"@type\":\"WebPage\",\"@id\":\"https:\\\/\\\/quehacerpolitico.mx\\\/?p=42065\",\"url\":\"https:\\\/\\\/quehacerpolitico.mx\\\/?p=42065\",\"name\":\"Internacionales\\\/\\\/\\\/Carolina Alonso Romei\\\/\\\/\\\/\u201cCHILE EST\u00c1 EN GUERRA CONTRA UN ENEMIGO PODEROSO E IMPLACABLE\u201d: SEBASTI\u00c1N PI\u00d1ERA -\",\"isPartOf\":{\"@id\":\"https:\\\/\\\/quehacerpolitico.mx\\\/#website\"},\"primaryImageOfPage\":{\"@id\":\"https:\\\/\\\/quehacerpolitico.mx\\\/?p=42065#primaryimage\"},\"image\":{\"@id\":\"https:\\\/\\\/quehacerpolitico.mx\\\/?p=42065#primaryimage\"},\"thumbnailUrl\":\"\",\"datePublished\":\"2019-10-21T13:32:39+00:00\",\"author\":{\"@id\":\"https:\\\/\\\/quehacerpolitico.mx\\\/#\\\/schema\\\/person\\\/496d8ad2d1d3f8036101dca7ee39e585\"},\"breadcrumb\":{\"@id\":\"https:\\\/\\\/quehacerpolitico.mx\\\/?p=42065#breadcrumb\"},\"inLanguage\":\"es\",\"potentialAction\":[{\"@type\":\"ReadAction\",\"target\":[\"https:\\\/\\\/quehacerpolitico.mx\\\/?p=42065\"]}]},{\"@type\":\"ImageObject\",\"inLanguage\":\"es\",\"@id\":\"https:\\\/\\\/quehacerpolitico.mx\\\/?p=42065#primaryimage\",\"url\":\"\",\"contentUrl\":\"\"},{\"@type\":\"BreadcrumbList\",\"@id\":\"https:\\\/\\\/quehacerpolitico.mx\\\/?p=42065#breadcrumb\",\"itemListElement\":[{\"@type\":\"ListItem\",\"position\":1,\"name\":\"Inicio\",\"item\":\"https:\\\/\\\/quehacerpolitico.mx\\\/\"},{\"@type\":\"ListItem\",\"position\":2,\"name\":\"Internacionales\\\/\\\/\\\/Carolina Alonso Romei\\\/\\\/\\\/\u201cCHILE EST\u00c1 EN GUERRA CONTRA UN ENEMIGO PODEROSO E IMPLACABLE\u201d: SEBASTI\u00c1N PI\u00d1ERA\"}]},{\"@type\":\"WebSite\",\"@id\":\"https:\\\/\\\/quehacerpolitico.mx\\\/#website\",\"url\":\"https:\\\/\\\/quehacerpolitico.mx\\\/\",\"name\":\"\",\"description\":\"\",\"potentialAction\":[{\"@type\":\"SearchAction\",\"target\":{\"@type\":\"EntryPoint\",\"urlTemplate\":\"https:\\\/\\\/quehacerpolitico.mx\\\/?s={search_term_string}\"},\"query-input\":{\"@type\":\"PropertyValueSpecification\",\"valueRequired\":true,\"valueName\":\"search_term_string\"}}],\"inLanguage\":\"es\"},{\"@type\":\"Person\",\"@id\":\"https:\\\/\\\/quehacerpolitico.mx\\\/#\\\/schema\\\/person\\\/496d8ad2d1d3f8036101dca7ee39e585\",\"name\":\"Redacci\u00f3n QP\",\"image\":{\"@type\":\"ImageObject\",\"inLanguage\":\"es\",\"@id\":\"https:\\\/\\\/secure.gravatar.com\\\/avatar\\\/c7164ed6fdec453195284ad24a5ae5b6e1eed2b848477fa2a4787ba9adf39a41?s=96&d=mm&r=g\",\"url\":\"https:\\\/\\\/secure.gravatar.com\\\/avatar\\\/c7164ed6fdec453195284ad24a5ae5b6e1eed2b848477fa2a4787ba9adf39a41?s=96&d=mm&r=g\",\"contentUrl\":\"https:\\\/\\\/secure.gravatar.com\\\/avatar\\\/c7164ed6fdec453195284ad24a5ae5b6e1eed2b848477fa2a4787ba9adf39a41?s=96&d=mm&r=g\",\"caption\":\"Redacci\u00f3n QP\"},\"url\":\"https:\\\/\\\/quehacerpolitico.mx\\\/?author=2\"}]}<\/script>\n<!-- \/ Yoast SEO plugin. -->","yoast_head_json":{"title":"Internacionales\/\/\/Carolina Alonso Romei\/\/\/\u201cCHILE EST\u00c1 EN GUERRA CONTRA UN ENEMIGO PODEROSO E IMPLACABLE\u201d: SEBASTI\u00c1N PI\u00d1ERA -","robots":{"index":"index","follow":"follow","max-snippet":"max-snippet:-1","max-image-preview":"max-image-preview:large","max-video-preview":"max-video-preview:-1"},"canonical":"https:\/\/quehacerpolitico.mx\/?p=42065","og_locale":"es_MX","og_type":"article","og_title":"Internacionales\/\/\/Carolina Alonso Romei\/\/\/\u201cCHILE EST\u00c1 EN GUERRA CONTRA UN ENEMIGO PODEROSO E IMPLACABLE\u201d: SEBASTI\u00c1N PI\u00d1ERA -","og_description":"\u201cCHILE EST\u00c1 EN GUERRA CONTRA UN ENEMIGO PODEROSO E IMPLACABLE\u201d: SEBASTI\u00c1N PI\u00d1ERA Por Carolina Alonso Romei Internacionalista","og_url":"https:\/\/quehacerpolitico.mx\/?p=42065","article_published_time":"2019-10-21T13:32:39+00:00","author":"Redacci\u00f3n QP","twitter_card":"summary_large_image","twitter_misc":{"Escrito por":"Redacci\u00f3n QP","Tiempo de lectura":"5 minutos"},"schema":{"@context":"https:\/\/schema.org","@graph":[{"@type":"Article","@id":"https:\/\/quehacerpolitico.mx\/?p=42065#article","isPartOf":{"@id":"https:\/\/quehacerpolitico.mx\/?p=42065"},"author":{"name":"Redacci\u00f3n QP","@id":"https:\/\/quehacerpolitico.mx\/#\/schema\/person\/496d8ad2d1d3f8036101dca7ee39e585"},"headline":"Internacionales\/\/\/Carolina Alonso Romei\/\/\/\u201cCHILE EST\u00c1 EN GUERRA CONTRA UN ENEMIGO PODEROSO E IMPLACABLE\u201d: SEBASTI\u00c1N PI\u00d1ERA","datePublished":"2019-10-21T13:32:39+00:00","mainEntityOfPage":{"@id":"https:\/\/quehacerpolitico.mx\/?p=42065"},"wordCount":923,"commentCount":0,"image":{"@id":"https:\/\/quehacerpolitico.mx\/?p=42065#primaryimage"},"thumbnailUrl":"","articleSection":["Internacionales"],"inLanguage":"es","potentialAction":[{"@type":"CommentAction","name":"Comment","target":["https:\/\/quehacerpolitico.mx\/?p=42065#respond"]}]},{"@type":"WebPage","@id":"https:\/\/quehacerpolitico.mx\/?p=42065","url":"https:\/\/quehacerpolitico.mx\/?p=42065","name":"Internacionales\/\/\/Carolina Alonso Romei\/\/\/\u201cCHILE EST\u00c1 EN GUERRA CONTRA UN ENEMIGO PODEROSO E IMPLACABLE\u201d: SEBASTI\u00c1N PI\u00d1ERA -","isPartOf":{"@id":"https:\/\/quehacerpolitico.mx\/#website"},"primaryImageOfPage":{"@id":"https:\/\/quehacerpolitico.mx\/?p=42065#primaryimage"},"image":{"@id":"https:\/\/quehacerpolitico.mx\/?p=42065#primaryimage"},"thumbnailUrl":"","datePublished":"2019-10-21T13:32:39+00:00","author":{"@id":"https:\/\/quehacerpolitico.mx\/#\/schema\/person\/496d8ad2d1d3f8036101dca7ee39e585"},"breadcrumb":{"@id":"https:\/\/quehacerpolitico.mx\/?p=42065#breadcrumb"},"inLanguage":"es","potentialAction":[{"@type":"ReadAction","target":["https:\/\/quehacerpolitico.mx\/?p=42065"]}]},{"@type":"ImageObject","inLanguage":"es","@id":"https:\/\/quehacerpolitico.mx\/?p=42065#primaryimage","url":"","contentUrl":""},{"@type":"BreadcrumbList","@id":"https:\/\/quehacerpolitico.mx\/?p=42065#breadcrumb","itemListElement":[{"@type":"ListItem","position":1,"name":"Inicio","item":"https:\/\/quehacerpolitico.mx\/"},{"@type":"ListItem","position":2,"name":"Internacionales\/\/\/Carolina Alonso Romei\/\/\/\u201cCHILE EST\u00c1 EN GUERRA CONTRA UN ENEMIGO PODEROSO E IMPLACABLE\u201d: SEBASTI\u00c1N PI\u00d1ERA"}]},{"@type":"WebSite","@id":"https:\/\/quehacerpolitico.mx\/#website","url":"https:\/\/quehacerpolitico.mx\/","name":"","description":"","potentialAction":[{"@type":"SearchAction","target":{"@type":"EntryPoint","urlTemplate":"https:\/\/quehacerpolitico.mx\/?s={search_term_string}"},"query-input":{"@type":"PropertyValueSpecification","valueRequired":true,"valueName":"search_term_string"}}],"inLanguage":"es"},{"@type":"Person","@id":"https:\/\/quehacerpolitico.mx\/#\/schema\/person\/496d8ad2d1d3f8036101dca7ee39e585","name":"Redacci\u00f3n QP","image":{"@type":"ImageObject","inLanguage":"es","@id":"https:\/\/secure.gravatar.com\/avatar\/c7164ed6fdec453195284ad24a5ae5b6e1eed2b848477fa2a4787ba9adf39a41?s=96&d=mm&r=g","url":"https:\/\/secure.gravatar.com\/avatar\/c7164ed6fdec453195284ad24a5ae5b6e1eed2b848477fa2a4787ba9adf39a41?s=96&d=mm&r=g","contentUrl":"https:\/\/secure.gravatar.com\/avatar\/c7164ed6fdec453195284ad24a5ae5b6e1eed2b848477fa2a4787ba9adf39a41?s=96&d=mm&r=g","caption":"Redacci\u00f3n QP"},"url":"https:\/\/quehacerpolitico.mx\/?author=2"}]}},"featured_image_urls":{"full":"","thumbnail":"","medium":"","medium_large":"","large":"","1536x1536":"","2048x2048":"","covernews-featured":"","covernews-medium":""},"author_info":{"display_name":"Redacci\u00f3n QP","author_link":"https:\/\/quehacerpolitico.mx\/?author=2"},"category_info":"<a href=\"https:\/\/quehacerpolitico.mx\/?cat=1\" rel=\"category\">Internacionales<\/a>","tag_info":"Internacionales","comment_count":"0","_links":{"self":[{"href":"https:\/\/quehacerpolitico.mx\/index.php?rest_route=\/wp\/v2\/posts\/42065","targetHints":{"allow":["GET"]}}],"collection":[{"href":"https:\/\/quehacerpolitico.mx\/index.php?rest_route=\/wp\/v2\/posts"}],"about":[{"href":"https:\/\/quehacerpolitico.mx\/index.php?rest_route=\/wp\/v2\/types\/post"}],"author":[{"embeddable":true,"href":"https:\/\/quehacerpolitico.mx\/index.php?rest_route=\/wp\/v2\/users\/2"}],"replies":[{"embeddable":true,"href":"https:\/\/quehacerpolitico.mx\/index.php?rest_route=%2Fwp%2Fv2%2Fcomments&post=42065"}],"version-history":[{"count":0,"href":"https:\/\/quehacerpolitico.mx\/index.php?rest_route=\/wp\/v2\/posts\/42065\/revisions"}],"wp:featuredmedia":[{"embeddable":true,"href":"https:\/\/quehacerpolitico.mx\/index.php?rest_route=\/"}],"wp:attachment":[{"href":"https:\/\/quehacerpolitico.mx\/index.php?rest_route=%2Fwp%2Fv2%2Fmedia&parent=42065"}],"wp:term":[{"taxonomy":"category","embeddable":true,"href":"https:\/\/quehacerpolitico.mx\/index.php?rest_route=%2Fwp%2Fv2%2Fcategories&post=42065"},{"taxonomy":"post_tag","embeddable":true,"href":"https:\/\/quehacerpolitico.mx\/index.php?rest_route=%2Fwp%2Fv2%2Ftags&post=42065"}],"curies":[{"name":"wp","href":"https:\/\/api.w.org\/{rel}","templated":true}]}}