{"id":41212,"date":"2019-10-12T13:22:51","date_gmt":"2019-10-12T13:22:51","guid":{"rendered":"http:\/\/quehacerpolitico.mx\/voces-del-periodista-desde-filomeno-mata-8-mouris-salloum-george-en-la-unam-esta-la-clave-para-un-mexico-en-paz\/"},"modified":"2019-10-12T13:22:51","modified_gmt":"2019-10-12T13:22:51","slug":"voces-del-periodista-desde-filomeno-mata-8-mouris-salloum-george-en-la-unam-esta-la-clave-para-un-mexico-en-paz","status":"publish","type":"post","link":"https:\/\/quehacerpolitico.mx\/?p=41212","title":{"rendered":"Voces del Periodista Desde Filomeno Mata 8\/\/\/Mouris Salloum George\/\/\/En la UNAM est\u00e1 la clave para un M\u00e9xico en paz"},"content":{"rendered":"<h1 class=\"entry-title penci-entry-title penci-title-\">En la UNAM est\u00e1 la clave para un M\u00e9xico en paz<br \/>Por Mouris Salloum George<br \/>Director General del Club de Periodistas de M\u00e9xico AC<\/h1>\n<p>Por causas distintas, hoy est\u00e1n en el <strong><em>ojo del hurac\u00e1n <\/em><\/strong>dos instituciones hist\u00f3ricas en la vida p\u00fablica de nuestro pa\u00eds: La <strong>Suprema Corte de Justicia de la Naci\u00f3n<\/strong> y la <strong>Universidad Nacional<\/strong> <strong>Aut\u00f3noma de M\u00e9xico<\/strong> (UNAM).<\/p>\n<p>Del modelo de justicia en M\u00e9xico, es responsable el <strong><em>Tribunal Constitucional<\/em><\/strong>. Por las futuras generaciones, vela la UNAM.<\/p>\n<p>Lo que pasa en la Corte es del dominio p\u00fablico. Lo que suceder\u00e1 en la UNAM est\u00e1 en proceso selectivo de nuevo rector en el marco de una profunda crisis universitaria nacional, en cuyo centro est\u00e1 en riesgo la <strong>autonom\u00eda de la Universidad P\u00fablica<\/strong>.<\/p>\n<p><strong>Un imperativo de salud y eficacia: La idoneidad<\/strong><\/p>\n<p>Un imperativo en ambas instituciones, es la <strong><em>circulaci\u00f3n de las \u00e9lites<\/em><\/strong>: En la Corte, la ocupaci\u00f3n de los sillones de ministrosah\u00ed donde se denuncia el <strong>nepotismo<\/strong>. En la Universidad de M\u00e9xico, la titularidad de la rector\u00eda.<\/p>\n<p>Las nominaciones para el ejercicio de la autoridad p\u00fablica no pueden escapar a un principio cardinal: <strong><em>La idoneidad<\/em><\/strong>, un valor expuesto por la conveniencia al sistema de <strong><em>cuates y cuotas<\/em><\/strong>. En este caso, el Congreso de la Uni\u00f3n.<\/p>\n<p>Nos ocupamos hoy de la UNAM que, a diferencia de la Corte, act\u00faa bajo el derecho constitucional a su <strong>autonom\u00eda<\/strong>. Los relevos son facultad de la Junta de Gobierno.<\/p>\n<p><strong>La UNAM, bajo el galope de los Caballos de Troya<\/strong><\/p>\n<p>El rector en funciones, el doctor <strong>Enrique Graue Weichers<\/strong>, va por su reelecci\u00f3n. Se han pronunciado por el encargo tres contendientes.<\/p>\n<p>El dato hist\u00f3rico es que la delegaci\u00f3n de la rector\u00eda se ha decidido en favor de acad\u00e9micos formados en el propio plantel. Esta vez, ha declarado su inter\u00e9s un egresado del privado <strong>Instituto Tecnol\u00f3gico Aut\u00f3nomo de M\u00e9xico <\/strong>(ITAM), Pedro Salazar Ugarte.<\/p>\n<p>En la reciente d\u00e9cada, la comunidad de CU ha expresado su inquietud por la introducci\u00f3n de <strong><em>Caballos de Troya <\/em><\/strong>desde establecimientos privados que propugnan<strong><em> la formaci\u00f3n gerencial <\/em><\/strong>al servicio de <strong>intereses empresariales<\/strong> nacionales y extranjeros.<\/p>\n<p>La otra expresi\u00f3n destacada en el proceso selectivo es la presencia de la doctora <strong>Ang\u00e9lica Cu\u00e9llar V\u00e1zquez<\/strong>, actual directora de la Facultad de Ciencias Pol\u00edticas y Sociales. El tercero o cuarto en discordia es Daniel Vel\u00e1zquez V\u00e1zquez, acad\u00e9mico de la Facultad de Estudios Superiores Arag\u00f3n.<\/p>\n<p>Insistimos en la condici\u00f3n <em>sine qua non <\/em>para el encargo: La <strong>idoneidad<\/strong>. El s\u00f3lo nombramiento no da <em>per se<\/em> capacidades para el desempe\u00f1o de la funci\u00f3n encomendada.<\/p>\n<p><strong>Para todo efecto pr\u00e1ctico, es indispensable la civilidad<\/strong><\/p>\n<p>La Junta de Gobierno de la UNAM ha aprobado la log\u00edstica para la selecci\u00f3n. En octubre la agenda se concentra en la recepci\u00f3n de opiniones sobre los aspirantes. Noviembre ser\u00e1 el mes clave.<\/p>\n<p>Dada la crispaci\u00f3n que vive en estas semanas el mundo universitario, nos parece que lo que resulte del proceso selectivo para la rector\u00eda ser\u00e1 clave al clima pol\u00edtico que se observa en M\u00e9xico, no precisamente primado por la <strong>civilidad<\/strong>. Abramos un arco de suspenso. \u00a0<\/p>\n","protected":false},"excerpt":{"rendered":"<p>En la UNAM est\u00e1 la clave para un M\u00e9xico en paz<br \/>\nPor Mouris Salloum George<br \/>\nDirector General del Club de Periodistas de M\u00e9xico AC<\/p>\n","protected":false},"author":2,"featured_media":41211,"comment_status":"open","ping_status":"open","sticky":false,"template":"","format":"standard","meta":{"_monsterinsights_skip_tracking":false,"_monsterinsights_sitenote_active":false,"_monsterinsights_sitenote_note":"","_monsterinsights_sitenote_category":0,"footnotes":""},"categories":[2],"tags":[],"class_list":["post-41212","post","type-post","status-publish","format-standard","has-post-thumbnail","hentry","category-noticias"],"yoast_head":"<!-- This site is optimized with the Yoast SEO plugin v27.3 - https:\/\/yoast.com\/product\/yoast-seo-wordpress\/ -->\n<title>Voces del Periodista Desde Filomeno Mata 8\/\/\/Mouris Salloum George\/\/\/En la UNAM est\u00e1 la clave para un M\u00e9xico en paz -<\/title>\n<meta name=\"robots\" content=\"index, follow, max-snippet:-1, max-image-preview:large, max-video-preview:-1\" \/>\n<link rel=\"canonical\" href=\"https:\/\/quehacerpolitico.mx\/?p=41212\" \/>\n<meta property=\"og:locale\" content=\"es_MX\" \/>\n<meta property=\"og:type\" content=\"article\" \/>\n<meta property=\"og:title\" content=\"Voces del Periodista Desde Filomeno Mata 8\/\/\/Mouris Salloum George\/\/\/En la UNAM est\u00e1 la clave para un M\u00e9xico en paz -\" \/>\n<meta property=\"og:description\" content=\"En la UNAM est\u00e1 la clave para un M\u00e9xico en paz Por Mouris Salloum George Director General del Club de Periodistas de M\u00e9xico AC\" \/>\n<meta property=\"og:url\" content=\"https:\/\/quehacerpolitico.mx\/?p=41212\" \/>\n<meta property=\"article:published_time\" content=\"2019-10-12T13:22:51+00:00\" \/>\n<meta name=\"author\" content=\"Redacci\u00f3n QP\" \/>\n<meta name=\"twitter:card\" content=\"summary_large_image\" \/>\n<meta name=\"twitter:label1\" content=\"Escrito por\" \/>\n\t<meta name=\"twitter:data1\" content=\"Redacci\u00f3n QP\" \/>\n\t<meta name=\"twitter:label2\" content=\"Tiempo de lectura\" \/>\n\t<meta name=\"twitter:data2\" content=\"3 minutos\" \/>\n<script type=\"application\/ld+json\" class=\"yoast-schema-graph\">{\"@context\":\"https:\\\/\\\/schema.org\",\"@graph\":[{\"@type\":\"Article\",\"@id\":\"https:\\\/\\\/quehacerpolitico.mx\\\/?p=41212#article\",\"isPartOf\":{\"@id\":\"https:\\\/\\\/quehacerpolitico.mx\\\/?p=41212\"},\"author\":{\"name\":\"Redacci\u00f3n QP\",\"@id\":\"https:\\\/\\\/quehacerpolitico.mx\\\/#\\\/schema\\\/person\\\/496d8ad2d1d3f8036101dca7ee39e585\"},\"headline\":\"Voces del Periodista Desde Filomeno Mata 8\\\/\\\/\\\/Mouris Salloum George\\\/\\\/\\\/En la UNAM est\u00e1 la clave para un M\u00e9xico en paz\",\"datePublished\":\"2019-10-12T13:22:51+00:00\",\"mainEntityOfPage\":{\"@id\":\"https:\\\/\\\/quehacerpolitico.mx\\\/?p=41212\"},\"wordCount\":571,\"commentCount\":0,\"image\":{\"@id\":\"https:\\\/\\\/quehacerpolitico.mx\\\/?p=41212#primaryimage\"},\"thumbnailUrl\":\"\",\"articleSection\":[\"Noticias\"],\"inLanguage\":\"es\",\"potentialAction\":[{\"@type\":\"CommentAction\",\"name\":\"Comment\",\"target\":[\"https:\\\/\\\/quehacerpolitico.mx\\\/?p=41212#respond\"]}]},{\"@type\":\"WebPage\",\"@id\":\"https:\\\/\\\/quehacerpolitico.mx\\\/?p=41212\",\"url\":\"https:\\\/\\\/quehacerpolitico.mx\\\/?p=41212\",\"name\":\"Voces del Periodista Desde Filomeno Mata 8\\\/\\\/\\\/Mouris Salloum George\\\/\\\/\\\/En la UNAM est\u00e1 la clave para un M\u00e9xico en paz -\",\"isPartOf\":{\"@id\":\"https:\\\/\\\/quehacerpolitico.mx\\\/#website\"},\"primaryImageOfPage\":{\"@id\":\"https:\\\/\\\/quehacerpolitico.mx\\\/?p=41212#primaryimage\"},\"image\":{\"@id\":\"https:\\\/\\\/quehacerpolitico.mx\\\/?p=41212#primaryimage\"},\"thumbnailUrl\":\"\",\"datePublished\":\"2019-10-12T13:22:51+00:00\",\"author\":{\"@id\":\"https:\\\/\\\/quehacerpolitico.mx\\\/#\\\/schema\\\/person\\\/496d8ad2d1d3f8036101dca7ee39e585\"},\"breadcrumb\":{\"@id\":\"https:\\\/\\\/quehacerpolitico.mx\\\/?p=41212#breadcrumb\"},\"inLanguage\":\"es\",\"potentialAction\":[{\"@type\":\"ReadAction\",\"target\":[\"https:\\\/\\\/quehacerpolitico.mx\\\/?p=41212\"]}]},{\"@type\":\"ImageObject\",\"inLanguage\":\"es\",\"@id\":\"https:\\\/\\\/quehacerpolitico.mx\\\/?p=41212#primaryimage\",\"url\":\"\",\"contentUrl\":\"\"},{\"@type\":\"BreadcrumbList\",\"@id\":\"https:\\\/\\\/quehacerpolitico.mx\\\/?p=41212#breadcrumb\",\"itemListElement\":[{\"@type\":\"ListItem\",\"position\":1,\"name\":\"Inicio\",\"item\":\"https:\\\/\\\/quehacerpolitico.mx\\\/\"},{\"@type\":\"ListItem\",\"position\":2,\"name\":\"Voces del Periodista Desde Filomeno Mata 8\\\/\\\/\\\/Mouris Salloum George\\\/\\\/\\\/En la UNAM est\u00e1 la clave para un M\u00e9xico en paz\"}]},{\"@type\":\"WebSite\",\"@id\":\"https:\\\/\\\/quehacerpolitico.mx\\\/#website\",\"url\":\"https:\\\/\\\/quehacerpolitico.mx\\\/\",\"name\":\"\",\"description\":\"\",\"potentialAction\":[{\"@type\":\"SearchAction\",\"target\":{\"@type\":\"EntryPoint\",\"urlTemplate\":\"https:\\\/\\\/quehacerpolitico.mx\\\/?s={search_term_string}\"},\"query-input\":{\"@type\":\"PropertyValueSpecification\",\"valueRequired\":true,\"valueName\":\"search_term_string\"}}],\"inLanguage\":\"es\"},{\"@type\":\"Person\",\"@id\":\"https:\\\/\\\/quehacerpolitico.mx\\\/#\\\/schema\\\/person\\\/496d8ad2d1d3f8036101dca7ee39e585\",\"name\":\"Redacci\u00f3n QP\",\"image\":{\"@type\":\"ImageObject\",\"inLanguage\":\"es\",\"@id\":\"https:\\\/\\\/secure.gravatar.com\\\/avatar\\\/c7164ed6fdec453195284ad24a5ae5b6e1eed2b848477fa2a4787ba9adf39a41?s=96&d=mm&r=g\",\"url\":\"https:\\\/\\\/secure.gravatar.com\\\/avatar\\\/c7164ed6fdec453195284ad24a5ae5b6e1eed2b848477fa2a4787ba9adf39a41?s=96&d=mm&r=g\",\"contentUrl\":\"https:\\\/\\\/secure.gravatar.com\\\/avatar\\\/c7164ed6fdec453195284ad24a5ae5b6e1eed2b848477fa2a4787ba9adf39a41?s=96&d=mm&r=g\",\"caption\":\"Redacci\u00f3n QP\"},\"url\":\"https:\\\/\\\/quehacerpolitico.mx\\\/?author=2\"}]}<\/script>\n<!-- \/ Yoast SEO plugin. -->","yoast_head_json":{"title":"Voces del Periodista Desde Filomeno Mata 8\/\/\/Mouris Salloum George\/\/\/En la UNAM est\u00e1 la clave para un M\u00e9xico en paz -","robots":{"index":"index","follow":"follow","max-snippet":"max-snippet:-1","max-image-preview":"max-image-preview:large","max-video-preview":"max-video-preview:-1"},"canonical":"https:\/\/quehacerpolitico.mx\/?p=41212","og_locale":"es_MX","og_type":"article","og_title":"Voces del Periodista Desde Filomeno Mata 8\/\/\/Mouris Salloum George\/\/\/En la UNAM est\u00e1 la clave para un M\u00e9xico en paz -","og_description":"En la UNAM est\u00e1 la clave para un M\u00e9xico en paz Por Mouris Salloum George Director General del Club de Periodistas de M\u00e9xico AC","og_url":"https:\/\/quehacerpolitico.mx\/?p=41212","article_published_time":"2019-10-12T13:22:51+00:00","author":"Redacci\u00f3n QP","twitter_card":"summary_large_image","twitter_misc":{"Escrito por":"Redacci\u00f3n QP","Tiempo de lectura":"3 minutos"},"schema":{"@context":"https:\/\/schema.org","@graph":[{"@type":"Article","@id":"https:\/\/quehacerpolitico.mx\/?p=41212#article","isPartOf":{"@id":"https:\/\/quehacerpolitico.mx\/?p=41212"},"author":{"name":"Redacci\u00f3n QP","@id":"https:\/\/quehacerpolitico.mx\/#\/schema\/person\/496d8ad2d1d3f8036101dca7ee39e585"},"headline":"Voces del Periodista Desde Filomeno Mata 8\/\/\/Mouris Salloum George\/\/\/En la UNAM est\u00e1 la clave para un M\u00e9xico en paz","datePublished":"2019-10-12T13:22:51+00:00","mainEntityOfPage":{"@id":"https:\/\/quehacerpolitico.mx\/?p=41212"},"wordCount":571,"commentCount":0,"image":{"@id":"https:\/\/quehacerpolitico.mx\/?p=41212#primaryimage"},"thumbnailUrl":"","articleSection":["Noticias"],"inLanguage":"es","potentialAction":[{"@type":"CommentAction","name":"Comment","target":["https:\/\/quehacerpolitico.mx\/?p=41212#respond"]}]},{"@type":"WebPage","@id":"https:\/\/quehacerpolitico.mx\/?p=41212","url":"https:\/\/quehacerpolitico.mx\/?p=41212","name":"Voces del Periodista Desde Filomeno Mata 8\/\/\/Mouris Salloum George\/\/\/En la UNAM est\u00e1 la clave para un M\u00e9xico en paz -","isPartOf":{"@id":"https:\/\/quehacerpolitico.mx\/#website"},"primaryImageOfPage":{"@id":"https:\/\/quehacerpolitico.mx\/?p=41212#primaryimage"},"image":{"@id":"https:\/\/quehacerpolitico.mx\/?p=41212#primaryimage"},"thumbnailUrl":"","datePublished":"2019-10-12T13:22:51+00:00","author":{"@id":"https:\/\/quehacerpolitico.mx\/#\/schema\/person\/496d8ad2d1d3f8036101dca7ee39e585"},"breadcrumb":{"@id":"https:\/\/quehacerpolitico.mx\/?p=41212#breadcrumb"},"inLanguage":"es","potentialAction":[{"@type":"ReadAction","target":["https:\/\/quehacerpolitico.mx\/?p=41212"]}]},{"@type":"ImageObject","inLanguage":"es","@id":"https:\/\/quehacerpolitico.mx\/?p=41212#primaryimage","url":"","contentUrl":""},{"@type":"BreadcrumbList","@id":"https:\/\/quehacerpolitico.mx\/?p=41212#breadcrumb","itemListElement":[{"@type":"ListItem","position":1,"name":"Inicio","item":"https:\/\/quehacerpolitico.mx\/"},{"@type":"ListItem","position":2,"name":"Voces del Periodista Desde Filomeno Mata 8\/\/\/Mouris Salloum George\/\/\/En la UNAM est\u00e1 la clave para un M\u00e9xico en paz"}]},{"@type":"WebSite","@id":"https:\/\/quehacerpolitico.mx\/#website","url":"https:\/\/quehacerpolitico.mx\/","name":"","description":"","potentialAction":[{"@type":"SearchAction","target":{"@type":"EntryPoint","urlTemplate":"https:\/\/quehacerpolitico.mx\/?s={search_term_string}"},"query-input":{"@type":"PropertyValueSpecification","valueRequired":true,"valueName":"search_term_string"}}],"inLanguage":"es"},{"@type":"Person","@id":"https:\/\/quehacerpolitico.mx\/#\/schema\/person\/496d8ad2d1d3f8036101dca7ee39e585","name":"Redacci\u00f3n QP","image":{"@type":"ImageObject","inLanguage":"es","@id":"https:\/\/secure.gravatar.com\/avatar\/c7164ed6fdec453195284ad24a5ae5b6e1eed2b848477fa2a4787ba9adf39a41?s=96&d=mm&r=g","url":"https:\/\/secure.gravatar.com\/avatar\/c7164ed6fdec453195284ad24a5ae5b6e1eed2b848477fa2a4787ba9adf39a41?s=96&d=mm&r=g","contentUrl":"https:\/\/secure.gravatar.com\/avatar\/c7164ed6fdec453195284ad24a5ae5b6e1eed2b848477fa2a4787ba9adf39a41?s=96&d=mm&r=g","caption":"Redacci\u00f3n QP"},"url":"https:\/\/quehacerpolitico.mx\/?author=2"}]}},"featured_image_urls":{"full":"","thumbnail":"","medium":"","medium_large":"","large":"","1536x1536":"","2048x2048":"","covernews-featured":"","covernews-medium":""},"author_info":{"display_name":"Redacci\u00f3n QP","author_link":"https:\/\/quehacerpolitico.mx\/?author=2"},"category_info":"<a href=\"https:\/\/quehacerpolitico.mx\/?cat=2\" rel=\"category\">Noticias<\/a>","tag_info":"Noticias","comment_count":"0","_links":{"self":[{"href":"https:\/\/quehacerpolitico.mx\/index.php?rest_route=\/wp\/v2\/posts\/41212","targetHints":{"allow":["GET"]}}],"collection":[{"href":"https:\/\/quehacerpolitico.mx\/index.php?rest_route=\/wp\/v2\/posts"}],"about":[{"href":"https:\/\/quehacerpolitico.mx\/index.php?rest_route=\/wp\/v2\/types\/post"}],"author":[{"embeddable":true,"href":"https:\/\/quehacerpolitico.mx\/index.php?rest_route=\/wp\/v2\/users\/2"}],"replies":[{"embeddable":true,"href":"https:\/\/quehacerpolitico.mx\/index.php?rest_route=%2Fwp%2Fv2%2Fcomments&post=41212"}],"version-history":[{"count":0,"href":"https:\/\/quehacerpolitico.mx\/index.php?rest_route=\/wp\/v2\/posts\/41212\/revisions"}],"wp:featuredmedia":[{"embeddable":true,"href":"https:\/\/quehacerpolitico.mx\/index.php?rest_route=\/"}],"wp:attachment":[{"href":"https:\/\/quehacerpolitico.mx\/index.php?rest_route=%2Fwp%2Fv2%2Fmedia&parent=41212"}],"wp:term":[{"taxonomy":"category","embeddable":true,"href":"https:\/\/quehacerpolitico.mx\/index.php?rest_route=%2Fwp%2Fv2%2Fcategories&post=41212"},{"taxonomy":"post_tag","embeddable":true,"href":"https:\/\/quehacerpolitico.mx\/index.php?rest_route=%2Fwp%2Fv2%2Ftags&post=41212"}],"curies":[{"name":"wp","href":"https:\/\/api.w.org\/{rel}","templated":true}]}}