{"id":41200,"date":"2019-10-12T03:54:23","date_gmt":"2019-10-12T03:54:23","guid":{"rendered":"http:\/\/quehacerpolitico.mx\/inaugura-amlo-el-estadio-de-guasave\/"},"modified":"2019-10-12T03:54:23","modified_gmt":"2019-10-12T03:54:23","slug":"inaugura-amlo-el-estadio-de-guasave","status":"publish","type":"post","link":"https:\/\/quehacerpolitico.mx\/?p=41200","title":{"rendered":"Inaugura AMLO el Estadio de Guasave"},"content":{"rendered":"<h1 class=\"news-title\">Inaugura AMLO el Estadio de Guasave<br \/>Por Redacci\u00f3n QP<\/h1>\n<p>El Presidente abri\u00f3 la temporada de la\u00a0Liga del Pac\u00edfico con un lanzamiento que termin\u00f3 por ponchar a Jes\u00fas &#8220;Chito&#8221; R\u00edos al bat<\/p>\n<p>Con un lanzamiento que termin\u00f3 por ponchar a Jes\u00fas &#8220;Chito&#8221; R\u00edos al bat, el Presidente Andr\u00e9s Manuel L\u00f3pez Obrador inaugur\u00f3 la temporada de la Liga del Pac\u00edfico en el estadio de los Algodoneros de Guasave, con lo que este inmueble vuelve a la vida tras varios a\u00f1os de inactividad.<\/p>\n<p>De esta manera y con un lleno total, el Estadio &#8220;Francisco Carranza Lim\u00f3n&#8221; se colm\u00f3 de luz y algarab\u00eda con la presencia de su equipo, Algodoneros de Guasave, para enfrentar a Ca\u00f1eros de Los Mochis.<\/p>\n<blockquote class=\"twitter-tweet\" data-width=\"550\" data-dnt=\"true\">\n<p lang=\"es\" dir=\"ltr\">Gracias al apoyo de Quirino Ordaz, gobernador de Sinaloa; de Alfredo Harp, que aport\u00f3 65 mdp, y de Francisco Gonz\u00e1lez, due\u00f1o de los Sultanes de Monterrey. Hoy tir\u00e9 la primera bola, una lisa de 98 millas. Dej\u00e9 con el bat al hombro a &#39;Chito&#39; R\u00edos. <a href=\"https:\/\/t.co\/yu1eeQOVRP\">pic.twitter.com\/yu1eeQOVRP<\/a><\/p>\n<p>&mdash; Andr\u00e9s Manuel (@lopezobrador_) <a href=\"https:\/\/twitter.com\/lopezobrador_\/status\/1182852698300915717?ref_src=twsrc%5Etfw\">October 12, 2019<\/a><\/p><\/blockquote>\n<p><script async src=\"https:\/\/platform.twitter.com\/widgets.js\" charset=\"utf-8\"><\/script><\/p>\n<p>Sin embargo los humores eran muy diversos, pues para L\u00f3pez Obrador hubo porras y gritos de \u00e1nimo, no as\u00ed para el gobernador de Sinaloa, Quirino Ordaz Coppel, ni para la alcaldesa de Guasave, Aurelia Leal L\u00f3pez<\/p>\n<p>En tanto hubo gritos de aliento para el director de la Oficina de Presidencia para la Promoci\u00f3n y Desarrollo del Beisbol, \u00c9dgar Gonz\u00e1lez; para el presidente de la Liga Mexicana del Pac\u00edfico, Elizalde Soto; y el presidente del Club, Alfredo Ar\u00e1mbula, quien fungi\u00f3 como amp\u00e1yer, mientras Omar Carrizales fue catcher.<\/p>\n<blockquote class=\"twitter-tweet\" data-width=\"550\" data-dnt=\"true\">\n<p lang=\"es\" dir=\"ltr\">Reinauguraci\u00f3n del Estadio de Beisbol &quot;Francisco Carranza Lim\u00f3n&quot;, desde Guasave, Sinaloa <a href=\"https:\/\/t.co\/sCiXPD3dAd\">https:\/\/t.co\/sCiXPD3dAd<\/a><\/p>\n<p>&mdash; Gobierno de M\u00e9xico (@GobiernoMX) <a href=\"https:\/\/twitter.com\/GobiernoMX\/status\/1182827081345880065?ref_src=twsrc%5Etfw\">October 12, 2019<\/a><\/p><\/blockquote>\n<p><script async src=\"https:\/\/platform.twitter.com\/widgets.js\" charset=\"utf-8\"><\/script><\/p>\n<p>La poblaci\u00f3n lleg\u00f3 desde temprano, por lo que el acceso al estadio por la v\u00eda principal se torn\u00f3 casi imposible, ya que adem\u00e1s de los asistentes estuvieron tambi\u00e9n cientos de sinaloenses que con pancartas recib\u00edan al Presidente de la Rep\u00fablica.<\/p>\n<p>Momentos antes, en una de las casetas de camino a Guasave, el presidente se detuvo a escuchar las peticiones de uno de los grupos de manifestantes, quienes le expusieron las necesidades que se viven en Sinaloa y en Guasave.<\/p>\n<p>As\u00ed, tras darse el lanzamiento inicial, inici\u00f3 una fiesta de fuegos artificiales que arranc\u00f3 una ovaci\u00f3n y la euforia de los sinaloenses, que por espacio de 10 minutos disfrut\u00f3 de la fiesta de luces pirot\u00e9cnicas.<\/p>\n<p>De esta manera, el Estadio &#8220;Francisco Carranza Lim\u00f3n&#8221;, casa de la Liga Mexicana del Pac\u00edfico de 1970 a 2014, inici\u00f3 su nueva etapa en la que tendr\u00e1 capacidad para recibir hasta 10 mil espectadores.<\/p>\n<p>Con informaci\u00f3n de NTX\u00a0<\/p>\n","protected":false},"excerpt":{"rendered":"<p>Inaugura AMLO el Estadio de Guasave<br \/>\nPor Redacci\u00f3n QP<\/p>\n","protected":false},"author":2,"featured_media":41199,"comment_status":"open","ping_status":"open","sticky":false,"template":"","format":"standard","meta":{"_monsterinsights_skip_tracking":false,"_monsterinsights_sitenote_active":false,"_monsterinsights_sitenote_note":"","_monsterinsights_sitenote_category":0,"footnotes":""},"categories":[54],"tags":[],"class_list":["post-41200","post","type-post","status-publish","format-standard","has-post-thumbnail","hentry","category-deportes"],"yoast_head":"<!-- This site is optimized with the Yoast SEO plugin v27.3 - https:\/\/yoast.com\/product\/yoast-seo-wordpress\/ -->\n<title>Inaugura AMLO el Estadio de Guasave -<\/title>\n<meta name=\"robots\" content=\"index, follow, max-snippet:-1, max-image-preview:large, max-video-preview:-1\" \/>\n<link rel=\"canonical\" href=\"https:\/\/quehacerpolitico.mx\/?p=41200\" \/>\n<meta property=\"og:locale\" content=\"es_MX\" \/>\n<meta property=\"og:type\" content=\"article\" \/>\n<meta property=\"og:title\" content=\"Inaugura AMLO el Estadio de Guasave -\" \/>\n<meta property=\"og:description\" content=\"Inaugura AMLO el Estadio de Guasave Por Redacci\u00f3n QP\" \/>\n<meta property=\"og:url\" content=\"https:\/\/quehacerpolitico.mx\/?p=41200\" \/>\n<meta property=\"article:published_time\" content=\"2019-10-12T03:54:23+00:00\" \/>\n<meta name=\"author\" content=\"Redacci\u00f3n QP\" \/>\n<meta name=\"twitter:card\" content=\"summary_large_image\" \/>\n<meta name=\"twitter:label1\" content=\"Escrito por\" \/>\n\t<meta name=\"twitter:data1\" content=\"Redacci\u00f3n QP\" \/>\n\t<meta name=\"twitter:label2\" content=\"Tiempo de lectura\" \/>\n\t<meta name=\"twitter:data2\" content=\"2 minutos\" \/>\n<script type=\"application\/ld+json\" class=\"yoast-schema-graph\">{\"@context\":\"https:\\\/\\\/schema.org\",\"@graph\":[{\"@type\":\"Article\",\"@id\":\"https:\\\/\\\/quehacerpolitico.mx\\\/?p=41200#article\",\"isPartOf\":{\"@id\":\"https:\\\/\\\/quehacerpolitico.mx\\\/?p=41200\"},\"author\":{\"name\":\"Redacci\u00f3n QP\",\"@id\":\"https:\\\/\\\/quehacerpolitico.mx\\\/#\\\/schema\\\/person\\\/496d8ad2d1d3f8036101dca7ee39e585\"},\"headline\":\"Inaugura AMLO el Estadio de Guasave\",\"datePublished\":\"2019-10-12T03:54:23+00:00\",\"mainEntityOfPage\":{\"@id\":\"https:\\\/\\\/quehacerpolitico.mx\\\/?p=41200\"},\"wordCount\":398,\"commentCount\":0,\"image\":{\"@id\":\"https:\\\/\\\/quehacerpolitico.mx\\\/?p=41200#primaryimage\"},\"thumbnailUrl\":\"\",\"articleSection\":[\"Deportes\"],\"inLanguage\":\"es\",\"potentialAction\":[{\"@type\":\"CommentAction\",\"name\":\"Comment\",\"target\":[\"https:\\\/\\\/quehacerpolitico.mx\\\/?p=41200#respond\"]}]},{\"@type\":\"WebPage\",\"@id\":\"https:\\\/\\\/quehacerpolitico.mx\\\/?p=41200\",\"url\":\"https:\\\/\\\/quehacerpolitico.mx\\\/?p=41200\",\"name\":\"Inaugura AMLO el Estadio de Guasave -\",\"isPartOf\":{\"@id\":\"https:\\\/\\\/quehacerpolitico.mx\\\/#website\"},\"primaryImageOfPage\":{\"@id\":\"https:\\\/\\\/quehacerpolitico.mx\\\/?p=41200#primaryimage\"},\"image\":{\"@id\":\"https:\\\/\\\/quehacerpolitico.mx\\\/?p=41200#primaryimage\"},\"thumbnailUrl\":\"\",\"datePublished\":\"2019-10-12T03:54:23+00:00\",\"author\":{\"@id\":\"https:\\\/\\\/quehacerpolitico.mx\\\/#\\\/schema\\\/person\\\/496d8ad2d1d3f8036101dca7ee39e585\"},\"breadcrumb\":{\"@id\":\"https:\\\/\\\/quehacerpolitico.mx\\\/?p=41200#breadcrumb\"},\"inLanguage\":\"es\",\"potentialAction\":[{\"@type\":\"ReadAction\",\"target\":[\"https:\\\/\\\/quehacerpolitico.mx\\\/?p=41200\"]}]},{\"@type\":\"ImageObject\",\"inLanguage\":\"es\",\"@id\":\"https:\\\/\\\/quehacerpolitico.mx\\\/?p=41200#primaryimage\",\"url\":\"\",\"contentUrl\":\"\"},{\"@type\":\"BreadcrumbList\",\"@id\":\"https:\\\/\\\/quehacerpolitico.mx\\\/?p=41200#breadcrumb\",\"itemListElement\":[{\"@type\":\"ListItem\",\"position\":1,\"name\":\"Inicio\",\"item\":\"https:\\\/\\\/quehacerpolitico.mx\\\/\"},{\"@type\":\"ListItem\",\"position\":2,\"name\":\"Inaugura AMLO el Estadio de Guasave\"}]},{\"@type\":\"WebSite\",\"@id\":\"https:\\\/\\\/quehacerpolitico.mx\\\/#website\",\"url\":\"https:\\\/\\\/quehacerpolitico.mx\\\/\",\"name\":\"\",\"description\":\"\",\"potentialAction\":[{\"@type\":\"SearchAction\",\"target\":{\"@type\":\"EntryPoint\",\"urlTemplate\":\"https:\\\/\\\/quehacerpolitico.mx\\\/?s={search_term_string}\"},\"query-input\":{\"@type\":\"PropertyValueSpecification\",\"valueRequired\":true,\"valueName\":\"search_term_string\"}}],\"inLanguage\":\"es\"},{\"@type\":\"Person\",\"@id\":\"https:\\\/\\\/quehacerpolitico.mx\\\/#\\\/schema\\\/person\\\/496d8ad2d1d3f8036101dca7ee39e585\",\"name\":\"Redacci\u00f3n QP\",\"image\":{\"@type\":\"ImageObject\",\"inLanguage\":\"es\",\"@id\":\"https:\\\/\\\/secure.gravatar.com\\\/avatar\\\/c7164ed6fdec453195284ad24a5ae5b6e1eed2b848477fa2a4787ba9adf39a41?s=96&d=mm&r=g\",\"url\":\"https:\\\/\\\/secure.gravatar.com\\\/avatar\\\/c7164ed6fdec453195284ad24a5ae5b6e1eed2b848477fa2a4787ba9adf39a41?s=96&d=mm&r=g\",\"contentUrl\":\"https:\\\/\\\/secure.gravatar.com\\\/avatar\\\/c7164ed6fdec453195284ad24a5ae5b6e1eed2b848477fa2a4787ba9adf39a41?s=96&d=mm&r=g\",\"caption\":\"Redacci\u00f3n QP\"},\"url\":\"https:\\\/\\\/quehacerpolitico.mx\\\/?author=2\"}]}<\/script>\n<!-- \/ Yoast SEO plugin. -->","yoast_head_json":{"title":"Inaugura AMLO el Estadio de Guasave -","robots":{"index":"index","follow":"follow","max-snippet":"max-snippet:-1","max-image-preview":"max-image-preview:large","max-video-preview":"max-video-preview:-1"},"canonical":"https:\/\/quehacerpolitico.mx\/?p=41200","og_locale":"es_MX","og_type":"article","og_title":"Inaugura AMLO el Estadio de Guasave -","og_description":"Inaugura AMLO el Estadio de Guasave Por Redacci\u00f3n QP","og_url":"https:\/\/quehacerpolitico.mx\/?p=41200","article_published_time":"2019-10-12T03:54:23+00:00","author":"Redacci\u00f3n QP","twitter_card":"summary_large_image","twitter_misc":{"Escrito por":"Redacci\u00f3n QP","Tiempo de lectura":"2 minutos"},"schema":{"@context":"https:\/\/schema.org","@graph":[{"@type":"Article","@id":"https:\/\/quehacerpolitico.mx\/?p=41200#article","isPartOf":{"@id":"https:\/\/quehacerpolitico.mx\/?p=41200"},"author":{"name":"Redacci\u00f3n QP","@id":"https:\/\/quehacerpolitico.mx\/#\/schema\/person\/496d8ad2d1d3f8036101dca7ee39e585"},"headline":"Inaugura AMLO el Estadio de Guasave","datePublished":"2019-10-12T03:54:23+00:00","mainEntityOfPage":{"@id":"https:\/\/quehacerpolitico.mx\/?p=41200"},"wordCount":398,"commentCount":0,"image":{"@id":"https:\/\/quehacerpolitico.mx\/?p=41200#primaryimage"},"thumbnailUrl":"","articleSection":["Deportes"],"inLanguage":"es","potentialAction":[{"@type":"CommentAction","name":"Comment","target":["https:\/\/quehacerpolitico.mx\/?p=41200#respond"]}]},{"@type":"WebPage","@id":"https:\/\/quehacerpolitico.mx\/?p=41200","url":"https:\/\/quehacerpolitico.mx\/?p=41200","name":"Inaugura AMLO el Estadio de Guasave -","isPartOf":{"@id":"https:\/\/quehacerpolitico.mx\/#website"},"primaryImageOfPage":{"@id":"https:\/\/quehacerpolitico.mx\/?p=41200#primaryimage"},"image":{"@id":"https:\/\/quehacerpolitico.mx\/?p=41200#primaryimage"},"thumbnailUrl":"","datePublished":"2019-10-12T03:54:23+00:00","author":{"@id":"https:\/\/quehacerpolitico.mx\/#\/schema\/person\/496d8ad2d1d3f8036101dca7ee39e585"},"breadcrumb":{"@id":"https:\/\/quehacerpolitico.mx\/?p=41200#breadcrumb"},"inLanguage":"es","potentialAction":[{"@type":"ReadAction","target":["https:\/\/quehacerpolitico.mx\/?p=41200"]}]},{"@type":"ImageObject","inLanguage":"es","@id":"https:\/\/quehacerpolitico.mx\/?p=41200#primaryimage","url":"","contentUrl":""},{"@type":"BreadcrumbList","@id":"https:\/\/quehacerpolitico.mx\/?p=41200#breadcrumb","itemListElement":[{"@type":"ListItem","position":1,"name":"Inicio","item":"https:\/\/quehacerpolitico.mx\/"},{"@type":"ListItem","position":2,"name":"Inaugura AMLO el Estadio de Guasave"}]},{"@type":"WebSite","@id":"https:\/\/quehacerpolitico.mx\/#website","url":"https:\/\/quehacerpolitico.mx\/","name":"","description":"","potentialAction":[{"@type":"SearchAction","target":{"@type":"EntryPoint","urlTemplate":"https:\/\/quehacerpolitico.mx\/?s={search_term_string}"},"query-input":{"@type":"PropertyValueSpecification","valueRequired":true,"valueName":"search_term_string"}}],"inLanguage":"es"},{"@type":"Person","@id":"https:\/\/quehacerpolitico.mx\/#\/schema\/person\/496d8ad2d1d3f8036101dca7ee39e585","name":"Redacci\u00f3n QP","image":{"@type":"ImageObject","inLanguage":"es","@id":"https:\/\/secure.gravatar.com\/avatar\/c7164ed6fdec453195284ad24a5ae5b6e1eed2b848477fa2a4787ba9adf39a41?s=96&d=mm&r=g","url":"https:\/\/secure.gravatar.com\/avatar\/c7164ed6fdec453195284ad24a5ae5b6e1eed2b848477fa2a4787ba9adf39a41?s=96&d=mm&r=g","contentUrl":"https:\/\/secure.gravatar.com\/avatar\/c7164ed6fdec453195284ad24a5ae5b6e1eed2b848477fa2a4787ba9adf39a41?s=96&d=mm&r=g","caption":"Redacci\u00f3n QP"},"url":"https:\/\/quehacerpolitico.mx\/?author=2"}]}},"featured_image_urls":{"full":"","thumbnail":"","medium":"","medium_large":"","large":"","1536x1536":"","2048x2048":"","covernews-featured":"","covernews-medium":""},"author_info":{"display_name":"Redacci\u00f3n QP","author_link":"https:\/\/quehacerpolitico.mx\/?author=2"},"category_info":"<a href=\"https:\/\/quehacerpolitico.mx\/?cat=54\" rel=\"category\">Deportes<\/a>","tag_info":"Deportes","comment_count":"0","_links":{"self":[{"href":"https:\/\/quehacerpolitico.mx\/index.php?rest_route=\/wp\/v2\/posts\/41200","targetHints":{"allow":["GET"]}}],"collection":[{"href":"https:\/\/quehacerpolitico.mx\/index.php?rest_route=\/wp\/v2\/posts"}],"about":[{"href":"https:\/\/quehacerpolitico.mx\/index.php?rest_route=\/wp\/v2\/types\/post"}],"author":[{"embeddable":true,"href":"https:\/\/quehacerpolitico.mx\/index.php?rest_route=\/wp\/v2\/users\/2"}],"replies":[{"embeddable":true,"href":"https:\/\/quehacerpolitico.mx\/index.php?rest_route=%2Fwp%2Fv2%2Fcomments&post=41200"}],"version-history":[{"count":0,"href":"https:\/\/quehacerpolitico.mx\/index.php?rest_route=\/wp\/v2\/posts\/41200\/revisions"}],"wp:featuredmedia":[{"embeddable":true,"href":"https:\/\/quehacerpolitico.mx\/index.php?rest_route=\/"}],"wp:attachment":[{"href":"https:\/\/quehacerpolitico.mx\/index.php?rest_route=%2Fwp%2Fv2%2Fmedia&parent=41200"}],"wp:term":[{"taxonomy":"category","embeddable":true,"href":"https:\/\/quehacerpolitico.mx\/index.php?rest_route=%2Fwp%2Fv2%2Fcategories&post=41200"},{"taxonomy":"post_tag","embeddable":true,"href":"https:\/\/quehacerpolitico.mx\/index.php?rest_route=%2Fwp%2Fv2%2Ftags&post=41200"}],"curies":[{"name":"wp","href":"https:\/\/api.w.org\/{rel}","templated":true}]}}