{"id":4109,"date":"2018-09-07T17:28:03","date_gmt":"2018-09-07T17:28:03","guid":{"rendered":"http:\/\/quehacerpolitico.mx\/la-pelicula-coco-regresara-a-los-cines-para-celebrar-a-los-muertos\/"},"modified":"2018-09-07T17:28:03","modified_gmt":"2018-09-07T17:28:03","slug":"la-pelicula-coco-regresara-a-los-cines-para-celebrar-a-los-muertos","status":"publish","type":"post","link":"https:\/\/quehacerpolitico.mx\/?p=4109","title":{"rendered":"La pel\u00edcula &#8220;Coco&#8221; regresar\u00e1 a los cines para celebrar a los muertos"},"content":{"rendered":"<p><iframe loading=\"lazy\" title=\"COCO - Tr\u00e1iler - (Latinoam\u00e9rica)\" width=\"640\" height=\"360\" src=\"https:\/\/www.youtube.com\/embed\/awzWdtCezDo?feature=oembed\" frameborder=\"0\" allow=\"accelerometer; autoplay; clipboard-write; encrypted-media; gyroscope; picture-in-picture; web-share\" referrerpolicy=\"strict-origin-when-cross-origin\" allowfullscreen><\/iframe><\/p>\n<p>La pel\u00edcula animada ganadora del Oscar\u00a0&#8220;Coco&#8221; de Disney y Pixar regresar\u00e1 a los cines mexicanos el pr\u00f3ximo 26 de octubre para celebrar una de las tradiciones mexicanas m\u00e1s emblem\u00e1ticas, el d\u00eda de muertos.<\/p>\n<div id=\"div-gpt-ad-1524682842930-0\" data-google-query-id=\"CKnovoy0qd0CFU90AQodZuILgw\">\n<div id=\"google_ads_iframe_\/40135427\/informador_mx_Video_Outstream_0__container__\">Las compa\u00f1\u00edas de entretenimiento con Cin\u00e9polis\u00a0y Cinemex\u00a0anunciaron en redes sociales que incluir\u00e1n el filme dirigido por Lee Unkrich a su cartelera del 26 de octubre al primero de noviembre, &#8220;\u00bfRecuerdas que hace un a\u00f1o todos nos emocionamos con esta pel\u00edcula? Pues volver\u00e1 a pasar&#8221;, escribi\u00f3 Cin\u00e9polis en Twitter.\u00a0<\/div>\n<div>\u00a0<\/div>\n<div>https:\/\/twitter.com\/cinepolis\/status\/1038083719679172609?s=21<\/div>\n<div>\n<p>&#8220;Coco&#8221; es una pel\u00edcula estadounidense que \u00a0cuenta la historia de &#8220;Miguel&#8221; , un ni\u00f1o mexicano de 12 a\u00f1os que <strong>sue\u00f1a con se un m\u00fasico inspirado por &#8220;Ernesto de la Cruz&#8221;, quien tiene relaci\u00f3n cercana con la familia<\/strong>. Un filme lleno de aventuras c\u00f3micas y llenas de cultura mexicana.\u00a0<\/p>\n<p>El filme recaud\u00f3 m\u00e1s de 800 millones de d\u00f3lares y fue acreditada inmensos premios como los Globos de Oro\u00a0y el Oscar, convirti\u00e9ndose en un fen\u00f3meno mundial.<\/p>\n<p>Pixar\u00a0y Disney\u00a0afirman haber trabajado durante seis a\u00f1os en la producci\u00f3n mientras viajaban por el pa\u00eds recabando informaci\u00f3n de las tradiciones, eligiendo la m\u00e1s emblem\u00e1tica para los mexicanos.<\/p>\n<\/div>\n<\/div>\n","protected":false},"excerpt":{"rendered":"<p>La producci\u00f3n animada de Disney y Pixar estar\u00e1 en cartelera a partir del 26 de octubre al primero de noviembre en cines comerciales<br \/>\nPor Redacci\u00f3n QP<\/p>\n","protected":false},"author":2,"featured_media":4108,"comment_status":"open","ping_status":"open","sticky":false,"template":"","format":"standard","meta":{"_monsterinsights_skip_tracking":false,"_monsterinsights_sitenote_active":false,"_monsterinsights_sitenote_note":"","_monsterinsights_sitenote_category":0,"footnotes":""},"categories":[58],"tags":[],"class_list":["post-4109","post","type-post","status-publish","format-standard","has-post-thumbnail","hentry","category-cultura"],"yoast_head":"<!-- This site is optimized with the Yoast SEO plugin v27.3 - https:\/\/yoast.com\/product\/yoast-seo-wordpress\/ -->\n<title>La pel\u00edcula &quot;Coco&quot; regresar\u00e1 a los cines para celebrar a los muertos -<\/title>\n<meta name=\"robots\" content=\"index, follow, max-snippet:-1, max-image-preview:large, max-video-preview:-1\" \/>\n<link rel=\"canonical\" href=\"https:\/\/quehacerpolitico.mx\/?p=4109\" \/>\n<meta property=\"og:locale\" content=\"es_MX\" \/>\n<meta property=\"og:type\" content=\"article\" \/>\n<meta property=\"og:title\" content=\"La pel\u00edcula &quot;Coco&quot; regresar\u00e1 a los cines para celebrar a los muertos -\" \/>\n<meta property=\"og:description\" content=\"La producci\u00f3n animada de Disney y Pixar estar\u00e1 en cartelera a partir del 26 de octubre al primero de noviembre en cines comerciales Por Redacci\u00f3n QP\" \/>\n<meta property=\"og:url\" content=\"https:\/\/quehacerpolitico.mx\/?p=4109\" \/>\n<meta property=\"article:published_time\" content=\"2018-09-07T17:28:03+00:00\" \/>\n<meta name=\"author\" content=\"Redacci\u00f3n QP\" \/>\n<meta name=\"twitter:card\" content=\"summary_large_image\" \/>\n<meta name=\"twitter:label1\" content=\"Escrito por\" \/>\n\t<meta name=\"twitter:data1\" content=\"Redacci\u00f3n QP\" \/>\n\t<meta name=\"twitter:label2\" content=\"Tiempo de lectura\" \/>\n\t<meta name=\"twitter:data2\" content=\"1 minuto\" \/>\n<script type=\"application\/ld+json\" class=\"yoast-schema-graph\">{\"@context\":\"https:\\\/\\\/schema.org\",\"@graph\":[{\"@type\":\"Article\",\"@id\":\"https:\\\/\\\/quehacerpolitico.mx\\\/?p=4109#article\",\"isPartOf\":{\"@id\":\"https:\\\/\\\/quehacerpolitico.mx\\\/?p=4109\"},\"author\":{\"name\":\"Redacci\u00f3n QP\",\"@id\":\"https:\\\/\\\/quehacerpolitico.mx\\\/#\\\/schema\\\/person\\\/496d8ad2d1d3f8036101dca7ee39e585\"},\"headline\":\"La pel\u00edcula &#8220;Coco&#8221; regresar\u00e1 a los cines para celebrar a los muertos\",\"datePublished\":\"2018-09-07T17:28:03+00:00\",\"mainEntityOfPage\":{\"@id\":\"https:\\\/\\\/quehacerpolitico.mx\\\/?p=4109\"},\"wordCount\":234,\"commentCount\":0,\"image\":{\"@id\":\"https:\\\/\\\/quehacerpolitico.mx\\\/?p=4109#primaryimage\"},\"thumbnailUrl\":\"\",\"articleSection\":[\"Cultura y Entretenimiento\"],\"inLanguage\":\"es\",\"potentialAction\":[{\"@type\":\"CommentAction\",\"name\":\"Comment\",\"target\":[\"https:\\\/\\\/quehacerpolitico.mx\\\/?p=4109#respond\"]}]},{\"@type\":\"WebPage\",\"@id\":\"https:\\\/\\\/quehacerpolitico.mx\\\/?p=4109\",\"url\":\"https:\\\/\\\/quehacerpolitico.mx\\\/?p=4109\",\"name\":\"La pel\u00edcula \\\"Coco\\\" regresar\u00e1 a los cines para celebrar a los muertos -\",\"isPartOf\":{\"@id\":\"https:\\\/\\\/quehacerpolitico.mx\\\/#website\"},\"primaryImageOfPage\":{\"@id\":\"https:\\\/\\\/quehacerpolitico.mx\\\/?p=4109#primaryimage\"},\"image\":{\"@id\":\"https:\\\/\\\/quehacerpolitico.mx\\\/?p=4109#primaryimage\"},\"thumbnailUrl\":\"\",\"datePublished\":\"2018-09-07T17:28:03+00:00\",\"author\":{\"@id\":\"https:\\\/\\\/quehacerpolitico.mx\\\/#\\\/schema\\\/person\\\/496d8ad2d1d3f8036101dca7ee39e585\"},\"breadcrumb\":{\"@id\":\"https:\\\/\\\/quehacerpolitico.mx\\\/?p=4109#breadcrumb\"},\"inLanguage\":\"es\",\"potentialAction\":[{\"@type\":\"ReadAction\",\"target\":[\"https:\\\/\\\/quehacerpolitico.mx\\\/?p=4109\"]}]},{\"@type\":\"ImageObject\",\"inLanguage\":\"es\",\"@id\":\"https:\\\/\\\/quehacerpolitico.mx\\\/?p=4109#primaryimage\",\"url\":\"\",\"contentUrl\":\"\"},{\"@type\":\"BreadcrumbList\",\"@id\":\"https:\\\/\\\/quehacerpolitico.mx\\\/?p=4109#breadcrumb\",\"itemListElement\":[{\"@type\":\"ListItem\",\"position\":1,\"name\":\"Inicio\",\"item\":\"https:\\\/\\\/quehacerpolitico.mx\\\/\"},{\"@type\":\"ListItem\",\"position\":2,\"name\":\"La pel\u00edcula &#8220;Coco&#8221; regresar\u00e1 a los cines para celebrar a los muertos\"}]},{\"@type\":\"WebSite\",\"@id\":\"https:\\\/\\\/quehacerpolitico.mx\\\/#website\",\"url\":\"https:\\\/\\\/quehacerpolitico.mx\\\/\",\"name\":\"\",\"description\":\"\",\"potentialAction\":[{\"@type\":\"SearchAction\",\"target\":{\"@type\":\"EntryPoint\",\"urlTemplate\":\"https:\\\/\\\/quehacerpolitico.mx\\\/?s={search_term_string}\"},\"query-input\":{\"@type\":\"PropertyValueSpecification\",\"valueRequired\":true,\"valueName\":\"search_term_string\"}}],\"inLanguage\":\"es\"},{\"@type\":\"Person\",\"@id\":\"https:\\\/\\\/quehacerpolitico.mx\\\/#\\\/schema\\\/person\\\/496d8ad2d1d3f8036101dca7ee39e585\",\"name\":\"Redacci\u00f3n QP\",\"image\":{\"@type\":\"ImageObject\",\"inLanguage\":\"es\",\"@id\":\"https:\\\/\\\/secure.gravatar.com\\\/avatar\\\/c7164ed6fdec453195284ad24a5ae5b6e1eed2b848477fa2a4787ba9adf39a41?s=96&d=mm&r=g\",\"url\":\"https:\\\/\\\/secure.gravatar.com\\\/avatar\\\/c7164ed6fdec453195284ad24a5ae5b6e1eed2b848477fa2a4787ba9adf39a41?s=96&d=mm&r=g\",\"contentUrl\":\"https:\\\/\\\/secure.gravatar.com\\\/avatar\\\/c7164ed6fdec453195284ad24a5ae5b6e1eed2b848477fa2a4787ba9adf39a41?s=96&d=mm&r=g\",\"caption\":\"Redacci\u00f3n QP\"},\"url\":\"https:\\\/\\\/quehacerpolitico.mx\\\/?author=2\"}]}<\/script>\n<!-- \/ Yoast SEO plugin. -->","yoast_head_json":{"title":"La pel\u00edcula \"Coco\" regresar\u00e1 a los cines para celebrar a los muertos -","robots":{"index":"index","follow":"follow","max-snippet":"max-snippet:-1","max-image-preview":"max-image-preview:large","max-video-preview":"max-video-preview:-1"},"canonical":"https:\/\/quehacerpolitico.mx\/?p=4109","og_locale":"es_MX","og_type":"article","og_title":"La pel\u00edcula \"Coco\" regresar\u00e1 a los cines para celebrar a los muertos -","og_description":"La producci\u00f3n animada de Disney y Pixar estar\u00e1 en cartelera a partir del 26 de octubre al primero de noviembre en cines comerciales Por Redacci\u00f3n QP","og_url":"https:\/\/quehacerpolitico.mx\/?p=4109","article_published_time":"2018-09-07T17:28:03+00:00","author":"Redacci\u00f3n QP","twitter_card":"summary_large_image","twitter_misc":{"Escrito por":"Redacci\u00f3n QP","Tiempo de lectura":"1 minuto"},"schema":{"@context":"https:\/\/schema.org","@graph":[{"@type":"Article","@id":"https:\/\/quehacerpolitico.mx\/?p=4109#article","isPartOf":{"@id":"https:\/\/quehacerpolitico.mx\/?p=4109"},"author":{"name":"Redacci\u00f3n QP","@id":"https:\/\/quehacerpolitico.mx\/#\/schema\/person\/496d8ad2d1d3f8036101dca7ee39e585"},"headline":"La pel\u00edcula &#8220;Coco&#8221; regresar\u00e1 a los cines para celebrar a los muertos","datePublished":"2018-09-07T17:28:03+00:00","mainEntityOfPage":{"@id":"https:\/\/quehacerpolitico.mx\/?p=4109"},"wordCount":234,"commentCount":0,"image":{"@id":"https:\/\/quehacerpolitico.mx\/?p=4109#primaryimage"},"thumbnailUrl":"","articleSection":["Cultura y Entretenimiento"],"inLanguage":"es","potentialAction":[{"@type":"CommentAction","name":"Comment","target":["https:\/\/quehacerpolitico.mx\/?p=4109#respond"]}]},{"@type":"WebPage","@id":"https:\/\/quehacerpolitico.mx\/?p=4109","url":"https:\/\/quehacerpolitico.mx\/?p=4109","name":"La pel\u00edcula \"Coco\" regresar\u00e1 a los cines para celebrar a los muertos -","isPartOf":{"@id":"https:\/\/quehacerpolitico.mx\/#website"},"primaryImageOfPage":{"@id":"https:\/\/quehacerpolitico.mx\/?p=4109#primaryimage"},"image":{"@id":"https:\/\/quehacerpolitico.mx\/?p=4109#primaryimage"},"thumbnailUrl":"","datePublished":"2018-09-07T17:28:03+00:00","author":{"@id":"https:\/\/quehacerpolitico.mx\/#\/schema\/person\/496d8ad2d1d3f8036101dca7ee39e585"},"breadcrumb":{"@id":"https:\/\/quehacerpolitico.mx\/?p=4109#breadcrumb"},"inLanguage":"es","potentialAction":[{"@type":"ReadAction","target":["https:\/\/quehacerpolitico.mx\/?p=4109"]}]},{"@type":"ImageObject","inLanguage":"es","@id":"https:\/\/quehacerpolitico.mx\/?p=4109#primaryimage","url":"","contentUrl":""},{"@type":"BreadcrumbList","@id":"https:\/\/quehacerpolitico.mx\/?p=4109#breadcrumb","itemListElement":[{"@type":"ListItem","position":1,"name":"Inicio","item":"https:\/\/quehacerpolitico.mx\/"},{"@type":"ListItem","position":2,"name":"La pel\u00edcula &#8220;Coco&#8221; regresar\u00e1 a los cines para celebrar a los muertos"}]},{"@type":"WebSite","@id":"https:\/\/quehacerpolitico.mx\/#website","url":"https:\/\/quehacerpolitico.mx\/","name":"","description":"","potentialAction":[{"@type":"SearchAction","target":{"@type":"EntryPoint","urlTemplate":"https:\/\/quehacerpolitico.mx\/?s={search_term_string}"},"query-input":{"@type":"PropertyValueSpecification","valueRequired":true,"valueName":"search_term_string"}}],"inLanguage":"es"},{"@type":"Person","@id":"https:\/\/quehacerpolitico.mx\/#\/schema\/person\/496d8ad2d1d3f8036101dca7ee39e585","name":"Redacci\u00f3n QP","image":{"@type":"ImageObject","inLanguage":"es","@id":"https:\/\/secure.gravatar.com\/avatar\/c7164ed6fdec453195284ad24a5ae5b6e1eed2b848477fa2a4787ba9adf39a41?s=96&d=mm&r=g","url":"https:\/\/secure.gravatar.com\/avatar\/c7164ed6fdec453195284ad24a5ae5b6e1eed2b848477fa2a4787ba9adf39a41?s=96&d=mm&r=g","contentUrl":"https:\/\/secure.gravatar.com\/avatar\/c7164ed6fdec453195284ad24a5ae5b6e1eed2b848477fa2a4787ba9adf39a41?s=96&d=mm&r=g","caption":"Redacci\u00f3n QP"},"url":"https:\/\/quehacerpolitico.mx\/?author=2"}]}},"featured_image_urls":{"full":"","thumbnail":"","medium":"","medium_large":"","large":"","1536x1536":"","2048x2048":"","covernews-featured":"","covernews-medium":""},"author_info":{"display_name":"Redacci\u00f3n QP","author_link":"https:\/\/quehacerpolitico.mx\/?author=2"},"category_info":"<a href=\"https:\/\/quehacerpolitico.mx\/?cat=58\" rel=\"category\">Cultura y Entretenimiento<\/a>","tag_info":"Cultura y Entretenimiento","comment_count":"0","_links":{"self":[{"href":"https:\/\/quehacerpolitico.mx\/index.php?rest_route=\/wp\/v2\/posts\/4109","targetHints":{"allow":["GET"]}}],"collection":[{"href":"https:\/\/quehacerpolitico.mx\/index.php?rest_route=\/wp\/v2\/posts"}],"about":[{"href":"https:\/\/quehacerpolitico.mx\/index.php?rest_route=\/wp\/v2\/types\/post"}],"author":[{"embeddable":true,"href":"https:\/\/quehacerpolitico.mx\/index.php?rest_route=\/wp\/v2\/users\/2"}],"replies":[{"embeddable":true,"href":"https:\/\/quehacerpolitico.mx\/index.php?rest_route=%2Fwp%2Fv2%2Fcomments&post=4109"}],"version-history":[{"count":0,"href":"https:\/\/quehacerpolitico.mx\/index.php?rest_route=\/wp\/v2\/posts\/4109\/revisions"}],"wp:featuredmedia":[{"embeddable":true,"href":"https:\/\/quehacerpolitico.mx\/index.php?rest_route=\/"}],"wp:attachment":[{"href":"https:\/\/quehacerpolitico.mx\/index.php?rest_route=%2Fwp%2Fv2%2Fmedia&parent=4109"}],"wp:term":[{"taxonomy":"category","embeddable":true,"href":"https:\/\/quehacerpolitico.mx\/index.php?rest_route=%2Fwp%2Fv2%2Fcategories&post=4109"},{"taxonomy":"post_tag","embeddable":true,"href":"https:\/\/quehacerpolitico.mx\/index.php?rest_route=%2Fwp%2Fv2%2Ftags&post=4109"}],"curies":[{"name":"wp","href":"https:\/\/api.w.org\/{rel}","templated":true}]}}