{"id":4101,"date":"2018-09-07T16:50:34","date_gmt":"2018-09-07T16:50:34","guid":{"rendered":"http:\/\/quehacerpolitico.mx\/pese-a-elecciones-e-inseguridad-mantienen-confianza-en-invertir\/"},"modified":"2018-09-07T16:50:34","modified_gmt":"2018-09-07T16:50:34","slug":"pese-a-elecciones-e-inseguridad-mantienen-confianza-en-invertir","status":"publish","type":"post","link":"https:\/\/quehacerpolitico.mx\/?p=4101","title":{"rendered":"Pese a elecciones e inseguridad, mantienen confianza en invertir"},"content":{"rendered":"<p>A pesar del incremento de la inseguridad y el proceso electoral de este a\u00f1o, la iniciativa privada mantiene el optimismo en cuanto a las inversiones. De acuerdo con el reporte de agosto del \u00cdndice de Confianza Empresarial (ICE) del Inegi, se tuvo un incremento en estos indicadores respecto al mes anterior.<\/p>\n<p>De julio a agosto, el ICE de los sectores manufacturero y comercio registr\u00f3 un aumento de 0.5 puntos: pas\u00f3 de 50.8 a 51.3, mientras que el del sector de la construcci\u00f3n subi\u00f3 1.6 unidades: de 49.6 a 51.2.<\/p>\n<p>El Inegi maneja el umbral de los 50 puntos para separar el optimismo del pesimismo empresarial, en un m\u00e1ximo de 100; es decir, si el ICE est\u00e1 en 50 puntos o m\u00e1s, es una cifra de confianza.<\/p>\n<p>Los empresarios de Jalisco coinciden en este crecimiento de la confianza para invertir, aunque advierten que se necesita reforzar la seguridad, advierte el presidente de la Coparmex, Mauro Garza.<\/p>\n<div>CLAVES<\/div>\n<div><strong>Perspectiva negativa y optimismo<\/strong><\/div>\n<ul>\n<li>En mayo de este a\u00f1o, el Instituto de Informaci\u00f3n, Estad\u00edstica y Geogr\u00e1fica de Jalisco, la Coparmex y el Instituto Tecnol\u00f3gico de Monterrey, presentaron el Estudio de Expectativas Econ\u00f3micas de la Iniciativa Privada 2018, en donde se revel\u00f3 que el empresariado de Jalisco ten\u00eda una perspectiva negativa para la econom\u00eda nacional en los siguientes seis meses, pero hab\u00eda optimismo en la situaci\u00f3n del Estado.<\/li>\n<li>Entre los factores externos que les provocaban incertidumbre estaban las negociaciones del Tratado de Libre Comercio (TLC) y la contienda electoral del 1 de julio.<\/li>\n<li>Esta encuesta se realiz\u00f3 con 304 empresarios del Estado afiliados a la Coparmex, de los ramos del servicio, industria y comercio.<\/li>\n<li>El estudio mostr\u00f3 que casi cinco de cada 10 empresarios consideraban que habr\u00eda mejoras a corto plazo en la econom\u00eda de la Entidad, y mejor a\u00fan, a mediano plazo.<\/li>\n<li>En ese evento, el gobernador Arist\u00f3teles Sandoval precis\u00f3 que el reto para este a\u00f1o \u00a0era \u00a0mejorar la seguridad, continuar con el combate a la corrupci\u00f3n y mejorar los salarios de los trabajadores.<\/li>\n<\/ul>\n<div>\n<figure class=\"image\"><img decoding=\"async\" title=\"\" src=\"https:\/\/www.informador.mx\/export\/sites\/elinformador\/img\/2018\/09\/07\/rs2206060_cfe_x16889754x.jpg_347421144.jpg\" alt=\"\" hspace=\"5\" vspace=\"5\" data-height=\"466\" data-size=\"w:5184,h:3456\" data-width=\"700\" \/><figcaption>Alertan por el incremento en las tarifas de la energ\u00eda el\u00e9ctrica, que podr\u00eda derivar en alzas en productos y servicios\/A. Garc\u00eda<\/figcaption><\/figure>\n<\/div>\n<h4>Temen por alza en las tarifas de la CFE<\/h4>\n<p>El empresario del sector de alimentos y bebidas, Eliseo Zuno Guzm\u00e1n, manifiesta que, si bien en este momento se tiene confianza para la inversi\u00f3n en la producci\u00f3n, el incremento en los costos de la energ\u00eda el\u00e9ctrica en los \u00faltimos meses es un factor de preocupaci\u00f3n en el futuro inmediato.<\/p>\n<p>Explica que de mayo a la fecha se ha incrementado 30% la energ\u00eda el\u00e9ctrica, y los industriales dependen de ello para seguir con las producciones.<\/p>\n<p>\u201cLo que pone de nuevo en la incertidumbre en los pr\u00f3ximos meses, son los temas que s\u00ed nos van a afectar mucho, como la energ\u00eda el\u00e9ctrica y el gas natural para los industriales. Definitivamente s\u00ed va a afectar el ICE\u201d.<\/p>\n<p>Prev\u00e9 que estos altos costos afecten de manera directa a los industriales y la elaboraci\u00f3n de las materias primas, por lo que espera que se llegue a una definici\u00f3n por parte de la Comisi\u00f3n Federal de Electricidad y el Consejo Regulador del Tequila.<\/p>\n<p>\u201cExigimos que lo revisen, siempre dicen que van a hacer una revisi\u00f3n, pero la hacen para aumentar, no hacia la baja. En lo dem\u00e1s parece que todo va bien, como todos los pa\u00edses, tenemos las incertidumbres normales\u201d.<\/p>\n<p>Para continuar con buenos n\u00fameros, el sector de alimentos y bebidas ha implementado algunas estrategias a nivel de sus empresas, como hacer m\u00e1s eficientes los procesos, capacitaci\u00f3n al personal, tener certificaciones y utilizar las nuevas tecnolog\u00edas.<\/p>\n<h4>Esperan llegada de 10 empresas<\/h4>\n<p>El ligero incremento en los indicadores de agosto sobre el \u00cdndice de Confianza Empresarial (ICE), los cuales se elaboran con la Encuesta Mensual de Opini\u00f3n Empresarial del Inegi, habla de que se est\u00e1 retomando el trabajo y la certidumbre en los empresarios de todo el pa\u00eds, luego del proceso electoral, asegura el titular de la Secretar\u00eda de Desarrollo Econ\u00f3mico (Sedeco), Jos\u00e9 Palacios Jim\u00e9nez.<\/p>\n<p>\u201cSe est\u00e1 retomando el rumbo econ\u00f3mico tanto del pa\u00eds como de Jalisco, nosotros seguiremos trabajando hasta el \u00faltimo d\u00eda con toda la disposici\u00f3n de ayudarle al crecimiento de las empresas, tanto de las extranjeras, como las jaliscienses y nacionales, en sus proyectos de ampliaci\u00f3n y las nuevas\u201d.<\/p>\n<p>Tambi\u00e9n sigue el inter\u00e9s de empresas nacionales e internacionales que ven en Jalisco un sitio adecuado para instalarse. Por eso en lo que resta de la administraci\u00f3n llegar\u00e1n otras 10 empresas m\u00e1s a Jalisco.<\/p>\n<p>Los sectores con mayor impulso a la econom\u00eda jalisciense contin\u00faan siendo las tecnolog\u00edas de la informaci\u00f3n, el agroalimentario y electr\u00f3nico. Sin embargo, uno que ha crecido en los \u00faltimos a\u00f1os es el de las energ\u00edas renovables, del cual se ha tenido una inversi\u00f3n de dos mil millones de d\u00f3lares a lo largo de la administraci\u00f3n.<\/p>\n<p>En cuanto a la Inversi\u00f3n Extranjera Directa, en el primer semestre del a\u00f1o se logr\u00f3 un monto de 600 millones de d\u00f3lares, y se espera que al final de este sexenio se llegue a los mil 100 millones de d\u00f3lares.<\/p>\n<p>\u201cSeguramente en corto tiempo vamos a tener datos espec\u00edficos de nuevas empresas que estamos esperando que nos autoricen el anuncio de las mismas\u201d.<\/p>\n<p>Entre 2013 y 2017, la Secretar\u00eda apoy\u00f3 a 284 empresas: 116 nuevas y 168 en expansi\u00f3n. De este total, 139 son nacionales: 44 del sector alimentos y bebidas, 21 de manufactura, 13 del agr\u00edcola y 16 del textil.<\/p>\n<p>Las extranjeras fueron 145, de las cuales 56 son del ramo automotriz, 32 de tecnolog\u00edas de la informaci\u00f3n, 18 de electr\u00f3nica y 10 de alimentos y bebidas.<\/p>\n<p>\u201cCon lo que est\u00e1 sucediendo con el Tratado de Libre Comercio (TLC), uno de los sectores que m\u00e1s cauto ha sido es el automotriz. Afortunadamente, Jalisco tiene una econom\u00eda muy compleja y el tema de que tenemos 19 sectores exportadores tambi\u00e9n da una fortaleza importante al Estado\u201d.<\/p>\n<div>\n<figure class=\"image long\"><img decoding=\"async\" title=\"\" src=\"https:\/\/www.informador.mx\/export\/sites\/elinformador\/img\/2018\/09\/07\/rs2013723_rusia_cierra_su_merca_x17179981x.jpg_347421144.jpg\" alt=\"\" hspace=\"5\" vspace=\"5\" data-height=\"466\" data-size=\"w:4096,h:2732\" data-width=\"700\" \/><figcaption>Los sectores con mayor impulso a la econom\u00eda jalisciense contin\u00faan siendo las tecnolog\u00edas de la informaci\u00f3n, el agroalimentario y electr\u00f3nico. EFE\/Archivo<\/figcaption><\/figure>\n<\/div>\n<h4>Piden simplificaci\u00f3n de tr\u00e1mites\u00a0<\/h4>\n<p>La C\u00e1mara de Comercio de Guadalajara (Canaco) apela a que las nuevas autoridades que ocupar\u00e1n los tres niveles de Gobierno den continuidad a los buenos programas y mejoren aquellos que han tenido fallas.<\/p>\n<p>Su vicepresidente del Centro de An\u00e1lisis Estrat\u00e9gico Empresarial, Roberto Arechederra Pacheco, se\u00f1ala que uno de los temas que se deben trabajar es la simplificaci\u00f3n de tr\u00e1mites, para que se hagan m\u00e1s sencillos los procesos por los que tienen que pasar los empresarios.<\/p>\n<p>\u201cSe puede mejorar la parte fiscal, por ejemplo, me parece que hay espacio para una simplificaci\u00f3n a\u00fan mayor, para disminuir la tramitolog\u00eda de los empresarios. Vemos un claro aumento en lo que se refiere a los costos administrativos que tiene el empresariado, tanto en la parte de regulaci\u00f3n fiscal como lo que conlleva el poder recuperar los impuestos, especialmente el IVA\u201d.<\/p>\n<p>Por otra parte, manifiesta que un tema prioritario debe ser la seguridad p\u00fablica y jur\u00eddica, para mejorar un mejor ambiente de certidumbre a la inversi\u00f3n y en la propiedad.<\/p>\n<p>Adem\u00e1s, comenta que uno de los asuntos que desactiva a los empresarios a invertir es el costo de los impuestos y la falta de infraestructura necesaria para mejorar la movilidad de los productos. \u201cPodemos decir que las ciudades se convierten en infraestructuras donde las empresas pueden hacer negocio, y competimos con empresas de Toronto, Nueva York y Houston; en ese sentido, necesitamos mejorar el transporte, la infraestructura vial y energ\u00e9ticas, carreteras, y que el Gobierno d\u00e9 los incentivos para que puedan absorber todo esto, aprovecharlo y generar m\u00e1s empleo\u201d.<\/p>\n<p>Otro de los incentivos es que contin\u00fae el combate al comercio informal.<\/p>\n<h4>Industria de la construcci\u00f3n aumenta inversi\u00f3n<\/h4>\n<p>Los empresarios de la construcci\u00f3n en Jalisco \u00a0tienen optimismo en que cerrar\u00e1n el a\u00f1o con 3% de incremento en las inversiones, anunci\u00f3 el presidente de la C\u00e1mara de la Industria de la Construcci\u00f3n (Cmic), Luis Rafael M\u00e9ndez Jaled.<\/p>\n<p>\u201cSi el a\u00f1o pasado se invirtieron 30 mil millones de pesos en infraestructura generada, tanto de obra privada como p\u00fablica, creemos que posiblemente estemos llegando a un 3% m\u00e1s\u201d.<\/p>\n<p>De acuerdo con el \u00cdndice de Confianza Empresarial, la industria de la construcci\u00f3n a nivel nacional tuvo meses en los que bajaron los niveles de certidumbre para invertir, debido a factores como la contienda electoral.<\/p>\n<p>En Jalisco, la C\u00e1mara vivi\u00f3 lo mismo, sobre todo en abril. \u201cSe tuvo una ca\u00edda en estos niveles de confianza en todo los sentidos, en pensar en el futuro, la situaci\u00f3n presente, en pensar en invertir en niveles importantes. Fue un mes muy preocupante por muchas cosas: lo que sucedi\u00f3 con los aranceles, lo que ven\u00eda sucediendo en las campa\u00f1as&#8230; eso gener\u00f3 mucha incertidumbre\u201d.<\/p>\n<p>Sin embargo, a partir de julio se gener\u00f3 nuevamente la confianza entre los agremiados, con la idea de que el incremento en la inversi\u00f3n pudiera ser una realidad, debido a que se ve certeza en las continuidades de algunos de los proyectos pol\u00edticos, adem\u00e1s de la armon\u00eda entre quienes dejan la administraci\u00f3n y quienes la reciben.<\/p>\n<p>\u201cCreo que las c\u00fapulas empresariales y las c\u00e1maras han trabajado en equipo, han generado equipos, y esto se transforma en la tranquilidad para invertir. La situaci\u00f3n econ\u00f3mica presente de las empresas micros y peque\u00f1as no ha sido f\u00e1cil, pero venimos creciendo\u201d.<\/p>\n<p>La CMIC tiene alrededor de 700 afiliados en Jalisco. A nivel nacional, la \u00a0cifra se incrementa a 12 mil.<\/p>\n<div>\n<figure class=\"image\"><img decoding=\"async\" title=\"\" src=\"https:\/\/www.informador.mx\/export\/sites\/elinformador\/img\/2018\/09\/07\/the_container_ship__a_x28463964x_1.jpg_347421144.jpg\" alt=\"\" hspace=\"5\" vspace=\"5\" data-height=\"466\" data-size=\"w:4836,h:3223\" data-width=\"700\" \/><figcaption>Actualmente, en Comce se trabaja una plataforma de diversificaci\u00f3n con Honduras y Panam\u00e1, con un proyecto para la sustituci\u00f3n de importaciones de Estados Unidos. AFP\/C. Triballeau<\/figcaption><\/figure>\n<\/div>\n<h4>El reto, la diversificaci\u00f3n<\/h4>\n<p>Los empresarios tienen, en general, un buen pron\u00f3stico para la econom\u00eda e inversi\u00f3n para los meses que restan del a\u00f1o.<\/p>\n<p>El Consejo Empresarial Mexicano de Comercio Exterior (Comce) tiene el reto de la diversificaci\u00f3n y la competitividad de las peque\u00f1as y medianas empresas en el \u00e1mbito industrial, para competir con los dem\u00e1s mercados. Adem\u00e1s, se habr\u00e1 de tomar en cuenta c\u00f3mo acaba renegociado o modernizado el Tratado de Libre Comercio (TLC), asegura el presidente, Miguel \u00c1ngel Landeros.<\/p>\n<p>\u201cEntendemos que nuestra posici\u00f3n es buscar alternativas que nos permitan no tener comprometidas a la mayor\u00eda de nuestras exportaciones a un solo destino, esto ha sido un discurso de hace muchos a\u00f1os, pero hoy es una pol\u00edtica prioritaria para el sector\u201d.<\/p>\n<p>Menciona que ya no es suficiente voltear hacia Norteam\u00e9rica para hacer negocios, sino hacia Centroam\u00e9rica.<\/p>\n<p>Actualmente, en Comce se trabaja una plataforma de diversificaci\u00f3n con Honduras, con un proyecto para la sustituci\u00f3n de importaciones de Estados Unidos, por importaciones mexicanas.<\/p>\n<p>\u201cVamos por un 15%, es ambicioso, pero vamos a ver cu\u00e1nto podemos lograr\u2026 Honduras y Centroam\u00e9rica compran a Estados Unidos cerca de 50 mil millones de d\u00f3lares; s\u00f3lo Honduras compra cerca de siete mil millones de d\u00f3lares, y nosotros vamos a hablar del 15% de sustituci\u00f3n de importaciones, porque M\u00e9xico puede proveer a mejor precio, con igual o mejor calidad\u201d.<\/p>\n<p>Otra plataforma es con Panam\u00e1, para llevar la venta de productos y lograr la solidez de exportaciones en otros mercados.<\/p>\n<p>En estos proyectos el sector estrella ser\u00e1 la agroindustria, pero hay inter\u00e9s en la diversificaci\u00f3n de al menos 10 sectores productivos, comenta Landeros. \u201cHay desde productos alimenticios, productos con valor agregado, muebles, insumos para el hogar, hay mil cosas que podemos nosotros proveerles\u201d.<\/p>\n<p>Para una segunda fase se plantea la penetraci\u00f3n de empresas de Jalisco en Centroam\u00e9rica, a trav\u00e9s de una expansi\u00f3n industrial, con el objetivo que den sus primeros pasos internacionales, poder ser m\u00e1s competitivas y afianzarse en ese mercado.<\/p>\n<h4>\u201cDebe seguir la interlocuci\u00f3n\u201d<\/h4>\n<p>Aunque los empresarios contin\u00faan optimistas en que la econom\u00eda del pa\u00eds tendr\u00e1 buen nivel en los pr\u00f3ximos meses, todav\u00eda se alcanza a ver cierta incertidumbre para la situaci\u00f3n actual, considera el director del Observatorio Ciudadano Jalisco C\u00f3mo Vamos, Augusto Chac\u00f3n.<\/p>\n<p>Para que esta confianza contin\u00fae y d\u00e9 frutos en materia de inversiones, ser\u00e1 necesario que los empresarios no pierdan la comunicaci\u00f3n con las autoridades actuales y las entrantes, tanto en el nivel municipal como en el estatal y nacional.<\/p>\n<p>\u201cEl principal reto es mantener la buena interlocuci\u00f3n con los tres \u00f3rdenes de Gobierno, no perder ese contacto. Me parece que en lo dem\u00e1s, inclusive en el combate a la corrupci\u00f3n, la mayor\u00eda del mundo empresarial ya tiene asumido que ese combate no tiene vuelta atr\u00e1s\u201d.<\/p>\n<p>Sobre el Tratado de Libre Comercio con Estados Unidos, hasta el momento \u201cno pinta mal\u201d, pues hay disposici\u00f3n de los empresarios en las partes convenidas, lo que abonar\u00e1 a una certidumbre mayor.<\/p>\n","protected":false},"excerpt":{"rendered":"<p>De acuerdo con el reporte de agosto del \u00cdndice de Confianza Empresarial del Inegi, se tuvo un incremento en estos indicador respecto al mes anterior<br \/>\nPor Redacci\u00f3n QP<\/p>\n","protected":false},"author":2,"featured_media":4100,"comment_status":"open","ping_status":"open","sticky":false,"template":"","format":"standard","meta":{"_monsterinsights_skip_tracking":false,"_monsterinsights_sitenote_active":false,"_monsterinsights_sitenote_note":"","_monsterinsights_sitenote_category":0,"footnotes":""},"categories":[56],"tags":[],"class_list":["post-4101","post","type-post","status-publish","format-standard","has-post-thumbnail","hentry","category-economia"],"yoast_head":"<!-- This site is optimized with the Yoast SEO plugin v27.3 - https:\/\/yoast.com\/product\/yoast-seo-wordpress\/ -->\n<title>Pese a elecciones e inseguridad, mantienen confianza en invertir -<\/title>\n<meta name=\"robots\" content=\"index, follow, max-snippet:-1, max-image-preview:large, max-video-preview:-1\" \/>\n<link rel=\"canonical\" href=\"https:\/\/quehacerpolitico.mx\/?p=4101\" \/>\n<meta property=\"og:locale\" content=\"es_MX\" \/>\n<meta property=\"og:type\" content=\"article\" \/>\n<meta property=\"og:title\" content=\"Pese a elecciones e inseguridad, mantienen confianza en invertir -\" \/>\n<meta property=\"og:description\" content=\"De acuerdo con el reporte de agosto del \u00cdndice de Confianza Empresarial del Inegi, se tuvo un incremento en estos indicador respecto al mes anterior Por Redacci\u00f3n QP\" \/>\n<meta property=\"og:url\" content=\"https:\/\/quehacerpolitico.mx\/?p=4101\" \/>\n<meta property=\"article:published_time\" content=\"2018-09-07T16:50:34+00:00\" \/>\n<meta name=\"author\" content=\"Redacci\u00f3n QP\" \/>\n<meta name=\"twitter:card\" content=\"summary_large_image\" \/>\n<meta name=\"twitter:label1\" content=\"Escrito por\" \/>\n\t<meta name=\"twitter:data1\" content=\"Redacci\u00f3n QP\" \/>\n\t<meta name=\"twitter:label2\" content=\"Tiempo de lectura\" \/>\n\t<meta name=\"twitter:data2\" content=\"11 minutos\" \/>\n<script type=\"application\/ld+json\" class=\"yoast-schema-graph\">{\"@context\":\"https:\\\/\\\/schema.org\",\"@graph\":[{\"@type\":\"Article\",\"@id\":\"https:\\\/\\\/quehacerpolitico.mx\\\/?p=4101#article\",\"isPartOf\":{\"@id\":\"https:\\\/\\\/quehacerpolitico.mx\\\/?p=4101\"},\"author\":{\"name\":\"Redacci\u00f3n QP\",\"@id\":\"https:\\\/\\\/quehacerpolitico.mx\\\/#\\\/schema\\\/person\\\/496d8ad2d1d3f8036101dca7ee39e585\"},\"headline\":\"Pese a elecciones e inseguridad, mantienen confianza en invertir\",\"datePublished\":\"2018-09-07T16:50:34+00:00\",\"mainEntityOfPage\":{\"@id\":\"https:\\\/\\\/quehacerpolitico.mx\\\/?p=4101\"},\"wordCount\":2216,\"commentCount\":0,\"image\":{\"@id\":\"https:\\\/\\\/quehacerpolitico.mx\\\/?p=4101#primaryimage\"},\"thumbnailUrl\":\"\",\"articleSection\":[\"Econom\u00eda\"],\"inLanguage\":\"es\",\"potentialAction\":[{\"@type\":\"CommentAction\",\"name\":\"Comment\",\"target\":[\"https:\\\/\\\/quehacerpolitico.mx\\\/?p=4101#respond\"]}]},{\"@type\":\"WebPage\",\"@id\":\"https:\\\/\\\/quehacerpolitico.mx\\\/?p=4101\",\"url\":\"https:\\\/\\\/quehacerpolitico.mx\\\/?p=4101\",\"name\":\"Pese a elecciones e inseguridad, mantienen confianza en invertir -\",\"isPartOf\":{\"@id\":\"https:\\\/\\\/quehacerpolitico.mx\\\/#website\"},\"primaryImageOfPage\":{\"@id\":\"https:\\\/\\\/quehacerpolitico.mx\\\/?p=4101#primaryimage\"},\"image\":{\"@id\":\"https:\\\/\\\/quehacerpolitico.mx\\\/?p=4101#primaryimage\"},\"thumbnailUrl\":\"\",\"datePublished\":\"2018-09-07T16:50:34+00:00\",\"author\":{\"@id\":\"https:\\\/\\\/quehacerpolitico.mx\\\/#\\\/schema\\\/person\\\/496d8ad2d1d3f8036101dca7ee39e585\"},\"breadcrumb\":{\"@id\":\"https:\\\/\\\/quehacerpolitico.mx\\\/?p=4101#breadcrumb\"},\"inLanguage\":\"es\",\"potentialAction\":[{\"@type\":\"ReadAction\",\"target\":[\"https:\\\/\\\/quehacerpolitico.mx\\\/?p=4101\"]}]},{\"@type\":\"ImageObject\",\"inLanguage\":\"es\",\"@id\":\"https:\\\/\\\/quehacerpolitico.mx\\\/?p=4101#primaryimage\",\"url\":\"\",\"contentUrl\":\"\"},{\"@type\":\"BreadcrumbList\",\"@id\":\"https:\\\/\\\/quehacerpolitico.mx\\\/?p=4101#breadcrumb\",\"itemListElement\":[{\"@type\":\"ListItem\",\"position\":1,\"name\":\"Inicio\",\"item\":\"https:\\\/\\\/quehacerpolitico.mx\\\/\"},{\"@type\":\"ListItem\",\"position\":2,\"name\":\"Pese a elecciones e inseguridad, mantienen confianza en invertir\"}]},{\"@type\":\"WebSite\",\"@id\":\"https:\\\/\\\/quehacerpolitico.mx\\\/#website\",\"url\":\"https:\\\/\\\/quehacerpolitico.mx\\\/\",\"name\":\"\",\"description\":\"\",\"potentialAction\":[{\"@type\":\"SearchAction\",\"target\":{\"@type\":\"EntryPoint\",\"urlTemplate\":\"https:\\\/\\\/quehacerpolitico.mx\\\/?s={search_term_string}\"},\"query-input\":{\"@type\":\"PropertyValueSpecification\",\"valueRequired\":true,\"valueName\":\"search_term_string\"}}],\"inLanguage\":\"es\"},{\"@type\":\"Person\",\"@id\":\"https:\\\/\\\/quehacerpolitico.mx\\\/#\\\/schema\\\/person\\\/496d8ad2d1d3f8036101dca7ee39e585\",\"name\":\"Redacci\u00f3n QP\",\"image\":{\"@type\":\"ImageObject\",\"inLanguage\":\"es\",\"@id\":\"https:\\\/\\\/secure.gravatar.com\\\/avatar\\\/c7164ed6fdec453195284ad24a5ae5b6e1eed2b848477fa2a4787ba9adf39a41?s=96&d=mm&r=g\",\"url\":\"https:\\\/\\\/secure.gravatar.com\\\/avatar\\\/c7164ed6fdec453195284ad24a5ae5b6e1eed2b848477fa2a4787ba9adf39a41?s=96&d=mm&r=g\",\"contentUrl\":\"https:\\\/\\\/secure.gravatar.com\\\/avatar\\\/c7164ed6fdec453195284ad24a5ae5b6e1eed2b848477fa2a4787ba9adf39a41?s=96&d=mm&r=g\",\"caption\":\"Redacci\u00f3n QP\"},\"url\":\"https:\\\/\\\/quehacerpolitico.mx\\\/?author=2\"}]}<\/script>\n<!-- \/ Yoast SEO plugin. -->","yoast_head_json":{"title":"Pese a elecciones e inseguridad, mantienen confianza en invertir -","robots":{"index":"index","follow":"follow","max-snippet":"max-snippet:-1","max-image-preview":"max-image-preview:large","max-video-preview":"max-video-preview:-1"},"canonical":"https:\/\/quehacerpolitico.mx\/?p=4101","og_locale":"es_MX","og_type":"article","og_title":"Pese a elecciones e inseguridad, mantienen confianza en invertir -","og_description":"De acuerdo con el reporte de agosto del \u00cdndice de Confianza Empresarial del Inegi, se tuvo un incremento en estos indicador respecto al mes anterior Por Redacci\u00f3n QP","og_url":"https:\/\/quehacerpolitico.mx\/?p=4101","article_published_time":"2018-09-07T16:50:34+00:00","author":"Redacci\u00f3n QP","twitter_card":"summary_large_image","twitter_misc":{"Escrito por":"Redacci\u00f3n QP","Tiempo de lectura":"11 minutos"},"schema":{"@context":"https:\/\/schema.org","@graph":[{"@type":"Article","@id":"https:\/\/quehacerpolitico.mx\/?p=4101#article","isPartOf":{"@id":"https:\/\/quehacerpolitico.mx\/?p=4101"},"author":{"name":"Redacci\u00f3n QP","@id":"https:\/\/quehacerpolitico.mx\/#\/schema\/person\/496d8ad2d1d3f8036101dca7ee39e585"},"headline":"Pese a elecciones e inseguridad, mantienen confianza en invertir","datePublished":"2018-09-07T16:50:34+00:00","mainEntityOfPage":{"@id":"https:\/\/quehacerpolitico.mx\/?p=4101"},"wordCount":2216,"commentCount":0,"image":{"@id":"https:\/\/quehacerpolitico.mx\/?p=4101#primaryimage"},"thumbnailUrl":"","articleSection":["Econom\u00eda"],"inLanguage":"es","potentialAction":[{"@type":"CommentAction","name":"Comment","target":["https:\/\/quehacerpolitico.mx\/?p=4101#respond"]}]},{"@type":"WebPage","@id":"https:\/\/quehacerpolitico.mx\/?p=4101","url":"https:\/\/quehacerpolitico.mx\/?p=4101","name":"Pese a elecciones e inseguridad, mantienen confianza en invertir -","isPartOf":{"@id":"https:\/\/quehacerpolitico.mx\/#website"},"primaryImageOfPage":{"@id":"https:\/\/quehacerpolitico.mx\/?p=4101#primaryimage"},"image":{"@id":"https:\/\/quehacerpolitico.mx\/?p=4101#primaryimage"},"thumbnailUrl":"","datePublished":"2018-09-07T16:50:34+00:00","author":{"@id":"https:\/\/quehacerpolitico.mx\/#\/schema\/person\/496d8ad2d1d3f8036101dca7ee39e585"},"breadcrumb":{"@id":"https:\/\/quehacerpolitico.mx\/?p=4101#breadcrumb"},"inLanguage":"es","potentialAction":[{"@type":"ReadAction","target":["https:\/\/quehacerpolitico.mx\/?p=4101"]}]},{"@type":"ImageObject","inLanguage":"es","@id":"https:\/\/quehacerpolitico.mx\/?p=4101#primaryimage","url":"","contentUrl":""},{"@type":"BreadcrumbList","@id":"https:\/\/quehacerpolitico.mx\/?p=4101#breadcrumb","itemListElement":[{"@type":"ListItem","position":1,"name":"Inicio","item":"https:\/\/quehacerpolitico.mx\/"},{"@type":"ListItem","position":2,"name":"Pese a elecciones e inseguridad, mantienen confianza en invertir"}]},{"@type":"WebSite","@id":"https:\/\/quehacerpolitico.mx\/#website","url":"https:\/\/quehacerpolitico.mx\/","name":"","description":"","potentialAction":[{"@type":"SearchAction","target":{"@type":"EntryPoint","urlTemplate":"https:\/\/quehacerpolitico.mx\/?s={search_term_string}"},"query-input":{"@type":"PropertyValueSpecification","valueRequired":true,"valueName":"search_term_string"}}],"inLanguage":"es"},{"@type":"Person","@id":"https:\/\/quehacerpolitico.mx\/#\/schema\/person\/496d8ad2d1d3f8036101dca7ee39e585","name":"Redacci\u00f3n QP","image":{"@type":"ImageObject","inLanguage":"es","@id":"https:\/\/secure.gravatar.com\/avatar\/c7164ed6fdec453195284ad24a5ae5b6e1eed2b848477fa2a4787ba9adf39a41?s=96&d=mm&r=g","url":"https:\/\/secure.gravatar.com\/avatar\/c7164ed6fdec453195284ad24a5ae5b6e1eed2b848477fa2a4787ba9adf39a41?s=96&d=mm&r=g","contentUrl":"https:\/\/secure.gravatar.com\/avatar\/c7164ed6fdec453195284ad24a5ae5b6e1eed2b848477fa2a4787ba9adf39a41?s=96&d=mm&r=g","caption":"Redacci\u00f3n QP"},"url":"https:\/\/quehacerpolitico.mx\/?author=2"}]}},"featured_image_urls":{"full":"","thumbnail":"","medium":"","medium_large":"","large":"","1536x1536":"","2048x2048":"","covernews-featured":"","covernews-medium":""},"author_info":{"display_name":"Redacci\u00f3n QP","author_link":"https:\/\/quehacerpolitico.mx\/?author=2"},"category_info":"<a href=\"https:\/\/quehacerpolitico.mx\/?cat=56\" rel=\"category\">Econom\u00eda<\/a>","tag_info":"Econom\u00eda","comment_count":"0","_links":{"self":[{"href":"https:\/\/quehacerpolitico.mx\/index.php?rest_route=\/wp\/v2\/posts\/4101","targetHints":{"allow":["GET"]}}],"collection":[{"href":"https:\/\/quehacerpolitico.mx\/index.php?rest_route=\/wp\/v2\/posts"}],"about":[{"href":"https:\/\/quehacerpolitico.mx\/index.php?rest_route=\/wp\/v2\/types\/post"}],"author":[{"embeddable":true,"href":"https:\/\/quehacerpolitico.mx\/index.php?rest_route=\/wp\/v2\/users\/2"}],"replies":[{"embeddable":true,"href":"https:\/\/quehacerpolitico.mx\/index.php?rest_route=%2Fwp%2Fv2%2Fcomments&post=4101"}],"version-history":[{"count":0,"href":"https:\/\/quehacerpolitico.mx\/index.php?rest_route=\/wp\/v2\/posts\/4101\/revisions"}],"wp:featuredmedia":[{"embeddable":true,"href":"https:\/\/quehacerpolitico.mx\/index.php?rest_route=\/"}],"wp:attachment":[{"href":"https:\/\/quehacerpolitico.mx\/index.php?rest_route=%2Fwp%2Fv2%2Fmedia&parent=4101"}],"wp:term":[{"taxonomy":"category","embeddable":true,"href":"https:\/\/quehacerpolitico.mx\/index.php?rest_route=%2Fwp%2Fv2%2Fcategories&post=4101"},{"taxonomy":"post_tag","embeddable":true,"href":"https:\/\/quehacerpolitico.mx\/index.php?rest_route=%2Fwp%2Fv2%2Ftags&post=4101"}],"curies":[{"name":"wp","href":"https:\/\/api.w.org\/{rel}","templated":true}]}}