{"id":4089,"date":"2018-09-07T15:52:44","date_gmt":"2018-09-07T15:52:44","guid":{"rendered":"http:\/\/quehacerpolitico.mx\/tren-ligero-a-ecatepec-y-chalco-el-proyecto-del-ste\/"},"modified":"2018-09-07T15:52:44","modified_gmt":"2018-09-07T15:52:44","slug":"tren-ligero-a-ecatepec-y-chalco-el-proyecto-del-ste","status":"publish","type":"post","link":"https:\/\/quehacerpolitico.mx\/?p=4089","title":{"rendered":"Tren Ligero a Ecatepec y Chalco, el proyecto del STE"},"content":{"rendered":"<p>El Tren Ligero en los pr\u00f3ximos a\u00f1os podr\u00eda crecer y tener dos nuevas l\u00edneas de acuerdo con su plan maestro, el cual proyecta un total de nueve rutas adicionales a la que va de Tasque\u00f1a a Xochimilco.<\/p>\n<p class=\"p1\"><span class=\"s1\">De acuerdo con Juan Jos\u00e9 Reyes Esparza, director de Transportaci\u00f3n del Sistema de Transportes El\u00e9ctricos (STE), es probable que se d\u00e9 esta expansi\u00f3n con una nueva ruta de Ecatepec a Mart\u00edn Carrera y otra de Metro Constituci\u00f3n de 1917 a Canal de Chalco. <\/span><\/p>\n<blockquote>\n<p class=\"p1\"><span class=\"s1\">\u201cEs factible, de hecho hay rutas del Metrob\u00fas como la 1 que estaban planeadas para ser Tren Ligero\u201d, afirm\u00f3 Reyes Esparza. <\/span><\/p>\n<\/blockquote>\n<p class=\"p1\"><span class=\"s1\">Sin embargo, el funcionario detall\u00f3 que la construcci\u00f3n de la infraestructura asociada para el medio de transporte del que forma parte es m\u00e1s cara que la del Metrob\u00fas, por ello, prefieren los autobuses. <\/span><\/p>\n<blockquote>\n<p class=\"p1\"><span class=\"s1\">\u201cLa infraestructura es m\u00e1s cara que la del Metrob\u00fas, aqu\u00ed tenemos la catenaria, v\u00edas, sistema de peaje, de velocidad, de tr\u00e1fico, pero a la larga es de mayor beneficio que una unidad del Metrob\u00fas\u201d, indic\u00f3. <\/span><\/p>\n<\/blockquote>\n<p class=\"p1\"><span class=\"s1\">Adem\u00e1s, se\u00f1al\u00f3 que los trenes el\u00e9ctricos tienen una vida \u00fatil m\u00e1s larga que los autobuses de bajas emisiones de contaminantes y no generan poluci\u00f3n en el aire.<\/span><\/p>\n<p>\u201cLas unidades T90, son de 1990 y tienen 28 a\u00f1os trabajando, si las vemos, no crees que tengan tanto tiempo\u201d, consider\u00f3 y recalc\u00f3 que construir m\u00e1s rutas es caro, pero se justifica.<\/p>\n<p class=\"p1\"><span class=\"s1\">Reyes tambi\u00e9n se\u00f1al\u00f3 que la expansi\u00f3n, cuyo monto econ\u00f3mico no especific\u00f3, podr\u00eda ser costeable si se aumenta el precio del boleto. <\/span><\/p>\n<blockquote>\n<p class=\"p1\"><span class=\"s1\">\u201cLa tarifa que se le cobra al usuario no es la que cubre el servicio, en Guadalajara y Monterrey los transportes similares es de 10 pesos (\u2026) Si existiera un aumento, podr\u00edamos llevar a cabo los proyectos m\u00e1s f\u00e1cilmente\u201d, afirm\u00f3. <\/span><\/p>\n<\/blockquote>\n<p class=\"p1\"><span class=\"s1\">No obstante, Reyes Esparza aclar\u00f3 que el precio del viaje es un tema de pol\u00edtica p\u00fablica, y parte de los apoyos a trabajadores, estudiantes, madres y adultos mayores. <\/span><\/p>\n<p class=\"p1\"><span class=\"s1\">Ante esta situaci\u00f3n, explic\u00f3 que para que todo el STE, incluida la red de los trolebuses y taxis el\u00e9ctricos, siga operando recibe anualmente un subsidio de mil millones. <\/span><\/p>\n<p class=\"p1\"><span class=\"s1\">Igualmente, Reyes Esparza a\u00f1adi\u00f3 que el Gobierno no destina un subsidio en espec\u00edfico para el Tren Ligero y la cantidad mencionada se reparte en tres los medios de transporte.<\/span><\/p>\n","protected":false},"excerpt":{"rendered":"<p>Tren Ligero a Ecatepec y Chalco, el proyecto del STE<br \/>\nPor Redacci\u00f3n QP<\/p>\n","protected":false},"author":2,"featured_media":4088,"comment_status":"open","ping_status":"open","sticky":false,"template":"","format":"standard","meta":{"_monsterinsights_skip_tracking":false,"_monsterinsights_sitenote_active":false,"_monsterinsights_sitenote_note":"","_monsterinsights_sitenote_category":0,"footnotes":""},"categories":[2],"tags":[],"class_list":["post-4089","post","type-post","status-publish","format-standard","has-post-thumbnail","hentry","category-noticias"],"yoast_head":"<!-- This site is optimized with the Yoast SEO plugin v27.3 - https:\/\/yoast.com\/product\/yoast-seo-wordpress\/ -->\n<title>Tren Ligero a Ecatepec y Chalco, el proyecto del STE -<\/title>\n<meta name=\"robots\" content=\"index, follow, max-snippet:-1, max-image-preview:large, max-video-preview:-1\" \/>\n<link rel=\"canonical\" href=\"https:\/\/quehacerpolitico.mx\/?p=4089\" \/>\n<meta property=\"og:locale\" content=\"es_MX\" \/>\n<meta property=\"og:type\" content=\"article\" \/>\n<meta property=\"og:title\" content=\"Tren Ligero a Ecatepec y Chalco, el proyecto del STE -\" \/>\n<meta property=\"og:description\" content=\"Tren Ligero a Ecatepec y Chalco, el proyecto del STE Por Redacci\u00f3n QP\" \/>\n<meta property=\"og:url\" content=\"https:\/\/quehacerpolitico.mx\/?p=4089\" \/>\n<meta property=\"article:published_time\" content=\"2018-09-07T15:52:44+00:00\" \/>\n<meta name=\"author\" content=\"Redacci\u00f3n QP\" \/>\n<meta name=\"twitter:card\" content=\"summary_large_image\" \/>\n<meta name=\"twitter:label1\" content=\"Escrito por\" \/>\n\t<meta name=\"twitter:data1\" content=\"Redacci\u00f3n QP\" \/>\n\t<meta name=\"twitter:label2\" content=\"Tiempo de lectura\" \/>\n\t<meta name=\"twitter:data2\" content=\"2 minutos\" \/>\n<script type=\"application\/ld+json\" class=\"yoast-schema-graph\">{\"@context\":\"https:\\\/\\\/schema.org\",\"@graph\":[{\"@type\":\"Article\",\"@id\":\"https:\\\/\\\/quehacerpolitico.mx\\\/?p=4089#article\",\"isPartOf\":{\"@id\":\"https:\\\/\\\/quehacerpolitico.mx\\\/?p=4089\"},\"author\":{\"name\":\"Redacci\u00f3n QP\",\"@id\":\"https:\\\/\\\/quehacerpolitico.mx\\\/#\\\/schema\\\/person\\\/496d8ad2d1d3f8036101dca7ee39e585\"},\"headline\":\"Tren Ligero a Ecatepec y Chalco, el proyecto del STE\",\"datePublished\":\"2018-09-07T15:52:44+00:00\",\"mainEntityOfPage\":{\"@id\":\"https:\\\/\\\/quehacerpolitico.mx\\\/?p=4089\"},\"wordCount\":418,\"commentCount\":0,\"image\":{\"@id\":\"https:\\\/\\\/quehacerpolitico.mx\\\/?p=4089#primaryimage\"},\"thumbnailUrl\":\"\",\"articleSection\":[\"Noticias\"],\"inLanguage\":\"es\",\"potentialAction\":[{\"@type\":\"CommentAction\",\"name\":\"Comment\",\"target\":[\"https:\\\/\\\/quehacerpolitico.mx\\\/?p=4089#respond\"]}]},{\"@type\":\"WebPage\",\"@id\":\"https:\\\/\\\/quehacerpolitico.mx\\\/?p=4089\",\"url\":\"https:\\\/\\\/quehacerpolitico.mx\\\/?p=4089\",\"name\":\"Tren Ligero a Ecatepec y Chalco, el proyecto del STE -\",\"isPartOf\":{\"@id\":\"https:\\\/\\\/quehacerpolitico.mx\\\/#website\"},\"primaryImageOfPage\":{\"@id\":\"https:\\\/\\\/quehacerpolitico.mx\\\/?p=4089#primaryimage\"},\"image\":{\"@id\":\"https:\\\/\\\/quehacerpolitico.mx\\\/?p=4089#primaryimage\"},\"thumbnailUrl\":\"\",\"datePublished\":\"2018-09-07T15:52:44+00:00\",\"author\":{\"@id\":\"https:\\\/\\\/quehacerpolitico.mx\\\/#\\\/schema\\\/person\\\/496d8ad2d1d3f8036101dca7ee39e585\"},\"breadcrumb\":{\"@id\":\"https:\\\/\\\/quehacerpolitico.mx\\\/?p=4089#breadcrumb\"},\"inLanguage\":\"es\",\"potentialAction\":[{\"@type\":\"ReadAction\",\"target\":[\"https:\\\/\\\/quehacerpolitico.mx\\\/?p=4089\"]}]},{\"@type\":\"ImageObject\",\"inLanguage\":\"es\",\"@id\":\"https:\\\/\\\/quehacerpolitico.mx\\\/?p=4089#primaryimage\",\"url\":\"\",\"contentUrl\":\"\"},{\"@type\":\"BreadcrumbList\",\"@id\":\"https:\\\/\\\/quehacerpolitico.mx\\\/?p=4089#breadcrumb\",\"itemListElement\":[{\"@type\":\"ListItem\",\"position\":1,\"name\":\"Inicio\",\"item\":\"https:\\\/\\\/quehacerpolitico.mx\\\/\"},{\"@type\":\"ListItem\",\"position\":2,\"name\":\"Tren Ligero a Ecatepec y Chalco, el proyecto del STE\"}]},{\"@type\":\"WebSite\",\"@id\":\"https:\\\/\\\/quehacerpolitico.mx\\\/#website\",\"url\":\"https:\\\/\\\/quehacerpolitico.mx\\\/\",\"name\":\"\",\"description\":\"\",\"potentialAction\":[{\"@type\":\"SearchAction\",\"target\":{\"@type\":\"EntryPoint\",\"urlTemplate\":\"https:\\\/\\\/quehacerpolitico.mx\\\/?s={search_term_string}\"},\"query-input\":{\"@type\":\"PropertyValueSpecification\",\"valueRequired\":true,\"valueName\":\"search_term_string\"}}],\"inLanguage\":\"es\"},{\"@type\":\"Person\",\"@id\":\"https:\\\/\\\/quehacerpolitico.mx\\\/#\\\/schema\\\/person\\\/496d8ad2d1d3f8036101dca7ee39e585\",\"name\":\"Redacci\u00f3n QP\",\"image\":{\"@type\":\"ImageObject\",\"inLanguage\":\"es\",\"@id\":\"https:\\\/\\\/secure.gravatar.com\\\/avatar\\\/c7164ed6fdec453195284ad24a5ae5b6e1eed2b848477fa2a4787ba9adf39a41?s=96&d=mm&r=g\",\"url\":\"https:\\\/\\\/secure.gravatar.com\\\/avatar\\\/c7164ed6fdec453195284ad24a5ae5b6e1eed2b848477fa2a4787ba9adf39a41?s=96&d=mm&r=g\",\"contentUrl\":\"https:\\\/\\\/secure.gravatar.com\\\/avatar\\\/c7164ed6fdec453195284ad24a5ae5b6e1eed2b848477fa2a4787ba9adf39a41?s=96&d=mm&r=g\",\"caption\":\"Redacci\u00f3n QP\"},\"url\":\"https:\\\/\\\/quehacerpolitico.mx\\\/?author=2\"}]}<\/script>\n<!-- \/ Yoast SEO plugin. -->","yoast_head_json":{"title":"Tren Ligero a Ecatepec y Chalco, el proyecto del STE -","robots":{"index":"index","follow":"follow","max-snippet":"max-snippet:-1","max-image-preview":"max-image-preview:large","max-video-preview":"max-video-preview:-1"},"canonical":"https:\/\/quehacerpolitico.mx\/?p=4089","og_locale":"es_MX","og_type":"article","og_title":"Tren Ligero a Ecatepec y Chalco, el proyecto del STE -","og_description":"Tren Ligero a Ecatepec y Chalco, el proyecto del STE Por Redacci\u00f3n QP","og_url":"https:\/\/quehacerpolitico.mx\/?p=4089","article_published_time":"2018-09-07T15:52:44+00:00","author":"Redacci\u00f3n QP","twitter_card":"summary_large_image","twitter_misc":{"Escrito por":"Redacci\u00f3n QP","Tiempo de lectura":"2 minutos"},"schema":{"@context":"https:\/\/schema.org","@graph":[{"@type":"Article","@id":"https:\/\/quehacerpolitico.mx\/?p=4089#article","isPartOf":{"@id":"https:\/\/quehacerpolitico.mx\/?p=4089"},"author":{"name":"Redacci\u00f3n QP","@id":"https:\/\/quehacerpolitico.mx\/#\/schema\/person\/496d8ad2d1d3f8036101dca7ee39e585"},"headline":"Tren Ligero a Ecatepec y Chalco, el proyecto del STE","datePublished":"2018-09-07T15:52:44+00:00","mainEntityOfPage":{"@id":"https:\/\/quehacerpolitico.mx\/?p=4089"},"wordCount":418,"commentCount":0,"image":{"@id":"https:\/\/quehacerpolitico.mx\/?p=4089#primaryimage"},"thumbnailUrl":"","articleSection":["Noticias"],"inLanguage":"es","potentialAction":[{"@type":"CommentAction","name":"Comment","target":["https:\/\/quehacerpolitico.mx\/?p=4089#respond"]}]},{"@type":"WebPage","@id":"https:\/\/quehacerpolitico.mx\/?p=4089","url":"https:\/\/quehacerpolitico.mx\/?p=4089","name":"Tren Ligero a Ecatepec y Chalco, el proyecto del STE -","isPartOf":{"@id":"https:\/\/quehacerpolitico.mx\/#website"},"primaryImageOfPage":{"@id":"https:\/\/quehacerpolitico.mx\/?p=4089#primaryimage"},"image":{"@id":"https:\/\/quehacerpolitico.mx\/?p=4089#primaryimage"},"thumbnailUrl":"","datePublished":"2018-09-07T15:52:44+00:00","author":{"@id":"https:\/\/quehacerpolitico.mx\/#\/schema\/person\/496d8ad2d1d3f8036101dca7ee39e585"},"breadcrumb":{"@id":"https:\/\/quehacerpolitico.mx\/?p=4089#breadcrumb"},"inLanguage":"es","potentialAction":[{"@type":"ReadAction","target":["https:\/\/quehacerpolitico.mx\/?p=4089"]}]},{"@type":"ImageObject","inLanguage":"es","@id":"https:\/\/quehacerpolitico.mx\/?p=4089#primaryimage","url":"","contentUrl":""},{"@type":"BreadcrumbList","@id":"https:\/\/quehacerpolitico.mx\/?p=4089#breadcrumb","itemListElement":[{"@type":"ListItem","position":1,"name":"Inicio","item":"https:\/\/quehacerpolitico.mx\/"},{"@type":"ListItem","position":2,"name":"Tren Ligero a Ecatepec y Chalco, el proyecto del STE"}]},{"@type":"WebSite","@id":"https:\/\/quehacerpolitico.mx\/#website","url":"https:\/\/quehacerpolitico.mx\/","name":"","description":"","potentialAction":[{"@type":"SearchAction","target":{"@type":"EntryPoint","urlTemplate":"https:\/\/quehacerpolitico.mx\/?s={search_term_string}"},"query-input":{"@type":"PropertyValueSpecification","valueRequired":true,"valueName":"search_term_string"}}],"inLanguage":"es"},{"@type":"Person","@id":"https:\/\/quehacerpolitico.mx\/#\/schema\/person\/496d8ad2d1d3f8036101dca7ee39e585","name":"Redacci\u00f3n QP","image":{"@type":"ImageObject","inLanguage":"es","@id":"https:\/\/secure.gravatar.com\/avatar\/c7164ed6fdec453195284ad24a5ae5b6e1eed2b848477fa2a4787ba9adf39a41?s=96&d=mm&r=g","url":"https:\/\/secure.gravatar.com\/avatar\/c7164ed6fdec453195284ad24a5ae5b6e1eed2b848477fa2a4787ba9adf39a41?s=96&d=mm&r=g","contentUrl":"https:\/\/secure.gravatar.com\/avatar\/c7164ed6fdec453195284ad24a5ae5b6e1eed2b848477fa2a4787ba9adf39a41?s=96&d=mm&r=g","caption":"Redacci\u00f3n QP"},"url":"https:\/\/quehacerpolitico.mx\/?author=2"}]}},"featured_image_urls":{"full":"","thumbnail":"","medium":"","medium_large":"","large":"","1536x1536":"","2048x2048":"","covernews-featured":"","covernews-medium":""},"author_info":{"display_name":"Redacci\u00f3n QP","author_link":"https:\/\/quehacerpolitico.mx\/?author=2"},"category_info":"<a href=\"https:\/\/quehacerpolitico.mx\/?cat=2\" rel=\"category\">Noticias<\/a>","tag_info":"Noticias","comment_count":"0","_links":{"self":[{"href":"https:\/\/quehacerpolitico.mx\/index.php?rest_route=\/wp\/v2\/posts\/4089","targetHints":{"allow":["GET"]}}],"collection":[{"href":"https:\/\/quehacerpolitico.mx\/index.php?rest_route=\/wp\/v2\/posts"}],"about":[{"href":"https:\/\/quehacerpolitico.mx\/index.php?rest_route=\/wp\/v2\/types\/post"}],"author":[{"embeddable":true,"href":"https:\/\/quehacerpolitico.mx\/index.php?rest_route=\/wp\/v2\/users\/2"}],"replies":[{"embeddable":true,"href":"https:\/\/quehacerpolitico.mx\/index.php?rest_route=%2Fwp%2Fv2%2Fcomments&post=4089"}],"version-history":[{"count":0,"href":"https:\/\/quehacerpolitico.mx\/index.php?rest_route=\/wp\/v2\/posts\/4089\/revisions"}],"wp:featuredmedia":[{"embeddable":true,"href":"https:\/\/quehacerpolitico.mx\/index.php?rest_route=\/"}],"wp:attachment":[{"href":"https:\/\/quehacerpolitico.mx\/index.php?rest_route=%2Fwp%2Fv2%2Fmedia&parent=4089"}],"wp:term":[{"taxonomy":"category","embeddable":true,"href":"https:\/\/quehacerpolitico.mx\/index.php?rest_route=%2Fwp%2Fv2%2Fcategories&post=4089"},{"taxonomy":"post_tag","embeddable":true,"href":"https:\/\/quehacerpolitico.mx\/index.php?rest_route=%2Fwp%2Fv2%2Ftags&post=4089"}],"curies":[{"name":"wp","href":"https:\/\/api.w.org\/{rel}","templated":true}]}}