{"id":4083,"date":"2018-09-07T15:33:16","date_gmt":"2018-09-07T15:33:16","guid":{"rendered":"http:\/\/quehacerpolitico.mx\/reconoce-comite-organizador-del-maraton-cdmx-telcel-a-71-voluntarios\/"},"modified":"2018-09-07T15:33:16","modified_gmt":"2018-09-07T15:33:16","slug":"reconoce-comite-organizador-del-maraton-cdmx-telcel-a-71-voluntarios","status":"publish","type":"post","link":"https:\/\/quehacerpolitico.mx\/?p=4083","title":{"rendered":"RECONOCE COMIT\u00c9 ORGANIZADOR DEL MARAT\u00d3N CDMX TELCEL A 71 VOLUNTARIOS"},"content":{"rendered":"<p class=\"yiv8979216574MsoNormal\"><span lang=\"ES\">El Comit\u00e9 Organizador del Marat\u00f3n de la Ciudad de M\u00e9xico Telcel reconoci\u00f3 a 71 voluntarios que estuvieron consecutivamente durante los \u00faltimos seis a\u00f1os, en una labor altruista a favor de los corredores a lo largo de los 42.195 kil\u00f3metros en cada una de las ediciones de 2013 a 2018.<\/span><\/p>\n<p class=\"yiv8979216574MsoNormal\"><span lang=\"ES\">Javier Carvallo, director del Marat\u00f3n CDMX Telcel, explic\u00f3 que la carrera depende mucho de la labor que hace el voluntariado, no s\u00f3lo en trabajos de animaci\u00f3n, sino que en otros menesteres como ayudar a pintar la ruta, organizar al p\u00fablico o hidrataci\u00f3n.<\/span><\/p>\n<p class=\"yiv8979216574MsoNormal\"><span lang=\"ES\">El director de Cultura F\u00edsica del Instituto del Deporte de la CDMX (INDEPORTE), Gustavo Contreras, se mostr\u00f3 emocionado de convivir con tantos voluntarios que con el tiempo se convirtieron en amigos; asegur\u00f3 que existen innumerables an\u00e9cdotas de cada uno de ellos. Por igual, agradeci\u00f3 a su equipo de trabajo que supo capacitar a hombres y mujeres que invirtieron &#8220;lo m\u00e1s valioso que hay: su tiempo&#8221;.<\/span><\/p>\n<p class=\"yiv8979216574MsoNormal\"><span lang=\"ES\">\u00a0<\/span><span lang=\"ES\">En un balance general, relat\u00f3 que fueron en estos seis a\u00f1os un total de 9 mil 640 voluntarios, 56 horas de capacitaci\u00f3n; mientras que en el desglose final en 2013 fueron mil; 2014- mil 500; 2015- mil 600; 2016- mil 755; 2017- mil 835 y 2018- mil 950.<\/span><\/p>\n<p class=\"yiv8979216574MsoNormal\"><span id=\"yMail_cursorElementTracker_1536332529473\" lang=\"ES\">Al mismo tiempo, agradeci\u00f3 a la empresa Manpower que fue la encargada de reclutar a los voluntarios de la mano con el INDEPORTE.<\/span><\/p>\n","protected":false},"excerpt":{"rendered":"<p>RECONOCE COMIT\u00c9 ORGANIZADOR DEL MARAT\u00d3N CDMX TELCEL A 71 VOLUNTARIOS<br \/>\nPor Redacci\u00f3n QP<\/p>\n","protected":false},"author":2,"featured_media":4082,"comment_status":"open","ping_status":"open","sticky":false,"template":"","format":"standard","meta":{"_monsterinsights_skip_tracking":false,"_monsterinsights_sitenote_active":false,"_monsterinsights_sitenote_note":"","_monsterinsights_sitenote_category":0,"footnotes":""},"categories":[54],"tags":[],"class_list":["post-4083","post","type-post","status-publish","format-standard","has-post-thumbnail","hentry","category-deportes"],"yoast_head":"<!-- This site is optimized with the Yoast SEO plugin v27.3 - https:\/\/yoast.com\/product\/yoast-seo-wordpress\/ -->\n<title>RECONOCE COMIT\u00c9 ORGANIZADOR DEL MARAT\u00d3N CDMX TELCEL A 71 VOLUNTARIOS -<\/title>\n<meta name=\"robots\" content=\"index, follow, max-snippet:-1, max-image-preview:large, max-video-preview:-1\" \/>\n<link rel=\"canonical\" href=\"https:\/\/quehacerpolitico.mx\/?p=4083\" \/>\n<meta property=\"og:locale\" content=\"es_MX\" \/>\n<meta property=\"og:type\" content=\"article\" \/>\n<meta property=\"og:title\" content=\"RECONOCE COMIT\u00c9 ORGANIZADOR DEL MARAT\u00d3N CDMX TELCEL A 71 VOLUNTARIOS -\" \/>\n<meta property=\"og:description\" content=\"RECONOCE COMIT\u00c9 ORGANIZADOR DEL MARAT\u00d3N CDMX TELCEL A 71 VOLUNTARIOS Por Redacci\u00f3n QP\" \/>\n<meta property=\"og:url\" content=\"https:\/\/quehacerpolitico.mx\/?p=4083\" \/>\n<meta property=\"article:published_time\" content=\"2018-09-07T15:33:16+00:00\" \/>\n<meta name=\"author\" content=\"Redacci\u00f3n QP\" \/>\n<meta name=\"twitter:card\" content=\"summary_large_image\" \/>\n<meta name=\"twitter:label1\" content=\"Escrito por\" \/>\n\t<meta name=\"twitter:data1\" content=\"Redacci\u00f3n QP\" \/>\n\t<meta name=\"twitter:label2\" content=\"Tiempo de lectura\" \/>\n\t<meta name=\"twitter:data2\" content=\"1 minuto\" \/>\n<script type=\"application\/ld+json\" class=\"yoast-schema-graph\">{\"@context\":\"https:\\\/\\\/schema.org\",\"@graph\":[{\"@type\":\"Article\",\"@id\":\"https:\\\/\\\/quehacerpolitico.mx\\\/?p=4083#article\",\"isPartOf\":{\"@id\":\"https:\\\/\\\/quehacerpolitico.mx\\\/?p=4083\"},\"author\":{\"name\":\"Redacci\u00f3n QP\",\"@id\":\"https:\\\/\\\/quehacerpolitico.mx\\\/#\\\/schema\\\/person\\\/496d8ad2d1d3f8036101dca7ee39e585\"},\"headline\":\"RECONOCE COMIT\u00c9 ORGANIZADOR DEL MARAT\u00d3N CDMX TELCEL A 71 VOLUNTARIOS\",\"datePublished\":\"2018-09-07T15:33:16+00:00\",\"mainEntityOfPage\":{\"@id\":\"https:\\\/\\\/quehacerpolitico.mx\\\/?p=4083\"},\"wordCount\":238,\"commentCount\":0,\"image\":{\"@id\":\"https:\\\/\\\/quehacerpolitico.mx\\\/?p=4083#primaryimage\"},\"thumbnailUrl\":\"\",\"articleSection\":[\"Deportes\"],\"inLanguage\":\"es\",\"potentialAction\":[{\"@type\":\"CommentAction\",\"name\":\"Comment\",\"target\":[\"https:\\\/\\\/quehacerpolitico.mx\\\/?p=4083#respond\"]}]},{\"@type\":\"WebPage\",\"@id\":\"https:\\\/\\\/quehacerpolitico.mx\\\/?p=4083\",\"url\":\"https:\\\/\\\/quehacerpolitico.mx\\\/?p=4083\",\"name\":\"RECONOCE COMIT\u00c9 ORGANIZADOR DEL MARAT\u00d3N CDMX TELCEL A 71 VOLUNTARIOS -\",\"isPartOf\":{\"@id\":\"https:\\\/\\\/quehacerpolitico.mx\\\/#website\"},\"primaryImageOfPage\":{\"@id\":\"https:\\\/\\\/quehacerpolitico.mx\\\/?p=4083#primaryimage\"},\"image\":{\"@id\":\"https:\\\/\\\/quehacerpolitico.mx\\\/?p=4083#primaryimage\"},\"thumbnailUrl\":\"\",\"datePublished\":\"2018-09-07T15:33:16+00:00\",\"author\":{\"@id\":\"https:\\\/\\\/quehacerpolitico.mx\\\/#\\\/schema\\\/person\\\/496d8ad2d1d3f8036101dca7ee39e585\"},\"breadcrumb\":{\"@id\":\"https:\\\/\\\/quehacerpolitico.mx\\\/?p=4083#breadcrumb\"},\"inLanguage\":\"es\",\"potentialAction\":[{\"@type\":\"ReadAction\",\"target\":[\"https:\\\/\\\/quehacerpolitico.mx\\\/?p=4083\"]}]},{\"@type\":\"ImageObject\",\"inLanguage\":\"es\",\"@id\":\"https:\\\/\\\/quehacerpolitico.mx\\\/?p=4083#primaryimage\",\"url\":\"\",\"contentUrl\":\"\"},{\"@type\":\"BreadcrumbList\",\"@id\":\"https:\\\/\\\/quehacerpolitico.mx\\\/?p=4083#breadcrumb\",\"itemListElement\":[{\"@type\":\"ListItem\",\"position\":1,\"name\":\"Inicio\",\"item\":\"https:\\\/\\\/quehacerpolitico.mx\\\/\"},{\"@type\":\"ListItem\",\"position\":2,\"name\":\"RECONOCE COMIT\u00c9 ORGANIZADOR DEL MARAT\u00d3N CDMX TELCEL A 71 VOLUNTARIOS\"}]},{\"@type\":\"WebSite\",\"@id\":\"https:\\\/\\\/quehacerpolitico.mx\\\/#website\",\"url\":\"https:\\\/\\\/quehacerpolitico.mx\\\/\",\"name\":\"\",\"description\":\"\",\"potentialAction\":[{\"@type\":\"SearchAction\",\"target\":{\"@type\":\"EntryPoint\",\"urlTemplate\":\"https:\\\/\\\/quehacerpolitico.mx\\\/?s={search_term_string}\"},\"query-input\":{\"@type\":\"PropertyValueSpecification\",\"valueRequired\":true,\"valueName\":\"search_term_string\"}}],\"inLanguage\":\"es\"},{\"@type\":\"Person\",\"@id\":\"https:\\\/\\\/quehacerpolitico.mx\\\/#\\\/schema\\\/person\\\/496d8ad2d1d3f8036101dca7ee39e585\",\"name\":\"Redacci\u00f3n QP\",\"image\":{\"@type\":\"ImageObject\",\"inLanguage\":\"es\",\"@id\":\"https:\\\/\\\/secure.gravatar.com\\\/avatar\\\/c7164ed6fdec453195284ad24a5ae5b6e1eed2b848477fa2a4787ba9adf39a41?s=96&d=mm&r=g\",\"url\":\"https:\\\/\\\/secure.gravatar.com\\\/avatar\\\/c7164ed6fdec453195284ad24a5ae5b6e1eed2b848477fa2a4787ba9adf39a41?s=96&d=mm&r=g\",\"contentUrl\":\"https:\\\/\\\/secure.gravatar.com\\\/avatar\\\/c7164ed6fdec453195284ad24a5ae5b6e1eed2b848477fa2a4787ba9adf39a41?s=96&d=mm&r=g\",\"caption\":\"Redacci\u00f3n QP\"},\"url\":\"https:\\\/\\\/quehacerpolitico.mx\\\/?author=2\"}]}<\/script>\n<!-- \/ Yoast SEO plugin. -->","yoast_head_json":{"title":"RECONOCE COMIT\u00c9 ORGANIZADOR DEL MARAT\u00d3N CDMX TELCEL A 71 VOLUNTARIOS -","robots":{"index":"index","follow":"follow","max-snippet":"max-snippet:-1","max-image-preview":"max-image-preview:large","max-video-preview":"max-video-preview:-1"},"canonical":"https:\/\/quehacerpolitico.mx\/?p=4083","og_locale":"es_MX","og_type":"article","og_title":"RECONOCE COMIT\u00c9 ORGANIZADOR DEL MARAT\u00d3N CDMX TELCEL A 71 VOLUNTARIOS -","og_description":"RECONOCE COMIT\u00c9 ORGANIZADOR DEL MARAT\u00d3N CDMX TELCEL A 71 VOLUNTARIOS Por Redacci\u00f3n QP","og_url":"https:\/\/quehacerpolitico.mx\/?p=4083","article_published_time":"2018-09-07T15:33:16+00:00","author":"Redacci\u00f3n QP","twitter_card":"summary_large_image","twitter_misc":{"Escrito por":"Redacci\u00f3n QP","Tiempo de lectura":"1 minuto"},"schema":{"@context":"https:\/\/schema.org","@graph":[{"@type":"Article","@id":"https:\/\/quehacerpolitico.mx\/?p=4083#article","isPartOf":{"@id":"https:\/\/quehacerpolitico.mx\/?p=4083"},"author":{"name":"Redacci\u00f3n QP","@id":"https:\/\/quehacerpolitico.mx\/#\/schema\/person\/496d8ad2d1d3f8036101dca7ee39e585"},"headline":"RECONOCE COMIT\u00c9 ORGANIZADOR DEL MARAT\u00d3N CDMX TELCEL A 71 VOLUNTARIOS","datePublished":"2018-09-07T15:33:16+00:00","mainEntityOfPage":{"@id":"https:\/\/quehacerpolitico.mx\/?p=4083"},"wordCount":238,"commentCount":0,"image":{"@id":"https:\/\/quehacerpolitico.mx\/?p=4083#primaryimage"},"thumbnailUrl":"","articleSection":["Deportes"],"inLanguage":"es","potentialAction":[{"@type":"CommentAction","name":"Comment","target":["https:\/\/quehacerpolitico.mx\/?p=4083#respond"]}]},{"@type":"WebPage","@id":"https:\/\/quehacerpolitico.mx\/?p=4083","url":"https:\/\/quehacerpolitico.mx\/?p=4083","name":"RECONOCE COMIT\u00c9 ORGANIZADOR DEL MARAT\u00d3N CDMX TELCEL A 71 VOLUNTARIOS -","isPartOf":{"@id":"https:\/\/quehacerpolitico.mx\/#website"},"primaryImageOfPage":{"@id":"https:\/\/quehacerpolitico.mx\/?p=4083#primaryimage"},"image":{"@id":"https:\/\/quehacerpolitico.mx\/?p=4083#primaryimage"},"thumbnailUrl":"","datePublished":"2018-09-07T15:33:16+00:00","author":{"@id":"https:\/\/quehacerpolitico.mx\/#\/schema\/person\/496d8ad2d1d3f8036101dca7ee39e585"},"breadcrumb":{"@id":"https:\/\/quehacerpolitico.mx\/?p=4083#breadcrumb"},"inLanguage":"es","potentialAction":[{"@type":"ReadAction","target":["https:\/\/quehacerpolitico.mx\/?p=4083"]}]},{"@type":"ImageObject","inLanguage":"es","@id":"https:\/\/quehacerpolitico.mx\/?p=4083#primaryimage","url":"","contentUrl":""},{"@type":"BreadcrumbList","@id":"https:\/\/quehacerpolitico.mx\/?p=4083#breadcrumb","itemListElement":[{"@type":"ListItem","position":1,"name":"Inicio","item":"https:\/\/quehacerpolitico.mx\/"},{"@type":"ListItem","position":2,"name":"RECONOCE COMIT\u00c9 ORGANIZADOR DEL MARAT\u00d3N CDMX TELCEL A 71 VOLUNTARIOS"}]},{"@type":"WebSite","@id":"https:\/\/quehacerpolitico.mx\/#website","url":"https:\/\/quehacerpolitico.mx\/","name":"","description":"","potentialAction":[{"@type":"SearchAction","target":{"@type":"EntryPoint","urlTemplate":"https:\/\/quehacerpolitico.mx\/?s={search_term_string}"},"query-input":{"@type":"PropertyValueSpecification","valueRequired":true,"valueName":"search_term_string"}}],"inLanguage":"es"},{"@type":"Person","@id":"https:\/\/quehacerpolitico.mx\/#\/schema\/person\/496d8ad2d1d3f8036101dca7ee39e585","name":"Redacci\u00f3n QP","image":{"@type":"ImageObject","inLanguage":"es","@id":"https:\/\/secure.gravatar.com\/avatar\/c7164ed6fdec453195284ad24a5ae5b6e1eed2b848477fa2a4787ba9adf39a41?s=96&d=mm&r=g","url":"https:\/\/secure.gravatar.com\/avatar\/c7164ed6fdec453195284ad24a5ae5b6e1eed2b848477fa2a4787ba9adf39a41?s=96&d=mm&r=g","contentUrl":"https:\/\/secure.gravatar.com\/avatar\/c7164ed6fdec453195284ad24a5ae5b6e1eed2b848477fa2a4787ba9adf39a41?s=96&d=mm&r=g","caption":"Redacci\u00f3n QP"},"url":"https:\/\/quehacerpolitico.mx\/?author=2"}]}},"featured_image_urls":{"full":"","thumbnail":"","medium":"","medium_large":"","large":"","1536x1536":"","2048x2048":"","covernews-featured":"","covernews-medium":""},"author_info":{"display_name":"Redacci\u00f3n QP","author_link":"https:\/\/quehacerpolitico.mx\/?author=2"},"category_info":"<a href=\"https:\/\/quehacerpolitico.mx\/?cat=54\" rel=\"category\">Deportes<\/a>","tag_info":"Deportes","comment_count":"0","_links":{"self":[{"href":"https:\/\/quehacerpolitico.mx\/index.php?rest_route=\/wp\/v2\/posts\/4083","targetHints":{"allow":["GET"]}}],"collection":[{"href":"https:\/\/quehacerpolitico.mx\/index.php?rest_route=\/wp\/v2\/posts"}],"about":[{"href":"https:\/\/quehacerpolitico.mx\/index.php?rest_route=\/wp\/v2\/types\/post"}],"author":[{"embeddable":true,"href":"https:\/\/quehacerpolitico.mx\/index.php?rest_route=\/wp\/v2\/users\/2"}],"replies":[{"embeddable":true,"href":"https:\/\/quehacerpolitico.mx\/index.php?rest_route=%2Fwp%2Fv2%2Fcomments&post=4083"}],"version-history":[{"count":0,"href":"https:\/\/quehacerpolitico.mx\/index.php?rest_route=\/wp\/v2\/posts\/4083\/revisions"}],"wp:featuredmedia":[{"embeddable":true,"href":"https:\/\/quehacerpolitico.mx\/index.php?rest_route=\/"}],"wp:attachment":[{"href":"https:\/\/quehacerpolitico.mx\/index.php?rest_route=%2Fwp%2Fv2%2Fmedia&parent=4083"}],"wp:term":[{"taxonomy":"category","embeddable":true,"href":"https:\/\/quehacerpolitico.mx\/index.php?rest_route=%2Fwp%2Fv2%2Fcategories&post=4083"},{"taxonomy":"post_tag","embeddable":true,"href":"https:\/\/quehacerpolitico.mx\/index.php?rest_route=%2Fwp%2Fv2%2Ftags&post=4083"}],"curies":[{"name":"wp","href":"https:\/\/api.w.org\/{rel}","templated":true}]}}