{"id":4081,"date":"2018-09-07T15:26:37","date_gmt":"2018-09-07T15:26:37","guid":{"rendered":"http:\/\/quehacerpolitico.mx\/suman-mas-de-26-mil-replicas-a-un-ano-del-sismo-en-chiapas\/"},"modified":"2018-09-07T15:26:37","modified_gmt":"2018-09-07T15:26:37","slug":"suman-mas-de-26-mil-replicas-a-un-ano-del-sismo-en-chiapas","status":"publish","type":"post","link":"https:\/\/quehacerpolitico.mx\/?p=4081","title":{"rendered":"Suman m\u00e1s de 26 mil r\u00e9plicas a un a\u00f1o del sismo en Chiapas"},"content":{"rendered":"<p>Hasta el momento, <strong>las r\u00e9plicas del sismo de magnitud 8.2 ocurrido el 7 de septiembre del a\u00f1o pasado, suman 26 mil 781;<\/strong> mientras que el n\u00famero de movimientos tel\u00faricos en el pa\u00eds durante el presente a\u00f1o es de 21 mil 912, inform\u00f3 la Secretar\u00eda de Protecci\u00f3n Civil estatal.<\/p>\n<div id=\"div-gpt-ad-1524682842930-0\" data-google-query-id=\"CJPXsqmZqd0CFc5RAQodlagNcQ\">\n<div id=\"google_ads_iframe_\/40135427\/informador_mx_Video_Outstream_0__container__\">De acuerdo con el Mapa de Sismos\u00a0Hist\u00f3ricos en la entidad, del Servicio Sismol\u00f3gico Nacional (SSN), <strong>en Chiapas se han detectado 17 movimientos de tierra con magnitudes de entre 7.0 y 8.2, este \u00faltimo ocurrido el 7 de septiembre de 2017,<\/strong> cuyas r\u00e9plicas sumaban hasta ayer 26 mil 781 eventos.<\/div>\n<\/div>\n<p><strong>En lo que del presente a\u00f1o,<\/strong>\u00a0Chiapas\u00a0<strong>es el estado con mayor n\u00famero de eventos s\u00edsmicos, con dos mil 337,<\/strong> lo que representa el 12 por ciento de esa actividad en el pa\u00eds.<\/p>\n<p>En una infograf\u00eda publicada en su cuenta de Twiter,\u00a0indic\u00f3 que <strong>a nivel nacional se han registrado 21 mil 912 eventos s\u00edsmicos,<\/strong> de los cuales dos mil 337 han tenido epicentro en el estado de Chiapas.<\/p>\n<blockquote class=\"twitter-tweet\" data-width=\"550\" data-dnt=\"true\">\n<p lang=\"es\" dir=\"ltr\"><a href=\"https:\/\/twitter.com\/hashtag\/FelizJueves?src=hash&amp;ref_src=twsrc%5Etfw\">#FelizJueves<\/a> <a href=\"https:\/\/twitter.com\/hashtag\/Sismos?src=hash&amp;ref_src=twsrc%5Etfw\">#Sismos<\/a> a nivel Nacional se han registrado 21 mil 912 Eventos S\u00edsmicos, de los cuales 2 Mil 337, han tenido epicentro en el estado de <a href=\"https:\/\/twitter.com\/hashtag\/Chiapas?src=hash&amp;ref_src=twsrc%5Etfw\">#Chiapas<\/a> y han sucedido 26,781 r\u00e9plicas del <a href=\"https:\/\/twitter.com\/hashtag\/Sismo?src=hash&amp;ref_src=twsrc%5Etfw\">#Sismo<\/a> de Magnitud 8.2 del pasado 07 de septiembre del 2017. <a href=\"https:\/\/twitter.com\/VelascoM_?ref_src=twsrc%5Etfw\">@VelascoM_<\/a> <a href=\"https:\/\/twitter.com\/Luis_Manuel_GM?ref_src=twsrc%5Etfw\">@Luis_Manuel_GM<\/a> <a href=\"https:\/\/t.co\/B15fKDozmW\">pic.twitter.com\/B15fKDozmW<\/a><\/p>\n<p>&mdash; Protecci\u00f3n Civil Chiapas (@pcivilchiapas) <a href=\"https:\/\/twitter.com\/pcivilchiapas\/status\/1037830013075288072?ref_src=twsrc%5Etfw\">September 6, 2018<\/a><\/p><\/blockquote>\n<p><script async src=\"https:\/\/platform.twitter.com\/widgets.js\" charset=\"utf-8\"><\/script><\/p>\n<p>Con Informaci\u00f3n de NTX<\/p>\n","protected":false},"excerpt":{"rendered":"<p>La cantidad supera el n\u00famero de movimientos tel\u00faricos en el pa\u00eds durante el presente a\u00f1o, con 21 mil 912, seg\u00fan Protecci\u00f3n Civil<br \/>\nPor Redacci\u00f3n QP<\/p>\n","protected":false},"author":2,"featured_media":4080,"comment_status":"open","ping_status":"open","sticky":false,"template":"","format":"standard","meta":{"_monsterinsights_skip_tracking":false,"_monsterinsights_sitenote_active":false,"_monsterinsights_sitenote_note":"","_monsterinsights_sitenote_category":0,"footnotes":""},"categories":[2],"tags":[],"class_list":["post-4081","post","type-post","status-publish","format-standard","has-post-thumbnail","hentry","category-noticias"],"yoast_head":"<!-- This site is optimized with the Yoast SEO plugin v27.3 - https:\/\/yoast.com\/product\/yoast-seo-wordpress\/ -->\n<title>Suman m\u00e1s de 26 mil r\u00e9plicas a un a\u00f1o del sismo en Chiapas -<\/title>\n<meta name=\"robots\" content=\"index, follow, max-snippet:-1, max-image-preview:large, max-video-preview:-1\" \/>\n<link rel=\"canonical\" href=\"https:\/\/quehacerpolitico.mx\/?p=4081\" \/>\n<meta property=\"og:locale\" content=\"es_MX\" \/>\n<meta property=\"og:type\" content=\"article\" \/>\n<meta property=\"og:title\" content=\"Suman m\u00e1s de 26 mil r\u00e9plicas a un a\u00f1o del sismo en Chiapas -\" \/>\n<meta property=\"og:description\" content=\"La cantidad supera el n\u00famero de movimientos tel\u00faricos en el pa\u00eds durante el presente a\u00f1o, con 21 mil 912, seg\u00fan Protecci\u00f3n Civil Por Redacci\u00f3n QP\" \/>\n<meta property=\"og:url\" content=\"https:\/\/quehacerpolitico.mx\/?p=4081\" \/>\n<meta property=\"article:published_time\" content=\"2018-09-07T15:26:37+00:00\" \/>\n<meta name=\"author\" content=\"Redacci\u00f3n QP\" \/>\n<meta name=\"twitter:card\" content=\"summary_large_image\" \/>\n<meta name=\"twitter:label1\" content=\"Escrito por\" \/>\n\t<meta name=\"twitter:data1\" content=\"Redacci\u00f3n QP\" \/>\n\t<meta name=\"twitter:label2\" content=\"Tiempo de lectura\" \/>\n\t<meta name=\"twitter:data2\" content=\"1 minuto\" \/>\n<script type=\"application\/ld+json\" class=\"yoast-schema-graph\">{\"@context\":\"https:\\\/\\\/schema.org\",\"@graph\":[{\"@type\":\"Article\",\"@id\":\"https:\\\/\\\/quehacerpolitico.mx\\\/?p=4081#article\",\"isPartOf\":{\"@id\":\"https:\\\/\\\/quehacerpolitico.mx\\\/?p=4081\"},\"author\":{\"name\":\"Redacci\u00f3n QP\",\"@id\":\"https:\\\/\\\/quehacerpolitico.mx\\\/#\\\/schema\\\/person\\\/496d8ad2d1d3f8036101dca7ee39e585\"},\"headline\":\"Suman m\u00e1s de 26 mil r\u00e9plicas a un a\u00f1o del sismo en Chiapas\",\"datePublished\":\"2018-09-07T15:26:37+00:00\",\"mainEntityOfPage\":{\"@id\":\"https:\\\/\\\/quehacerpolitico.mx\\\/?p=4081\"},\"wordCount\":192,\"commentCount\":0,\"image\":{\"@id\":\"https:\\\/\\\/quehacerpolitico.mx\\\/?p=4081#primaryimage\"},\"thumbnailUrl\":\"\",\"articleSection\":[\"Noticias\"],\"inLanguage\":\"es\",\"potentialAction\":[{\"@type\":\"CommentAction\",\"name\":\"Comment\",\"target\":[\"https:\\\/\\\/quehacerpolitico.mx\\\/?p=4081#respond\"]}]},{\"@type\":\"WebPage\",\"@id\":\"https:\\\/\\\/quehacerpolitico.mx\\\/?p=4081\",\"url\":\"https:\\\/\\\/quehacerpolitico.mx\\\/?p=4081\",\"name\":\"Suman m\u00e1s de 26 mil r\u00e9plicas a un a\u00f1o del sismo en Chiapas -\",\"isPartOf\":{\"@id\":\"https:\\\/\\\/quehacerpolitico.mx\\\/#website\"},\"primaryImageOfPage\":{\"@id\":\"https:\\\/\\\/quehacerpolitico.mx\\\/?p=4081#primaryimage\"},\"image\":{\"@id\":\"https:\\\/\\\/quehacerpolitico.mx\\\/?p=4081#primaryimage\"},\"thumbnailUrl\":\"\",\"datePublished\":\"2018-09-07T15:26:37+00:00\",\"author\":{\"@id\":\"https:\\\/\\\/quehacerpolitico.mx\\\/#\\\/schema\\\/person\\\/496d8ad2d1d3f8036101dca7ee39e585\"},\"breadcrumb\":{\"@id\":\"https:\\\/\\\/quehacerpolitico.mx\\\/?p=4081#breadcrumb\"},\"inLanguage\":\"es\",\"potentialAction\":[{\"@type\":\"ReadAction\",\"target\":[\"https:\\\/\\\/quehacerpolitico.mx\\\/?p=4081\"]}]},{\"@type\":\"ImageObject\",\"inLanguage\":\"es\",\"@id\":\"https:\\\/\\\/quehacerpolitico.mx\\\/?p=4081#primaryimage\",\"url\":\"\",\"contentUrl\":\"\"},{\"@type\":\"BreadcrumbList\",\"@id\":\"https:\\\/\\\/quehacerpolitico.mx\\\/?p=4081#breadcrumb\",\"itemListElement\":[{\"@type\":\"ListItem\",\"position\":1,\"name\":\"Inicio\",\"item\":\"https:\\\/\\\/quehacerpolitico.mx\\\/\"},{\"@type\":\"ListItem\",\"position\":2,\"name\":\"Suman m\u00e1s de 26 mil r\u00e9plicas a un a\u00f1o del sismo en Chiapas\"}]},{\"@type\":\"WebSite\",\"@id\":\"https:\\\/\\\/quehacerpolitico.mx\\\/#website\",\"url\":\"https:\\\/\\\/quehacerpolitico.mx\\\/\",\"name\":\"\",\"description\":\"\",\"potentialAction\":[{\"@type\":\"SearchAction\",\"target\":{\"@type\":\"EntryPoint\",\"urlTemplate\":\"https:\\\/\\\/quehacerpolitico.mx\\\/?s={search_term_string}\"},\"query-input\":{\"@type\":\"PropertyValueSpecification\",\"valueRequired\":true,\"valueName\":\"search_term_string\"}}],\"inLanguage\":\"es\"},{\"@type\":\"Person\",\"@id\":\"https:\\\/\\\/quehacerpolitico.mx\\\/#\\\/schema\\\/person\\\/496d8ad2d1d3f8036101dca7ee39e585\",\"name\":\"Redacci\u00f3n QP\",\"image\":{\"@type\":\"ImageObject\",\"inLanguage\":\"es\",\"@id\":\"https:\\\/\\\/secure.gravatar.com\\\/avatar\\\/c7164ed6fdec453195284ad24a5ae5b6e1eed2b848477fa2a4787ba9adf39a41?s=96&d=mm&r=g\",\"url\":\"https:\\\/\\\/secure.gravatar.com\\\/avatar\\\/c7164ed6fdec453195284ad24a5ae5b6e1eed2b848477fa2a4787ba9adf39a41?s=96&d=mm&r=g\",\"contentUrl\":\"https:\\\/\\\/secure.gravatar.com\\\/avatar\\\/c7164ed6fdec453195284ad24a5ae5b6e1eed2b848477fa2a4787ba9adf39a41?s=96&d=mm&r=g\",\"caption\":\"Redacci\u00f3n QP\"},\"url\":\"https:\\\/\\\/quehacerpolitico.mx\\\/?author=2\"}]}<\/script>\n<!-- \/ Yoast SEO plugin. -->","yoast_head_json":{"title":"Suman m\u00e1s de 26 mil r\u00e9plicas a un a\u00f1o del sismo en Chiapas -","robots":{"index":"index","follow":"follow","max-snippet":"max-snippet:-1","max-image-preview":"max-image-preview:large","max-video-preview":"max-video-preview:-1"},"canonical":"https:\/\/quehacerpolitico.mx\/?p=4081","og_locale":"es_MX","og_type":"article","og_title":"Suman m\u00e1s de 26 mil r\u00e9plicas a un a\u00f1o del sismo en Chiapas -","og_description":"La cantidad supera el n\u00famero de movimientos tel\u00faricos en el pa\u00eds durante el presente a\u00f1o, con 21 mil 912, seg\u00fan Protecci\u00f3n Civil Por Redacci\u00f3n QP","og_url":"https:\/\/quehacerpolitico.mx\/?p=4081","article_published_time":"2018-09-07T15:26:37+00:00","author":"Redacci\u00f3n QP","twitter_card":"summary_large_image","twitter_misc":{"Escrito por":"Redacci\u00f3n QP","Tiempo de lectura":"1 minuto"},"schema":{"@context":"https:\/\/schema.org","@graph":[{"@type":"Article","@id":"https:\/\/quehacerpolitico.mx\/?p=4081#article","isPartOf":{"@id":"https:\/\/quehacerpolitico.mx\/?p=4081"},"author":{"name":"Redacci\u00f3n QP","@id":"https:\/\/quehacerpolitico.mx\/#\/schema\/person\/496d8ad2d1d3f8036101dca7ee39e585"},"headline":"Suman m\u00e1s de 26 mil r\u00e9plicas a un a\u00f1o del sismo en Chiapas","datePublished":"2018-09-07T15:26:37+00:00","mainEntityOfPage":{"@id":"https:\/\/quehacerpolitico.mx\/?p=4081"},"wordCount":192,"commentCount":0,"image":{"@id":"https:\/\/quehacerpolitico.mx\/?p=4081#primaryimage"},"thumbnailUrl":"","articleSection":["Noticias"],"inLanguage":"es","potentialAction":[{"@type":"CommentAction","name":"Comment","target":["https:\/\/quehacerpolitico.mx\/?p=4081#respond"]}]},{"@type":"WebPage","@id":"https:\/\/quehacerpolitico.mx\/?p=4081","url":"https:\/\/quehacerpolitico.mx\/?p=4081","name":"Suman m\u00e1s de 26 mil r\u00e9plicas a un a\u00f1o del sismo en Chiapas -","isPartOf":{"@id":"https:\/\/quehacerpolitico.mx\/#website"},"primaryImageOfPage":{"@id":"https:\/\/quehacerpolitico.mx\/?p=4081#primaryimage"},"image":{"@id":"https:\/\/quehacerpolitico.mx\/?p=4081#primaryimage"},"thumbnailUrl":"","datePublished":"2018-09-07T15:26:37+00:00","author":{"@id":"https:\/\/quehacerpolitico.mx\/#\/schema\/person\/496d8ad2d1d3f8036101dca7ee39e585"},"breadcrumb":{"@id":"https:\/\/quehacerpolitico.mx\/?p=4081#breadcrumb"},"inLanguage":"es","potentialAction":[{"@type":"ReadAction","target":["https:\/\/quehacerpolitico.mx\/?p=4081"]}]},{"@type":"ImageObject","inLanguage":"es","@id":"https:\/\/quehacerpolitico.mx\/?p=4081#primaryimage","url":"","contentUrl":""},{"@type":"BreadcrumbList","@id":"https:\/\/quehacerpolitico.mx\/?p=4081#breadcrumb","itemListElement":[{"@type":"ListItem","position":1,"name":"Inicio","item":"https:\/\/quehacerpolitico.mx\/"},{"@type":"ListItem","position":2,"name":"Suman m\u00e1s de 26 mil r\u00e9plicas a un a\u00f1o del sismo en Chiapas"}]},{"@type":"WebSite","@id":"https:\/\/quehacerpolitico.mx\/#website","url":"https:\/\/quehacerpolitico.mx\/","name":"","description":"","potentialAction":[{"@type":"SearchAction","target":{"@type":"EntryPoint","urlTemplate":"https:\/\/quehacerpolitico.mx\/?s={search_term_string}"},"query-input":{"@type":"PropertyValueSpecification","valueRequired":true,"valueName":"search_term_string"}}],"inLanguage":"es"},{"@type":"Person","@id":"https:\/\/quehacerpolitico.mx\/#\/schema\/person\/496d8ad2d1d3f8036101dca7ee39e585","name":"Redacci\u00f3n QP","image":{"@type":"ImageObject","inLanguage":"es","@id":"https:\/\/secure.gravatar.com\/avatar\/c7164ed6fdec453195284ad24a5ae5b6e1eed2b848477fa2a4787ba9adf39a41?s=96&d=mm&r=g","url":"https:\/\/secure.gravatar.com\/avatar\/c7164ed6fdec453195284ad24a5ae5b6e1eed2b848477fa2a4787ba9adf39a41?s=96&d=mm&r=g","contentUrl":"https:\/\/secure.gravatar.com\/avatar\/c7164ed6fdec453195284ad24a5ae5b6e1eed2b848477fa2a4787ba9adf39a41?s=96&d=mm&r=g","caption":"Redacci\u00f3n QP"},"url":"https:\/\/quehacerpolitico.mx\/?author=2"}]}},"featured_image_urls":{"full":"","thumbnail":"","medium":"","medium_large":"","large":"","1536x1536":"","2048x2048":"","covernews-featured":"","covernews-medium":""},"author_info":{"display_name":"Redacci\u00f3n QP","author_link":"https:\/\/quehacerpolitico.mx\/?author=2"},"category_info":"<a href=\"https:\/\/quehacerpolitico.mx\/?cat=2\" rel=\"category\">Noticias<\/a>","tag_info":"Noticias","comment_count":"0","_links":{"self":[{"href":"https:\/\/quehacerpolitico.mx\/index.php?rest_route=\/wp\/v2\/posts\/4081","targetHints":{"allow":["GET"]}}],"collection":[{"href":"https:\/\/quehacerpolitico.mx\/index.php?rest_route=\/wp\/v2\/posts"}],"about":[{"href":"https:\/\/quehacerpolitico.mx\/index.php?rest_route=\/wp\/v2\/types\/post"}],"author":[{"embeddable":true,"href":"https:\/\/quehacerpolitico.mx\/index.php?rest_route=\/wp\/v2\/users\/2"}],"replies":[{"embeddable":true,"href":"https:\/\/quehacerpolitico.mx\/index.php?rest_route=%2Fwp%2Fv2%2Fcomments&post=4081"}],"version-history":[{"count":0,"href":"https:\/\/quehacerpolitico.mx\/index.php?rest_route=\/wp\/v2\/posts\/4081\/revisions"}],"wp:featuredmedia":[{"embeddable":true,"href":"https:\/\/quehacerpolitico.mx\/index.php?rest_route=\/"}],"wp:attachment":[{"href":"https:\/\/quehacerpolitico.mx\/index.php?rest_route=%2Fwp%2Fv2%2Fmedia&parent=4081"}],"wp:term":[{"taxonomy":"category","embeddable":true,"href":"https:\/\/quehacerpolitico.mx\/index.php?rest_route=%2Fwp%2Fv2%2Fcategories&post=4081"},{"taxonomy":"post_tag","embeddable":true,"href":"https:\/\/quehacerpolitico.mx\/index.php?rest_route=%2Fwp%2Fv2%2Ftags&post=4081"}],"curies":[{"name":"wp","href":"https:\/\/api.w.org\/{rel}","templated":true}]}}