{"id":4079,"date":"2018-09-07T15:18:41","date_gmt":"2018-09-07T15:18:41","guid":{"rendered":"http:\/\/quehacerpolitico.mx\/no-tenemos-problemas-solo-diferencias-munoz-ledo-y-fernandez-norona\/"},"modified":"2018-09-07T15:18:41","modified_gmt":"2018-09-07T15:18:41","slug":"no-tenemos-problemas-solo-diferencias-munoz-ledo-y-fernandez-norona","status":"publish","type":"post","link":"https:\/\/quehacerpolitico.mx\/?p=4079","title":{"rendered":"No tenemos problemas, s\u00f3lo diferencias: Mu\u00f1oz Ledo y Fern\u00e1ndez Noro\u00f1a"},"content":{"rendered":"<p>El presidente de la Mesa Directiva de la C\u00e1mara de Diputados, Porfirio Mu\u00f1oz Ledo, y el legislador Gerardo Fern\u00e1ndez Noro\u00f1a aclararon que pese al intercambio verbal que sostuvieron el martes pasado &#8220;no pas\u00f3 nada&#8221; ni hay problemas entre ellos.<\/p>\n<div id=\"div-gpt-ad-1524682842930-0\" data-google-query-id=\"CN7v5aCWqd0CFQw5Twod4rAOHA\">\n<div id=\"google_ads_iframe_\/40135427\/informador_mx_Video_Outstream_0__container__\">En conferencia de prensa conjunta, coincidieron en que trabajar\u00e1n para alcanzar la transformaci\u00f3n del pa\u00eds y en todo momento apoyar\u00e1n al presidente electo Andr\u00e9s Manuel L\u00f3pez Obrador para cumplir con las expectativas que tiene la ciudadan\u00eda.<\/div>\n<\/div>\n<p>Mu\u00f1oz Ledo afirm\u00f3 que en San L\u00e1zaro habr\u00e1 plena libertad de expresi\u00f3n para que la labor legislativa sea destacada y notable. Sobre el desencuentro que tuvo con Fern\u00e1ndez Noro\u00f1a reconoci\u00f3 que &#8220;Gerardo siempre ha sido as\u00ed&#8221;.<\/p>\n<p>El presidente de la Mesa Directiva de la C\u00e1mara de Diputados agreg\u00f3 sin embargo que la rebeld\u00eda es una posici\u00f3n pol\u00edtica y todas las posturas deben escucharse para fomentar los intercambios de puntos de vista.<\/p>\n<p>A su vez Fern\u00e1ndez Noro\u00f1a subray\u00f3 que siempre ha sido rebelde pues es importante mantener un sentido cr\u00edtico y privilegiar el debate en la C\u00e1mara de Diputados, &#8220;pero no pas\u00f3 nada&#8221;.<\/p>\n<p>&#8220;Fueron duras las expresiones, ah\u00ed est\u00e1n, desde que se muri\u00f3 mi abuelita nadie me rega\u00f1a&#8221; se\u00f1al\u00f3 durante la conferencia de prensa. En respuesta Mu\u00f1oz Ledo contest\u00f3, en tono de broma, &#8220;a m\u00ed s\u00f3lo mi abuelita me jalaba las orejas&#8221;.<\/p>\n<p>Fern\u00e1ndez Noro\u00f1a explic\u00f3 que \u00e9l fue quien busc\u00f3 a Mu\u00f1oz Ledo para realizar la conferencia de prensa y con ello dejar en claro que no existe ning\u00fan problema entre ellos, salvo algunas diferencias en determinados temas.\u00a0<\/p>\n","protected":false},"excerpt":{"rendered":"<p>Luego del intercambio verbal que los enfrent\u00f3 el martes, los diputados ofrecieron una rueda de prensa donde aclararon que los debates en la C\u00e1mara de Diputados no son muestras de enemistad<br \/>\nPor Redacci\u00f3n QP<\/p>\n","protected":false},"author":2,"featured_media":4078,"comment_status":"open","ping_status":"open","sticky":false,"template":"","format":"standard","meta":{"_monsterinsights_skip_tracking":false,"_monsterinsights_sitenote_active":false,"_monsterinsights_sitenote_note":"","_monsterinsights_sitenote_category":0,"footnotes":""},"categories":[2],"tags":[],"class_list":["post-4079","post","type-post","status-publish","format-standard","has-post-thumbnail","hentry","category-noticias"],"yoast_head":"<!-- This site is optimized with the Yoast SEO plugin v27.3 - https:\/\/yoast.com\/product\/yoast-seo-wordpress\/ -->\n<title>No tenemos problemas, s\u00f3lo diferencias: Mu\u00f1oz Ledo y Fern\u00e1ndez Noro\u00f1a -<\/title>\n<meta name=\"robots\" content=\"index, follow, max-snippet:-1, max-image-preview:large, max-video-preview:-1\" \/>\n<link rel=\"canonical\" href=\"https:\/\/quehacerpolitico.mx\/?p=4079\" \/>\n<meta property=\"og:locale\" content=\"es_MX\" \/>\n<meta property=\"og:type\" content=\"article\" \/>\n<meta property=\"og:title\" content=\"No tenemos problemas, s\u00f3lo diferencias: Mu\u00f1oz Ledo y Fern\u00e1ndez Noro\u00f1a -\" \/>\n<meta property=\"og:description\" content=\"Luego del intercambio verbal que los enfrent\u00f3 el martes, los diputados ofrecieron una rueda de prensa donde aclararon que los debates en la C\u00e1mara de Diputados no son muestras de enemistad Por Redacci\u00f3n QP\" \/>\n<meta property=\"og:url\" content=\"https:\/\/quehacerpolitico.mx\/?p=4079\" \/>\n<meta property=\"article:published_time\" content=\"2018-09-07T15:18:41+00:00\" \/>\n<meta name=\"author\" content=\"Redacci\u00f3n QP\" \/>\n<meta name=\"twitter:card\" content=\"summary_large_image\" \/>\n<meta name=\"twitter:label1\" content=\"Escrito por\" \/>\n\t<meta name=\"twitter:data1\" content=\"Redacci\u00f3n QP\" \/>\n\t<meta name=\"twitter:label2\" content=\"Tiempo de lectura\" \/>\n\t<meta name=\"twitter:data2\" content=\"1 minuto\" \/>\n<script type=\"application\/ld+json\" class=\"yoast-schema-graph\">{\"@context\":\"https:\\\/\\\/schema.org\",\"@graph\":[{\"@type\":\"Article\",\"@id\":\"https:\\\/\\\/quehacerpolitico.mx\\\/?p=4079#article\",\"isPartOf\":{\"@id\":\"https:\\\/\\\/quehacerpolitico.mx\\\/?p=4079\"},\"author\":{\"name\":\"Redacci\u00f3n QP\",\"@id\":\"https:\\\/\\\/quehacerpolitico.mx\\\/#\\\/schema\\\/person\\\/496d8ad2d1d3f8036101dca7ee39e585\"},\"headline\":\"No tenemos problemas, s\u00f3lo diferencias: Mu\u00f1oz Ledo y Fern\u00e1ndez Noro\u00f1a\",\"datePublished\":\"2018-09-07T15:18:41+00:00\",\"mainEntityOfPage\":{\"@id\":\"https:\\\/\\\/quehacerpolitico.mx\\\/?p=4079\"},\"wordCount\":299,\"commentCount\":0,\"image\":{\"@id\":\"https:\\\/\\\/quehacerpolitico.mx\\\/?p=4079#primaryimage\"},\"thumbnailUrl\":\"\",\"articleSection\":[\"Noticias\"],\"inLanguage\":\"es\",\"potentialAction\":[{\"@type\":\"CommentAction\",\"name\":\"Comment\",\"target\":[\"https:\\\/\\\/quehacerpolitico.mx\\\/?p=4079#respond\"]}]},{\"@type\":\"WebPage\",\"@id\":\"https:\\\/\\\/quehacerpolitico.mx\\\/?p=4079\",\"url\":\"https:\\\/\\\/quehacerpolitico.mx\\\/?p=4079\",\"name\":\"No tenemos problemas, s\u00f3lo diferencias: Mu\u00f1oz Ledo y Fern\u00e1ndez Noro\u00f1a -\",\"isPartOf\":{\"@id\":\"https:\\\/\\\/quehacerpolitico.mx\\\/#website\"},\"primaryImageOfPage\":{\"@id\":\"https:\\\/\\\/quehacerpolitico.mx\\\/?p=4079#primaryimage\"},\"image\":{\"@id\":\"https:\\\/\\\/quehacerpolitico.mx\\\/?p=4079#primaryimage\"},\"thumbnailUrl\":\"\",\"datePublished\":\"2018-09-07T15:18:41+00:00\",\"author\":{\"@id\":\"https:\\\/\\\/quehacerpolitico.mx\\\/#\\\/schema\\\/person\\\/496d8ad2d1d3f8036101dca7ee39e585\"},\"breadcrumb\":{\"@id\":\"https:\\\/\\\/quehacerpolitico.mx\\\/?p=4079#breadcrumb\"},\"inLanguage\":\"es\",\"potentialAction\":[{\"@type\":\"ReadAction\",\"target\":[\"https:\\\/\\\/quehacerpolitico.mx\\\/?p=4079\"]}]},{\"@type\":\"ImageObject\",\"inLanguage\":\"es\",\"@id\":\"https:\\\/\\\/quehacerpolitico.mx\\\/?p=4079#primaryimage\",\"url\":\"\",\"contentUrl\":\"\"},{\"@type\":\"BreadcrumbList\",\"@id\":\"https:\\\/\\\/quehacerpolitico.mx\\\/?p=4079#breadcrumb\",\"itemListElement\":[{\"@type\":\"ListItem\",\"position\":1,\"name\":\"Inicio\",\"item\":\"https:\\\/\\\/quehacerpolitico.mx\\\/\"},{\"@type\":\"ListItem\",\"position\":2,\"name\":\"No tenemos problemas, s\u00f3lo diferencias: Mu\u00f1oz Ledo y Fern\u00e1ndez Noro\u00f1a\"}]},{\"@type\":\"WebSite\",\"@id\":\"https:\\\/\\\/quehacerpolitico.mx\\\/#website\",\"url\":\"https:\\\/\\\/quehacerpolitico.mx\\\/\",\"name\":\"\",\"description\":\"\",\"potentialAction\":[{\"@type\":\"SearchAction\",\"target\":{\"@type\":\"EntryPoint\",\"urlTemplate\":\"https:\\\/\\\/quehacerpolitico.mx\\\/?s={search_term_string}\"},\"query-input\":{\"@type\":\"PropertyValueSpecification\",\"valueRequired\":true,\"valueName\":\"search_term_string\"}}],\"inLanguage\":\"es\"},{\"@type\":\"Person\",\"@id\":\"https:\\\/\\\/quehacerpolitico.mx\\\/#\\\/schema\\\/person\\\/496d8ad2d1d3f8036101dca7ee39e585\",\"name\":\"Redacci\u00f3n QP\",\"image\":{\"@type\":\"ImageObject\",\"inLanguage\":\"es\",\"@id\":\"https:\\\/\\\/secure.gravatar.com\\\/avatar\\\/c7164ed6fdec453195284ad24a5ae5b6e1eed2b848477fa2a4787ba9adf39a41?s=96&d=mm&r=g\",\"url\":\"https:\\\/\\\/secure.gravatar.com\\\/avatar\\\/c7164ed6fdec453195284ad24a5ae5b6e1eed2b848477fa2a4787ba9adf39a41?s=96&d=mm&r=g\",\"contentUrl\":\"https:\\\/\\\/secure.gravatar.com\\\/avatar\\\/c7164ed6fdec453195284ad24a5ae5b6e1eed2b848477fa2a4787ba9adf39a41?s=96&d=mm&r=g\",\"caption\":\"Redacci\u00f3n QP\"},\"url\":\"https:\\\/\\\/quehacerpolitico.mx\\\/?author=2\"}]}<\/script>\n<!-- \/ Yoast SEO plugin. -->","yoast_head_json":{"title":"No tenemos problemas, s\u00f3lo diferencias: Mu\u00f1oz Ledo y Fern\u00e1ndez Noro\u00f1a -","robots":{"index":"index","follow":"follow","max-snippet":"max-snippet:-1","max-image-preview":"max-image-preview:large","max-video-preview":"max-video-preview:-1"},"canonical":"https:\/\/quehacerpolitico.mx\/?p=4079","og_locale":"es_MX","og_type":"article","og_title":"No tenemos problemas, s\u00f3lo diferencias: Mu\u00f1oz Ledo y Fern\u00e1ndez Noro\u00f1a -","og_description":"Luego del intercambio verbal que los enfrent\u00f3 el martes, los diputados ofrecieron una rueda de prensa donde aclararon que los debates en la C\u00e1mara de Diputados no son muestras de enemistad Por Redacci\u00f3n QP","og_url":"https:\/\/quehacerpolitico.mx\/?p=4079","article_published_time":"2018-09-07T15:18:41+00:00","author":"Redacci\u00f3n QP","twitter_card":"summary_large_image","twitter_misc":{"Escrito por":"Redacci\u00f3n QP","Tiempo de lectura":"1 minuto"},"schema":{"@context":"https:\/\/schema.org","@graph":[{"@type":"Article","@id":"https:\/\/quehacerpolitico.mx\/?p=4079#article","isPartOf":{"@id":"https:\/\/quehacerpolitico.mx\/?p=4079"},"author":{"name":"Redacci\u00f3n QP","@id":"https:\/\/quehacerpolitico.mx\/#\/schema\/person\/496d8ad2d1d3f8036101dca7ee39e585"},"headline":"No tenemos problemas, s\u00f3lo diferencias: Mu\u00f1oz Ledo y Fern\u00e1ndez Noro\u00f1a","datePublished":"2018-09-07T15:18:41+00:00","mainEntityOfPage":{"@id":"https:\/\/quehacerpolitico.mx\/?p=4079"},"wordCount":299,"commentCount":0,"image":{"@id":"https:\/\/quehacerpolitico.mx\/?p=4079#primaryimage"},"thumbnailUrl":"","articleSection":["Noticias"],"inLanguage":"es","potentialAction":[{"@type":"CommentAction","name":"Comment","target":["https:\/\/quehacerpolitico.mx\/?p=4079#respond"]}]},{"@type":"WebPage","@id":"https:\/\/quehacerpolitico.mx\/?p=4079","url":"https:\/\/quehacerpolitico.mx\/?p=4079","name":"No tenemos problemas, s\u00f3lo diferencias: Mu\u00f1oz Ledo y Fern\u00e1ndez Noro\u00f1a -","isPartOf":{"@id":"https:\/\/quehacerpolitico.mx\/#website"},"primaryImageOfPage":{"@id":"https:\/\/quehacerpolitico.mx\/?p=4079#primaryimage"},"image":{"@id":"https:\/\/quehacerpolitico.mx\/?p=4079#primaryimage"},"thumbnailUrl":"","datePublished":"2018-09-07T15:18:41+00:00","author":{"@id":"https:\/\/quehacerpolitico.mx\/#\/schema\/person\/496d8ad2d1d3f8036101dca7ee39e585"},"breadcrumb":{"@id":"https:\/\/quehacerpolitico.mx\/?p=4079#breadcrumb"},"inLanguage":"es","potentialAction":[{"@type":"ReadAction","target":["https:\/\/quehacerpolitico.mx\/?p=4079"]}]},{"@type":"ImageObject","inLanguage":"es","@id":"https:\/\/quehacerpolitico.mx\/?p=4079#primaryimage","url":"","contentUrl":""},{"@type":"BreadcrumbList","@id":"https:\/\/quehacerpolitico.mx\/?p=4079#breadcrumb","itemListElement":[{"@type":"ListItem","position":1,"name":"Inicio","item":"https:\/\/quehacerpolitico.mx\/"},{"@type":"ListItem","position":2,"name":"No tenemos problemas, s\u00f3lo diferencias: Mu\u00f1oz Ledo y Fern\u00e1ndez Noro\u00f1a"}]},{"@type":"WebSite","@id":"https:\/\/quehacerpolitico.mx\/#website","url":"https:\/\/quehacerpolitico.mx\/","name":"","description":"","potentialAction":[{"@type":"SearchAction","target":{"@type":"EntryPoint","urlTemplate":"https:\/\/quehacerpolitico.mx\/?s={search_term_string}"},"query-input":{"@type":"PropertyValueSpecification","valueRequired":true,"valueName":"search_term_string"}}],"inLanguage":"es"},{"@type":"Person","@id":"https:\/\/quehacerpolitico.mx\/#\/schema\/person\/496d8ad2d1d3f8036101dca7ee39e585","name":"Redacci\u00f3n QP","image":{"@type":"ImageObject","inLanguage":"es","@id":"https:\/\/secure.gravatar.com\/avatar\/c7164ed6fdec453195284ad24a5ae5b6e1eed2b848477fa2a4787ba9adf39a41?s=96&d=mm&r=g","url":"https:\/\/secure.gravatar.com\/avatar\/c7164ed6fdec453195284ad24a5ae5b6e1eed2b848477fa2a4787ba9adf39a41?s=96&d=mm&r=g","contentUrl":"https:\/\/secure.gravatar.com\/avatar\/c7164ed6fdec453195284ad24a5ae5b6e1eed2b848477fa2a4787ba9adf39a41?s=96&d=mm&r=g","caption":"Redacci\u00f3n QP"},"url":"https:\/\/quehacerpolitico.mx\/?author=2"}]}},"featured_image_urls":{"full":"","thumbnail":"","medium":"","medium_large":"","large":"","1536x1536":"","2048x2048":"","covernews-featured":"","covernews-medium":""},"author_info":{"display_name":"Redacci\u00f3n QP","author_link":"https:\/\/quehacerpolitico.mx\/?author=2"},"category_info":"<a href=\"https:\/\/quehacerpolitico.mx\/?cat=2\" rel=\"category\">Noticias<\/a>","tag_info":"Noticias","comment_count":"0","_links":{"self":[{"href":"https:\/\/quehacerpolitico.mx\/index.php?rest_route=\/wp\/v2\/posts\/4079","targetHints":{"allow":["GET"]}}],"collection":[{"href":"https:\/\/quehacerpolitico.mx\/index.php?rest_route=\/wp\/v2\/posts"}],"about":[{"href":"https:\/\/quehacerpolitico.mx\/index.php?rest_route=\/wp\/v2\/types\/post"}],"author":[{"embeddable":true,"href":"https:\/\/quehacerpolitico.mx\/index.php?rest_route=\/wp\/v2\/users\/2"}],"replies":[{"embeddable":true,"href":"https:\/\/quehacerpolitico.mx\/index.php?rest_route=%2Fwp%2Fv2%2Fcomments&post=4079"}],"version-history":[{"count":0,"href":"https:\/\/quehacerpolitico.mx\/index.php?rest_route=\/wp\/v2\/posts\/4079\/revisions"}],"wp:featuredmedia":[{"embeddable":true,"href":"https:\/\/quehacerpolitico.mx\/index.php?rest_route=\/"}],"wp:attachment":[{"href":"https:\/\/quehacerpolitico.mx\/index.php?rest_route=%2Fwp%2Fv2%2Fmedia&parent=4079"}],"wp:term":[{"taxonomy":"category","embeddable":true,"href":"https:\/\/quehacerpolitico.mx\/index.php?rest_route=%2Fwp%2Fv2%2Fcategories&post=4079"},{"taxonomy":"post_tag","embeddable":true,"href":"https:\/\/quehacerpolitico.mx\/index.php?rest_route=%2Fwp%2Fv2%2Ftags&post=4079"}],"curies":[{"name":"wp","href":"https:\/\/api.w.org\/{rel}","templated":true}]}}