{"id":4072,"date":"2018-09-07T14:46:11","date_gmt":"2018-09-07T14:46:11","guid":{"rendered":"http:\/\/quehacerpolitico.mx\/reforma-los-suegros-de-javier-duarte-quieren-que-la-pgr-les-descongele-6-cuentas-bancarias\/"},"modified":"2018-09-07T14:46:11","modified_gmt":"2018-09-07T14:46:11","slug":"reforma-los-suegros-de-javier-duarte-quieren-que-la-pgr-les-descongele-6-cuentas-bancarias","status":"publish","type":"post","link":"https:\/\/quehacerpolitico.mx\/?p=4072","title":{"rendered":"Reforma: Los suegros de Javier Duarte quieren que la PGR les descongele 6 cuentas bancarias"},"content":{"rendered":"<h3><strong>De acuerdo con informaci\u00f3n publicada por el peri\u00f3dico <em>Reforma<\/em>,\u00a0Mar\u00eda Virginia Yazm\u00edn Tubilla y Jes\u00fas Antonio Mac\u00edas Yasegey\u00a0presentaron una denuncia ante el incumplimiento de la Procuradur\u00eda General de la Rep\u00fablica (PGR) para liberar sus cuentas, acci\u00f3n que debi\u00f3 realizar despu\u00e9s de que la Suprema Corte de Justicia de la Naci\u00f3n (SCJN) invalidara la facultad de las Procuradur\u00edas para realizar ese tipo de aseguramientos sin una orden judicial.<\/strong><\/h3>\n<p>Mar\u00eda Virginia Yazm\u00edn Tubilla y Jes\u00fas Antonio Mac\u00edas Yasegey, <strong>suegros<\/strong> del ex Gobernador de Veracruz, <strong>Javier Duarte<\/strong>, solicitaron ante un juez federal el <strong>descongelamiento<\/strong> de sus seis <strong>cuentas bancarias<\/strong>, luego de que la\u00a0Suprema Corte de Justicia de la Naci\u00f3n (SCJN) invalid\u00f3\u00a0la facultad de las Procuradur\u00edas para realizar ese tipo de <strong>aseguramientos<\/strong> sin una orden judicial, inform\u00f3 el peri\u00f3dico <em>Reforma<\/em>.<\/p>\n<p>De acuerdo con informaci\u00f3n publicada por el medio,\u00a0el pasado 25 de junio se public\u00f3 la sentencia de la SCJN en el Diario Oficial de la Federaci\u00f3n (DOF), por lo que las <strong>cuentas<\/strong> del matrimonio deb\u00edan ser liberadas; sin embargo, al no ocurrir de este modo, la pareja present\u00f3 una denuncia por el incumplimiento de dicha resoluci\u00f3n por parte de la\u00a0Procuradur\u00eda General de la Rep\u00fablica (PGR), quien\u00a0<strong>congel\u00f3<\/strong> sus <strong>cuentas<\/strong> hace dos a\u00f1os.<\/p>\n<blockquote>\n<p>\u201cComo podr\u00e1 observar su se\u00f1or\u00eda, en la especie, la autoridad responsable ha incurrido en un incumplimiento a la declaratoria general de invalidez del art\u00edculo 242 del CNPP (C\u00f3digo Nacional de Procedimientos Penales), pues ha sido omisa en ordenar de la liberaci\u00f3n de las cuentas aseguradas, que en principio fue ordenada sin autorizaci\u00f3n judicial, violando en consecuencia la esfera jur\u00eddica de los suscritos\u201d, subraya el documento citado por <em>Reforma<\/em>.<\/p>\n<p>Ante dicha situaci\u00f3n,\u00a0Patricio Leopoldo Vargas Alarc\u00f3n, juez d\u00e9cimo de distrito en amparo penal de la Ciudad de M\u00e9xico, admiti\u00f3 a tr\u00e1mite la denuncia de los padres de Karime Mac\u00edas, esposa del ex mandatario Veracruzano.<\/p>\n<p>Posteriormente,\u00a0Vargas Alarc\u00f3n deber\u00e1 notificar a la\u00a0Subprocuradur\u00eda Especializada en Investigaci\u00f3n de Delitos Federales el recurso interpuesto por\u00a0Mar\u00eda Virginia Yazm\u00edn Tubilla y Jes\u00fas Antonio Mac\u00edas Yasegey, a fin de que se d\u00e9 una respuesta.<\/p>\n<p>Seg\u00fan <em>Reforma<\/em>, si se <strong>descongelan<\/strong> las seis <strong>cuentas bancarias<\/strong> de los <strong>suegros<\/strong> de <strong>Duarte<\/strong>de Ochoa, el Ministerio P\u00fablico podr\u00e1\u00a0solicitar su aseguramiento a un juez federal.<\/p>\n<blockquote>\n<p>\u201cNo pueden dejar vigente un aseguramiento en base al art\u00edculo 242 que le facultaba asegurar, el criterio de la Corte es muy claro y es obligatorio el cumplimiento\u201d, destac\u00f3\u00a0Enrique Ostos Garza, abogado del matrimonio, al medio.<\/p>\n<\/blockquote>\n<p>La\u00a0Procuradur\u00eda General de la Rep\u00fablica(PGR)\u00a0present\u00f3 en los \u00faltimo minutos del pasado 21 de agosto formalmente la acusaci\u00f3n contra\u00a0Javier Duarte de Ochoa, el ex Gobernador de Veracruz,\u00a0por\u00a0asociaci\u00f3n delictuosa\u00a0y operaciones con\u00a0recursos de procedencia il\u00edcita.<\/p>\n<p>Lo anterior constituye una reconfiguraci\u00f3n del delito del que se acusaba, pues originalmente era por\u00a0delincuencia organizada, lo que\u00a0implicar\u00eda una reducci\u00f3n en la condena que podr\u00eda enfrentar el ex priista, la pena por el primer il\u00edcito es de 20 a 40 a\u00f1os de prisi\u00f3n, mientras que por el segundo alcanza de 5 a 10 a\u00f1os.<\/p>\n<blockquote>\n<p>La dependencia present\u00f3 la acusaci\u00f3n cerca\u00a0de las 23:30 horas del martes y deja la puerta abierta a la posibilidad de que Duarte abandone la c\u00e1rcel, pues lo delitos no son considerados como graves y\u00a0se pueden enfrentar en\u00a0libertad.<\/p>\n<\/blockquote>\n<p>Ante ello la\u00a0<strong>PGR<\/strong>\u00a0anunci\u00f3 que presentar\u00e1 una solicitud para que el juez aplique la medida cautelar de\u00a0prisi\u00f3n preventiva justificada, bajo el argumento de que el veracruzano podr\u00eda huir como lo hizo antes de concluir su mandato.<\/p>\n<p>Fue en\u00a0julio de 2017 que Duarte fue vinculado a proceso por delincuencia organizada y operaciones con recursos de procedencia il\u00edcita (lavado de dinero), y debido al\u00a0riesgo de fuga\u00a0le fue impuesta la prisi\u00f3n preventiva justificada.<\/p>\n<p>Desde entonces, el ex mandatario\u00a0ha permanecido en el Reclusorio Norte y aunque se ha solicitado su traslado a un\u00a0centro penitenciario ubicado en el municipio de Ayala, en Morelos, esto no ha sucedido.<\/p>\n<\/blockquote>\n","protected":false},"excerpt":{"rendered":"<p>Reforma: Los suegros de Javier Duarte quieren que la PGR les descongele 6 cuentas bancarias<br \/>\nPor Redacci\u00f3n QP<\/p>\n","protected":false},"author":2,"featured_media":4069,"comment_status":"open","ping_status":"open","sticky":false,"template":"","format":"standard","meta":{"_monsterinsights_skip_tracking":false,"_monsterinsights_sitenote_active":false,"_monsterinsights_sitenote_note":"","_monsterinsights_sitenote_category":0,"footnotes":""},"categories":[2],"tags":[],"class_list":["post-4072","post","type-post","status-publish","format-standard","has-post-thumbnail","hentry","category-noticias"],"yoast_head":"<!-- This site is optimized with the Yoast SEO plugin v27.3 - https:\/\/yoast.com\/product\/yoast-seo-wordpress\/ -->\n<title>Reforma: Los suegros de Javier Duarte quieren que la PGR les descongele 6 cuentas bancarias -<\/title>\n<meta name=\"robots\" content=\"index, follow, max-snippet:-1, max-image-preview:large, max-video-preview:-1\" \/>\n<link rel=\"canonical\" href=\"https:\/\/quehacerpolitico.mx\/?p=4072\" \/>\n<meta property=\"og:locale\" content=\"es_MX\" \/>\n<meta property=\"og:type\" content=\"article\" \/>\n<meta property=\"og:title\" content=\"Reforma: Los suegros de Javier Duarte quieren que la PGR les descongele 6 cuentas bancarias -\" \/>\n<meta property=\"og:description\" content=\"Reforma: Los suegros de Javier Duarte quieren que la PGR les descongele 6 cuentas bancarias Por Redacci\u00f3n QP\" \/>\n<meta property=\"og:url\" content=\"https:\/\/quehacerpolitico.mx\/?p=4072\" \/>\n<meta property=\"article:published_time\" content=\"2018-09-07T14:46:11+00:00\" \/>\n<meta name=\"author\" content=\"Redacci\u00f3n QP\" \/>\n<meta name=\"twitter:card\" content=\"summary_large_image\" \/>\n<meta name=\"twitter:label1\" content=\"Escrito por\" \/>\n\t<meta name=\"twitter:data1\" content=\"Redacci\u00f3n QP\" \/>\n\t<meta name=\"twitter:label2\" content=\"Tiempo de lectura\" \/>\n\t<meta name=\"twitter:data2\" content=\"4 minutos\" \/>\n<script type=\"application\/ld+json\" class=\"yoast-schema-graph\">{\"@context\":\"https:\\\/\\\/schema.org\",\"@graph\":[{\"@type\":\"Article\",\"@id\":\"https:\\\/\\\/quehacerpolitico.mx\\\/?p=4072#article\",\"isPartOf\":{\"@id\":\"https:\\\/\\\/quehacerpolitico.mx\\\/?p=4072\"},\"author\":{\"name\":\"Redacci\u00f3n QP\",\"@id\":\"https:\\\/\\\/quehacerpolitico.mx\\\/#\\\/schema\\\/person\\\/496d8ad2d1d3f8036101dca7ee39e585\"},\"headline\":\"Reforma: Los suegros de Javier Duarte quieren que la PGR les descongele 6 cuentas bancarias\",\"datePublished\":\"2018-09-07T14:46:11+00:00\",\"mainEntityOfPage\":{\"@id\":\"https:\\\/\\\/quehacerpolitico.mx\\\/?p=4072\"},\"wordCount\":721,\"commentCount\":0,\"image\":{\"@id\":\"https:\\\/\\\/quehacerpolitico.mx\\\/?p=4072#primaryimage\"},\"thumbnailUrl\":\"\",\"articleSection\":[\"Noticias\"],\"inLanguage\":\"es\",\"potentialAction\":[{\"@type\":\"CommentAction\",\"name\":\"Comment\",\"target\":[\"https:\\\/\\\/quehacerpolitico.mx\\\/?p=4072#respond\"]}]},{\"@type\":\"WebPage\",\"@id\":\"https:\\\/\\\/quehacerpolitico.mx\\\/?p=4072\",\"url\":\"https:\\\/\\\/quehacerpolitico.mx\\\/?p=4072\",\"name\":\"Reforma: Los suegros de Javier Duarte quieren que la PGR les descongele 6 cuentas bancarias -\",\"isPartOf\":{\"@id\":\"https:\\\/\\\/quehacerpolitico.mx\\\/#website\"},\"primaryImageOfPage\":{\"@id\":\"https:\\\/\\\/quehacerpolitico.mx\\\/?p=4072#primaryimage\"},\"image\":{\"@id\":\"https:\\\/\\\/quehacerpolitico.mx\\\/?p=4072#primaryimage\"},\"thumbnailUrl\":\"\",\"datePublished\":\"2018-09-07T14:46:11+00:00\",\"author\":{\"@id\":\"https:\\\/\\\/quehacerpolitico.mx\\\/#\\\/schema\\\/person\\\/496d8ad2d1d3f8036101dca7ee39e585\"},\"breadcrumb\":{\"@id\":\"https:\\\/\\\/quehacerpolitico.mx\\\/?p=4072#breadcrumb\"},\"inLanguage\":\"es\",\"potentialAction\":[{\"@type\":\"ReadAction\",\"target\":[\"https:\\\/\\\/quehacerpolitico.mx\\\/?p=4072\"]}]},{\"@type\":\"ImageObject\",\"inLanguage\":\"es\",\"@id\":\"https:\\\/\\\/quehacerpolitico.mx\\\/?p=4072#primaryimage\",\"url\":\"\",\"contentUrl\":\"\"},{\"@type\":\"BreadcrumbList\",\"@id\":\"https:\\\/\\\/quehacerpolitico.mx\\\/?p=4072#breadcrumb\",\"itemListElement\":[{\"@type\":\"ListItem\",\"position\":1,\"name\":\"Inicio\",\"item\":\"https:\\\/\\\/quehacerpolitico.mx\\\/\"},{\"@type\":\"ListItem\",\"position\":2,\"name\":\"Reforma: Los suegros de Javier Duarte quieren que la PGR les descongele 6 cuentas bancarias\"}]},{\"@type\":\"WebSite\",\"@id\":\"https:\\\/\\\/quehacerpolitico.mx\\\/#website\",\"url\":\"https:\\\/\\\/quehacerpolitico.mx\\\/\",\"name\":\"\",\"description\":\"\",\"potentialAction\":[{\"@type\":\"SearchAction\",\"target\":{\"@type\":\"EntryPoint\",\"urlTemplate\":\"https:\\\/\\\/quehacerpolitico.mx\\\/?s={search_term_string}\"},\"query-input\":{\"@type\":\"PropertyValueSpecification\",\"valueRequired\":true,\"valueName\":\"search_term_string\"}}],\"inLanguage\":\"es\"},{\"@type\":\"Person\",\"@id\":\"https:\\\/\\\/quehacerpolitico.mx\\\/#\\\/schema\\\/person\\\/496d8ad2d1d3f8036101dca7ee39e585\",\"name\":\"Redacci\u00f3n QP\",\"image\":{\"@type\":\"ImageObject\",\"inLanguage\":\"es\",\"@id\":\"https:\\\/\\\/secure.gravatar.com\\\/avatar\\\/c7164ed6fdec453195284ad24a5ae5b6e1eed2b848477fa2a4787ba9adf39a41?s=96&d=mm&r=g\",\"url\":\"https:\\\/\\\/secure.gravatar.com\\\/avatar\\\/c7164ed6fdec453195284ad24a5ae5b6e1eed2b848477fa2a4787ba9adf39a41?s=96&d=mm&r=g\",\"contentUrl\":\"https:\\\/\\\/secure.gravatar.com\\\/avatar\\\/c7164ed6fdec453195284ad24a5ae5b6e1eed2b848477fa2a4787ba9adf39a41?s=96&d=mm&r=g\",\"caption\":\"Redacci\u00f3n QP\"},\"url\":\"https:\\\/\\\/quehacerpolitico.mx\\\/?author=2\"}]}<\/script>\n<!-- \/ Yoast SEO plugin. -->","yoast_head_json":{"title":"Reforma: Los suegros de Javier Duarte quieren que la PGR les descongele 6 cuentas bancarias -","robots":{"index":"index","follow":"follow","max-snippet":"max-snippet:-1","max-image-preview":"max-image-preview:large","max-video-preview":"max-video-preview:-1"},"canonical":"https:\/\/quehacerpolitico.mx\/?p=4072","og_locale":"es_MX","og_type":"article","og_title":"Reforma: Los suegros de Javier Duarte quieren que la PGR les descongele 6 cuentas bancarias -","og_description":"Reforma: Los suegros de Javier Duarte quieren que la PGR les descongele 6 cuentas bancarias Por Redacci\u00f3n QP","og_url":"https:\/\/quehacerpolitico.mx\/?p=4072","article_published_time":"2018-09-07T14:46:11+00:00","author":"Redacci\u00f3n QP","twitter_card":"summary_large_image","twitter_misc":{"Escrito por":"Redacci\u00f3n QP","Tiempo de lectura":"4 minutos"},"schema":{"@context":"https:\/\/schema.org","@graph":[{"@type":"Article","@id":"https:\/\/quehacerpolitico.mx\/?p=4072#article","isPartOf":{"@id":"https:\/\/quehacerpolitico.mx\/?p=4072"},"author":{"name":"Redacci\u00f3n QP","@id":"https:\/\/quehacerpolitico.mx\/#\/schema\/person\/496d8ad2d1d3f8036101dca7ee39e585"},"headline":"Reforma: Los suegros de Javier Duarte quieren que la PGR les descongele 6 cuentas bancarias","datePublished":"2018-09-07T14:46:11+00:00","mainEntityOfPage":{"@id":"https:\/\/quehacerpolitico.mx\/?p=4072"},"wordCount":721,"commentCount":0,"image":{"@id":"https:\/\/quehacerpolitico.mx\/?p=4072#primaryimage"},"thumbnailUrl":"","articleSection":["Noticias"],"inLanguage":"es","potentialAction":[{"@type":"CommentAction","name":"Comment","target":["https:\/\/quehacerpolitico.mx\/?p=4072#respond"]}]},{"@type":"WebPage","@id":"https:\/\/quehacerpolitico.mx\/?p=4072","url":"https:\/\/quehacerpolitico.mx\/?p=4072","name":"Reforma: Los suegros de Javier Duarte quieren que la PGR les descongele 6 cuentas bancarias -","isPartOf":{"@id":"https:\/\/quehacerpolitico.mx\/#website"},"primaryImageOfPage":{"@id":"https:\/\/quehacerpolitico.mx\/?p=4072#primaryimage"},"image":{"@id":"https:\/\/quehacerpolitico.mx\/?p=4072#primaryimage"},"thumbnailUrl":"","datePublished":"2018-09-07T14:46:11+00:00","author":{"@id":"https:\/\/quehacerpolitico.mx\/#\/schema\/person\/496d8ad2d1d3f8036101dca7ee39e585"},"breadcrumb":{"@id":"https:\/\/quehacerpolitico.mx\/?p=4072#breadcrumb"},"inLanguage":"es","potentialAction":[{"@type":"ReadAction","target":["https:\/\/quehacerpolitico.mx\/?p=4072"]}]},{"@type":"ImageObject","inLanguage":"es","@id":"https:\/\/quehacerpolitico.mx\/?p=4072#primaryimage","url":"","contentUrl":""},{"@type":"BreadcrumbList","@id":"https:\/\/quehacerpolitico.mx\/?p=4072#breadcrumb","itemListElement":[{"@type":"ListItem","position":1,"name":"Inicio","item":"https:\/\/quehacerpolitico.mx\/"},{"@type":"ListItem","position":2,"name":"Reforma: Los suegros de Javier Duarte quieren que la PGR les descongele 6 cuentas bancarias"}]},{"@type":"WebSite","@id":"https:\/\/quehacerpolitico.mx\/#website","url":"https:\/\/quehacerpolitico.mx\/","name":"","description":"","potentialAction":[{"@type":"SearchAction","target":{"@type":"EntryPoint","urlTemplate":"https:\/\/quehacerpolitico.mx\/?s={search_term_string}"},"query-input":{"@type":"PropertyValueSpecification","valueRequired":true,"valueName":"search_term_string"}}],"inLanguage":"es"},{"@type":"Person","@id":"https:\/\/quehacerpolitico.mx\/#\/schema\/person\/496d8ad2d1d3f8036101dca7ee39e585","name":"Redacci\u00f3n QP","image":{"@type":"ImageObject","inLanguage":"es","@id":"https:\/\/secure.gravatar.com\/avatar\/c7164ed6fdec453195284ad24a5ae5b6e1eed2b848477fa2a4787ba9adf39a41?s=96&d=mm&r=g","url":"https:\/\/secure.gravatar.com\/avatar\/c7164ed6fdec453195284ad24a5ae5b6e1eed2b848477fa2a4787ba9adf39a41?s=96&d=mm&r=g","contentUrl":"https:\/\/secure.gravatar.com\/avatar\/c7164ed6fdec453195284ad24a5ae5b6e1eed2b848477fa2a4787ba9adf39a41?s=96&d=mm&r=g","caption":"Redacci\u00f3n QP"},"url":"https:\/\/quehacerpolitico.mx\/?author=2"}]}},"featured_image_urls":{"full":"","thumbnail":"","medium":"","medium_large":"","large":"","1536x1536":"","2048x2048":"","covernews-featured":"","covernews-medium":""},"author_info":{"display_name":"Redacci\u00f3n QP","author_link":"https:\/\/quehacerpolitico.mx\/?author=2"},"category_info":"<a href=\"https:\/\/quehacerpolitico.mx\/?cat=2\" rel=\"category\">Noticias<\/a>","tag_info":"Noticias","comment_count":"0","_links":{"self":[{"href":"https:\/\/quehacerpolitico.mx\/index.php?rest_route=\/wp\/v2\/posts\/4072","targetHints":{"allow":["GET"]}}],"collection":[{"href":"https:\/\/quehacerpolitico.mx\/index.php?rest_route=\/wp\/v2\/posts"}],"about":[{"href":"https:\/\/quehacerpolitico.mx\/index.php?rest_route=\/wp\/v2\/types\/post"}],"author":[{"embeddable":true,"href":"https:\/\/quehacerpolitico.mx\/index.php?rest_route=\/wp\/v2\/users\/2"}],"replies":[{"embeddable":true,"href":"https:\/\/quehacerpolitico.mx\/index.php?rest_route=%2Fwp%2Fv2%2Fcomments&post=4072"}],"version-history":[{"count":0,"href":"https:\/\/quehacerpolitico.mx\/index.php?rest_route=\/wp\/v2\/posts\/4072\/revisions"}],"wp:featuredmedia":[{"embeddable":true,"href":"https:\/\/quehacerpolitico.mx\/index.php?rest_route=\/"}],"wp:attachment":[{"href":"https:\/\/quehacerpolitico.mx\/index.php?rest_route=%2Fwp%2Fv2%2Fmedia&parent=4072"}],"wp:term":[{"taxonomy":"category","embeddable":true,"href":"https:\/\/quehacerpolitico.mx\/index.php?rest_route=%2Fwp%2Fv2%2Fcategories&post=4072"},{"taxonomy":"post_tag","embeddable":true,"href":"https:\/\/quehacerpolitico.mx\/index.php?rest_route=%2Fwp%2Fv2%2Ftags&post=4072"}],"curies":[{"name":"wp","href":"https:\/\/api.w.org\/{rel}","templated":true}]}}