{"id":4051,"date":"2018-09-07T03:55:38","date_gmt":"2018-09-07T03:55:38","guid":{"rendered":"http:\/\/quehacerpolitico.mx\/censo-de-reconstruccion-sera-de-social-y-tecnico-sheinbaum\/"},"modified":"2018-09-07T03:55:38","modified_gmt":"2018-09-07T03:55:38","slug":"censo-de-reconstruccion-sera-de-social-y-tecnico-sheinbaum","status":"publish","type":"post","link":"https:\/\/quehacerpolitico.mx\/?p=4051","title":{"rendered":"Censo de reconstrucci\u00f3n ser\u00e1 de social y t\u00e9cnico: Sheinbaum"},"content":{"rendered":"<p>La jefa de Gobierno electa, <strong>Claudia Sheinbaum,<\/strong>reiter\u00f3 su plan de realizar un <strong>nuevo censo<\/strong> de los da\u00f1os que dej\u00f3 el <strong>sismo del 19 de septiembre<\/strong> en la Ciudad de M\u00e9xico para atender a corto y mediano plazo los <strong>inmuebles da\u00f1ados<\/strong>.<\/p>\n<p>Luego de que recorriera las delegaciones <strong>Iztapalapa, Xochimilco<\/strong> y <strong>Tl\u00e1huac<\/strong> durante las \u00faltimas semanas, asegur\u00f3 que, aunque no se sabe <strong>el costo total de las reparaciones<\/strong> de las <strong>fracturas<\/strong> que el sismo provoc\u00f3, estas pueden realizarse con las soluciones t\u00e9cnicas adecuadas.<\/p>\n<p>En el tema de la <strong>inyecci\u00f3n de material a las grietas<\/strong>dijo que deben analizarse \u201cde lo que hablamos aqu\u00ed es de un manejo integral que involucre un proceso de mitigaci\u00f3n y trabajo. Hicimos recorridos por distintos puntos y <strong>reconozco que hay avances<\/strong> por parte del Gobierno y no los echaremos para atr\u00e1s, sino que sobre ellos iremos trabajando\u201d.<\/p>\n<p>Sin embargo, destac\u00f3 que principalmente en <strong>edificios multifamiliares<\/strong> no existe un <strong>censo<\/strong>adecuado que permita conocer cada lugar afectado y determinar los que necesitan atenci\u00f3n inmediata.<\/p>\n<blockquote>\n<p>\u201cLa idea es que antes de los tres meses que quedan para que entremos al gobierno, la administraci\u00f3n actual tome algunas medidas. Lo que nos interesa es seguir monitoreando las grietas por medio de estudios, pero lo que es urgente es hacer un estudio de mitigaci\u00f3n que nos permita atender a la brevedad temas como agua y la seguridad en las construcciones\u201d, abund\u00f3.<\/p>\n<\/blockquote>\n<p><strong>Critic\u00f3 que en la<\/strong> Plataforma CDMX no est\u00e1n censados todos los inmuebles y haya distintos registros que no est\u00e1n unificados.<\/p>\n<p>Ante ello el jefe de Gobierno, <strong>Jos\u00e9 Ram\u00f3n Amieva<\/strong>, asever\u00f3 que su administraci\u00f3n est\u00e1 obligada a ofrecer a la entrante todo lo necesario para que<strong> labore sin problema<\/strong> y cumpla con el objetivo de salvaguardar la vida y cotidianeidad de quienes viven en <strong>zonas afectadas<\/strong>.<\/p>\n<p>Al retomar la palabra, <strong>Sheinbaum<\/strong> record\u00f3 que en los pr\u00f3ximos d\u00edas se entregar\u00e1 al Gobierno capitalino un presupuesto de <strong>cu\u00e1nto costar\u00e1 el censo<\/strong> que se realizar\u00e1 a trav\u00e9s del Colegio de Ingenieros de la Ciudad de M\u00e9xico.<\/p>\n<blockquote>\n<p>\u201cNo es que partamos de nuevo, son censos que hicieron las delegaciones y que derivado del recorrido encontramos zonas que consideramos fundamental conocer y atender\u201d, sostuvo.<\/p>\n<\/blockquote>\n<p>Al t\u00e9rmino de la conferencia <strong>Amieva<\/strong> recalc\u00f3 que \u201clos padrones son algo complementario. Es muy entendible que la visi\u00f3n de cada administraci\u00f3n <strong>revise la informaci\u00f3n necesaria<\/strong> para dar continuidad.\u201d<\/p>\n","protected":false},"excerpt":{"rendered":"<p>Censo de reconstrucci\u00f3n ser\u00e1 de social y t\u00e9cnico: Sheinbaum<br \/>\nPor Redacci\u00f3n QP<\/p>\n","protected":false},"author":2,"featured_media":4050,"comment_status":"open","ping_status":"open","sticky":false,"template":"","format":"standard","meta":{"_monsterinsights_skip_tracking":false,"_monsterinsights_sitenote_active":false,"_monsterinsights_sitenote_note":"","_monsterinsights_sitenote_category":0,"footnotes":""},"categories":[55],"tags":[],"class_list":["post-4051","post","type-post","status-publish","format-standard","has-post-thumbnail","hentry","category-cdmx"],"yoast_head":"<!-- This site is optimized with the Yoast SEO plugin v27.3 - https:\/\/yoast.com\/product\/yoast-seo-wordpress\/ -->\n<title>Censo de reconstrucci\u00f3n ser\u00e1 de social y t\u00e9cnico: Sheinbaum -<\/title>\n<meta name=\"robots\" content=\"index, follow, max-snippet:-1, max-image-preview:large, max-video-preview:-1\" \/>\n<link rel=\"canonical\" href=\"https:\/\/quehacerpolitico.mx\/?p=4051\" \/>\n<meta property=\"og:locale\" content=\"es_MX\" \/>\n<meta property=\"og:type\" content=\"article\" \/>\n<meta property=\"og:title\" content=\"Censo de reconstrucci\u00f3n ser\u00e1 de social y t\u00e9cnico: Sheinbaum -\" \/>\n<meta property=\"og:description\" content=\"Censo de reconstrucci\u00f3n ser\u00e1 de social y t\u00e9cnico: Sheinbaum Por Redacci\u00f3n QP\" \/>\n<meta property=\"og:url\" content=\"https:\/\/quehacerpolitico.mx\/?p=4051\" \/>\n<meta property=\"article:published_time\" content=\"2018-09-07T03:55:38+00:00\" \/>\n<meta name=\"author\" content=\"Redacci\u00f3n QP\" \/>\n<meta name=\"twitter:card\" content=\"summary_large_image\" \/>\n<meta name=\"twitter:label1\" content=\"Escrito por\" \/>\n\t<meta name=\"twitter:data1\" content=\"Redacci\u00f3n QP\" \/>\n\t<meta name=\"twitter:label2\" content=\"Tiempo de lectura\" \/>\n\t<meta name=\"twitter:data2\" content=\"2 minutos\" \/>\n<script type=\"application\/ld+json\" class=\"yoast-schema-graph\">{\"@context\":\"https:\\\/\\\/schema.org\",\"@graph\":[{\"@type\":\"Article\",\"@id\":\"https:\\\/\\\/quehacerpolitico.mx\\\/?p=4051#article\",\"isPartOf\":{\"@id\":\"https:\\\/\\\/quehacerpolitico.mx\\\/?p=4051\"},\"author\":{\"name\":\"Redacci\u00f3n QP\",\"@id\":\"https:\\\/\\\/quehacerpolitico.mx\\\/#\\\/schema\\\/person\\\/496d8ad2d1d3f8036101dca7ee39e585\"},\"headline\":\"Censo de reconstrucci\u00f3n ser\u00e1 de social y t\u00e9cnico: Sheinbaum\",\"datePublished\":\"2018-09-07T03:55:38+00:00\",\"mainEntityOfPage\":{\"@id\":\"https:\\\/\\\/quehacerpolitico.mx\\\/?p=4051\"},\"wordCount\":419,\"commentCount\":0,\"image\":{\"@id\":\"https:\\\/\\\/quehacerpolitico.mx\\\/?p=4051#primaryimage\"},\"thumbnailUrl\":\"\",\"articleSection\":[\"CDMX\"],\"inLanguage\":\"es\",\"potentialAction\":[{\"@type\":\"CommentAction\",\"name\":\"Comment\",\"target\":[\"https:\\\/\\\/quehacerpolitico.mx\\\/?p=4051#respond\"]}]},{\"@type\":\"WebPage\",\"@id\":\"https:\\\/\\\/quehacerpolitico.mx\\\/?p=4051\",\"url\":\"https:\\\/\\\/quehacerpolitico.mx\\\/?p=4051\",\"name\":\"Censo de reconstrucci\u00f3n ser\u00e1 de social y t\u00e9cnico: Sheinbaum -\",\"isPartOf\":{\"@id\":\"https:\\\/\\\/quehacerpolitico.mx\\\/#website\"},\"primaryImageOfPage\":{\"@id\":\"https:\\\/\\\/quehacerpolitico.mx\\\/?p=4051#primaryimage\"},\"image\":{\"@id\":\"https:\\\/\\\/quehacerpolitico.mx\\\/?p=4051#primaryimage\"},\"thumbnailUrl\":\"\",\"datePublished\":\"2018-09-07T03:55:38+00:00\",\"author\":{\"@id\":\"https:\\\/\\\/quehacerpolitico.mx\\\/#\\\/schema\\\/person\\\/496d8ad2d1d3f8036101dca7ee39e585\"},\"breadcrumb\":{\"@id\":\"https:\\\/\\\/quehacerpolitico.mx\\\/?p=4051#breadcrumb\"},\"inLanguage\":\"es\",\"potentialAction\":[{\"@type\":\"ReadAction\",\"target\":[\"https:\\\/\\\/quehacerpolitico.mx\\\/?p=4051\"]}]},{\"@type\":\"ImageObject\",\"inLanguage\":\"es\",\"@id\":\"https:\\\/\\\/quehacerpolitico.mx\\\/?p=4051#primaryimage\",\"url\":\"\",\"contentUrl\":\"\"},{\"@type\":\"BreadcrumbList\",\"@id\":\"https:\\\/\\\/quehacerpolitico.mx\\\/?p=4051#breadcrumb\",\"itemListElement\":[{\"@type\":\"ListItem\",\"position\":1,\"name\":\"Inicio\",\"item\":\"https:\\\/\\\/quehacerpolitico.mx\\\/\"},{\"@type\":\"ListItem\",\"position\":2,\"name\":\"Censo de reconstrucci\u00f3n ser\u00e1 de social y t\u00e9cnico: Sheinbaum\"}]},{\"@type\":\"WebSite\",\"@id\":\"https:\\\/\\\/quehacerpolitico.mx\\\/#website\",\"url\":\"https:\\\/\\\/quehacerpolitico.mx\\\/\",\"name\":\"\",\"description\":\"\",\"potentialAction\":[{\"@type\":\"SearchAction\",\"target\":{\"@type\":\"EntryPoint\",\"urlTemplate\":\"https:\\\/\\\/quehacerpolitico.mx\\\/?s={search_term_string}\"},\"query-input\":{\"@type\":\"PropertyValueSpecification\",\"valueRequired\":true,\"valueName\":\"search_term_string\"}}],\"inLanguage\":\"es\"},{\"@type\":\"Person\",\"@id\":\"https:\\\/\\\/quehacerpolitico.mx\\\/#\\\/schema\\\/person\\\/496d8ad2d1d3f8036101dca7ee39e585\",\"name\":\"Redacci\u00f3n QP\",\"image\":{\"@type\":\"ImageObject\",\"inLanguage\":\"es\",\"@id\":\"https:\\\/\\\/secure.gravatar.com\\\/avatar\\\/c7164ed6fdec453195284ad24a5ae5b6e1eed2b848477fa2a4787ba9adf39a41?s=96&d=mm&r=g\",\"url\":\"https:\\\/\\\/secure.gravatar.com\\\/avatar\\\/c7164ed6fdec453195284ad24a5ae5b6e1eed2b848477fa2a4787ba9adf39a41?s=96&d=mm&r=g\",\"contentUrl\":\"https:\\\/\\\/secure.gravatar.com\\\/avatar\\\/c7164ed6fdec453195284ad24a5ae5b6e1eed2b848477fa2a4787ba9adf39a41?s=96&d=mm&r=g\",\"caption\":\"Redacci\u00f3n QP\"},\"url\":\"https:\\\/\\\/quehacerpolitico.mx\\\/?author=2\"}]}<\/script>\n<!-- \/ Yoast SEO plugin. -->","yoast_head_json":{"title":"Censo de reconstrucci\u00f3n ser\u00e1 de social y t\u00e9cnico: Sheinbaum -","robots":{"index":"index","follow":"follow","max-snippet":"max-snippet:-1","max-image-preview":"max-image-preview:large","max-video-preview":"max-video-preview:-1"},"canonical":"https:\/\/quehacerpolitico.mx\/?p=4051","og_locale":"es_MX","og_type":"article","og_title":"Censo de reconstrucci\u00f3n ser\u00e1 de social y t\u00e9cnico: Sheinbaum -","og_description":"Censo de reconstrucci\u00f3n ser\u00e1 de social y t\u00e9cnico: Sheinbaum Por Redacci\u00f3n QP","og_url":"https:\/\/quehacerpolitico.mx\/?p=4051","article_published_time":"2018-09-07T03:55:38+00:00","author":"Redacci\u00f3n QP","twitter_card":"summary_large_image","twitter_misc":{"Escrito por":"Redacci\u00f3n QP","Tiempo de lectura":"2 minutos"},"schema":{"@context":"https:\/\/schema.org","@graph":[{"@type":"Article","@id":"https:\/\/quehacerpolitico.mx\/?p=4051#article","isPartOf":{"@id":"https:\/\/quehacerpolitico.mx\/?p=4051"},"author":{"name":"Redacci\u00f3n QP","@id":"https:\/\/quehacerpolitico.mx\/#\/schema\/person\/496d8ad2d1d3f8036101dca7ee39e585"},"headline":"Censo de reconstrucci\u00f3n ser\u00e1 de social y t\u00e9cnico: Sheinbaum","datePublished":"2018-09-07T03:55:38+00:00","mainEntityOfPage":{"@id":"https:\/\/quehacerpolitico.mx\/?p=4051"},"wordCount":419,"commentCount":0,"image":{"@id":"https:\/\/quehacerpolitico.mx\/?p=4051#primaryimage"},"thumbnailUrl":"","articleSection":["CDMX"],"inLanguage":"es","potentialAction":[{"@type":"CommentAction","name":"Comment","target":["https:\/\/quehacerpolitico.mx\/?p=4051#respond"]}]},{"@type":"WebPage","@id":"https:\/\/quehacerpolitico.mx\/?p=4051","url":"https:\/\/quehacerpolitico.mx\/?p=4051","name":"Censo de reconstrucci\u00f3n ser\u00e1 de social y t\u00e9cnico: Sheinbaum -","isPartOf":{"@id":"https:\/\/quehacerpolitico.mx\/#website"},"primaryImageOfPage":{"@id":"https:\/\/quehacerpolitico.mx\/?p=4051#primaryimage"},"image":{"@id":"https:\/\/quehacerpolitico.mx\/?p=4051#primaryimage"},"thumbnailUrl":"","datePublished":"2018-09-07T03:55:38+00:00","author":{"@id":"https:\/\/quehacerpolitico.mx\/#\/schema\/person\/496d8ad2d1d3f8036101dca7ee39e585"},"breadcrumb":{"@id":"https:\/\/quehacerpolitico.mx\/?p=4051#breadcrumb"},"inLanguage":"es","potentialAction":[{"@type":"ReadAction","target":["https:\/\/quehacerpolitico.mx\/?p=4051"]}]},{"@type":"ImageObject","inLanguage":"es","@id":"https:\/\/quehacerpolitico.mx\/?p=4051#primaryimage","url":"","contentUrl":""},{"@type":"BreadcrumbList","@id":"https:\/\/quehacerpolitico.mx\/?p=4051#breadcrumb","itemListElement":[{"@type":"ListItem","position":1,"name":"Inicio","item":"https:\/\/quehacerpolitico.mx\/"},{"@type":"ListItem","position":2,"name":"Censo de reconstrucci\u00f3n ser\u00e1 de social y t\u00e9cnico: Sheinbaum"}]},{"@type":"WebSite","@id":"https:\/\/quehacerpolitico.mx\/#website","url":"https:\/\/quehacerpolitico.mx\/","name":"","description":"","potentialAction":[{"@type":"SearchAction","target":{"@type":"EntryPoint","urlTemplate":"https:\/\/quehacerpolitico.mx\/?s={search_term_string}"},"query-input":{"@type":"PropertyValueSpecification","valueRequired":true,"valueName":"search_term_string"}}],"inLanguage":"es"},{"@type":"Person","@id":"https:\/\/quehacerpolitico.mx\/#\/schema\/person\/496d8ad2d1d3f8036101dca7ee39e585","name":"Redacci\u00f3n QP","image":{"@type":"ImageObject","inLanguage":"es","@id":"https:\/\/secure.gravatar.com\/avatar\/c7164ed6fdec453195284ad24a5ae5b6e1eed2b848477fa2a4787ba9adf39a41?s=96&d=mm&r=g","url":"https:\/\/secure.gravatar.com\/avatar\/c7164ed6fdec453195284ad24a5ae5b6e1eed2b848477fa2a4787ba9adf39a41?s=96&d=mm&r=g","contentUrl":"https:\/\/secure.gravatar.com\/avatar\/c7164ed6fdec453195284ad24a5ae5b6e1eed2b848477fa2a4787ba9adf39a41?s=96&d=mm&r=g","caption":"Redacci\u00f3n QP"},"url":"https:\/\/quehacerpolitico.mx\/?author=2"}]}},"featured_image_urls":{"full":"","thumbnail":"","medium":"","medium_large":"","large":"","1536x1536":"","2048x2048":"","covernews-featured":"","covernews-medium":""},"author_info":{"display_name":"Redacci\u00f3n QP","author_link":"https:\/\/quehacerpolitico.mx\/?author=2"},"category_info":"<a href=\"https:\/\/quehacerpolitico.mx\/?cat=55\" rel=\"category\">CDMX<\/a>","tag_info":"CDMX","comment_count":"0","_links":{"self":[{"href":"https:\/\/quehacerpolitico.mx\/index.php?rest_route=\/wp\/v2\/posts\/4051","targetHints":{"allow":["GET"]}}],"collection":[{"href":"https:\/\/quehacerpolitico.mx\/index.php?rest_route=\/wp\/v2\/posts"}],"about":[{"href":"https:\/\/quehacerpolitico.mx\/index.php?rest_route=\/wp\/v2\/types\/post"}],"author":[{"embeddable":true,"href":"https:\/\/quehacerpolitico.mx\/index.php?rest_route=\/wp\/v2\/users\/2"}],"replies":[{"embeddable":true,"href":"https:\/\/quehacerpolitico.mx\/index.php?rest_route=%2Fwp%2Fv2%2Fcomments&post=4051"}],"version-history":[{"count":0,"href":"https:\/\/quehacerpolitico.mx\/index.php?rest_route=\/wp\/v2\/posts\/4051\/revisions"}],"wp:featuredmedia":[{"embeddable":true,"href":"https:\/\/quehacerpolitico.mx\/index.php?rest_route=\/"}],"wp:attachment":[{"href":"https:\/\/quehacerpolitico.mx\/index.php?rest_route=%2Fwp%2Fv2%2Fmedia&parent=4051"}],"wp:term":[{"taxonomy":"category","embeddable":true,"href":"https:\/\/quehacerpolitico.mx\/index.php?rest_route=%2Fwp%2Fv2%2Fcategories&post=4051"},{"taxonomy":"post_tag","embeddable":true,"href":"https:\/\/quehacerpolitico.mx\/index.php?rest_route=%2Fwp%2Fv2%2Ftags&post=4051"}],"curies":[{"name":"wp","href":"https:\/\/api.w.org\/{rel}","templated":true}]}}