{"id":4020,"date":"2018-09-06T23:05:02","date_gmt":"2018-09-06T23:05:02","guid":{"rendered":"http:\/\/quehacerpolitico.mx\/la-unam-suspende-a-su-coordinador-de-vigilancia-por-posibles-vinculos-con-porros-y-golpeadores\/"},"modified":"2018-09-06T23:05:02","modified_gmt":"2018-09-06T23:05:02","slug":"la-unam-suspende-a-su-coordinador-de-vigilancia-por-posibles-vinculos-con-porros-y-golpeadores","status":"publish","type":"post","link":"https:\/\/quehacerpolitico.mx\/?p=4020","title":{"rendered":"La UNAM suspende a su coordinador de vigilancia por posibles v\u00ednculos con porros y golpeadores"},"content":{"rendered":"<h3>La Universidad Nacional Aut\u00f3noma de M\u00e9xico (UNAM) suspendi\u00f3 a Jes\u00fas Te\u00f3filo Licona Ferro, coordinador operativo de vigilancia de la m\u00e1xima casa de estudios, despu\u00e9s de que apareciera en los hechos violentos que dejaron al menos dos estudiantes con heridas de gravedad en el campus.\u00a0<strong>Universitarios acusan a Licona Ferro de llevar a\u00f1os orquestando represiones contra estudiantes.\u00a0<\/strong><\/h3>\n<p><strong>Jes\u00fas Te\u00f3filo Licona Ferro<\/strong>, coordinador operativo de vigilancia de la <strong>Universidad Nacional Aut\u00f3noma de M\u00e9xico (UNAM)<\/strong>, fue suspendido despu\u00e9s de que porros agredieran a estudiantes que se manifestaran pac\u00edficamente en la<strong> Ciudad Universitaria<\/strong>.<\/p>\n<p>El individuo fue identificado en redes sociales por los mismos estudiantes como uno de los organizaciones de los grupos de porros y golpeadores, y difundieron distintas im\u00e1genes de \u00e9l.<\/p>\n<blockquote>\n<p><strong>Enrique Graue Wiechers<\/strong>, Rector de la m\u00e1xima casa de estudios, determin\u00f3 el castigo para\u00a0Licona Ferro y\u00a0encarg\u00f3 investigar la actuaci\u00f3n de elementos de Vigilancia UNAM durante los referidos acontecimientos.<\/p>\n<p>La <strong>Comisi\u00f3n Especial de Seguridad del Consejo Universitario<\/strong> ser\u00e1 la encargada de llevar a cabo las diligencias.<\/p>\n<blockquote>\n<p>Graue Wiechers pidi\u00f3 que se revisen\u00a0cuidadosamente los materiales que obran en poder de la Universidad, a fin de hacer el deslinde de responsabilidades que permita, si fuera el caso, llevar a cabo las sanciones que correspondan.<\/p>\n<\/blockquote>\n<p>El Rector solicit\u00f3 tambi\u00e9n a la Comisi\u00f3n Especial de Seguridad \u201cque analice y proponga medidas adicionales a las ya adoptadas por la <strong>UNAM<\/strong>, para mejorar y hacer m\u00e1s eficiente la vigilancia de la instituci\u00f3n\u201d.<\/p>\n<p>La Comisi\u00f3n Especial de Seguridad, integrada de manera plural por alumnos, acad\u00e9micos y trabajadores, es una instancia del Consejo Universitario, la m\u00e1xima autoridad colegiada de la Universidad.<\/p>\n<p>Ayer, despu\u00e9s de que miles de estudiantes marcharan en el campus central de la m\u00e1xima casa de estudios, la <strong>UNAM<\/strong>\u00a0acept\u00f3 todos los puntos del pliego petitorio del <strong>Colegio de Ciencias y Humanidades (CCH) Azcapotzalco<\/strong>.<\/p>\n<blockquote>\n<p>\u201cPara la <strong>Rector\u00eda<\/strong> de la Universidad, los siete puntos que integran el pliego petitorio son aceptables y atendibles, por lo que convoca a los miembros de la Asamblea General del CCH Azcapotzalco a instalar una mesa de seguimiento para la soluci\u00f3n de la totalidad de sus planteamientos\u201d, determin\u00f3 la UNAM.<\/p>\n<\/blockquote>\n<p>La instituci\u00f3n educativa invit\u00f3\u00a0a que esta mesa de seguimiento sea instalada en la <strong>Direcci\u00f3n General de Colegio de Ciencias y Humanidades<\/strong>, con la participaci\u00f3n de autoridades de la administraci\u00f3n central de la Universidad.<\/p>\n<div id=\"attachment_3467347\" class=\"wp-caption alignnone\"><img loading=\"lazy\" decoding=\"async\" class=\"wp-image-3467347 size-full\" src=\"http:\/\/www.sinembargo.mx\/wp-content\/uploads\/2018\/09\/image_224.jpg\" sizes=\"auto, (max-width: 700px) 100vw, 700px\" srcset=\"http:\/\/www.sinembargo.mx\/wp-content\/uploads\/2018\/09\/image_224.jpg 700w, http:\/\/www.sinembargo.mx\/wp-content\/uploads\/2018\/09\/image_224-300x199.jpg 300w\" alt=\"\" width=\"700\" height=\"465\" \/><\/p>\n<p class=\"wp-caption-text\">Miles se reunieron en la Ciudad Universitaria. Foto: Cuartoscuro.<\/p>\n<\/div>\n<div id=\"attachment_3467348\" class=\"wp-caption alignnone\"><img loading=\"lazy\" decoding=\"async\" class=\"wp-image-3467348 size-full\" src=\"http:\/\/www.sinembargo.mx\/wp-content\/uploads\/2018\/09\/unam_fuero_porros-1.jpg\" sizes=\"auto, (max-width: 700px) 100vw, 700px\" srcset=\"http:\/\/www.sinembargo.mx\/wp-content\/uploads\/2018\/09\/unam_fuero_porros-1.jpg 700w, http:\/\/www.sinembargo.mx\/wp-content\/uploads\/2018\/09\/unam_fuero_porros-1-300x200.jpg 300w\" alt=\"\" width=\"700\" height=\"467\" \/><\/p>\n<p class=\"wp-caption-text\">Momentos antes de aceptar los puntos, la m\u00e1xima casa de estudios revel\u00f3 los nombres de los 18 expulsados. Foto: Cuartoscuro.<\/p>\n<\/div>\n<div id=\"attachment_3467349\" class=\"wp-caption alignnone\"><img loading=\"lazy\" decoding=\"async\" class=\"wp-image-3467349 size-full\" src=\"http:\/\/www.sinembargo.mx\/wp-content\/uploads\/2018\/09\/image_221.jpg\" sizes=\"auto, (max-width: 700px) 100vw, 700px\" srcset=\"http:\/\/www.sinembargo.mx\/wp-content\/uploads\/2018\/09\/image_221.jpg 700w, http:\/\/www.sinembargo.mx\/wp-content\/uploads\/2018\/09\/image_221-300x199.jpg 300w\" alt=\"\" width=\"700\" height=\"465\" \/><\/p>\n<p class=\"wp-caption-text\">Miles se reunieron en la Ciudad Universitaria. Foto: Cuartoscuro.<\/p>\n<\/div>\n<div id=\"attachment_3467350\" class=\"wp-caption alignnone\"><img loading=\"lazy\" decoding=\"async\" class=\"wp-image-3467350 size-full\" src=\"http:\/\/www.sinembargo.mx\/wp-content\/uploads\/2018\/09\/image_227.jpg\" sizes=\"auto, (max-width: 700px) 100vw, 700px\" srcset=\"http:\/\/www.sinembargo.mx\/wp-content\/uploads\/2018\/09\/image_227.jpg 700w, http:\/\/www.sinembargo.mx\/wp-content\/uploads\/2018\/09\/image_227-300x199.jpg 300w\" alt=\"\" width=\"700\" height=\"465\" \/><\/p>\n<p class=\"wp-caption-text\">Momentos antes de aceptar los puntos, la m\u00e1xima casa de estudios revel\u00f3 los nombres de los 18 expulsados. Foto: Cuartoscuro.<\/p>\n<\/div>\n<div id=\"attachment_3467351\" class=\"wp-caption alignnone\"><img loading=\"lazy\" decoding=\"async\" class=\"wp-image-3467351 size-full\" src=\"http:\/\/www.sinembargo.mx\/wp-content\/uploads\/2018\/09\/unam_fuero_porros-3.jpg\" sizes=\"auto, (max-width: 700px) 100vw, 700px\" srcset=\"http:\/\/www.sinembargo.mx\/wp-content\/uploads\/2018\/09\/unam_fuero_porros-3.jpg 700w, http:\/\/www.sinembargo.mx\/wp-content\/uploads\/2018\/09\/unam_fuero_porros-3-300x200.jpg 300w\" alt=\"\" width=\"700\" height=\"467\" \/><\/p>\n<p class=\"wp-caption-text\">Miles se reunieron en la Ciudad Universitaria. Foto: Cuartoscuro.<\/p>\n<\/div>\n<div id=\"attachment_3467352\" class=\"wp-caption alignnone\"><img loading=\"lazy\" decoding=\"async\" class=\"wp-image-3467352 size-full\" src=\"http:\/\/www.sinembargo.mx\/wp-content\/uploads\/2018\/09\/image_228.jpg\" sizes=\"auto, (max-width: 700px) 100vw, 700px\" srcset=\"http:\/\/www.sinembargo.mx\/wp-content\/uploads\/2018\/09\/image_228.jpg 700w, http:\/\/www.sinembargo.mx\/wp-content\/uploads\/2018\/09\/image_228-199x300.jpg 199w\" alt=\"\" width=\"700\" height=\"1054\" \/><\/p>\n<p class=\"wp-caption-text\">Momentos antes de aceptar los puntos, la m\u00e1xima casa de estudios revel\u00f3 los nombres de los 18 expulsados. Foto: Cuartoscuro.<\/p>\n<\/div>\n<div id=\"attachment_3467353\" class=\"wp-caption alignnone\"><img loading=\"lazy\" decoding=\"async\" class=\"wp-image-3467353 size-full\" src=\"http:\/\/www.sinembargo.mx\/wp-content\/uploads\/2018\/09\/unam_fuero_porros-7.jpg\" sizes=\"auto, (max-width: 700px) 100vw, 700px\" srcset=\"http:\/\/www.sinembargo.mx\/wp-content\/uploads\/2018\/09\/unam_fuero_porros-7.jpg 700w, http:\/\/www.sinembargo.mx\/wp-content\/uploads\/2018\/09\/unam_fuero_porros-7-300x200.jpg 300w\" alt=\"\" width=\"700\" height=\"467\" \/><\/p>\n<p class=\"wp-caption-text\">Miles se reunieron en la Ciudad Universitaria. Foto: Cuartoscuro.<\/p>\n<\/div>\n<p>Antes, la\u00a0<strong>UNAM<\/strong>\u00a0dio a conocer los\u00a0nombres de 18 personas identificadas como participantes en los sucesos violentos ocurridos el pasado lunes 3 de septiembre, en la <strong>Ciudad Universitaria<\/strong>.<\/p>\n<p><strong>Los expulsados son:<\/strong><\/p>\n<blockquote>\n<p>1. Cervantes Delgado Leonardo Enrique, CCH Plantel Azcapotzalco<\/p>\n<p>2. Flores Y\u00e1\u00f1ez Irving David, CCH Plantel Azcapotzalco<\/p>\n<p>3. Guti\u00e9rrez L\u00f3pez C\u00e9sar Abel, CCH Plantel Azcapotzalco<\/p>\n<p>4. Hern\u00e1ndez Ju\u00e1rez Fernando, CCH Plantel Azcapotzalco<\/p>\n<p>5. Jactthar Cruz Leonel, CCH Plantel Azcapotzalco<\/p>\n<p>6. L\u00f3pez Bautista Abraham, CCH Plantel Azcapotzalco<\/p>\n<p>7. Medrano Cruz Daniel, CCH Plantel Azcapotzalco<\/p>\n<p>8. Morales Bobadilla Joan Guillermo, CCH Plantel Azcapotzalco<\/p>\n<p>9. Mej\u00eda Orozco Gustavo, CCH Plantel Naucalpan<\/p>\n<p>10. Vargas de la Cruz Pedro Armando, Facultad de Filosof\u00eda y Letras<\/p>\n<p>11. Tolentino San Agust\u00edn Jos\u00e9 Rodrigo, Facultad de Ingenier\u00eda<\/p>\n<p>12. Camargo Garc\u00eda Marco Antonio, FES Cuautitl\u00e1n (Veterinaria)<\/p>\n<p>13. Zenteno Espinosa Bruno Alejandro, FES Acatl\u00e1n (Arquitectura)<\/p>\n<p>14. Tinajero Mu\u00f1ozcano Fernando, FES Acatl\u00e1n (Derecho)<\/p>\n<p>15. Salazar Lampon Javier, FES Zaragoza (Enfermer\u00eda)<\/p>\n<p>16. Morales Maciel Jordan Jeziel, Facultad de Ingenier\u00eda<\/p>\n<p>17. Trujillo Gonz\u00e1lez Nancy Guadalupe FES Iztacala<\/p>\n<p>18. Zubillaga \u00c1guila Michelle Paulina CCH Plantel Azcapotzalco<\/p>\n<p>La UNAM inform\u00f3 que continuar\u00e1 con la investigaci\u00f3n, b\u00fasqueda e identificaci\u00f3n de otros participantes en dichos sucesos y lo har\u00e1 p\u00fablico.<\/p>\n<p>La\u00a0<strong>UNAM<\/strong>\u00a0inform\u00f3 antier que ya ten\u00eda evidencia que apunta a integrantes de los grupos\u00a0\u201cTreinta y dos\u201d, del CCH Azcapotzalco; \u201c3 de marzo\u201d, del CCH Vallejo; la \u201cFederaci\u00f3n de Estudiantes de Naucalpan\u201d, y otras organizaciones de v\u00e1ndalos conocidos como\u00a0<strong>grupos porriles<\/strong>, como responsables de los hechos que sacudieron el lunes a la\u00a0<strong>m\u00e1xima casa de estudios<\/strong>.<\/p>\n<blockquote>\n<p>\u201cLas denuncias de los hechos ya fueron presentadas a la Procuradur\u00eda y se proceder\u00e1, sin miramientos, ante quienes resulten responsables por actos de acci\u00f3n o de omisi\u00f3n\u201d, indic\u00f3 el Rector Enrique Graue Wiechers, un d\u00eda despu\u00e9s de que una manifestaci\u00f3n pac\u00edfica de estudiantes del Colegio de Ciencias y Humanidades (CCH) concluyera en agresiones por parte de los grupos porriles.<\/p>\n<\/blockquote>\n<\/blockquote>\n<\/blockquote>\n","protected":false},"excerpt":{"rendered":"<p>La UNAM suspende a su coordinador de vigilancia por posibles v\u00ednculos con porros y golpeadores<br \/>\nPor Redacci\u00f3n QP<\/p>\n","protected":false},"author":2,"featured_media":4019,"comment_status":"open","ping_status":"open","sticky":false,"template":"","format":"standard","meta":{"_monsterinsights_skip_tracking":false,"_monsterinsights_sitenote_active":false,"_monsterinsights_sitenote_note":"","_monsterinsights_sitenote_category":0,"footnotes":""},"categories":[55],"tags":[],"class_list":["post-4020","post","type-post","status-publish","format-standard","has-post-thumbnail","hentry","category-cdmx"],"yoast_head":"<!-- This site is optimized with the Yoast SEO plugin v27.3 - https:\/\/yoast.com\/product\/yoast-seo-wordpress\/ -->\n<title>La UNAM suspende a su coordinador de vigilancia por posibles v\u00ednculos con porros y golpeadores -<\/title>\n<meta name=\"robots\" content=\"index, follow, max-snippet:-1, max-image-preview:large, max-video-preview:-1\" \/>\n<link rel=\"canonical\" href=\"https:\/\/quehacerpolitico.mx\/?p=4020\" \/>\n<meta property=\"og:locale\" content=\"es_MX\" \/>\n<meta property=\"og:type\" content=\"article\" \/>\n<meta property=\"og:title\" content=\"La UNAM suspende a su coordinador de vigilancia por posibles v\u00ednculos con porros y golpeadores -\" \/>\n<meta property=\"og:description\" content=\"La UNAM suspende a su coordinador de vigilancia por posibles v\u00ednculos con porros y golpeadores Por Redacci\u00f3n QP\" \/>\n<meta property=\"og:url\" content=\"https:\/\/quehacerpolitico.mx\/?p=4020\" \/>\n<meta property=\"article:published_time\" content=\"2018-09-06T23:05:02+00:00\" \/>\n<meta name=\"author\" content=\"Redacci\u00f3n QP\" \/>\n<meta name=\"twitter:card\" content=\"summary_large_image\" \/>\n<meta name=\"twitter:label1\" content=\"Escrito por\" \/>\n\t<meta name=\"twitter:data1\" content=\"Redacci\u00f3n QP\" \/>\n\t<meta name=\"twitter:label2\" content=\"Tiempo de lectura\" \/>\n\t<meta name=\"twitter:data2\" content=\"4 minutos\" \/>\n<script type=\"application\/ld+json\" class=\"yoast-schema-graph\">{\"@context\":\"https:\\\/\\\/schema.org\",\"@graph\":[{\"@type\":\"Article\",\"@id\":\"https:\\\/\\\/quehacerpolitico.mx\\\/?p=4020#article\",\"isPartOf\":{\"@id\":\"https:\\\/\\\/quehacerpolitico.mx\\\/?p=4020\"},\"author\":{\"name\":\"Redacci\u00f3n QP\",\"@id\":\"https:\\\/\\\/quehacerpolitico.mx\\\/#\\\/schema\\\/person\\\/496d8ad2d1d3f8036101dca7ee39e585\"},\"headline\":\"La UNAM suspende a su coordinador de vigilancia por posibles v\u00ednculos con porros y golpeadores\",\"datePublished\":\"2018-09-06T23:05:02+00:00\",\"mainEntityOfPage\":{\"@id\":\"https:\\\/\\\/quehacerpolitico.mx\\\/?p=4020\"},\"wordCount\":849,\"commentCount\":0,\"image\":{\"@id\":\"https:\\\/\\\/quehacerpolitico.mx\\\/?p=4020#primaryimage\"},\"thumbnailUrl\":\"\",\"articleSection\":[\"CDMX\"],\"inLanguage\":\"es\",\"potentialAction\":[{\"@type\":\"CommentAction\",\"name\":\"Comment\",\"target\":[\"https:\\\/\\\/quehacerpolitico.mx\\\/?p=4020#respond\"]}]},{\"@type\":\"WebPage\",\"@id\":\"https:\\\/\\\/quehacerpolitico.mx\\\/?p=4020\",\"url\":\"https:\\\/\\\/quehacerpolitico.mx\\\/?p=4020\",\"name\":\"La UNAM suspende a su coordinador de vigilancia por posibles v\u00ednculos con porros y golpeadores -\",\"isPartOf\":{\"@id\":\"https:\\\/\\\/quehacerpolitico.mx\\\/#website\"},\"primaryImageOfPage\":{\"@id\":\"https:\\\/\\\/quehacerpolitico.mx\\\/?p=4020#primaryimage\"},\"image\":{\"@id\":\"https:\\\/\\\/quehacerpolitico.mx\\\/?p=4020#primaryimage\"},\"thumbnailUrl\":\"\",\"datePublished\":\"2018-09-06T23:05:02+00:00\",\"author\":{\"@id\":\"https:\\\/\\\/quehacerpolitico.mx\\\/#\\\/schema\\\/person\\\/496d8ad2d1d3f8036101dca7ee39e585\"},\"breadcrumb\":{\"@id\":\"https:\\\/\\\/quehacerpolitico.mx\\\/?p=4020#breadcrumb\"},\"inLanguage\":\"es\",\"potentialAction\":[{\"@type\":\"ReadAction\",\"target\":[\"https:\\\/\\\/quehacerpolitico.mx\\\/?p=4020\"]}]},{\"@type\":\"ImageObject\",\"inLanguage\":\"es\",\"@id\":\"https:\\\/\\\/quehacerpolitico.mx\\\/?p=4020#primaryimage\",\"url\":\"\",\"contentUrl\":\"\"},{\"@type\":\"BreadcrumbList\",\"@id\":\"https:\\\/\\\/quehacerpolitico.mx\\\/?p=4020#breadcrumb\",\"itemListElement\":[{\"@type\":\"ListItem\",\"position\":1,\"name\":\"Inicio\",\"item\":\"https:\\\/\\\/quehacerpolitico.mx\\\/\"},{\"@type\":\"ListItem\",\"position\":2,\"name\":\"La UNAM suspende a su coordinador de vigilancia por posibles v\u00ednculos con porros y golpeadores\"}]},{\"@type\":\"WebSite\",\"@id\":\"https:\\\/\\\/quehacerpolitico.mx\\\/#website\",\"url\":\"https:\\\/\\\/quehacerpolitico.mx\\\/\",\"name\":\"\",\"description\":\"\",\"potentialAction\":[{\"@type\":\"SearchAction\",\"target\":{\"@type\":\"EntryPoint\",\"urlTemplate\":\"https:\\\/\\\/quehacerpolitico.mx\\\/?s={search_term_string}\"},\"query-input\":{\"@type\":\"PropertyValueSpecification\",\"valueRequired\":true,\"valueName\":\"search_term_string\"}}],\"inLanguage\":\"es\"},{\"@type\":\"Person\",\"@id\":\"https:\\\/\\\/quehacerpolitico.mx\\\/#\\\/schema\\\/person\\\/496d8ad2d1d3f8036101dca7ee39e585\",\"name\":\"Redacci\u00f3n QP\",\"image\":{\"@type\":\"ImageObject\",\"inLanguage\":\"es\",\"@id\":\"https:\\\/\\\/secure.gravatar.com\\\/avatar\\\/c7164ed6fdec453195284ad24a5ae5b6e1eed2b848477fa2a4787ba9adf39a41?s=96&d=mm&r=g\",\"url\":\"https:\\\/\\\/secure.gravatar.com\\\/avatar\\\/c7164ed6fdec453195284ad24a5ae5b6e1eed2b848477fa2a4787ba9adf39a41?s=96&d=mm&r=g\",\"contentUrl\":\"https:\\\/\\\/secure.gravatar.com\\\/avatar\\\/c7164ed6fdec453195284ad24a5ae5b6e1eed2b848477fa2a4787ba9adf39a41?s=96&d=mm&r=g\",\"caption\":\"Redacci\u00f3n QP\"},\"url\":\"https:\\\/\\\/quehacerpolitico.mx\\\/?author=2\"}]}<\/script>\n<!-- \/ Yoast SEO plugin. -->","yoast_head_json":{"title":"La UNAM suspende a su coordinador de vigilancia por posibles v\u00ednculos con porros y golpeadores -","robots":{"index":"index","follow":"follow","max-snippet":"max-snippet:-1","max-image-preview":"max-image-preview:large","max-video-preview":"max-video-preview:-1"},"canonical":"https:\/\/quehacerpolitico.mx\/?p=4020","og_locale":"es_MX","og_type":"article","og_title":"La UNAM suspende a su coordinador de vigilancia por posibles v\u00ednculos con porros y golpeadores -","og_description":"La UNAM suspende a su coordinador de vigilancia por posibles v\u00ednculos con porros y golpeadores Por Redacci\u00f3n QP","og_url":"https:\/\/quehacerpolitico.mx\/?p=4020","article_published_time":"2018-09-06T23:05:02+00:00","author":"Redacci\u00f3n QP","twitter_card":"summary_large_image","twitter_misc":{"Escrito por":"Redacci\u00f3n QP","Tiempo de lectura":"4 minutos"},"schema":{"@context":"https:\/\/schema.org","@graph":[{"@type":"Article","@id":"https:\/\/quehacerpolitico.mx\/?p=4020#article","isPartOf":{"@id":"https:\/\/quehacerpolitico.mx\/?p=4020"},"author":{"name":"Redacci\u00f3n QP","@id":"https:\/\/quehacerpolitico.mx\/#\/schema\/person\/496d8ad2d1d3f8036101dca7ee39e585"},"headline":"La UNAM suspende a su coordinador de vigilancia por posibles v\u00ednculos con porros y golpeadores","datePublished":"2018-09-06T23:05:02+00:00","mainEntityOfPage":{"@id":"https:\/\/quehacerpolitico.mx\/?p=4020"},"wordCount":849,"commentCount":0,"image":{"@id":"https:\/\/quehacerpolitico.mx\/?p=4020#primaryimage"},"thumbnailUrl":"","articleSection":["CDMX"],"inLanguage":"es","potentialAction":[{"@type":"CommentAction","name":"Comment","target":["https:\/\/quehacerpolitico.mx\/?p=4020#respond"]}]},{"@type":"WebPage","@id":"https:\/\/quehacerpolitico.mx\/?p=4020","url":"https:\/\/quehacerpolitico.mx\/?p=4020","name":"La UNAM suspende a su coordinador de vigilancia por posibles v\u00ednculos con porros y golpeadores -","isPartOf":{"@id":"https:\/\/quehacerpolitico.mx\/#website"},"primaryImageOfPage":{"@id":"https:\/\/quehacerpolitico.mx\/?p=4020#primaryimage"},"image":{"@id":"https:\/\/quehacerpolitico.mx\/?p=4020#primaryimage"},"thumbnailUrl":"","datePublished":"2018-09-06T23:05:02+00:00","author":{"@id":"https:\/\/quehacerpolitico.mx\/#\/schema\/person\/496d8ad2d1d3f8036101dca7ee39e585"},"breadcrumb":{"@id":"https:\/\/quehacerpolitico.mx\/?p=4020#breadcrumb"},"inLanguage":"es","potentialAction":[{"@type":"ReadAction","target":["https:\/\/quehacerpolitico.mx\/?p=4020"]}]},{"@type":"ImageObject","inLanguage":"es","@id":"https:\/\/quehacerpolitico.mx\/?p=4020#primaryimage","url":"","contentUrl":""},{"@type":"BreadcrumbList","@id":"https:\/\/quehacerpolitico.mx\/?p=4020#breadcrumb","itemListElement":[{"@type":"ListItem","position":1,"name":"Inicio","item":"https:\/\/quehacerpolitico.mx\/"},{"@type":"ListItem","position":2,"name":"La UNAM suspende a su coordinador de vigilancia por posibles v\u00ednculos con porros y golpeadores"}]},{"@type":"WebSite","@id":"https:\/\/quehacerpolitico.mx\/#website","url":"https:\/\/quehacerpolitico.mx\/","name":"","description":"","potentialAction":[{"@type":"SearchAction","target":{"@type":"EntryPoint","urlTemplate":"https:\/\/quehacerpolitico.mx\/?s={search_term_string}"},"query-input":{"@type":"PropertyValueSpecification","valueRequired":true,"valueName":"search_term_string"}}],"inLanguage":"es"},{"@type":"Person","@id":"https:\/\/quehacerpolitico.mx\/#\/schema\/person\/496d8ad2d1d3f8036101dca7ee39e585","name":"Redacci\u00f3n QP","image":{"@type":"ImageObject","inLanguage":"es","@id":"https:\/\/secure.gravatar.com\/avatar\/c7164ed6fdec453195284ad24a5ae5b6e1eed2b848477fa2a4787ba9adf39a41?s=96&d=mm&r=g","url":"https:\/\/secure.gravatar.com\/avatar\/c7164ed6fdec453195284ad24a5ae5b6e1eed2b848477fa2a4787ba9adf39a41?s=96&d=mm&r=g","contentUrl":"https:\/\/secure.gravatar.com\/avatar\/c7164ed6fdec453195284ad24a5ae5b6e1eed2b848477fa2a4787ba9adf39a41?s=96&d=mm&r=g","caption":"Redacci\u00f3n QP"},"url":"https:\/\/quehacerpolitico.mx\/?author=2"}]}},"featured_image_urls":{"full":"","thumbnail":"","medium":"","medium_large":"","large":"","1536x1536":"","2048x2048":"","covernews-featured":"","covernews-medium":""},"author_info":{"display_name":"Redacci\u00f3n QP","author_link":"https:\/\/quehacerpolitico.mx\/?author=2"},"category_info":"<a href=\"https:\/\/quehacerpolitico.mx\/?cat=55\" rel=\"category\">CDMX<\/a>","tag_info":"CDMX","comment_count":"0","_links":{"self":[{"href":"https:\/\/quehacerpolitico.mx\/index.php?rest_route=\/wp\/v2\/posts\/4020","targetHints":{"allow":["GET"]}}],"collection":[{"href":"https:\/\/quehacerpolitico.mx\/index.php?rest_route=\/wp\/v2\/posts"}],"about":[{"href":"https:\/\/quehacerpolitico.mx\/index.php?rest_route=\/wp\/v2\/types\/post"}],"author":[{"embeddable":true,"href":"https:\/\/quehacerpolitico.mx\/index.php?rest_route=\/wp\/v2\/users\/2"}],"replies":[{"embeddable":true,"href":"https:\/\/quehacerpolitico.mx\/index.php?rest_route=%2Fwp%2Fv2%2Fcomments&post=4020"}],"version-history":[{"count":0,"href":"https:\/\/quehacerpolitico.mx\/index.php?rest_route=\/wp\/v2\/posts\/4020\/revisions"}],"wp:featuredmedia":[{"embeddable":true,"href":"https:\/\/quehacerpolitico.mx\/index.php?rest_route=\/"}],"wp:attachment":[{"href":"https:\/\/quehacerpolitico.mx\/index.php?rest_route=%2Fwp%2Fv2%2Fmedia&parent=4020"}],"wp:term":[{"taxonomy":"category","embeddable":true,"href":"https:\/\/quehacerpolitico.mx\/index.php?rest_route=%2Fwp%2Fv2%2Fcategories&post=4020"},{"taxonomy":"post_tag","embeddable":true,"href":"https:\/\/quehacerpolitico.mx\/index.php?rest_route=%2Fwp%2Fv2%2Ftags&post=4020"}],"curies":[{"name":"wp","href":"https:\/\/api.w.org\/{rel}","templated":true}]}}