{"id":40177,"date":"2019-10-03T14:03:04","date_gmt":"2019-10-03T14:03:04","guid":{"rendered":"http:\/\/quehacerpolitico.mx\/movilizaciones-en-la-cdmx-hoy-ponte-atento\/"},"modified":"2019-10-03T14:03:04","modified_gmt":"2019-10-03T14:03:04","slug":"movilizaciones-en-la-cdmx-hoy-ponte-atento","status":"publish","type":"post","link":"https:\/\/quehacerpolitico.mx\/?p=40177","title":{"rendered":"Movilizaciones en la CDMX hoy ponte atento!"},"content":{"rendered":"<p>Movilizaciones en la CDMX hoy ponte atento!<br \/>Por Redacci\u00f3n QP<\/p>\n<p>Para evitar contratiempos, autoridades aconsejan evitar las zonas de concentraci\u00f3n<\/p>\n<p>Para este jueves autoridades capitalinas prev\u00e9n al menos cuatro <strong>movilizaciones<\/strong>sociales en calles y avenidas de la alcald\u00eda <strong>Cuauht\u00e9moc<\/strong>, por lo que sugieren a la poblaci\u00f3n tomar previsiones a fin de evitar contratiempos en su desplazamiento.<\/p>\n<blockquote class=\"twitter-tweet\" data-width=\"550\" data-dnt=\"true\">\n<p lang=\"es\" dir=\"ltr\">08:57 <a href=\"https:\/\/twitter.com\/hashtag\/Precauci%C3%B3nVial?src=hash&amp;ref_src=twsrc%5Etfw\">#Precauci\u00f3nVial<\/a> manifestantes de Parque de la Mexicanidad realizan circuito en <a href=\"https:\/\/twitter.com\/hashtag\/PlazaDeLaConstituci%C3%B3n?src=hash&amp;ref_src=twsrc%5Etfw\">#PlazaDeLaConstituci\u00f3n<\/a>. Aqu\u00ed <a href=\"https:\/\/twitter.com\/hashtag\/AlternativaVial?src=hash&amp;ref_src=twsrc%5Etfw\">#AlternativaVial<\/a> <a href=\"https:\/\/twitter.com\/mirimore?ref_src=twsrc%5Etfw\">@mirimore<\/a>  <a href=\"https:\/\/twitter.com\/lomurguia?ref_src=twsrc%5Etfw\">@lomurguia<\/a>  <a href=\"https:\/\/twitter.com\/jonpardinas?ref_src=twsrc%5Etfw\">@jonpardinas<\/a> <a href=\"https:\/\/t.co\/K7abBf8Ybc\">pic.twitter.com\/K7abBf8Ybc<\/a><\/p>\n<p>&mdash; OVIAL_SSCCDMX (@OVIALCDMX) <a href=\"https:\/\/twitter.com\/OVIALCDMX\/status\/1179757808679448576?ref_src=twsrc%5Etfw\">October 3, 2019<\/a><\/p><\/blockquote>\n<p><script async src=\"https:\/\/platform.twitter.com\/widgets.js\" charset=\"utf-8\"><\/script><\/p>\n<p>El <strong>Centro de Comando, Control, C\u00f3mputo, Comunicaciones y Contacto Ciudadano<\/strong>report\u00f3 la presencia de <strong>Integrantes del Sindicato Mexicano de Electricistas<\/strong> (<strong>SME<\/strong>) en <strong>Palacio Nacional<\/strong>, donde iniciar\u00e1n una huelga de hambre para exigir una entrevista con el presidente <strong>Andr\u00e9s Manuel L\u00f3pez Obrador<\/strong>, a fin de que se d\u00e9 soluci\u00f3n a sus demandas de jubilaci\u00f3n y liquidaci\u00f3n conforme a la ley.<\/p>\n<blockquote class=\"twitter-tweet\" data-width=\"550\" data-dnt=\"true\">\n<p lang=\"es\" dir=\"ltr\">08:36 <a href=\"https:\/\/twitter.com\/hashtag\/Precauci%C3%B3nVial?src=hash&amp;ref_src=twsrc%5Etfw\">#Precauci\u00f3nVial<\/a> afectada la circulaci\u00f3n por manifestantes en calle Gral. M. M. <a href=\"https:\/\/twitter.com\/hashtag\/Plata?src=hash&amp;ref_src=twsrc%5Etfw\">#Plata<\/a> y Av. Observatorio, col. Observatorio, alcald\u00eda Miguel Hidalgo. <a href=\"https:\/\/twitter.com\/hashtag\/AlternativaVial?src=hash&amp;ref_src=twsrc%5Etfw\">#AlternativaVial<\/a> Barranquilla.<a href=\"https:\/\/twitter.com\/NoticiasImagen?ref_src=twsrc%5Etfw\">@NoticiasImagen<\/a>  <a href=\"https:\/\/twitter.com\/sandrasalazaran?ref_src=twsrc%5Etfw\">@sandrasalazaran<\/a>  <a href=\"https:\/\/twitter.com\/carlos_torres?ref_src=twsrc%5Etfw\">@Carlos_Torres<\/a> <a href=\"https:\/\/t.co\/rHltLaN9A4\">pic.twitter.com\/rHltLaN9A4<\/a><\/p>\n<p>&mdash; OVIAL_SSCCDMX (@OVIALCDMX) <a href=\"https:\/\/twitter.com\/OVIALCDMX\/status\/1179752473310875649?ref_src=twsrc%5Etfw\">October 3, 2019<\/a><\/p><\/blockquote>\n<p><script async src=\"https:\/\/platform.twitter.com\/widgets.js\" charset=\"utf-8\"><\/script><\/p>\n<p>En su cuenta @C5_CDMX en Twitter agreg\u00f3 que a las 08:00 horas la <strong>Uni\u00f3n Ciudadana Democr\u00e1tica<\/strong> marchar\u00e1 del <strong>Parque de la Mexicanidad<\/strong>, en avenida <strong>Jos\u00e9 Mar\u00eda Pino Su\u00e1rez<\/strong>, <strong>Centro Hist\u00f3rico<\/strong>, con destino al <strong>Senado<\/strong> de la <strong>Rep\u00fablica<\/strong>, en <strong>Reforma<\/strong>, para entregar un pliego petitorio en el que exigen atenci\u00f3n a sus demandas de vivienda y reinstalaci\u00f3n de trabajadores de gobierno.<\/p>\n<blockquote class=\"twitter-tweet\" data-width=\"550\" data-dnt=\"true\">\n<p lang=\"es\" dir=\"ltr\">\u00a1Buenos d\u00edas! Para hoy jueves 03 de octubre se esperan las siguientes movilizaciones \ud83d\udea8\ud83d\udea7 en la Ciudad de M\u00e9xico: <a href=\"https:\/\/twitter.com\/hashtag\/MovilidadCDMX?src=hash&amp;ref_src=twsrc%5Etfw\">#MovilidadCDMX<\/a> <a href=\"https:\/\/twitter.com\/hashtag\/C5?src=hash&amp;ref_src=twsrc%5Etfw\">#C5<\/a> <a href=\"https:\/\/t.co\/V832G7QOmU\">pic.twitter.com\/V832G7QOmU<\/a><\/p>\n<p>&mdash; C5 CDMX (@C5_CDMX) <a href=\"https:\/\/twitter.com\/C5_CDMX\/status\/1179730378841608193?ref_src=twsrc%5Etfw\">October 3, 2019<\/a><\/p><\/blockquote>\n<p><script async src=\"https:\/\/platform.twitter.com\/widgets.js\" charset=\"utf-8\"><\/script><\/p>\n<p>Adem\u00e1s, a 10:00 horas la Alianza de Trabajadores de la extinta Ruta 100 se concentrar\u00e1 en el Tribunal Superior de Justicia capitalino, en avenida Nin?os H\u00e9roes, colonia Doctores, para solicitar avances en la demanda de pago del 30 por ciento de un fidecomiso.<\/p>\n<blockquote class=\"twitter-tweet\" data-width=\"550\" data-dnt=\"true\">\n<p lang=\"es\" dir=\"ltr\">08:18 <a href=\"https:\/\/twitter.com\/hashtag\/Precauci%C3%B3nVial?src=hash&amp;ref_src=twsrc%5Etfw\">#Precauci\u00f3nVial<\/a> contin\u00faa bloqueo en Av. <a href=\"https:\/\/twitter.com\/hashtag\/Chapultepec?src=hash&amp;ref_src=twsrc%5Etfw\">#Chapultepec<\/a> a la altura de Dinamarca al Poniente. Aqu\u00ed <a href=\"https:\/\/twitter.com\/hashtag\/AlternativaVial?src=hash&amp;ref_src=twsrc%5Etfw\">#AlternativaVial<\/a> <a href=\"https:\/\/twitter.com\/memosegura11?ref_src=twsrc%5Etfw\">@memosegura11<\/a>  <a href=\"https:\/\/twitter.com\/ERIKCAMACHOTV?ref_src=twsrc%5Etfw\">@ERIKCAMACHOTV<\/a>  <a href=\"https:\/\/twitter.com\/campossuarez?ref_src=twsrc%5Etfw\">@campossuarez<\/a> <a href=\"https:\/\/t.co\/ldB2p3yoh3\">pic.twitter.com\/ldB2p3yoh3<\/a><\/p>\n<p>&mdash; OVIAL_SSCCDMX (@OVIALCDMX) <a href=\"https:\/\/twitter.com\/OVIALCDMX\/status\/1179748013025030144?ref_src=twsrc%5Etfw\">October 3, 2019<\/a><\/p><\/blockquote>\n<p><script async src=\"https:\/\/platform.twitter.com\/widgets.js\" charset=\"utf-8\"><\/script><\/p>\n<p>A la misma hora, trabajadores del SME y de la Uni\u00f3n Nacional de T\u00e9cnicos Profesionistas Petroleros se manifestar\u00e1n en Avenida de los Insurgentes Norte, colonia Tabacalera.<\/p>\n<p>Con informaci\u00f3n de NTX\u00a0<\/p>\n","protected":false},"excerpt":{"rendered":"<p>Movilizaciones en la CDMX hoy ponte atento!<br \/>\nPor Redacci\u00f3n QP<\/p>\n","protected":false},"author":2,"featured_media":40176,"comment_status":"open","ping_status":"open","sticky":false,"template":"","format":"standard","meta":{"_monsterinsights_skip_tracking":false,"_monsterinsights_sitenote_active":false,"_monsterinsights_sitenote_note":"","_monsterinsights_sitenote_category":0,"footnotes":""},"categories":[55],"tags":[],"class_list":["post-40177","post","type-post","status-publish","format-standard","has-post-thumbnail","hentry","category-cdmx"],"yoast_head":"<!-- This site is optimized with the Yoast SEO plugin v27.3 - https:\/\/yoast.com\/product\/yoast-seo-wordpress\/ -->\n<title>Movilizaciones en la CDMX hoy ponte atento! -<\/title>\n<meta name=\"robots\" content=\"index, follow, max-snippet:-1, max-image-preview:large, max-video-preview:-1\" \/>\n<link rel=\"canonical\" href=\"https:\/\/quehacerpolitico.mx\/?p=40177\" \/>\n<meta property=\"og:locale\" content=\"es_MX\" \/>\n<meta property=\"og:type\" content=\"article\" \/>\n<meta property=\"og:title\" content=\"Movilizaciones en la CDMX hoy ponte atento! -\" \/>\n<meta property=\"og:description\" content=\"Movilizaciones en la CDMX hoy ponte atento! Por Redacci\u00f3n QP\" \/>\n<meta property=\"og:url\" content=\"https:\/\/quehacerpolitico.mx\/?p=40177\" \/>\n<meta property=\"article:published_time\" content=\"2019-10-03T14:03:04+00:00\" \/>\n<meta name=\"author\" content=\"Redacci\u00f3n QP\" \/>\n<meta name=\"twitter:card\" content=\"summary_large_image\" \/>\n<meta name=\"twitter:label1\" content=\"Escrito por\" \/>\n\t<meta name=\"twitter:data1\" content=\"Redacci\u00f3n QP\" \/>\n\t<meta name=\"twitter:label2\" content=\"Tiempo de lectura\" \/>\n\t<meta name=\"twitter:data2\" content=\"1 minuto\" \/>\n<script type=\"application\/ld+json\" class=\"yoast-schema-graph\">{\"@context\":\"https:\\\/\\\/schema.org\",\"@graph\":[{\"@type\":\"Article\",\"@id\":\"https:\\\/\\\/quehacerpolitico.mx\\\/?p=40177#article\",\"isPartOf\":{\"@id\":\"https:\\\/\\\/quehacerpolitico.mx\\\/?p=40177\"},\"author\":{\"name\":\"Redacci\u00f3n QP\",\"@id\":\"https:\\\/\\\/quehacerpolitico.mx\\\/#\\\/schema\\\/person\\\/496d8ad2d1d3f8036101dca7ee39e585\"},\"headline\":\"Movilizaciones en la CDMX hoy ponte atento!\",\"datePublished\":\"2019-10-03T14:03:04+00:00\",\"mainEntityOfPage\":{\"@id\":\"https:\\\/\\\/quehacerpolitico.mx\\\/?p=40177\"},\"wordCount\":303,\"commentCount\":0,\"image\":{\"@id\":\"https:\\\/\\\/quehacerpolitico.mx\\\/?p=40177#primaryimage\"},\"thumbnailUrl\":\"\",\"articleSection\":[\"CDMX\"],\"inLanguage\":\"es\",\"potentialAction\":[{\"@type\":\"CommentAction\",\"name\":\"Comment\",\"target\":[\"https:\\\/\\\/quehacerpolitico.mx\\\/?p=40177#respond\"]}]},{\"@type\":\"WebPage\",\"@id\":\"https:\\\/\\\/quehacerpolitico.mx\\\/?p=40177\",\"url\":\"https:\\\/\\\/quehacerpolitico.mx\\\/?p=40177\",\"name\":\"Movilizaciones en la CDMX hoy ponte atento! -\",\"isPartOf\":{\"@id\":\"https:\\\/\\\/quehacerpolitico.mx\\\/#website\"},\"primaryImageOfPage\":{\"@id\":\"https:\\\/\\\/quehacerpolitico.mx\\\/?p=40177#primaryimage\"},\"image\":{\"@id\":\"https:\\\/\\\/quehacerpolitico.mx\\\/?p=40177#primaryimage\"},\"thumbnailUrl\":\"\",\"datePublished\":\"2019-10-03T14:03:04+00:00\",\"author\":{\"@id\":\"https:\\\/\\\/quehacerpolitico.mx\\\/#\\\/schema\\\/person\\\/496d8ad2d1d3f8036101dca7ee39e585\"},\"breadcrumb\":{\"@id\":\"https:\\\/\\\/quehacerpolitico.mx\\\/?p=40177#breadcrumb\"},\"inLanguage\":\"es\",\"potentialAction\":[{\"@type\":\"ReadAction\",\"target\":[\"https:\\\/\\\/quehacerpolitico.mx\\\/?p=40177\"]}]},{\"@type\":\"ImageObject\",\"inLanguage\":\"es\",\"@id\":\"https:\\\/\\\/quehacerpolitico.mx\\\/?p=40177#primaryimage\",\"url\":\"\",\"contentUrl\":\"\"},{\"@type\":\"BreadcrumbList\",\"@id\":\"https:\\\/\\\/quehacerpolitico.mx\\\/?p=40177#breadcrumb\",\"itemListElement\":[{\"@type\":\"ListItem\",\"position\":1,\"name\":\"Inicio\",\"item\":\"https:\\\/\\\/quehacerpolitico.mx\\\/\"},{\"@type\":\"ListItem\",\"position\":2,\"name\":\"Movilizaciones en la CDMX hoy ponte atento!\"}]},{\"@type\":\"WebSite\",\"@id\":\"https:\\\/\\\/quehacerpolitico.mx\\\/#website\",\"url\":\"https:\\\/\\\/quehacerpolitico.mx\\\/\",\"name\":\"\",\"description\":\"\",\"potentialAction\":[{\"@type\":\"SearchAction\",\"target\":{\"@type\":\"EntryPoint\",\"urlTemplate\":\"https:\\\/\\\/quehacerpolitico.mx\\\/?s={search_term_string}\"},\"query-input\":{\"@type\":\"PropertyValueSpecification\",\"valueRequired\":true,\"valueName\":\"search_term_string\"}}],\"inLanguage\":\"es\"},{\"@type\":\"Person\",\"@id\":\"https:\\\/\\\/quehacerpolitico.mx\\\/#\\\/schema\\\/person\\\/496d8ad2d1d3f8036101dca7ee39e585\",\"name\":\"Redacci\u00f3n QP\",\"image\":{\"@type\":\"ImageObject\",\"inLanguage\":\"es\",\"@id\":\"https:\\\/\\\/secure.gravatar.com\\\/avatar\\\/c7164ed6fdec453195284ad24a5ae5b6e1eed2b848477fa2a4787ba9adf39a41?s=96&d=mm&r=g\",\"url\":\"https:\\\/\\\/secure.gravatar.com\\\/avatar\\\/c7164ed6fdec453195284ad24a5ae5b6e1eed2b848477fa2a4787ba9adf39a41?s=96&d=mm&r=g\",\"contentUrl\":\"https:\\\/\\\/secure.gravatar.com\\\/avatar\\\/c7164ed6fdec453195284ad24a5ae5b6e1eed2b848477fa2a4787ba9adf39a41?s=96&d=mm&r=g\",\"caption\":\"Redacci\u00f3n QP\"},\"url\":\"https:\\\/\\\/quehacerpolitico.mx\\\/?author=2\"}]}<\/script>\n<!-- \/ Yoast SEO plugin. -->","yoast_head_json":{"title":"Movilizaciones en la CDMX hoy ponte atento! -","robots":{"index":"index","follow":"follow","max-snippet":"max-snippet:-1","max-image-preview":"max-image-preview:large","max-video-preview":"max-video-preview:-1"},"canonical":"https:\/\/quehacerpolitico.mx\/?p=40177","og_locale":"es_MX","og_type":"article","og_title":"Movilizaciones en la CDMX hoy ponte atento! -","og_description":"Movilizaciones en la CDMX hoy ponte atento! Por Redacci\u00f3n QP","og_url":"https:\/\/quehacerpolitico.mx\/?p=40177","article_published_time":"2019-10-03T14:03:04+00:00","author":"Redacci\u00f3n QP","twitter_card":"summary_large_image","twitter_misc":{"Escrito por":"Redacci\u00f3n QP","Tiempo de lectura":"1 minuto"},"schema":{"@context":"https:\/\/schema.org","@graph":[{"@type":"Article","@id":"https:\/\/quehacerpolitico.mx\/?p=40177#article","isPartOf":{"@id":"https:\/\/quehacerpolitico.mx\/?p=40177"},"author":{"name":"Redacci\u00f3n QP","@id":"https:\/\/quehacerpolitico.mx\/#\/schema\/person\/496d8ad2d1d3f8036101dca7ee39e585"},"headline":"Movilizaciones en la CDMX hoy ponte atento!","datePublished":"2019-10-03T14:03:04+00:00","mainEntityOfPage":{"@id":"https:\/\/quehacerpolitico.mx\/?p=40177"},"wordCount":303,"commentCount":0,"image":{"@id":"https:\/\/quehacerpolitico.mx\/?p=40177#primaryimage"},"thumbnailUrl":"","articleSection":["CDMX"],"inLanguage":"es","potentialAction":[{"@type":"CommentAction","name":"Comment","target":["https:\/\/quehacerpolitico.mx\/?p=40177#respond"]}]},{"@type":"WebPage","@id":"https:\/\/quehacerpolitico.mx\/?p=40177","url":"https:\/\/quehacerpolitico.mx\/?p=40177","name":"Movilizaciones en la CDMX hoy ponte atento! -","isPartOf":{"@id":"https:\/\/quehacerpolitico.mx\/#website"},"primaryImageOfPage":{"@id":"https:\/\/quehacerpolitico.mx\/?p=40177#primaryimage"},"image":{"@id":"https:\/\/quehacerpolitico.mx\/?p=40177#primaryimage"},"thumbnailUrl":"","datePublished":"2019-10-03T14:03:04+00:00","author":{"@id":"https:\/\/quehacerpolitico.mx\/#\/schema\/person\/496d8ad2d1d3f8036101dca7ee39e585"},"breadcrumb":{"@id":"https:\/\/quehacerpolitico.mx\/?p=40177#breadcrumb"},"inLanguage":"es","potentialAction":[{"@type":"ReadAction","target":["https:\/\/quehacerpolitico.mx\/?p=40177"]}]},{"@type":"ImageObject","inLanguage":"es","@id":"https:\/\/quehacerpolitico.mx\/?p=40177#primaryimage","url":"","contentUrl":""},{"@type":"BreadcrumbList","@id":"https:\/\/quehacerpolitico.mx\/?p=40177#breadcrumb","itemListElement":[{"@type":"ListItem","position":1,"name":"Inicio","item":"https:\/\/quehacerpolitico.mx\/"},{"@type":"ListItem","position":2,"name":"Movilizaciones en la CDMX hoy ponte atento!"}]},{"@type":"WebSite","@id":"https:\/\/quehacerpolitico.mx\/#website","url":"https:\/\/quehacerpolitico.mx\/","name":"","description":"","potentialAction":[{"@type":"SearchAction","target":{"@type":"EntryPoint","urlTemplate":"https:\/\/quehacerpolitico.mx\/?s={search_term_string}"},"query-input":{"@type":"PropertyValueSpecification","valueRequired":true,"valueName":"search_term_string"}}],"inLanguage":"es"},{"@type":"Person","@id":"https:\/\/quehacerpolitico.mx\/#\/schema\/person\/496d8ad2d1d3f8036101dca7ee39e585","name":"Redacci\u00f3n QP","image":{"@type":"ImageObject","inLanguage":"es","@id":"https:\/\/secure.gravatar.com\/avatar\/c7164ed6fdec453195284ad24a5ae5b6e1eed2b848477fa2a4787ba9adf39a41?s=96&d=mm&r=g","url":"https:\/\/secure.gravatar.com\/avatar\/c7164ed6fdec453195284ad24a5ae5b6e1eed2b848477fa2a4787ba9adf39a41?s=96&d=mm&r=g","contentUrl":"https:\/\/secure.gravatar.com\/avatar\/c7164ed6fdec453195284ad24a5ae5b6e1eed2b848477fa2a4787ba9adf39a41?s=96&d=mm&r=g","caption":"Redacci\u00f3n QP"},"url":"https:\/\/quehacerpolitico.mx\/?author=2"}]}},"featured_image_urls":{"full":"","thumbnail":"","medium":"","medium_large":"","large":"","1536x1536":"","2048x2048":"","covernews-featured":"","covernews-medium":""},"author_info":{"display_name":"Redacci\u00f3n QP","author_link":"https:\/\/quehacerpolitico.mx\/?author=2"},"category_info":"<a href=\"https:\/\/quehacerpolitico.mx\/?cat=55\" rel=\"category\">CDMX<\/a>","tag_info":"CDMX","comment_count":"0","_links":{"self":[{"href":"https:\/\/quehacerpolitico.mx\/index.php?rest_route=\/wp\/v2\/posts\/40177","targetHints":{"allow":["GET"]}}],"collection":[{"href":"https:\/\/quehacerpolitico.mx\/index.php?rest_route=\/wp\/v2\/posts"}],"about":[{"href":"https:\/\/quehacerpolitico.mx\/index.php?rest_route=\/wp\/v2\/types\/post"}],"author":[{"embeddable":true,"href":"https:\/\/quehacerpolitico.mx\/index.php?rest_route=\/wp\/v2\/users\/2"}],"replies":[{"embeddable":true,"href":"https:\/\/quehacerpolitico.mx\/index.php?rest_route=%2Fwp%2Fv2%2Fcomments&post=40177"}],"version-history":[{"count":0,"href":"https:\/\/quehacerpolitico.mx\/index.php?rest_route=\/wp\/v2\/posts\/40177\/revisions"}],"wp:featuredmedia":[{"embeddable":true,"href":"https:\/\/quehacerpolitico.mx\/index.php?rest_route=\/"}],"wp:attachment":[{"href":"https:\/\/quehacerpolitico.mx\/index.php?rest_route=%2Fwp%2Fv2%2Fmedia&parent=40177"}],"wp:term":[{"taxonomy":"category","embeddable":true,"href":"https:\/\/quehacerpolitico.mx\/index.php?rest_route=%2Fwp%2Fv2%2Fcategories&post=40177"},{"taxonomy":"post_tag","embeddable":true,"href":"https:\/\/quehacerpolitico.mx\/index.php?rest_route=%2Fwp%2Fv2%2Ftags&post=40177"}],"curies":[{"name":"wp","href":"https:\/\/api.w.org\/{rel}","templated":true}]}}