{"id":40174,"date":"2019-10-03T13:48:50","date_gmt":"2019-10-03T13:48:50","guid":{"rendered":"http:\/\/quehacerpolitico.mx\/marcha-del-2-de-octubre-termina-con-12-heridos-y-4-detenidos-cinturon-de-paz-no-sirvio\/"},"modified":"2019-10-03T13:48:50","modified_gmt":"2019-10-03T13:48:50","slug":"marcha-del-2-de-octubre-termina-con-12-heridos-y-4-detenidos-cinturon-de-paz-no-sirvio","status":"publish","type":"post","link":"https:\/\/quehacerpolitico.mx\/?p=40174","title":{"rendered":"Marcha del 2 de Octubre termina con 12 heridos y 4 detenidos, Cintur\u00f3n de Paz no sirvi\u00f3"},"content":{"rendered":"<p>Marcha del 2 de Octubre termina con 12 heridos y 4 detenidos, Cintur\u00f3n de Paz no sirvi\u00f3 <br \/>Por Redacci\u00f3n QP<\/p>\n<div class=\"mod-photogallery\" data-pagination=\".swiper-pagination\" data-id=\"article-photogallery\">\n<div class=\"swiper-container swiper-container-horizontal\">\n<div class=\"swiper-wrapper\">\n<figure class=\"swiper-slide swiper-image active swiper-slide-active\" data-index=\"0\">\n<div class=\"swiper-responsive\" data-openfullscreen=\"\"><img loading=\"lazy\" decoding=\"async\" title=\"SUN \/ D. S\u00e1nchez\" src=\"https:\/\/www.informador.mx\/__export\/1570070516871\/sites\/elinformador\/img\/2019\/10\/02\/eum20191002nac39_x31748880x_crop1570070515947.jpg_1970638775.jpg\" alt=\"SUN \/ D. S\u00e1nchez\" width=\"320\" height=\"320\" data-fullscreen=\"\/__export\/1570070516871\/sites\/elinformador\/img\/2019\/10\/02\/eum20191002nac39_x31748880x_crop1570070515947.jpg_1709026569.jpg\" \/><\/div><figcaption class=\"swiper-caption\">\n<p>SUN \/ D. S\u00e1nchez<\/p>\n<\/figcaption><\/figure>\n<figure class=\"swiper-slide swiper-image swiper-slide-next\" data-index=\"0\">\n<div class=\"swiper-responsive\" data-openfullscreen=\"\"><button class=\"swiper-fullscreen icon icon__fullscreen_outline\"><\/button><img loading=\"lazy\" decoding=\"async\" title=\"EFE \/ S. Guti\u00e9rrez\" src=\"https:\/\/www.informador.mx\/__export\/1570070565741\/sites\/elinformador\/img\/2019\/10\/02\/mxxico_conmemora_masacx31748855x_crop1570070564261.jpg_1970638775.jpg\" alt=\"EFE \/ S. Guti\u00e9rrez\" width=\"320\" height=\"320\" data-fullscreen=\"\/__export\/1570070565741\/sites\/elinformador\/img\/2019\/10\/02\/mxxico_conmemora_masacx31748855x_crop1570070564261.jpg_1709026569.jpg\" \/><\/div><figcaption class=\"swiper-caption\">\n<p>EFE \/ S. Guti\u00e9rrez<\/p>\n<\/figcaption><\/figure>\n<figure class=\"swiper-slide swiper-image\" data-index=\"0\">\n<div class=\"swiper-responsive\" data-openfullscreen=\"\"><button class=\"swiper-fullscreen icon icon__fullscreen_outline\"><\/button><img loading=\"lazy\" decoding=\"async\" title=\"EFE \/ S. Guti\u00e9rrez\" src=\"https:\/\/www.informador.mx\/__export\/1570070602561\/sites\/elinformador\/img\/2019\/10\/02\/mxxico_conmemora_masacx31748846x_crop1570070601053.jpg_1970638775.jpg\" alt=\"EFE \/ S. Guti\u00e9rrez\" width=\"320\" height=\"320\" data-fullscreen=\"\/__export\/1570070602561\/sites\/elinformador\/img\/2019\/10\/02\/mxxico_conmemora_masacx31748846x_crop1570070601053.jpg_1709026569.jpg\" \/><\/div><figcaption class=\"swiper-caption\">\n<p>EFE \/ S. Guti\u00e9rrez<\/p>\n<\/figcaption><\/figure>\n<figure class=\"swiper-slide swiper-image\" data-index=\"0\">\n<div class=\"swiper-responsive\" data-openfullscreen=\"\"><button class=\"swiper-fullscreen icon icon__fullscreen_outline\"><\/button><img loading=\"lazy\" decoding=\"async\" title=\"SUN \/ D. S\u00e1nchez\" src=\"https:\/\/www.informador.mx\/__export\/1570070675211\/sites\/elinformador\/img\/2019\/10\/02\/eum20191002nac50_x31748991x_crop1570070674038.jpg_1970638775.jpg\" alt=\"SUN \/ D. S\u00e1nchez\" width=\"320\" height=\"320\" data-fullscreen=\"\/__export\/1570070675211\/sites\/elinformador\/img\/2019\/10\/02\/eum20191002nac50_x31748991x_crop1570070674038.jpg_1709026569.jpg\" \/><\/div><figcaption class=\"swiper-caption\">\n<p>SUN \/ D. S\u00e1nchez<\/p>\n<\/figcaption><\/figure>\n<figure class=\"swiper-slide swiper-image\" data-index=\"0\">\n<div class=\"swiper-responsive\" data-openfullscreen=\"\"><button class=\"swiper-fullscreen icon icon__fullscreen_outline\"><\/button><img loading=\"lazy\" decoding=\"async\" title=\"SUN \/ D. S\u00e1nchez\" src=\"https:\/\/www.informador.mx\/__export\/1570070716061\/sites\/elinformador\/img\/2019\/10\/02\/eum20191002nac42_x31748882x_crop1570070713838.jpg_1970638775.jpg\" alt=\"SUN \/ D. S\u00e1nchez\" width=\"320\" height=\"320\" data-fullscreen=\"\/__export\/1570070716061\/sites\/elinformador\/img\/2019\/10\/02\/eum20191002nac42_x31748882x_crop1570070713838.jpg_1709026569.jpg\" \/><\/div><figcaption class=\"swiper-caption\">\n<p>SUN \/ D. S\u00e1nchez<\/p>\n<\/figcaption><\/figure>\n<\/div>\n<\/div>\n<\/div>\n<div class=\"news-body row\">\n<p>Datos preliminares de la marcha en conmemoraci\u00f3n de la Masacre del 2 de octubre de 1968 reportan 8 mil asistentes, por lo que <strong>el Cintur\u00f3n de Paz super\u00f3 el n\u00famero con 12 mil funcionarios del Gobierno de la Ciudad de M\u00e9xico.<\/strong><\/p>\n<p>Los primeros informes de las autoridades indican que hubo cerca de 12 lesionados y cuatro personas encapuchadas detenidas que realizaron desmanes durante la manifestaci\u00f3n y se les decomisaron armas de fuego, as\u00ed como una mochila con petardos.<\/p>\n<blockquote class=\"twitter-tweet\" data-width=\"550\" data-dnt=\"true\">\n<p lang=\"es\" dir=\"ltr\">Al parecer ni los rega\u00f1os del presidente <a href=\"https:\/\/twitter.com\/lopezobrador_?ref_src=twsrc%5Etfw\">@lopezobrador_<\/a> ni el cintur\u00f3n de paz de la jefa de Gobierno <a href=\"https:\/\/twitter.com\/Claudiashein?ref_src=twsrc%5Etfw\">@Claudiashein<\/a>  sirvieron esta tarde en la marcha del <a href=\"https:\/\/twitter.com\/hashtag\/2DeOctubre?src=hash&amp;ref_src=twsrc%5Etfw\">#2DeOctubre<\/a><a href=\"https:\/\/t.co\/Wf57fwm02S\">pic.twitter.com\/Wf57fwm02S<\/a><\/p>\n<p>&mdash; Ruido en la Red (@RuidoEnLaRed) <a href=\"https:\/\/twitter.com\/RuidoEnLaRed\/status\/1179622102825082883?ref_src=twsrc%5Etfw\">October 3, 2019<\/a><\/p><\/blockquote>\n<p><script async src=\"https:\/\/platform.twitter.com\/widgets.js\" charset=\"utf-8\"><\/script><\/p>\n<div class=\"teads_ad\">\n<div id=\"div-gpt-ad-1548262875188-0\" data-google-query-id=\"CJ2u1PeagOUCFZJRAQodgjELIg\">\n<div id=\"google_ads_iframe_\/1001694\/INF_intext_1_0__container__\">Durante el trayecto de la marcha por la calle 5 de Mayo, <strong>los cinturones de paz, conformados principalmente por personas adultas mayores y mujeres, tuvieron que replegarse<\/strong> y correr hacia calles aleda\u00f1as como Filomeno Mata e Isabel la Cat\u00f3lica.<\/div>\n<div>\n<p><strong>Ello, ante las agresiones de un centenar de j\u00f3venes y adultos embozados y vestidos de negro que lanzaron petardos, realizaron pintas y agredieron a periodistas y polic\u00edas.<\/strong><\/p>\n<blockquote class=\"twitter-tweet\" data-width=\"550\" data-dnt=\"true\">\n<p lang=\"es\" dir=\"ltr\">\ud83d\udcde \u00bfSe les oblig\u00f3 a los funcionarios ser parte del <a href=\"https:\/\/twitter.com\/hashtag\/Cintur%C3%B3nDePaz?src=hash&amp;ref_src=twsrc%5Etfw\">#Cintur\u00f3nDePaz<\/a> durante marcha <a href=\"https:\/\/twitter.com\/hashtag\/2DeOctubreNoSeOlvida?src=hash&amp;ref_src=twsrc%5Etfw\">#2DeOctubreNoSeOlvida<\/a>?<a href=\"https:\/\/twitter.com\/arturomedinap?ref_src=twsrc%5Etfw\">@arturomedinap<\/a>, subsecretario de Gobierno, explica que fue de manera LIBRE <a href=\"https:\/\/twitter.com\/hashtag\/TelediarioEnEl6?src=hash&amp;ref_src=twsrc%5Etfw\">#TelediarioEnEl6<\/a> con <a href=\"https:\/\/twitter.com\/liliana_sosa?ref_src=twsrc%5Etfw\">@liliana_sosa<\/a> | \ud83d\udc47 <a href=\"https:\/\/t.co\/VqUPqVgacF\">https:\/\/t.co\/VqUPqVgacF<\/a> <a href=\"https:\/\/t.co\/2tsK8tobYv\">pic.twitter.com\/2tsK8tobYv<\/a><\/p>\n<p>&mdash; @telediario (@telediario) <a href=\"https:\/\/twitter.com\/telediario\/status\/1179746318421393408?ref_src=twsrc%5Etfw\">October 3, 2019<\/a><\/p><\/blockquote>\n<p><script async src=\"https:\/\/platform.twitter.com\/widgets.js\" charset=\"utf-8\"><\/script><\/p>\n<p>Joaqu\u00edn Gonz\u00e1lez, trabajador de la Tesorer\u00eda capitalina y quien fue obligado a participar en este cintur\u00f3n de paz, fue agredido con pintura de aerosol en el rostro y en su vestimenta color blanco, por dos mujeres embozadas.<\/p>\n<blockquote class=\"twitter-tweet\" data-width=\"550\" data-dnt=\"true\">\n<p lang=\"es\" dir=\"ltr\">\ud83d\udcde \u201cEl <a href=\"https:\/\/twitter.com\/hashtag\/Cintur%C3%B3nDePaz?src=hash&amp;ref_src=twsrc%5Etfw\">#Cintur\u00f3nDePaz<\/a> no estaba para contener acciones de violencia directamente, ayud\u00f3 a que no se dieran los actos\u201d, explica <a href=\"https:\/\/twitter.com\/arturomedinap?ref_src=twsrc%5Etfw\">@arturomedinap<\/a>, subsecretario de Gobierno, sobre la marcha <a href=\"https:\/\/twitter.com\/hashtag\/2DeOctubreNoSeOlvida?src=hash&amp;ref_src=twsrc%5Etfw\">#2DeOctubreNoSeOlvida<\/a><a href=\"https:\/\/twitter.com\/hashtag\/TelediarioEnEl6?src=hash&amp;ref_src=twsrc%5Etfw\">#TelediarioEnEl6<\/a> con <a href=\"https:\/\/twitter.com\/anyalanis14?ref_src=twsrc%5Etfw\">@anyalanis14<\/a> | \ud83d\udc47 <a href=\"https:\/\/t.co\/VqUPqVgacF\">https:\/\/t.co\/VqUPqVgacF<\/a> <a href=\"https:\/\/t.co\/x0AF8EdaiN\">pic.twitter.com\/x0AF8EdaiN<\/a><\/p>\n<p>&mdash; @telediario (@telediario) <a href=\"https:\/\/twitter.com\/telediario\/status\/1179744310498975746?ref_src=twsrc%5Etfw\">October 3, 2019<\/a><\/p><\/blockquote>\n<p><script async src=\"https:\/\/platform.twitter.com\/widgets.js\" charset=\"utf-8\"><\/script><\/p>\n<p><strong>Temerosas, las personas de este grupo de &#8220;voluntarios de paz&#8221; corrieron detr\u00e1s de los polic\u00edas al ser agredidos con cohetones y pintura en aerosol.<\/strong><\/p>\n<p>Mientras tanto, en el Z\u00f3calo, donde se esperaba un lleno con miles de manifestantes de escuelas, universidades y sindicatos, no se logr\u00f3 abarcar toda la plancha ante el temor de m\u00e1s agresiones y actos vand\u00e1licos.<\/p>\n<p>En las estaciones Allende y Pino Su\u00e1rez del Metro, <strong>cientos de estudiantes de preparatoria y facultades de la Universidad Nacional Aut\u00f3noma de M\u00e9xico (UNAM), optaron por no llegar al Z\u00f3calo por miedo a ser agredidos.<\/strong><\/p>\n<p>&#8220;Es lo de todos los a\u00f1os, estos grupos de anarcos siempre se infiltran y provocan desmadre y violencia&#8221;, dijo Estela Jim\u00e9nez, estudiante del CCH Oriente, quien con otras 20 compa\u00f1eras decidieron dejar la marcha por temor a la violencia.<\/p>\n<p>Con informaci\u00f3n de SUN\/NTX<\/p>\n<\/div>\n<\/div>\n<\/div>\n<\/div>\n","protected":false},"excerpt":{"rendered":"<p>Marcha del 2 de Octubre termina con 12 heridos y 4 detenidos, Cintur\u00f3n de Paz no sirvi\u00f3<br \/>\nPor Redacci\u00f3n QP<\/p>\n","protected":false},"author":2,"featured_media":40173,"comment_status":"open","ping_status":"open","sticky":false,"template":"","format":"standard","meta":{"_monsterinsights_skip_tracking":false,"_monsterinsights_sitenote_active":false,"_monsterinsights_sitenote_note":"","_monsterinsights_sitenote_category":0,"footnotes":""},"categories":[55],"tags":[],"class_list":["post-40174","post","type-post","status-publish","format-standard","has-post-thumbnail","hentry","category-cdmx"],"yoast_head":"<!-- This site is optimized with the Yoast SEO plugin v27.3 - https:\/\/yoast.com\/product\/yoast-seo-wordpress\/ -->\n<title>Marcha del 2 de Octubre termina con 12 heridos y 4 detenidos, Cintur\u00f3n de Paz no sirvi\u00f3 -<\/title>\n<meta name=\"robots\" content=\"index, follow, max-snippet:-1, max-image-preview:large, max-video-preview:-1\" \/>\n<link rel=\"canonical\" href=\"https:\/\/quehacerpolitico.mx\/?p=40174\" \/>\n<meta property=\"og:locale\" content=\"es_MX\" \/>\n<meta property=\"og:type\" content=\"article\" \/>\n<meta property=\"og:title\" content=\"Marcha del 2 de Octubre termina con 12 heridos y 4 detenidos, Cintur\u00f3n de Paz no sirvi\u00f3 -\" \/>\n<meta property=\"og:description\" content=\"Marcha del 2 de Octubre termina con 12 heridos y 4 detenidos, Cintur\u00f3n de Paz no sirvi\u00f3 Por Redacci\u00f3n QP\" \/>\n<meta property=\"og:url\" content=\"https:\/\/quehacerpolitico.mx\/?p=40174\" \/>\n<meta property=\"article:published_time\" content=\"2019-10-03T13:48:50+00:00\" \/>\n<meta name=\"author\" content=\"Redacci\u00f3n QP\" \/>\n<meta name=\"twitter:card\" content=\"summary_large_image\" \/>\n<meta name=\"twitter:label1\" content=\"Escrito por\" \/>\n\t<meta name=\"twitter:data1\" content=\"Redacci\u00f3n QP\" \/>\n\t<meta name=\"twitter:label2\" content=\"Tiempo de lectura\" \/>\n\t<meta name=\"twitter:data2\" content=\"2 minutos\" \/>\n<script type=\"application\/ld+json\" class=\"yoast-schema-graph\">{\"@context\":\"https:\\\/\\\/schema.org\",\"@graph\":[{\"@type\":\"Article\",\"@id\":\"https:\\\/\\\/quehacerpolitico.mx\\\/?p=40174#article\",\"isPartOf\":{\"@id\":\"https:\\\/\\\/quehacerpolitico.mx\\\/?p=40174\"},\"author\":{\"name\":\"Redacci\u00f3n QP\",\"@id\":\"https:\\\/\\\/quehacerpolitico.mx\\\/#\\\/schema\\\/person\\\/496d8ad2d1d3f8036101dca7ee39e585\"},\"headline\":\"Marcha del 2 de Octubre termina con 12 heridos y 4 detenidos, Cintur\u00f3n de Paz no sirvi\u00f3\",\"datePublished\":\"2019-10-03T13:48:50+00:00\",\"mainEntityOfPage\":{\"@id\":\"https:\\\/\\\/quehacerpolitico.mx\\\/?p=40174\"},\"wordCount\":410,\"commentCount\":0,\"image\":{\"@id\":\"https:\\\/\\\/quehacerpolitico.mx\\\/?p=40174#primaryimage\"},\"thumbnailUrl\":\"\",\"articleSection\":[\"CDMX\"],\"inLanguage\":\"es\",\"potentialAction\":[{\"@type\":\"CommentAction\",\"name\":\"Comment\",\"target\":[\"https:\\\/\\\/quehacerpolitico.mx\\\/?p=40174#respond\"]}]},{\"@type\":\"WebPage\",\"@id\":\"https:\\\/\\\/quehacerpolitico.mx\\\/?p=40174\",\"url\":\"https:\\\/\\\/quehacerpolitico.mx\\\/?p=40174\",\"name\":\"Marcha del 2 de Octubre termina con 12 heridos y 4 detenidos, Cintur\u00f3n de Paz no sirvi\u00f3 -\",\"isPartOf\":{\"@id\":\"https:\\\/\\\/quehacerpolitico.mx\\\/#website\"},\"primaryImageOfPage\":{\"@id\":\"https:\\\/\\\/quehacerpolitico.mx\\\/?p=40174#primaryimage\"},\"image\":{\"@id\":\"https:\\\/\\\/quehacerpolitico.mx\\\/?p=40174#primaryimage\"},\"thumbnailUrl\":\"\",\"datePublished\":\"2019-10-03T13:48:50+00:00\",\"author\":{\"@id\":\"https:\\\/\\\/quehacerpolitico.mx\\\/#\\\/schema\\\/person\\\/496d8ad2d1d3f8036101dca7ee39e585\"},\"breadcrumb\":{\"@id\":\"https:\\\/\\\/quehacerpolitico.mx\\\/?p=40174#breadcrumb\"},\"inLanguage\":\"es\",\"potentialAction\":[{\"@type\":\"ReadAction\",\"target\":[\"https:\\\/\\\/quehacerpolitico.mx\\\/?p=40174\"]}]},{\"@type\":\"ImageObject\",\"inLanguage\":\"es\",\"@id\":\"https:\\\/\\\/quehacerpolitico.mx\\\/?p=40174#primaryimage\",\"url\":\"\",\"contentUrl\":\"\"},{\"@type\":\"BreadcrumbList\",\"@id\":\"https:\\\/\\\/quehacerpolitico.mx\\\/?p=40174#breadcrumb\",\"itemListElement\":[{\"@type\":\"ListItem\",\"position\":1,\"name\":\"Inicio\",\"item\":\"https:\\\/\\\/quehacerpolitico.mx\\\/\"},{\"@type\":\"ListItem\",\"position\":2,\"name\":\"Marcha del 2 de Octubre termina con 12 heridos y 4 detenidos, Cintur\u00f3n de Paz no sirvi\u00f3\"}]},{\"@type\":\"WebSite\",\"@id\":\"https:\\\/\\\/quehacerpolitico.mx\\\/#website\",\"url\":\"https:\\\/\\\/quehacerpolitico.mx\\\/\",\"name\":\"\",\"description\":\"\",\"potentialAction\":[{\"@type\":\"SearchAction\",\"target\":{\"@type\":\"EntryPoint\",\"urlTemplate\":\"https:\\\/\\\/quehacerpolitico.mx\\\/?s={search_term_string}\"},\"query-input\":{\"@type\":\"PropertyValueSpecification\",\"valueRequired\":true,\"valueName\":\"search_term_string\"}}],\"inLanguage\":\"es\"},{\"@type\":\"Person\",\"@id\":\"https:\\\/\\\/quehacerpolitico.mx\\\/#\\\/schema\\\/person\\\/496d8ad2d1d3f8036101dca7ee39e585\",\"name\":\"Redacci\u00f3n QP\",\"image\":{\"@type\":\"ImageObject\",\"inLanguage\":\"es\",\"@id\":\"https:\\\/\\\/secure.gravatar.com\\\/avatar\\\/c7164ed6fdec453195284ad24a5ae5b6e1eed2b848477fa2a4787ba9adf39a41?s=96&d=mm&r=g\",\"url\":\"https:\\\/\\\/secure.gravatar.com\\\/avatar\\\/c7164ed6fdec453195284ad24a5ae5b6e1eed2b848477fa2a4787ba9adf39a41?s=96&d=mm&r=g\",\"contentUrl\":\"https:\\\/\\\/secure.gravatar.com\\\/avatar\\\/c7164ed6fdec453195284ad24a5ae5b6e1eed2b848477fa2a4787ba9adf39a41?s=96&d=mm&r=g\",\"caption\":\"Redacci\u00f3n QP\"},\"url\":\"https:\\\/\\\/quehacerpolitico.mx\\\/?author=2\"}]}<\/script>\n<!-- \/ Yoast SEO plugin. -->","yoast_head_json":{"title":"Marcha del 2 de Octubre termina con 12 heridos y 4 detenidos, Cintur\u00f3n de Paz no sirvi\u00f3 -","robots":{"index":"index","follow":"follow","max-snippet":"max-snippet:-1","max-image-preview":"max-image-preview:large","max-video-preview":"max-video-preview:-1"},"canonical":"https:\/\/quehacerpolitico.mx\/?p=40174","og_locale":"es_MX","og_type":"article","og_title":"Marcha del 2 de Octubre termina con 12 heridos y 4 detenidos, Cintur\u00f3n de Paz no sirvi\u00f3 -","og_description":"Marcha del 2 de Octubre termina con 12 heridos y 4 detenidos, Cintur\u00f3n de Paz no sirvi\u00f3 Por Redacci\u00f3n QP","og_url":"https:\/\/quehacerpolitico.mx\/?p=40174","article_published_time":"2019-10-03T13:48:50+00:00","author":"Redacci\u00f3n QP","twitter_card":"summary_large_image","twitter_misc":{"Escrito por":"Redacci\u00f3n QP","Tiempo de lectura":"2 minutos"},"schema":{"@context":"https:\/\/schema.org","@graph":[{"@type":"Article","@id":"https:\/\/quehacerpolitico.mx\/?p=40174#article","isPartOf":{"@id":"https:\/\/quehacerpolitico.mx\/?p=40174"},"author":{"name":"Redacci\u00f3n QP","@id":"https:\/\/quehacerpolitico.mx\/#\/schema\/person\/496d8ad2d1d3f8036101dca7ee39e585"},"headline":"Marcha del 2 de Octubre termina con 12 heridos y 4 detenidos, Cintur\u00f3n de Paz no sirvi\u00f3","datePublished":"2019-10-03T13:48:50+00:00","mainEntityOfPage":{"@id":"https:\/\/quehacerpolitico.mx\/?p=40174"},"wordCount":410,"commentCount":0,"image":{"@id":"https:\/\/quehacerpolitico.mx\/?p=40174#primaryimage"},"thumbnailUrl":"","articleSection":["CDMX"],"inLanguage":"es","potentialAction":[{"@type":"CommentAction","name":"Comment","target":["https:\/\/quehacerpolitico.mx\/?p=40174#respond"]}]},{"@type":"WebPage","@id":"https:\/\/quehacerpolitico.mx\/?p=40174","url":"https:\/\/quehacerpolitico.mx\/?p=40174","name":"Marcha del 2 de Octubre termina con 12 heridos y 4 detenidos, Cintur\u00f3n de Paz no sirvi\u00f3 -","isPartOf":{"@id":"https:\/\/quehacerpolitico.mx\/#website"},"primaryImageOfPage":{"@id":"https:\/\/quehacerpolitico.mx\/?p=40174#primaryimage"},"image":{"@id":"https:\/\/quehacerpolitico.mx\/?p=40174#primaryimage"},"thumbnailUrl":"","datePublished":"2019-10-03T13:48:50+00:00","author":{"@id":"https:\/\/quehacerpolitico.mx\/#\/schema\/person\/496d8ad2d1d3f8036101dca7ee39e585"},"breadcrumb":{"@id":"https:\/\/quehacerpolitico.mx\/?p=40174#breadcrumb"},"inLanguage":"es","potentialAction":[{"@type":"ReadAction","target":["https:\/\/quehacerpolitico.mx\/?p=40174"]}]},{"@type":"ImageObject","inLanguage":"es","@id":"https:\/\/quehacerpolitico.mx\/?p=40174#primaryimage","url":"","contentUrl":""},{"@type":"BreadcrumbList","@id":"https:\/\/quehacerpolitico.mx\/?p=40174#breadcrumb","itemListElement":[{"@type":"ListItem","position":1,"name":"Inicio","item":"https:\/\/quehacerpolitico.mx\/"},{"@type":"ListItem","position":2,"name":"Marcha del 2 de Octubre termina con 12 heridos y 4 detenidos, Cintur\u00f3n de Paz no sirvi\u00f3"}]},{"@type":"WebSite","@id":"https:\/\/quehacerpolitico.mx\/#website","url":"https:\/\/quehacerpolitico.mx\/","name":"","description":"","potentialAction":[{"@type":"SearchAction","target":{"@type":"EntryPoint","urlTemplate":"https:\/\/quehacerpolitico.mx\/?s={search_term_string}"},"query-input":{"@type":"PropertyValueSpecification","valueRequired":true,"valueName":"search_term_string"}}],"inLanguage":"es"},{"@type":"Person","@id":"https:\/\/quehacerpolitico.mx\/#\/schema\/person\/496d8ad2d1d3f8036101dca7ee39e585","name":"Redacci\u00f3n QP","image":{"@type":"ImageObject","inLanguage":"es","@id":"https:\/\/secure.gravatar.com\/avatar\/c7164ed6fdec453195284ad24a5ae5b6e1eed2b848477fa2a4787ba9adf39a41?s=96&d=mm&r=g","url":"https:\/\/secure.gravatar.com\/avatar\/c7164ed6fdec453195284ad24a5ae5b6e1eed2b848477fa2a4787ba9adf39a41?s=96&d=mm&r=g","contentUrl":"https:\/\/secure.gravatar.com\/avatar\/c7164ed6fdec453195284ad24a5ae5b6e1eed2b848477fa2a4787ba9adf39a41?s=96&d=mm&r=g","caption":"Redacci\u00f3n QP"},"url":"https:\/\/quehacerpolitico.mx\/?author=2"}]}},"featured_image_urls":{"full":"","thumbnail":"","medium":"","medium_large":"","large":"","1536x1536":"","2048x2048":"","covernews-featured":"","covernews-medium":""},"author_info":{"display_name":"Redacci\u00f3n QP","author_link":"https:\/\/quehacerpolitico.mx\/?author=2"},"category_info":"<a href=\"https:\/\/quehacerpolitico.mx\/?cat=55\" rel=\"category\">CDMX<\/a>","tag_info":"CDMX","comment_count":"0","_links":{"self":[{"href":"https:\/\/quehacerpolitico.mx\/index.php?rest_route=\/wp\/v2\/posts\/40174","targetHints":{"allow":["GET"]}}],"collection":[{"href":"https:\/\/quehacerpolitico.mx\/index.php?rest_route=\/wp\/v2\/posts"}],"about":[{"href":"https:\/\/quehacerpolitico.mx\/index.php?rest_route=\/wp\/v2\/types\/post"}],"author":[{"embeddable":true,"href":"https:\/\/quehacerpolitico.mx\/index.php?rest_route=\/wp\/v2\/users\/2"}],"replies":[{"embeddable":true,"href":"https:\/\/quehacerpolitico.mx\/index.php?rest_route=%2Fwp%2Fv2%2Fcomments&post=40174"}],"version-history":[{"count":0,"href":"https:\/\/quehacerpolitico.mx\/index.php?rest_route=\/wp\/v2\/posts\/40174\/revisions"}],"wp:featuredmedia":[{"embeddable":true,"href":"https:\/\/quehacerpolitico.mx\/index.php?rest_route=\/"}],"wp:attachment":[{"href":"https:\/\/quehacerpolitico.mx\/index.php?rest_route=%2Fwp%2Fv2%2Fmedia&parent=40174"}],"wp:term":[{"taxonomy":"category","embeddable":true,"href":"https:\/\/quehacerpolitico.mx\/index.php?rest_route=%2Fwp%2Fv2%2Fcategories&post=40174"},{"taxonomy":"post_tag","embeddable":true,"href":"https:\/\/quehacerpolitico.mx\/index.php?rest_route=%2Fwp%2Fv2%2Ftags&post=40174"}],"curies":[{"name":"wp","href":"https:\/\/api.w.org\/{rel}","templated":true}]}}