{"id":40162,"date":"2019-10-03T03:44:23","date_gmt":"2019-10-03T03:44:23","guid":{"rendered":"http:\/\/quehacerpolitico.mx\/amplia-congreso-un-mes-periodo-ordinario\/"},"modified":"2019-10-03T03:44:23","modified_gmt":"2019-10-03T03:44:23","slug":"amplia-congreso-un-mes-periodo-ordinario","status":"publish","type":"post","link":"https:\/\/quehacerpolitico.mx\/?p=40162","title":{"rendered":"Ampl\u00eda Congreso un mes periodo ordinario"},"content":{"rendered":"<p>Ampl\u00eda Congreso un mes periodo ordinario<br \/>Por Redacci\u00f3n QP<\/p>\n<p>Con 364 votos a favor se aprob\u00f3 en lo general y en lo particular la ampliaci\u00f3n del segundo periodo ordinario de sesiones del Congreso de la Uni\u00f3n hasta el 31 de mayo del a\u00f1o pr\u00f3ximo.<\/p>\n<p>Por lo anterior, se turn\u00f3 al Senado lo aprobado este mi\u00e9rcoles para sus efectos constitucionales, toda vez que la iniciativa reforma el Art\u00edculo 66 de la Constituci\u00f3n Pol\u00edtica de los Estados Unidos Mexicanos en materia de ampliaci\u00f3n del segundo periodo ordinario de sesiones.<\/p>\n<p>Durante su intervenci\u00f3n para manifestar sus puntos en pro y contra, la diputada Claudia Reyes Montiel refiri\u00f3 que los tiempos del trabajo legislativo en M\u00e9xico, en comparaci\u00f3n de lo que ocurre a nivel mundial, est\u00e1n por debajo de los periodos legislativos.\u00a0<\/p>\n<p>Como resultado de ello, la legisladora del Partido de la Revoluci\u00f3n Democr\u00e1tica (PRD) advirti\u00f3 que hay rezagos en la dictaminaci\u00f3n de iniciativas.<\/p>\n<p>Expuso ejemplos de pa\u00edses ubicados en Am\u00e9rica Latina como en Bolivia, donde los periodos legislativos son de 11 meses, mientras que en Argentina y Brasil duran nueve, por lo que se propuso ampliar el segundo periodo un mes, para tener m\u00e1s tiempo para sacar los pendientes legislativos.<\/p>\n<p>Con el presente cambio se contar\u00eda con un total de 226 d\u00edas divididos en dos periodos, lo que servir\u00eda para que el Poder Legislativo pudiera atender un mayor n\u00famero de asuntos a trav\u00e9s de sus diversas comisiones.<\/p>\n<p>En ese sentido, el diputado de Movimiento Ciudadano, Alan Jes\u00fas Falomir S\u00e1enz, refiri\u00f3 que M\u00e9xico ocupa el tercer lugar con respecto al menor n\u00famero de meses que sesiona (solo seis meses y medio) y el segundo con m\u00e1s integrantes.<\/p>\n<p>Por lo anterior, destac\u00f3 la importancia de incrementar en un mes el periodo de sesiones del Congreso, dada la realidad del siglo XXI y las condiciones limitantes para sesionar de hace a\u00f1os.<\/p>\n<p>A su vez, la legisladora Dulce Mar\u00eda Sauri Riancho, del Partido Revolucionario Institucional (PRI), refiri\u00f3 que el trabajo legislativo demanda de legisladoras y legisladores \u201choras \u00fatiles\u201d, por lo que advirti\u00f3 que si no se trabaja a fondo, los resultados no ser\u00edan suficientes.<\/p>\n<p>Advirti\u00f3 que legislar no significa acumular horas de trabajo o iniciativas presentadas, sin embargo, subray\u00f3 que prevalece el compromiso de los legisladores de &#8220;m\u00e1s y mejor&#8221; para atender la enorme cantidad de asuntos que se acumulan en los periodos de sesiones.<\/p>\n<p>De esta manera, la comisi\u00f3n aprob\u00f3 que el segundo periodo de sesiones ordinarias no pudiera prolongarse m\u00e1s all\u00e1 del 31 de mayo de 2020.<\/p>\n<p>Con informaci\u00f3n de NTX\u00a0<\/p>\n","protected":false},"excerpt":{"rendered":"<p>Ampl\u00eda Congreso un mes periodo ordinario<br \/>\nPor Redacci\u00f3n QP<\/p>\n","protected":false},"author":2,"featured_media":40161,"comment_status":"open","ping_status":"open","sticky":false,"template":"","format":"standard","meta":{"_monsterinsights_skip_tracking":false,"_monsterinsights_sitenote_active":false,"_monsterinsights_sitenote_note":"","_monsterinsights_sitenote_category":0,"footnotes":""},"categories":[2],"tags":[],"class_list":["post-40162","post","type-post","status-publish","format-standard","has-post-thumbnail","hentry","category-noticias"],"yoast_head":"<!-- This site is optimized with the Yoast SEO plugin v27.3 - https:\/\/yoast.com\/product\/yoast-seo-wordpress\/ -->\n<title>Ampl\u00eda Congreso un mes periodo ordinario -<\/title>\n<meta name=\"robots\" content=\"index, follow, max-snippet:-1, max-image-preview:large, max-video-preview:-1\" \/>\n<link rel=\"canonical\" href=\"https:\/\/quehacerpolitico.mx\/?p=40162\" \/>\n<meta property=\"og:locale\" content=\"es_MX\" \/>\n<meta property=\"og:type\" content=\"article\" \/>\n<meta property=\"og:title\" content=\"Ampl\u00eda Congreso un mes periodo ordinario -\" \/>\n<meta property=\"og:description\" content=\"Ampl\u00eda Congreso un mes periodo ordinario Por Redacci\u00f3n QP\" \/>\n<meta property=\"og:url\" content=\"https:\/\/quehacerpolitico.mx\/?p=40162\" \/>\n<meta property=\"article:published_time\" content=\"2019-10-03T03:44:23+00:00\" \/>\n<meta name=\"author\" content=\"Redacci\u00f3n QP\" \/>\n<meta name=\"twitter:card\" content=\"summary_large_image\" \/>\n<meta name=\"twitter:label1\" content=\"Escrito por\" \/>\n\t<meta name=\"twitter:data1\" content=\"Redacci\u00f3n QP\" \/>\n\t<meta name=\"twitter:label2\" content=\"Tiempo de lectura\" \/>\n\t<meta name=\"twitter:data2\" content=\"2 minutos\" \/>\n<script type=\"application\/ld+json\" class=\"yoast-schema-graph\">{\"@context\":\"https:\\\/\\\/schema.org\",\"@graph\":[{\"@type\":\"Article\",\"@id\":\"https:\\\/\\\/quehacerpolitico.mx\\\/?p=40162#article\",\"isPartOf\":{\"@id\":\"https:\\\/\\\/quehacerpolitico.mx\\\/?p=40162\"},\"author\":{\"name\":\"Redacci\u00f3n QP\",\"@id\":\"https:\\\/\\\/quehacerpolitico.mx\\\/#\\\/schema\\\/person\\\/496d8ad2d1d3f8036101dca7ee39e585\"},\"headline\":\"Ampl\u00eda Congreso un mes periodo ordinario\",\"datePublished\":\"2019-10-03T03:44:23+00:00\",\"mainEntityOfPage\":{\"@id\":\"https:\\\/\\\/quehacerpolitico.mx\\\/?p=40162\"},\"wordCount\":453,\"commentCount\":0,\"image\":{\"@id\":\"https:\\\/\\\/quehacerpolitico.mx\\\/?p=40162#primaryimage\"},\"thumbnailUrl\":\"\",\"articleSection\":[\"Noticias\"],\"inLanguage\":\"es\",\"potentialAction\":[{\"@type\":\"CommentAction\",\"name\":\"Comment\",\"target\":[\"https:\\\/\\\/quehacerpolitico.mx\\\/?p=40162#respond\"]}]},{\"@type\":\"WebPage\",\"@id\":\"https:\\\/\\\/quehacerpolitico.mx\\\/?p=40162\",\"url\":\"https:\\\/\\\/quehacerpolitico.mx\\\/?p=40162\",\"name\":\"Ampl\u00eda Congreso un mes periodo ordinario -\",\"isPartOf\":{\"@id\":\"https:\\\/\\\/quehacerpolitico.mx\\\/#website\"},\"primaryImageOfPage\":{\"@id\":\"https:\\\/\\\/quehacerpolitico.mx\\\/?p=40162#primaryimage\"},\"image\":{\"@id\":\"https:\\\/\\\/quehacerpolitico.mx\\\/?p=40162#primaryimage\"},\"thumbnailUrl\":\"\",\"datePublished\":\"2019-10-03T03:44:23+00:00\",\"author\":{\"@id\":\"https:\\\/\\\/quehacerpolitico.mx\\\/#\\\/schema\\\/person\\\/496d8ad2d1d3f8036101dca7ee39e585\"},\"breadcrumb\":{\"@id\":\"https:\\\/\\\/quehacerpolitico.mx\\\/?p=40162#breadcrumb\"},\"inLanguage\":\"es\",\"potentialAction\":[{\"@type\":\"ReadAction\",\"target\":[\"https:\\\/\\\/quehacerpolitico.mx\\\/?p=40162\"]}]},{\"@type\":\"ImageObject\",\"inLanguage\":\"es\",\"@id\":\"https:\\\/\\\/quehacerpolitico.mx\\\/?p=40162#primaryimage\",\"url\":\"\",\"contentUrl\":\"\"},{\"@type\":\"BreadcrumbList\",\"@id\":\"https:\\\/\\\/quehacerpolitico.mx\\\/?p=40162#breadcrumb\",\"itemListElement\":[{\"@type\":\"ListItem\",\"position\":1,\"name\":\"Inicio\",\"item\":\"https:\\\/\\\/quehacerpolitico.mx\\\/\"},{\"@type\":\"ListItem\",\"position\":2,\"name\":\"Ampl\u00eda Congreso un mes periodo ordinario\"}]},{\"@type\":\"WebSite\",\"@id\":\"https:\\\/\\\/quehacerpolitico.mx\\\/#website\",\"url\":\"https:\\\/\\\/quehacerpolitico.mx\\\/\",\"name\":\"\",\"description\":\"\",\"potentialAction\":[{\"@type\":\"SearchAction\",\"target\":{\"@type\":\"EntryPoint\",\"urlTemplate\":\"https:\\\/\\\/quehacerpolitico.mx\\\/?s={search_term_string}\"},\"query-input\":{\"@type\":\"PropertyValueSpecification\",\"valueRequired\":true,\"valueName\":\"search_term_string\"}}],\"inLanguage\":\"es\"},{\"@type\":\"Person\",\"@id\":\"https:\\\/\\\/quehacerpolitico.mx\\\/#\\\/schema\\\/person\\\/496d8ad2d1d3f8036101dca7ee39e585\",\"name\":\"Redacci\u00f3n QP\",\"image\":{\"@type\":\"ImageObject\",\"inLanguage\":\"es\",\"@id\":\"https:\\\/\\\/secure.gravatar.com\\\/avatar\\\/c7164ed6fdec453195284ad24a5ae5b6e1eed2b848477fa2a4787ba9adf39a41?s=96&d=mm&r=g\",\"url\":\"https:\\\/\\\/secure.gravatar.com\\\/avatar\\\/c7164ed6fdec453195284ad24a5ae5b6e1eed2b848477fa2a4787ba9adf39a41?s=96&d=mm&r=g\",\"contentUrl\":\"https:\\\/\\\/secure.gravatar.com\\\/avatar\\\/c7164ed6fdec453195284ad24a5ae5b6e1eed2b848477fa2a4787ba9adf39a41?s=96&d=mm&r=g\",\"caption\":\"Redacci\u00f3n QP\"},\"url\":\"https:\\\/\\\/quehacerpolitico.mx\\\/?author=2\"}]}<\/script>\n<!-- \/ Yoast SEO plugin. -->","yoast_head_json":{"title":"Ampl\u00eda Congreso un mes periodo ordinario -","robots":{"index":"index","follow":"follow","max-snippet":"max-snippet:-1","max-image-preview":"max-image-preview:large","max-video-preview":"max-video-preview:-1"},"canonical":"https:\/\/quehacerpolitico.mx\/?p=40162","og_locale":"es_MX","og_type":"article","og_title":"Ampl\u00eda Congreso un mes periodo ordinario -","og_description":"Ampl\u00eda Congreso un mes periodo ordinario Por Redacci\u00f3n QP","og_url":"https:\/\/quehacerpolitico.mx\/?p=40162","article_published_time":"2019-10-03T03:44:23+00:00","author":"Redacci\u00f3n QP","twitter_card":"summary_large_image","twitter_misc":{"Escrito por":"Redacci\u00f3n QP","Tiempo de lectura":"2 minutos"},"schema":{"@context":"https:\/\/schema.org","@graph":[{"@type":"Article","@id":"https:\/\/quehacerpolitico.mx\/?p=40162#article","isPartOf":{"@id":"https:\/\/quehacerpolitico.mx\/?p=40162"},"author":{"name":"Redacci\u00f3n QP","@id":"https:\/\/quehacerpolitico.mx\/#\/schema\/person\/496d8ad2d1d3f8036101dca7ee39e585"},"headline":"Ampl\u00eda Congreso un mes periodo ordinario","datePublished":"2019-10-03T03:44:23+00:00","mainEntityOfPage":{"@id":"https:\/\/quehacerpolitico.mx\/?p=40162"},"wordCount":453,"commentCount":0,"image":{"@id":"https:\/\/quehacerpolitico.mx\/?p=40162#primaryimage"},"thumbnailUrl":"","articleSection":["Noticias"],"inLanguage":"es","potentialAction":[{"@type":"CommentAction","name":"Comment","target":["https:\/\/quehacerpolitico.mx\/?p=40162#respond"]}]},{"@type":"WebPage","@id":"https:\/\/quehacerpolitico.mx\/?p=40162","url":"https:\/\/quehacerpolitico.mx\/?p=40162","name":"Ampl\u00eda Congreso un mes periodo ordinario -","isPartOf":{"@id":"https:\/\/quehacerpolitico.mx\/#website"},"primaryImageOfPage":{"@id":"https:\/\/quehacerpolitico.mx\/?p=40162#primaryimage"},"image":{"@id":"https:\/\/quehacerpolitico.mx\/?p=40162#primaryimage"},"thumbnailUrl":"","datePublished":"2019-10-03T03:44:23+00:00","author":{"@id":"https:\/\/quehacerpolitico.mx\/#\/schema\/person\/496d8ad2d1d3f8036101dca7ee39e585"},"breadcrumb":{"@id":"https:\/\/quehacerpolitico.mx\/?p=40162#breadcrumb"},"inLanguage":"es","potentialAction":[{"@type":"ReadAction","target":["https:\/\/quehacerpolitico.mx\/?p=40162"]}]},{"@type":"ImageObject","inLanguage":"es","@id":"https:\/\/quehacerpolitico.mx\/?p=40162#primaryimage","url":"","contentUrl":""},{"@type":"BreadcrumbList","@id":"https:\/\/quehacerpolitico.mx\/?p=40162#breadcrumb","itemListElement":[{"@type":"ListItem","position":1,"name":"Inicio","item":"https:\/\/quehacerpolitico.mx\/"},{"@type":"ListItem","position":2,"name":"Ampl\u00eda Congreso un mes periodo ordinario"}]},{"@type":"WebSite","@id":"https:\/\/quehacerpolitico.mx\/#website","url":"https:\/\/quehacerpolitico.mx\/","name":"","description":"","potentialAction":[{"@type":"SearchAction","target":{"@type":"EntryPoint","urlTemplate":"https:\/\/quehacerpolitico.mx\/?s={search_term_string}"},"query-input":{"@type":"PropertyValueSpecification","valueRequired":true,"valueName":"search_term_string"}}],"inLanguage":"es"},{"@type":"Person","@id":"https:\/\/quehacerpolitico.mx\/#\/schema\/person\/496d8ad2d1d3f8036101dca7ee39e585","name":"Redacci\u00f3n QP","image":{"@type":"ImageObject","inLanguage":"es","@id":"https:\/\/secure.gravatar.com\/avatar\/c7164ed6fdec453195284ad24a5ae5b6e1eed2b848477fa2a4787ba9adf39a41?s=96&d=mm&r=g","url":"https:\/\/secure.gravatar.com\/avatar\/c7164ed6fdec453195284ad24a5ae5b6e1eed2b848477fa2a4787ba9adf39a41?s=96&d=mm&r=g","contentUrl":"https:\/\/secure.gravatar.com\/avatar\/c7164ed6fdec453195284ad24a5ae5b6e1eed2b848477fa2a4787ba9adf39a41?s=96&d=mm&r=g","caption":"Redacci\u00f3n QP"},"url":"https:\/\/quehacerpolitico.mx\/?author=2"}]}},"featured_image_urls":{"full":"","thumbnail":"","medium":"","medium_large":"","large":"","1536x1536":"","2048x2048":"","covernews-featured":"","covernews-medium":""},"author_info":{"display_name":"Redacci\u00f3n QP","author_link":"https:\/\/quehacerpolitico.mx\/?author=2"},"category_info":"<a href=\"https:\/\/quehacerpolitico.mx\/?cat=2\" rel=\"category\">Noticias<\/a>","tag_info":"Noticias","comment_count":"0","_links":{"self":[{"href":"https:\/\/quehacerpolitico.mx\/index.php?rest_route=\/wp\/v2\/posts\/40162","targetHints":{"allow":["GET"]}}],"collection":[{"href":"https:\/\/quehacerpolitico.mx\/index.php?rest_route=\/wp\/v2\/posts"}],"about":[{"href":"https:\/\/quehacerpolitico.mx\/index.php?rest_route=\/wp\/v2\/types\/post"}],"author":[{"embeddable":true,"href":"https:\/\/quehacerpolitico.mx\/index.php?rest_route=\/wp\/v2\/users\/2"}],"replies":[{"embeddable":true,"href":"https:\/\/quehacerpolitico.mx\/index.php?rest_route=%2Fwp%2Fv2%2Fcomments&post=40162"}],"version-history":[{"count":0,"href":"https:\/\/quehacerpolitico.mx\/index.php?rest_route=\/wp\/v2\/posts\/40162\/revisions"}],"wp:featuredmedia":[{"embeddable":true,"href":"https:\/\/quehacerpolitico.mx\/index.php?rest_route=\/"}],"wp:attachment":[{"href":"https:\/\/quehacerpolitico.mx\/index.php?rest_route=%2Fwp%2Fv2%2Fmedia&parent=40162"}],"wp:term":[{"taxonomy":"category","embeddable":true,"href":"https:\/\/quehacerpolitico.mx\/index.php?rest_route=%2Fwp%2Fv2%2Fcategories&post=40162"},{"taxonomy":"post_tag","embeddable":true,"href":"https:\/\/quehacerpolitico.mx\/index.php?rest_route=%2Fwp%2Fv2%2Ftags&post=40162"}],"curies":[{"name":"wp","href":"https:\/\/api.w.org\/{rel}","templated":true}]}}