{"id":4016,"date":"2018-09-06T22:51:14","date_gmt":"2018-09-06T22:51:14","guid":{"rendered":"http:\/\/quehacerpolitico.mx\/el-corazoncitos-le-cuenta-a-amlo-una-fuerte-lluvia-de-criticas-el-niega-uso-de-lenguaje-sexista\/"},"modified":"2018-09-06T22:51:14","modified_gmt":"2018-09-06T22:51:14","slug":"el-corazoncitos-le-cuenta-a-amlo-una-fuerte-lluvia-de-criticas-el-niega-uso-de-lenguaje-sexista","status":"publish","type":"post","link":"https:\/\/quehacerpolitico.mx\/?p=4016","title":{"rendered":"El \u201ccorazoncitos\u201d le cuenta a AMLO una fuerte lluvia de cr\u00edticas; \u00e9l niega uso de lenguaje sexista"},"content":{"rendered":"<h3><strong>\u201cSon ustedes mis corazones, mis corazoncitos. Yo les estimo mucho, les quiero y llevo a la pr\u00e1ctica el principio filos\u00f3fico del amor al pr\u00f3jimo\u201d, respondi\u00f3\u00a0Andr\u00e9s Manuel L\u00f3pez Obrador, Presidente electo de M\u00e9xico, despu\u00e9s de que le recordaran la forma en que llam\u00f3 a reporteras que lo cuestionaron sobre los diputados del Partido Verde que se agregaron a la bancada del Movimiento Regeneraci\u00f3n Nacional (Morena), despu\u00e9s de que Manuel Velasco Coello recibiera licencia para regresar a concluir su mandato en Chiapas.\u00a0<\/strong><\/h3>\n<p><iframe loading=\"lazy\" title=\"&quot;No voy a hablar de eso, corazoncitos&quot;, dice AMLO a reporteras\" width=\"640\" height=\"360\" src=\"https:\/\/www.youtube.com\/embed\/52FSIJWM88c?feature=oembed\" frameborder=\"0\" allow=\"accelerometer; autoplay; clipboard-write; encrypted-media; gyroscope; picture-in-picture; web-share\" referrerpolicy=\"strict-origin-when-cross-origin\" allowfullscreen><\/iframe><\/p>\n<p><strong>Andr\u00e9s Manuel L\u00f3pez Obrador<\/strong>, Presidente electo de <strong>M\u00e9xico<\/strong>, fue fuertemente criticado durante todo este d\u00eda en redes sociales por haber llamado \u201ccorazoncitos\u201d a periodistas mujeres. Le reclamaron un uso inadecuado del lenguaje contra las mujeres.<\/p>\n<p>Luego, en una conferencia, rechaz\u00f3 ser sexista.<\/p>\n<blockquote>\n<p>\u201cSon ustedes mis corazones, mis corazoncitos. Yo les estimo mucho, les quiero y llevo a la pr\u00e1ctica el principio filos\u00f3fico del amor al pr\u00f3jimo. \u00bfC\u00f3mo les\u00a0voy\u00a0a tratar? Con cari\u00f1o, no soy autoritario, soy feliz, gracias a la vida que e ha dado tanto, por eso esta expresi\u00f3n. Siempre les voy a tratar as\u00ed, como mucho respeto y cari\u00f1o\u201d, dijo ante <strong>medios<\/strong>cuando le recordaron sus palabras de ayer.<\/p>\n<\/blockquote>\n<p>\u201c\u00bfNo es lenguaje sexista?\u201d, le preguntaron.<\/p>\n<div class=\"ad-center ad-in-content\">\n<div id=\"div-gpt-ad-1523475625635-0\" data-google-query-id=\"CPGKvrO6p90CFROR3godSYUJlA\">\n<p>\u201cYo tengo otra visi\u00f3n. No es as\u00ed\u201d, contest\u00f3.<\/p>\n<p>Pero mujeres y hombres periodistas no consideraron apropiado el lenguaje utilizado por el pr\u00f3ximo mandatario.<\/p>\n<p>Ayer, justo cuando sal\u00eda de la casa de transici\u00f3n en la Ciudad de M\u00e9xico, L\u00f3pez Obrador fue cuestionado sobre la forma en la que Manuel Velasco Coello recibi\u00f3 su licencia para volver a la Gubernatura de Chiapas:<\/p>\n<blockquote>\n<p>\u2013Eso cinco diputados del Verde que se fueron a Morena\u2026<\/p>\n<p>\u2013No voy a hablar de eso, corazoncitos.<\/p>\n<p>\u2013\u00bfNo da mala imagen Morena cambiando esta votaci\u00f3n de un momento a otro para ayudar al Gobernador?<\/p>\n<p>\u2013Tengan cuidado \u2013dijo AMLO refiri\u00e9ndose al movimiento del auto.<\/p>\n<p>\u2013\u00bfEstos acuerdos pol\u00edticos no van en contra de lo que usted dec\u00eda?<\/p>\n<p>\u2013Voy a la reuni\u00f3n ahora con los legisladores, corazones, corazoncitos.<\/p>\n<\/blockquote>\n<p>Hoy volvieron a preguntarle sobre el cambio en la votaci\u00f3n en el Senado, con mayor\u00eda del Movimiento Regeneraci\u00f3n Nacional.<\/p>\n<p>\u201cSon cuestiones de senadores. Dije con mucha claridad que el Ejecutivo no iba a ser el poder de los poderes. La l\u00ednea es que no hay l\u00edneas. Somos respetuosos de la\u00a0divisi\u00f3n\u00a0y equilibrio de poderes. No vamos a influir\u201d, se\u00f1al\u00f3 el tabasque\u00f1o.<\/p>\n<p>La\u00a0aprobaci\u00f3n de la licencia al Senador\u00a0Manuel Velasco\u00a0Coello, quien ahora es Gobernador interino de Chiapas, ha\u00a0desatado cr\u00edticas\u00a0contra el partido Movimiento de Regeneraci\u00f3n Nacional (Morena), que con su mayor\u00eda concedi\u00f3 ayer la solicitud del legislador del Partido Verde Ecologista de M\u00e9xico (PVEM).<\/p>\n<blockquote class=\"twitter-tweet\" data-width=\"550\" data-dnt=\"true\">\n<p lang=\"es\" dir=\"ltr\">un d\u00eda estaba entrevistando a un abogado muy importante y: s\u00ed mijita esto, s\u00ed mijita lo otro toda la entrevista. al final, bueno mijita, cualquier duda me llamas y yo: claro que s\u00ed mijito, mil gracias yo te llamo (palmadita). la cara que puso, uuufff, fue hermoso <a href=\"https:\/\/twitter.com\/hashtag\/corazoncitos?src=hash&amp;ref_src=twsrc%5Etfw\">#corazoncitos<\/a><\/p>\n<p>&mdash; Carla Faesler (@CarlaFaesler) <a href=\"https:\/\/twitter.com\/CarlaFaesler\/status\/1037761989836251136?ref_src=twsrc%5Etfw\">September 6, 2018<\/a><\/p><\/blockquote>\n<p><script async src=\"https:\/\/platform.twitter.com\/widgets.js\" charset=\"utf-8\"><\/script><\/p>\n<blockquote class=\"twitter-tweet\" data-width=\"550\" data-dnt=\"true\">\n<p lang=\"es\" dir=\"ltr\">No s\u00e9 qu\u00e9 es peor en que AMLO le haya dicho &quot;<a href=\"https:\/\/twitter.com\/hashtag\/corazoncitos?src=hash&amp;ref_src=twsrc%5Etfw\">#corazoncitos<\/a>&quot; a las reporteras: el micromachismo de la expresi\u00f3n o que la usara para evadir la pregunta que le hicieron sobre el apoyo de Monreal a Velasco en el senado.<\/p>\n<p>&mdash; Karina \ud83d\ude49\ud83d\ude48\ud83d\ude4a (@almarazkari) <a href=\"https:\/\/twitter.com\/almarazkari\/status\/1037731995135168512?ref_src=twsrc%5Etfw\">September 6, 2018<\/a><\/p><\/blockquote>\n<p><script async src=\"https:\/\/platform.twitter.com\/widgets.js\" charset=\"utf-8\"><\/script><\/p>\n<p>https:\/\/twitter.com\/jrpapiro\/status\/1037767204811497472?s=21<\/p>\n<p>https:\/\/twitter.com\/agabrielavives\/status\/1037767840781090816?s=21<\/p>\n<blockquote class=\"twitter-tweet\" data-width=\"550\" data-dnt=\"true\">\n<p lang=\"es\" dir=\"ltr\">\ud83e\udd2b Para que no les pase lo que a <a href=\"https:\/\/twitter.com\/lopezobrador_?ref_src=twsrc%5Etfw\">@lopezobrador_<\/a> <a href=\"https:\/\/twitter.com\/hashtag\/corazoncitos?src=hash&amp;ref_src=twsrc%5Etfw\">#corazoncitos<\/a> <\/p>\n<p>\ud83d\udc47\ud83c\udffd<a href=\"https:\/\/t.co\/j6vj0re3OH\">https:\/\/t.co\/j6vj0re3OH<\/a><\/p>\n<p>&mdash; Ale Aguilar (@abejajeba) <a href=\"https:\/\/twitter.com\/abejajeba\/status\/1037688025101172736?ref_src=twsrc%5Etfw\">September 6, 2018<\/a><\/p><\/blockquote>\n<p><script async src=\"https:\/\/platform.twitter.com\/widgets.js\" charset=\"utf-8\"><\/script><\/p>\n<p>Esas cr\u00edticas, adem\u00e1s, se enfocan particularmente en el Senador Ricardo Monreal \u00c1vila, a quien se\u00f1alan principal promotor del acuerdo final que concedi\u00f3 permiso a Velasco Coello para volver a Chiapas, y tambi\u00e9n recuerdan que el Partido del Tuc\u00e1n persiste en una estrategia que le ha resultado rentable a lo largo de su historia: \u201cvenderse al poder\u201d.<\/p>\n<p>El presidente de la Mesa Directiva del Senado, el morenista Mart\u00ed Batres Guadarrama, dijo esta ma\u00f1ana que la C\u00e1mara Alta debe mejorar sus decisiones, esto ante las cr\u00edticas que se han desatado en contra del Movimiento por la votaci\u00f3n de la solicitud de Velasco.<\/p>\n<blockquote>\n<p>\u201cHay cr\u00edticas en la opini\u00f3n p\u00fablica por la aprobaci\u00f3n de la licencia a Manuel Velasco. El Senado debe escucharlas y tomar nota para mejorar sus decisiones y las formas que utiliza para procesarlas\u201d, escribi\u00f3 en Twitter Batres.<\/p>\n<\/blockquote>\n<p>Luego de la controversia generada por la aprobaci\u00f3n de la licencia a Manuel Velasco, Ricardo Monreal asegur\u00f3 esta ma\u00f1ana que no hubo ninguna clase de acuerdo con el Partido Verde, pues \u00e9l no sab\u00eda sobre lo que pasaba en la C\u00e1mara de Diputados.<\/p>\n<blockquote>\n<p>\u201cYo no tuve ning\u00fan acuerdo con nadie. Estoy muy tranquilo con mi consciencia y en la pol\u00edtica se asumen riesgos e intento hacer siempre las cosas con responsabilidad \u201c, dijo en conferencia de prensa en el Senado.<\/p>\n<\/blockquote>\n<\/div>\n<\/div>\n","protected":false},"excerpt":{"rendered":"<p>El \u201ccorazoncitos\u201d le cuenta a AMLO una fuerte lluvia de cr\u00edticas; \u00e9l niega uso de lenguaje sexista<br \/>\nPor Redacci\u00f3n QP<\/p>\n","protected":false},"author":2,"featured_media":4015,"comment_status":"open","ping_status":"open","sticky":false,"template":"","format":"standard","meta":{"_monsterinsights_skip_tracking":false,"_monsterinsights_sitenote_active":false,"_monsterinsights_sitenote_note":"","_monsterinsights_sitenote_category":0,"footnotes":""},"categories":[2],"tags":[],"class_list":["post-4016","post","type-post","status-publish","format-standard","has-post-thumbnail","hentry","category-noticias"],"yoast_head":"<!-- This site is optimized with the Yoast SEO plugin v27.3 - https:\/\/yoast.com\/product\/yoast-seo-wordpress\/ -->\n<title>El \u201ccorazoncitos\u201d le cuenta a AMLO una fuerte lluvia de cr\u00edticas; \u00e9l niega uso de lenguaje sexista -<\/title>\n<meta name=\"robots\" content=\"index, follow, max-snippet:-1, max-image-preview:large, max-video-preview:-1\" \/>\n<link rel=\"canonical\" href=\"https:\/\/quehacerpolitico.mx\/?p=4016\" \/>\n<meta property=\"og:locale\" content=\"es_MX\" \/>\n<meta property=\"og:type\" content=\"article\" \/>\n<meta property=\"og:title\" content=\"El \u201ccorazoncitos\u201d le cuenta a AMLO una fuerte lluvia de cr\u00edticas; \u00e9l niega uso de lenguaje sexista -\" \/>\n<meta property=\"og:description\" content=\"El \u201ccorazoncitos\u201d le cuenta a AMLO una fuerte lluvia de cr\u00edticas; \u00e9l niega uso de lenguaje sexista Por Redacci\u00f3n QP\" \/>\n<meta property=\"og:url\" content=\"https:\/\/quehacerpolitico.mx\/?p=4016\" \/>\n<meta property=\"article:published_time\" content=\"2018-09-06T22:51:14+00:00\" \/>\n<meta name=\"author\" content=\"Redacci\u00f3n QP\" \/>\n<meta name=\"twitter:card\" content=\"summary_large_image\" \/>\n<meta name=\"twitter:label1\" content=\"Escrito por\" \/>\n\t<meta name=\"twitter:data1\" content=\"Redacci\u00f3n QP\" \/>\n\t<meta name=\"twitter:label2\" content=\"Tiempo de lectura\" \/>\n\t<meta name=\"twitter:data2\" content=\"4 minutos\" \/>\n<script type=\"application\/ld+json\" class=\"yoast-schema-graph\">{\"@context\":\"https:\\\/\\\/schema.org\",\"@graph\":[{\"@type\":\"Article\",\"@id\":\"https:\\\/\\\/quehacerpolitico.mx\\\/?p=4016#article\",\"isPartOf\":{\"@id\":\"https:\\\/\\\/quehacerpolitico.mx\\\/?p=4016\"},\"author\":{\"name\":\"Redacci\u00f3n QP\",\"@id\":\"https:\\\/\\\/quehacerpolitico.mx\\\/#\\\/schema\\\/person\\\/496d8ad2d1d3f8036101dca7ee39e585\"},\"headline\":\"El \u201ccorazoncitos\u201d le cuenta a AMLO una fuerte lluvia de cr\u00edticas; \u00e9l niega uso de lenguaje sexista\",\"datePublished\":\"2018-09-06T22:51:14+00:00\",\"mainEntityOfPage\":{\"@id\":\"https:\\\/\\\/quehacerpolitico.mx\\\/?p=4016\"},\"wordCount\":762,\"commentCount\":0,\"image\":{\"@id\":\"https:\\\/\\\/quehacerpolitico.mx\\\/?p=4016#primaryimage\"},\"thumbnailUrl\":\"\",\"articleSection\":[\"Noticias\"],\"inLanguage\":\"es\",\"potentialAction\":[{\"@type\":\"CommentAction\",\"name\":\"Comment\",\"target\":[\"https:\\\/\\\/quehacerpolitico.mx\\\/?p=4016#respond\"]}]},{\"@type\":\"WebPage\",\"@id\":\"https:\\\/\\\/quehacerpolitico.mx\\\/?p=4016\",\"url\":\"https:\\\/\\\/quehacerpolitico.mx\\\/?p=4016\",\"name\":\"El \u201ccorazoncitos\u201d le cuenta a AMLO una fuerte lluvia de cr\u00edticas; \u00e9l niega uso de lenguaje sexista -\",\"isPartOf\":{\"@id\":\"https:\\\/\\\/quehacerpolitico.mx\\\/#website\"},\"primaryImageOfPage\":{\"@id\":\"https:\\\/\\\/quehacerpolitico.mx\\\/?p=4016#primaryimage\"},\"image\":{\"@id\":\"https:\\\/\\\/quehacerpolitico.mx\\\/?p=4016#primaryimage\"},\"thumbnailUrl\":\"\",\"datePublished\":\"2018-09-06T22:51:14+00:00\",\"author\":{\"@id\":\"https:\\\/\\\/quehacerpolitico.mx\\\/#\\\/schema\\\/person\\\/496d8ad2d1d3f8036101dca7ee39e585\"},\"breadcrumb\":{\"@id\":\"https:\\\/\\\/quehacerpolitico.mx\\\/?p=4016#breadcrumb\"},\"inLanguage\":\"es\",\"potentialAction\":[{\"@type\":\"ReadAction\",\"target\":[\"https:\\\/\\\/quehacerpolitico.mx\\\/?p=4016\"]}]},{\"@type\":\"ImageObject\",\"inLanguage\":\"es\",\"@id\":\"https:\\\/\\\/quehacerpolitico.mx\\\/?p=4016#primaryimage\",\"url\":\"\",\"contentUrl\":\"\"},{\"@type\":\"BreadcrumbList\",\"@id\":\"https:\\\/\\\/quehacerpolitico.mx\\\/?p=4016#breadcrumb\",\"itemListElement\":[{\"@type\":\"ListItem\",\"position\":1,\"name\":\"Inicio\",\"item\":\"https:\\\/\\\/quehacerpolitico.mx\\\/\"},{\"@type\":\"ListItem\",\"position\":2,\"name\":\"El \u201ccorazoncitos\u201d le cuenta a AMLO una fuerte lluvia de cr\u00edticas; \u00e9l niega uso de lenguaje sexista\"}]},{\"@type\":\"WebSite\",\"@id\":\"https:\\\/\\\/quehacerpolitico.mx\\\/#website\",\"url\":\"https:\\\/\\\/quehacerpolitico.mx\\\/\",\"name\":\"\",\"description\":\"\",\"potentialAction\":[{\"@type\":\"SearchAction\",\"target\":{\"@type\":\"EntryPoint\",\"urlTemplate\":\"https:\\\/\\\/quehacerpolitico.mx\\\/?s={search_term_string}\"},\"query-input\":{\"@type\":\"PropertyValueSpecification\",\"valueRequired\":true,\"valueName\":\"search_term_string\"}}],\"inLanguage\":\"es\"},{\"@type\":\"Person\",\"@id\":\"https:\\\/\\\/quehacerpolitico.mx\\\/#\\\/schema\\\/person\\\/496d8ad2d1d3f8036101dca7ee39e585\",\"name\":\"Redacci\u00f3n QP\",\"image\":{\"@type\":\"ImageObject\",\"inLanguage\":\"es\",\"@id\":\"https:\\\/\\\/secure.gravatar.com\\\/avatar\\\/c7164ed6fdec453195284ad24a5ae5b6e1eed2b848477fa2a4787ba9adf39a41?s=96&d=mm&r=g\",\"url\":\"https:\\\/\\\/secure.gravatar.com\\\/avatar\\\/c7164ed6fdec453195284ad24a5ae5b6e1eed2b848477fa2a4787ba9adf39a41?s=96&d=mm&r=g\",\"contentUrl\":\"https:\\\/\\\/secure.gravatar.com\\\/avatar\\\/c7164ed6fdec453195284ad24a5ae5b6e1eed2b848477fa2a4787ba9adf39a41?s=96&d=mm&r=g\",\"caption\":\"Redacci\u00f3n QP\"},\"url\":\"https:\\\/\\\/quehacerpolitico.mx\\\/?author=2\"}]}<\/script>\n<!-- \/ Yoast SEO plugin. -->","yoast_head_json":{"title":"El \u201ccorazoncitos\u201d le cuenta a AMLO una fuerte lluvia de cr\u00edticas; \u00e9l niega uso de lenguaje sexista -","robots":{"index":"index","follow":"follow","max-snippet":"max-snippet:-1","max-image-preview":"max-image-preview:large","max-video-preview":"max-video-preview:-1"},"canonical":"https:\/\/quehacerpolitico.mx\/?p=4016","og_locale":"es_MX","og_type":"article","og_title":"El \u201ccorazoncitos\u201d le cuenta a AMLO una fuerte lluvia de cr\u00edticas; \u00e9l niega uso de lenguaje sexista -","og_description":"El \u201ccorazoncitos\u201d le cuenta a AMLO una fuerte lluvia de cr\u00edticas; \u00e9l niega uso de lenguaje sexista Por Redacci\u00f3n QP","og_url":"https:\/\/quehacerpolitico.mx\/?p=4016","article_published_time":"2018-09-06T22:51:14+00:00","author":"Redacci\u00f3n QP","twitter_card":"summary_large_image","twitter_misc":{"Escrito por":"Redacci\u00f3n QP","Tiempo de lectura":"4 minutos"},"schema":{"@context":"https:\/\/schema.org","@graph":[{"@type":"Article","@id":"https:\/\/quehacerpolitico.mx\/?p=4016#article","isPartOf":{"@id":"https:\/\/quehacerpolitico.mx\/?p=4016"},"author":{"name":"Redacci\u00f3n QP","@id":"https:\/\/quehacerpolitico.mx\/#\/schema\/person\/496d8ad2d1d3f8036101dca7ee39e585"},"headline":"El \u201ccorazoncitos\u201d le cuenta a AMLO una fuerte lluvia de cr\u00edticas; \u00e9l niega uso de lenguaje sexista","datePublished":"2018-09-06T22:51:14+00:00","mainEntityOfPage":{"@id":"https:\/\/quehacerpolitico.mx\/?p=4016"},"wordCount":762,"commentCount":0,"image":{"@id":"https:\/\/quehacerpolitico.mx\/?p=4016#primaryimage"},"thumbnailUrl":"","articleSection":["Noticias"],"inLanguage":"es","potentialAction":[{"@type":"CommentAction","name":"Comment","target":["https:\/\/quehacerpolitico.mx\/?p=4016#respond"]}]},{"@type":"WebPage","@id":"https:\/\/quehacerpolitico.mx\/?p=4016","url":"https:\/\/quehacerpolitico.mx\/?p=4016","name":"El \u201ccorazoncitos\u201d le cuenta a AMLO una fuerte lluvia de cr\u00edticas; \u00e9l niega uso de lenguaje sexista -","isPartOf":{"@id":"https:\/\/quehacerpolitico.mx\/#website"},"primaryImageOfPage":{"@id":"https:\/\/quehacerpolitico.mx\/?p=4016#primaryimage"},"image":{"@id":"https:\/\/quehacerpolitico.mx\/?p=4016#primaryimage"},"thumbnailUrl":"","datePublished":"2018-09-06T22:51:14+00:00","author":{"@id":"https:\/\/quehacerpolitico.mx\/#\/schema\/person\/496d8ad2d1d3f8036101dca7ee39e585"},"breadcrumb":{"@id":"https:\/\/quehacerpolitico.mx\/?p=4016#breadcrumb"},"inLanguage":"es","potentialAction":[{"@type":"ReadAction","target":["https:\/\/quehacerpolitico.mx\/?p=4016"]}]},{"@type":"ImageObject","inLanguage":"es","@id":"https:\/\/quehacerpolitico.mx\/?p=4016#primaryimage","url":"","contentUrl":""},{"@type":"BreadcrumbList","@id":"https:\/\/quehacerpolitico.mx\/?p=4016#breadcrumb","itemListElement":[{"@type":"ListItem","position":1,"name":"Inicio","item":"https:\/\/quehacerpolitico.mx\/"},{"@type":"ListItem","position":2,"name":"El \u201ccorazoncitos\u201d le cuenta a AMLO una fuerte lluvia de cr\u00edticas; \u00e9l niega uso de lenguaje sexista"}]},{"@type":"WebSite","@id":"https:\/\/quehacerpolitico.mx\/#website","url":"https:\/\/quehacerpolitico.mx\/","name":"","description":"","potentialAction":[{"@type":"SearchAction","target":{"@type":"EntryPoint","urlTemplate":"https:\/\/quehacerpolitico.mx\/?s={search_term_string}"},"query-input":{"@type":"PropertyValueSpecification","valueRequired":true,"valueName":"search_term_string"}}],"inLanguage":"es"},{"@type":"Person","@id":"https:\/\/quehacerpolitico.mx\/#\/schema\/person\/496d8ad2d1d3f8036101dca7ee39e585","name":"Redacci\u00f3n QP","image":{"@type":"ImageObject","inLanguage":"es","@id":"https:\/\/secure.gravatar.com\/avatar\/c7164ed6fdec453195284ad24a5ae5b6e1eed2b848477fa2a4787ba9adf39a41?s=96&d=mm&r=g","url":"https:\/\/secure.gravatar.com\/avatar\/c7164ed6fdec453195284ad24a5ae5b6e1eed2b848477fa2a4787ba9adf39a41?s=96&d=mm&r=g","contentUrl":"https:\/\/secure.gravatar.com\/avatar\/c7164ed6fdec453195284ad24a5ae5b6e1eed2b848477fa2a4787ba9adf39a41?s=96&d=mm&r=g","caption":"Redacci\u00f3n QP"},"url":"https:\/\/quehacerpolitico.mx\/?author=2"}]}},"featured_image_urls":{"full":"","thumbnail":"","medium":"","medium_large":"","large":"","1536x1536":"","2048x2048":"","covernews-featured":"","covernews-medium":""},"author_info":{"display_name":"Redacci\u00f3n QP","author_link":"https:\/\/quehacerpolitico.mx\/?author=2"},"category_info":"<a href=\"https:\/\/quehacerpolitico.mx\/?cat=2\" rel=\"category\">Noticias<\/a>","tag_info":"Noticias","comment_count":"0","_links":{"self":[{"href":"https:\/\/quehacerpolitico.mx\/index.php?rest_route=\/wp\/v2\/posts\/4016","targetHints":{"allow":["GET"]}}],"collection":[{"href":"https:\/\/quehacerpolitico.mx\/index.php?rest_route=\/wp\/v2\/posts"}],"about":[{"href":"https:\/\/quehacerpolitico.mx\/index.php?rest_route=\/wp\/v2\/types\/post"}],"author":[{"embeddable":true,"href":"https:\/\/quehacerpolitico.mx\/index.php?rest_route=\/wp\/v2\/users\/2"}],"replies":[{"embeddable":true,"href":"https:\/\/quehacerpolitico.mx\/index.php?rest_route=%2Fwp%2Fv2%2Fcomments&post=4016"}],"version-history":[{"count":0,"href":"https:\/\/quehacerpolitico.mx\/index.php?rest_route=\/wp\/v2\/posts\/4016\/revisions"}],"wp:featuredmedia":[{"embeddable":true,"href":"https:\/\/quehacerpolitico.mx\/index.php?rest_route=\/"}],"wp:attachment":[{"href":"https:\/\/quehacerpolitico.mx\/index.php?rest_route=%2Fwp%2Fv2%2Fmedia&parent=4016"}],"wp:term":[{"taxonomy":"category","embeddable":true,"href":"https:\/\/quehacerpolitico.mx\/index.php?rest_route=%2Fwp%2Fv2%2Fcategories&post=4016"},{"taxonomy":"post_tag","embeddable":true,"href":"https:\/\/quehacerpolitico.mx\/index.php?rest_route=%2Fwp%2Fv2%2Ftags&post=4016"}],"curies":[{"name":"wp","href":"https:\/\/api.w.org\/{rel}","templated":true}]}}